{"id":992,"date":"2013-04-25T00:00:00","date_gmt":"2013-04-25T03:00:00","guid":{"rendered":"http:\/\/sindmoveis.com.br\/imprensa\/noticias\/sindmoveis-promove-encontro-entre-lojistas-brasileiros-e-expositores-da-casa-brasil\/"},"modified":"2021-05-26T10:24:50","modified_gmt":"2021-05-26T13:24:50","slug":"sindmoveis-promove-encontro-entre-lojistas-brasileiros-e-expositores-da-casa-brasil","status":"publish","type":"post","link":"https:\/\/www.sindmoveis.com.br\/es\/sindmoveis-promove-encontro-entre-lojistas-brasileiros-e-expositores-da-casa-brasil\/","title":{"rendered":"Sindm\u00f3veis promueve encuentro entre propietarios de tiendas brasile\u00f1os y expositores de Casa Brasil"},"content":{"rendered":"<p>El d\u00eda 7 de mayo, tres importantes propietarios de tiendas brasile\u00f1os desembarcan en Bento Gon\u00e7alves para compartir sus experiencias en el mercado de decoraci\u00f3n y dise\u00f1o con los expositores de Casa Brasil \u2013 mayor feria de dise\u00f1o y negocios de Am\u00e9rica Latina. El evento ser\u00e1 realizado de las 9 de la ma\u00f1ana hasta las 12 del mediod\u00eda, en el sal\u00f3n del Dall\u2019Onder Vittoria Hotel.<br \/>\n&nbsp;<br \/>\nJo\u00e3o Caetano, propietario de la tienda Arquivo Contempor\u00e2neo, R\u00edo de Janeiro; Mar\u00eda Abadia Haich, del Armaz\u00e9m da Decora\u00e7\u00e3o, en Goiania y Sven Schimpf de Espa\u00e7o 204, S\u00e3o Paulo, fueron invitados por el Sindicato de las Industrias del Mobiliario de Bento Gon\u00e7alves (Sindm\u00f3veis) por la gran visibilidad y credibilidad de sus negocios en el sector.<br \/>\n&nbsp;<br \/>\nConocidos por comercializar piezas de dise\u00f1adores renombrados de Brasil y del mundo, como Sergio Rodrigues, Alfio Lisi, Jader Almeida, Leonardo Lattavo, Pedro Moog, Zanini de Zanine, Marcelo Rosembaum, entre otros, los empresarios traen para el Sur un poco de sus historias cuando el asunto son sillas, poltronas, mesas y accesorios contempor\u00e1neos. En la pauta, productos que respetan la sostenibilidad, exclusivos y con valor agregado tambi\u00e9n ser\u00e1n debatidos, as\u00ed como lo que debe ser tomado en cuenta en la hora de realizar una venta.<br \/>\n&nbsp;<br \/>\nLa idea es que el intercambio de informaciones entre propietarios de tiendas y expositores resulte en negocios m\u00e1s consistentes y eficaces en Casa Brasil, que est\u00e1 preparando una acci\u00f3n in\u00e9dita para esta edici\u00f3n: un grupo formado por los 500 principales profesionales del pa\u00eds entre propietarios de tiendas, arquitectos, dise\u00f1adores de interiores y formadores de opini\u00f3n, estar\u00e1n en la feria para impulsar negocios directamente con los expositores.<br \/>\n&nbsp;<br \/>\nCasa Brasil 2013 ocurre entre los d\u00edas 13 y 16 de agosto, en Bento Gon\u00e7alves. En la \u00faltima edici\u00f3n, en 2011, la feria tuvo un movimiento de R$ 200 millones en negocios y recibi\u00f3 m\u00e1s de 20 mil visitantes. M\u00e1s informaciones sobre el evento pueden ser obtenidas en Sindm\u00f3veis por el tel\u00e9fono (54) 2102-6800.<br \/>\n&nbsp;<\/p>\n","protected":false},"excerpt":{"rendered":"<p>El d\u00eda 7 de mayo, tres importantes propietarios de tiendas brasile\u00f1os desembarcan en Bento Gon\u00e7alves para compartir sus experiencias en el mercado de decoraci\u00f3n y dise\u00f1o con los expositores de&#8230;  <a class=\"excerpt-read-more\" href=\"https:\/\/www.sindmoveis.com.br\/es\/sindmoveis-promove-encontro-entre-lojistas-brasileiros-e-expositores-da-casa-brasil\/\" title=\"Read Sindm\u00f3veis promueve encuentro entre propietarios de tiendas brasile\u00f1os y expositores de Casa Brasil\">Leia mais &raquo;<\/a><\/p>\n","protected":false},"author":5,"featured_media":3286,"comment_status":"closed","ping_status":"open","sticky":false,"template":"","format":"standard","meta":{"footnotes":"","_links_to":"","_links_to_target":""},"categories":[2],"tags":[],"class_list":["post-992","post","type-post","status-publish","format-standard","has-post-thumbnail","hentry","category-sindmoveis"],"yoast_head":"<!-- This site is optimized with the Yoast SEO plugin v27.0 - https:\/\/yoast.com\/product\/yoast-seo-wordpress\/ -->\n<title>Sindm\u00f3veis promueve encuentro entre propietarios de tiendas brasile\u00f1os y expositores de Casa Brasil - Sindm\u00f3veis-RS<\/title>\n<meta name=\"robots\" content=\"index, follow, max-snippet:-1, max-image-preview:large, max-video-preview:-1\" \/>\n<link rel=\"canonical\" href=\"https:\/\/www.sindmoveis.com.br\/es\/sindmoveis-promove-encontro-entre-lojistas-brasileiros-e-expositores-da-casa-brasil\/\" \/>\n<meta property=\"og:locale\" content=\"es_ES\" \/>\n<meta property=\"og:type\" content=\"article\" \/>\n<meta property=\"og:title\" content=\"Sindm\u00f3veis promueve encuentro entre propietarios de tiendas brasile\u00f1os y expositores de Casa Brasil - Sindm\u00f3veis-RS\" \/>\n<meta property=\"og:description\" content=\"El d\u00eda 7 de mayo, tres importantes propietarios de tiendas brasile\u00f1os desembarcan en Bento Gon\u00e7alves para compartir sus experiencias en el mercado de decoraci\u00f3n y dise\u00f1o con los expositores de... Leia mais &raquo;\" \/>\n<meta property=\"og:url\" content=\"https:\/\/www.sindmoveis.com.br\/es\/sindmoveis-promove-encontro-entre-lojistas-brasileiros-e-expositores-da-casa-brasil\/\" \/>\n<meta property=\"og:site_name\" content=\"Sindm\u00f3veis-RS\" \/>\n<meta property=\"article:published_time\" content=\"2013-04-25T03:00:00+00:00\" \/>\n<meta property=\"article:modified_time\" content=\"2021-05-26T13:24:50+00:00\" \/>\n<meta property=\"og:image\" content=\"https:\/\/www.sindmoveis.com.br\/es\/wp-content\/uploads\/2021\/05\/p1370348897.jpg\" \/>\n\t<meta property=\"og:image:width\" content=\"471\" \/>\n\t<meta property=\"og:image:height\" content=\"600\" \/>\n\t<meta property=\"og:image:type\" content=\"image\/jpeg\" \/>\n<meta name=\"author\" content=\"Imprensa Sindm\u00f3veis\" \/>\n<meta name=\"twitter:card\" content=\"summary_large_image\" \/>\n<meta name=\"twitter:label1\" content=\"Escrito por\" \/>\n\t<meta name=\"twitter:data1\" content=\"Imprensa Sindm\u00f3veis\" \/>\n\t<meta name=\"twitter:label2\" content=\"Tiempo de lectura\" \/>\n\t<meta name=\"twitter:data2\" content=\"2 minutos\" \/>\n<script type=\"application\/ld+json\" class=\"yoast-schema-graph\">{\"@context\":\"https:\/\/schema.org\",\"@graph\":[{\"@type\":\"Article\",\"@id\":\"https:\/\/www.sindmoveis.com.br\/es\/sindmoveis-promove-encontro-entre-lojistas-brasileiros-e-expositores-da-casa-brasil\/#article\",\"isPartOf\":{\"@id\":\"https:\/\/www.sindmoveis.com.br\/es\/sindmoveis-promove-encontro-entre-lojistas-brasileiros-e-expositores-da-casa-brasil\/\"},\"author\":{\"name\":\"Imprensa Sindm\u00f3veis\",\"@id\":\"https:\/\/www.sindmoveis.com.br\/es\/#\/schema\/person\/16d379542db1950a17fe188179340d57\"},\"headline\":\"Sindm\u00f3veis promueve encuentro entre propietarios de tiendas brasile\u00f1os y expositores de Casa Brasil\",\"datePublished\":\"2013-04-25T03:00:00+00:00\",\"dateModified\":\"2021-05-26T13:24:50+00:00\",\"mainEntityOfPage\":{\"@id\":\"https:\/\/www.sindmoveis.com.br\/es\/sindmoveis-promove-encontro-entre-lojistas-brasileiros-e-expositores-da-casa-brasil\/\"},\"wordCount\":368,\"image\":{\"@id\":\"https:\/\/www.sindmoveis.com.br\/es\/sindmoveis-promove-encontro-entre-lojistas-brasileiros-e-expositores-da-casa-brasil\/#primaryimage\"},\"thumbnailUrl\":\"https:\/\/www.sindmoveis.com.br\/es\/wp-content\/uploads\/2021\/05\/p1370348897.jpg\",\"articleSection\":[\"Sindm\u00f3veis\"],\"inLanguage\":\"es\"},{\"@type\":\"WebPage\",\"@id\":\"https:\/\/www.sindmoveis.com.br\/es\/sindmoveis-promove-encontro-entre-lojistas-brasileiros-e-expositores-da-casa-brasil\/\",\"url\":\"https:\/\/www.sindmoveis.com.br\/es\/sindmoveis-promove-encontro-entre-lojistas-brasileiros-e-expositores-da-casa-brasil\/\",\"name\":\"Sindm\u00f3veis promueve encuentro entre propietarios de tiendas brasile\u00f1os y expositores de Casa Brasil - Sindm\u00f3veis-RS\",\"isPartOf\":{\"@id\":\"https:\/\/www.sindmoveis.com.br\/es\/#website\"},\"primaryImageOfPage\":{\"@id\":\"https:\/\/www.sindmoveis.com.br\/es\/sindmoveis-promove-encontro-entre-lojistas-brasileiros-e-expositores-da-casa-brasil\/#primaryimage\"},\"image\":{\"@id\":\"https:\/\/www.sindmoveis.com.br\/es\/sindmoveis-promove-encontro-entre-lojistas-brasileiros-e-expositores-da-casa-brasil\/#primaryimage\"},\"thumbnailUrl\":\"https:\/\/www.sindmoveis.com.br\/es\/wp-content\/uploads\/2021\/05\/p1370348897.jpg\",\"datePublished\":\"2013-04-25T03:00:00+00:00\",\"dateModified\":\"2021-05-26T13:24:50+00:00\",\"author\":{\"@id\":\"https:\/\/www.sindmoveis.com.br\/es\/#\/schema\/person\/16d379542db1950a17fe188179340d57\"},\"inLanguage\":\"es\",\"potentialAction\":[{\"@type\":\"ReadAction\",\"target\":[\"https:\/\/www.sindmoveis.com.br\/es\/sindmoveis-promove-encontro-entre-lojistas-brasileiros-e-expositores-da-casa-brasil\/\"]}]},{\"@type\":\"ImageObject\",\"inLanguage\":\"es\",\"@id\":\"https:\/\/www.sindmoveis.com.br\/es\/sindmoveis-promove-encontro-entre-lojistas-brasileiros-e-expositores-da-casa-brasil\/#primaryimage\",\"url\":\"https:\/\/www.sindmoveis.com.br\/es\/wp-content\/uploads\/2021\/05\/p1370348897.jpg\",\"contentUrl\":\"https:\/\/www.sindmoveis.com.br\/es\/wp-content\/uploads\/2021\/05\/p1370348897.jpg\",\"width\":471,\"height\":600},{\"@type\":\"WebSite\",\"@id\":\"https:\/\/www.sindmoveis.com.br\/es\/#website\",\"url\":\"https:\/\/www.sindmoveis.com.br\/es\/\",\"name\":\"Sindm\u00f3veis-RS\",\"description\":\"\",\"potentialAction\":[{\"@type\":\"SearchAction\",\"target\":{\"@type\":\"EntryPoint\",\"urlTemplate\":\"https:\/\/www.sindmoveis.com.br\/es\/?s={search_term_string}\"},\"query-input\":{\"@type\":\"PropertyValueSpecification\",\"valueRequired\":true,\"valueName\":\"search_term_string\"}}],\"inLanguage\":\"es\"},{\"@type\":\"Person\",\"@id\":\"https:\/\/www.sindmoveis.com.br\/es\/#\/schema\/person\/16d379542db1950a17fe188179340d57\",\"name\":\"Imprensa Sindm\u00f3veis\",\"image\":{\"@type\":\"ImageObject\",\"inLanguage\":\"es\",\"@id\":\"https:\/\/www.sindmoveis.com.br\/es\/#\/schema\/person\/image\/\",\"url\":\"https:\/\/secure.gravatar.com\/avatar\/4973e2e2c2a0cb5db30b0c7b770041b8e33d048a16b695a1f99c042449d4bfaf?s=96&d=mm&r=g\",\"contentUrl\":\"https:\/\/secure.gravatar.com\/avatar\/4973e2e2c2a0cb5db30b0c7b770041b8e33d048a16b695a1f99c042449d4bfaf?s=96&d=mm&r=g\",\"caption\":\"Imprensa Sindm\u00f3veis\"},\"url\":\"https:\/\/www.sindmoveis.com.br\/es\/author\/ana\/\"}]}<\/script>\n<!-- \/ Yoast SEO plugin. -->","yoast_head_json":{"title":"Sindm\u00f3veis promueve encuentro entre propietarios de tiendas brasile\u00f1os y expositores de Casa Brasil - Sindm\u00f3veis-RS","robots":{"index":"index","follow":"follow","max-snippet":"max-snippet:-1","max-image-preview":"max-image-preview:large","max-video-preview":"max-video-preview:-1"},"canonical":"https:\/\/www.sindmoveis.com.br\/es\/sindmoveis-promove-encontro-entre-lojistas-brasileiros-e-expositores-da-casa-brasil\/","og_locale":"es_ES","og_type":"article","og_title":"Sindm\u00f3veis promueve encuentro entre propietarios de tiendas brasile\u00f1os y expositores de Casa Brasil - Sindm\u00f3veis-RS","og_description":"El d\u00eda 7 de mayo, tres importantes propietarios de tiendas brasile\u00f1os desembarcan en Bento Gon\u00e7alves para compartir sus experiencias en el mercado de decoraci\u00f3n y dise\u00f1o con los expositores de... Leia mais &raquo;","og_url":"https:\/\/www.sindmoveis.com.br\/es\/sindmoveis-promove-encontro-entre-lojistas-brasileiros-e-expositores-da-casa-brasil\/","og_site_name":"Sindm\u00f3veis-RS","article_published_time":"2013-04-25T03:00:00+00:00","article_modified_time":"2021-05-26T13:24:50+00:00","og_image":[{"width":471,"height":600,"url":"https:\/\/www.sindmoveis.com.br\/es\/wp-content\/uploads\/2021\/05\/p1370348897.jpg","type":"image\/jpeg"}],"author":"Imprensa Sindm\u00f3veis","twitter_card":"summary_large_image","twitter_misc":{"Escrito por":"Imprensa Sindm\u00f3veis","Tiempo de lectura":"2 minutos"},"schema":{"@context":"https:\/\/schema.org","@graph":[{"@type":"Article","@id":"https:\/\/www.sindmoveis.com.br\/es\/sindmoveis-promove-encontro-entre-lojistas-brasileiros-e-expositores-da-casa-brasil\/#article","isPartOf":{"@id":"https:\/\/www.sindmoveis.com.br\/es\/sindmoveis-promove-encontro-entre-lojistas-brasileiros-e-expositores-da-casa-brasil\/"},"author":{"name":"Imprensa Sindm\u00f3veis","@id":"https:\/\/www.sindmoveis.com.br\/es\/#\/schema\/person\/16d379542db1950a17fe188179340d57"},"headline":"Sindm\u00f3veis promueve encuentro entre propietarios de tiendas brasile\u00f1os y expositores de Casa Brasil","datePublished":"2013-04-25T03:00:00+00:00","dateModified":"2021-05-26T13:24:50+00:00","mainEntityOfPage":{"@id":"https:\/\/www.sindmoveis.com.br\/es\/sindmoveis-promove-encontro-entre-lojistas-brasileiros-e-expositores-da-casa-brasil\/"},"wordCount":368,"image":{"@id":"https:\/\/www.sindmoveis.com.br\/es\/sindmoveis-promove-encontro-entre-lojistas-brasileiros-e-expositores-da-casa-brasil\/#primaryimage"},"thumbnailUrl":"https:\/\/www.sindmoveis.com.br\/es\/wp-content\/uploads\/2021\/05\/p1370348897.jpg","articleSection":["Sindm\u00f3veis"],"inLanguage":"es"},{"@type":"WebPage","@id":"https:\/\/www.sindmoveis.com.br\/es\/sindmoveis-promove-encontro-entre-lojistas-brasileiros-e-expositores-da-casa-brasil\/","url":"https:\/\/www.sindmoveis.com.br\/es\/sindmoveis-promove-encontro-entre-lojistas-brasileiros-e-expositores-da-casa-brasil\/","name":"Sindm\u00f3veis promueve encuentro entre propietarios de tiendas brasile\u00f1os y expositores de Casa Brasil - Sindm\u00f3veis-RS","isPartOf":{"@id":"https:\/\/www.sindmoveis.com.br\/es\/#website"},"primaryImageOfPage":{"@id":"https:\/\/www.sindmoveis.com.br\/es\/sindmoveis-promove-encontro-entre-lojistas-brasileiros-e-expositores-da-casa-brasil\/#primaryimage"},"image":{"@id":"https:\/\/www.sindmoveis.com.br\/es\/sindmoveis-promove-encontro-entre-lojistas-brasileiros-e-expositores-da-casa-brasil\/#primaryimage"},"thumbnailUrl":"https:\/\/www.sindmoveis.com.br\/es\/wp-content\/uploads\/2021\/05\/p1370348897.jpg","datePublished":"2013-04-25T03:00:00+00:00","dateModified":"2021-05-26T13:24:50+00:00","author":{"@id":"https:\/\/www.sindmoveis.com.br\/es\/#\/schema\/person\/16d379542db1950a17fe188179340d57"},"inLanguage":"es","potentialAction":[{"@type":"ReadAction","target":["https:\/\/www.sindmoveis.com.br\/es\/sindmoveis-promove-encontro-entre-lojistas-brasileiros-e-expositores-da-casa-brasil\/"]}]},{"@type":"ImageObject","inLanguage":"es","@id":"https:\/\/www.sindmoveis.com.br\/es\/sindmoveis-promove-encontro-entre-lojistas-brasileiros-e-expositores-da-casa-brasil\/#primaryimage","url":"https:\/\/www.sindmoveis.com.br\/es\/wp-content\/uploads\/2021\/05\/p1370348897.jpg","contentUrl":"https:\/\/www.sindmoveis.com.br\/es\/wp-content\/uploads\/2021\/05\/p1370348897.jpg","width":471,"height":600},{"@type":"WebSite","@id":"https:\/\/www.sindmoveis.com.br\/es\/#website","url":"https:\/\/www.sindmoveis.com.br\/es\/","name":"Sindm\u00f3veis-RS","description":"","potentialAction":[{"@type":"SearchAction","target":{"@type":"EntryPoint","urlTemplate":"https:\/\/www.sindmoveis.com.br\/es\/?s={search_term_string}"},"query-input":{"@type":"PropertyValueSpecification","valueRequired":true,"valueName":"search_term_string"}}],"inLanguage":"es"},{"@type":"Person","@id":"https:\/\/www.sindmoveis.com.br\/es\/#\/schema\/person\/16d379542db1950a17fe188179340d57","name":"Imprensa Sindm\u00f3veis","image":{"@type":"ImageObject","inLanguage":"es","@id":"https:\/\/www.sindmoveis.com.br\/es\/#\/schema\/person\/image\/","url":"https:\/\/secure.gravatar.com\/avatar\/4973e2e2c2a0cb5db30b0c7b770041b8e33d048a16b695a1f99c042449d4bfaf?s=96&d=mm&r=g","contentUrl":"https:\/\/secure.gravatar.com\/avatar\/4973e2e2c2a0cb5db30b0c7b770041b8e33d048a16b695a1f99c042449d4bfaf?s=96&d=mm&r=g","caption":"Imprensa Sindm\u00f3veis"},"url":"https:\/\/www.sindmoveis.com.br\/es\/author\/ana\/"}]}},"_links":{"self":[{"href":"https:\/\/www.sindmoveis.com.br\/es\/wp-json\/wp\/v2\/posts\/992","targetHints":{"allow":["GET"]}}],"collection":[{"href":"https:\/\/www.sindmoveis.com.br\/es\/wp-json\/wp\/v2\/posts"}],"about":[{"href":"https:\/\/www.sindmoveis.com.br\/es\/wp-json\/wp\/v2\/types\/post"}],"author":[{"embeddable":true,"href":"https:\/\/www.sindmoveis.com.br\/es\/wp-json\/wp\/v2\/users\/5"}],"replies":[{"embeddable":true,"href":"https:\/\/www.sindmoveis.com.br\/es\/wp-json\/wp\/v2\/comments?post=992"}],"version-history":[{"count":2,"href":"https:\/\/www.sindmoveis.com.br\/es\/wp-json\/wp\/v2\/posts\/992\/revisions"}],"predecessor-version":[{"id":3285,"href":"https:\/\/www.sindmoveis.com.br\/es\/wp-json\/wp\/v2\/posts\/992\/revisions\/3285"}],"wp:featuredmedia":[{"embeddable":true,"href":"https:\/\/www.sindmoveis.com.br\/es\/wp-json\/wp\/v2\/media\/3286"}],"wp:attachment":[{"href":"https:\/\/www.sindmoveis.com.br\/es\/wp-json\/wp\/v2\/media?parent=992"}],"wp:term":[{"taxonomy":"category","embeddable":true,"href":"https:\/\/www.sindmoveis.com.br\/es\/wp-json\/wp\/v2\/categories?post=992"},{"taxonomy":"post_tag","embeddable":true,"href":"https:\/\/www.sindmoveis.com.br\/es\/wp-json\/wp\/v2\/tags?post=992"}],"curies":[{"name":"wp","href":"https:\/\/api.w.org\/{rel}","templated":true}]}}