{"id":991,"date":"2013-04-23T00:00:00","date_gmt":"2013-04-23T03:00:00","guid":{"rendered":"http:\/\/sindmoveis.com.br\/imprensa\/noticias\/designers-do-projeto-orchestra-brasil-se-reunem-com-fabricante-espanhola-em-milao\/"},"modified":"2021-05-26T10:28:38","modified_gmt":"2021-05-26T13:28:38","slug":"designers-do-projeto-orchestra-brasil-se-reunem-com-fabricante-espanhola-em-milao","status":"publish","type":"post","link":"https:\/\/www.sindmoveis.com.br\/es\/designers-do-projeto-orchestra-brasil-se-reunem-com-fabricante-espanhola-em-milao\/","title":{"rendered":"Dise\u00f1adores del Proyecto Orchestra Brasil se re\u00fanen con fabricante espa\u00f1ola en Mil\u00e1n"},"content":{"rendered":"<p>El Proyecto Orchestra Brasil \u2013 una asociaci\u00f3n entre el Sindicato de las Industrias del Mobiliario de Bento Gon\u00e7alves \u2013 (Sindm\u00f3veis) y la Agencia Brasile\u00f1a de Promoci\u00f3n de Exportaciones e Inversiones (Apex-Brasil), promovi\u00f3 durante la Semana Internacional del Mueble de Mil\u00e1n &nbsp;la participaci\u00f3n de 15 estudios brasile\u00f1os de dise\u00f1o en el lounge de Brazil S\/A.<br \/>\n&nbsp;<br \/>\nAdem\u00e1s de presentar y promover la calidad de los trabajos producidos en el pa\u00eds, la &nbsp;semana sirvi\u00f3 para la realizaci\u00f3n de contactos comerciales con importantes marcas internacionales. Uno de ellos fue con la f\u00e1brica espa\u00f1ola de muebles para \u00e1reas externas y de alfombras Gandia Blasto. Con tiendas de la marca en Portugal, Francia, Turqu\u00eda, Holanda, Hong Kong, Canad\u00e1, Estados Unidos, Sud\u00e1frica y M\u00e9xico, la empresa estudia su llegada a Brasil en breve.<br \/>\n&nbsp;<br \/>\nEl encuentro que tuvo la participaci\u00f3n de las consultoras de Sindm\u00f3veis Ana Cristina Schneider y Vera Santiago, adem\u00e1s de seis dise\u00f1adores brasile\u00f1os \u2013 Zanini de Zanine, Lui Lo Pumo, Bernanrdo Senna, Camila Fix, Flavia Pagotti Silva y Eduardo Bortolai &#8211; , fue el puntapi\u00e9 inicial para futuras asociaciones en la creaci\u00f3n de piezas exclusivas para la marca espa\u00f1ola en el territorio nacional.<\/p>\n","protected":false},"excerpt":{"rendered":"<p>El Proyecto Orchestra Brasil \u2013 una asociaci\u00f3n entre el Sindicato de las Industrias del Mobiliario de Bento Gon\u00e7alves \u2013 (Sindm\u00f3veis) y la Agencia Brasile\u00f1a de Promoci\u00f3n de Exportaciones e Inversiones&#8230;  <a class=\"excerpt-read-more\" href=\"https:\/\/www.sindmoveis.com.br\/es\/designers-do-projeto-orchestra-brasil-se-reunem-com-fabricante-espanhola-em-milao\/\" title=\"Read Dise\u00f1adores del Proyecto Orchestra Brasil se re\u00fanen con fabricante espa\u00f1ola en Mil\u00e1n\">Leia mais &raquo;<\/a><\/p>\n","protected":false},"author":5,"featured_media":3283,"comment_status":"closed","ping_status":"open","sticky":false,"template":"","format":"standard","meta":{"footnotes":"","_links_to":"","_links_to_target":""},"categories":[22,2],"tags":[],"class_list":["post-991","post","type-post","status-publish","format-standard","has-post-thumbnail","hentry","category-proyecto-orchestra-brasil","category-sindmoveis"],"yoast_head":"<!-- This site is optimized with the Yoast SEO plugin v27.0 - https:\/\/yoast.com\/product\/yoast-seo-wordpress\/ -->\n<title>Dise\u00f1adores del Proyecto Orchestra Brasil se re\u00fanen con fabricante espa\u00f1ola en Mil\u00e1n - Sindm\u00f3veis-RS<\/title>\n<meta name=\"robots\" content=\"index, follow, max-snippet:-1, max-image-preview:large, max-video-preview:-1\" \/>\n<link rel=\"canonical\" href=\"https:\/\/www.sindmoveis.com.br\/es\/designers-do-projeto-orchestra-brasil-se-reunem-com-fabricante-espanhola-em-milao\/\" \/>\n<meta property=\"og:locale\" content=\"es_ES\" \/>\n<meta property=\"og:type\" content=\"article\" \/>\n<meta property=\"og:title\" content=\"Dise\u00f1adores del Proyecto Orchestra Brasil se re\u00fanen con fabricante espa\u00f1ola en Mil\u00e1n - Sindm\u00f3veis-RS\" \/>\n<meta property=\"og:description\" content=\"El Proyecto Orchestra Brasil \u2013 una asociaci\u00f3n entre el Sindicato de las Industrias del Mobiliario de Bento Gon\u00e7alves \u2013 (Sindm\u00f3veis) y la Agencia Brasile\u00f1a de Promoci\u00f3n de Exportaciones e Inversiones... Leia mais &raquo;\" \/>\n<meta property=\"og:url\" content=\"https:\/\/www.sindmoveis.com.br\/es\/designers-do-projeto-orchestra-brasil-se-reunem-com-fabricante-espanhola-em-milao\/\" \/>\n<meta property=\"og:site_name\" content=\"Sindm\u00f3veis-RS\" \/>\n<meta property=\"article:published_time\" content=\"2013-04-23T03:00:00+00:00\" \/>\n<meta property=\"article:modified_time\" content=\"2021-05-26T13:28:38+00:00\" \/>\n<meta property=\"og:image\" content=\"https:\/\/www.sindmoveis.com.br\/es\/wp-content\/uploads\/2021\/05\/p1370348825.jpg\" \/>\n\t<meta property=\"og:image:width\" content=\"600\" \/>\n\t<meta property=\"og:image:height\" content=\"450\" \/>\n\t<meta property=\"og:image:type\" content=\"image\/jpeg\" \/>\n<meta name=\"author\" content=\"Imprensa Sindm\u00f3veis\" \/>\n<meta name=\"twitter:card\" content=\"summary_large_image\" \/>\n<meta name=\"twitter:label1\" content=\"Escrito por\" \/>\n\t<meta name=\"twitter:data1\" content=\"Imprensa Sindm\u00f3veis\" \/>\n\t<meta name=\"twitter:label2\" content=\"Tiempo de lectura\" \/>\n\t<meta name=\"twitter:data2\" content=\"1 minuto\" \/>\n<script type=\"application\/ld+json\" class=\"yoast-schema-graph\">{\"@context\":\"https:\/\/schema.org\",\"@graph\":[{\"@type\":\"Article\",\"@id\":\"https:\/\/www.sindmoveis.com.br\/es\/designers-do-projeto-orchestra-brasil-se-reunem-com-fabricante-espanhola-em-milao\/#article\",\"isPartOf\":{\"@id\":\"https:\/\/www.sindmoveis.com.br\/es\/designers-do-projeto-orchestra-brasil-se-reunem-com-fabricante-espanhola-em-milao\/\"},\"author\":{\"name\":\"Imprensa Sindm\u00f3veis\",\"@id\":\"https:\/\/www.sindmoveis.com.br\/es\/#\/schema\/person\/16d379542db1950a17fe188179340d57\"},\"headline\":\"Dise\u00f1adores del Proyecto Orchestra Brasil se re\u00fanen con fabricante espa\u00f1ola en Mil\u00e1n\",\"datePublished\":\"2013-04-23T03:00:00+00:00\",\"dateModified\":\"2021-05-26T13:28:38+00:00\",\"mainEntityOfPage\":{\"@id\":\"https:\/\/www.sindmoveis.com.br\/es\/designers-do-projeto-orchestra-brasil-se-reunem-com-fabricante-espanhola-em-milao\/\"},\"wordCount\":228,\"image\":{\"@id\":\"https:\/\/www.sindmoveis.com.br\/es\/designers-do-projeto-orchestra-brasil-se-reunem-com-fabricante-espanhola-em-milao\/#primaryimage\"},\"thumbnailUrl\":\"https:\/\/www.sindmoveis.com.br\/es\/wp-content\/uploads\/2021\/05\/p1370348825.jpg\",\"articleSection\":[\"Proyecto Orchestra Brasil\",\"Sindm\u00f3veis\"],\"inLanguage\":\"es\"},{\"@type\":\"WebPage\",\"@id\":\"https:\/\/www.sindmoveis.com.br\/es\/designers-do-projeto-orchestra-brasil-se-reunem-com-fabricante-espanhola-em-milao\/\",\"url\":\"https:\/\/www.sindmoveis.com.br\/es\/designers-do-projeto-orchestra-brasil-se-reunem-com-fabricante-espanhola-em-milao\/\",\"name\":\"Dise\u00f1adores del Proyecto Orchestra Brasil se re\u00fanen con fabricante espa\u00f1ola en Mil\u00e1n - Sindm\u00f3veis-RS\",\"isPartOf\":{\"@id\":\"https:\/\/www.sindmoveis.com.br\/es\/#website\"},\"primaryImageOfPage\":{\"@id\":\"https:\/\/www.sindmoveis.com.br\/es\/designers-do-projeto-orchestra-brasil-se-reunem-com-fabricante-espanhola-em-milao\/#primaryimage\"},\"image\":{\"@id\":\"https:\/\/www.sindmoveis.com.br\/es\/designers-do-projeto-orchestra-brasil-se-reunem-com-fabricante-espanhola-em-milao\/#primaryimage\"},\"thumbnailUrl\":\"https:\/\/www.sindmoveis.com.br\/es\/wp-content\/uploads\/2021\/05\/p1370348825.jpg\",\"datePublished\":\"2013-04-23T03:00:00+00:00\",\"dateModified\":\"2021-05-26T13:28:38+00:00\",\"author\":{\"@id\":\"https:\/\/www.sindmoveis.com.br\/es\/#\/schema\/person\/16d379542db1950a17fe188179340d57\"},\"inLanguage\":\"es\",\"potentialAction\":[{\"@type\":\"ReadAction\",\"target\":[\"https:\/\/www.sindmoveis.com.br\/es\/designers-do-projeto-orchestra-brasil-se-reunem-com-fabricante-espanhola-em-milao\/\"]}]},{\"@type\":\"ImageObject\",\"inLanguage\":\"es\",\"@id\":\"https:\/\/www.sindmoveis.com.br\/es\/designers-do-projeto-orchestra-brasil-se-reunem-com-fabricante-espanhola-em-milao\/#primaryimage\",\"url\":\"https:\/\/www.sindmoveis.com.br\/es\/wp-content\/uploads\/2021\/05\/p1370348825.jpg\",\"contentUrl\":\"https:\/\/www.sindmoveis.com.br\/es\/wp-content\/uploads\/2021\/05\/p1370348825.jpg\",\"width\":600,\"height\":450},{\"@type\":\"WebSite\",\"@id\":\"https:\/\/www.sindmoveis.com.br\/es\/#website\",\"url\":\"https:\/\/www.sindmoveis.com.br\/es\/\",\"name\":\"Sindm\u00f3veis-RS\",\"description\":\"\",\"potentialAction\":[{\"@type\":\"SearchAction\",\"target\":{\"@type\":\"EntryPoint\",\"urlTemplate\":\"https:\/\/www.sindmoveis.com.br\/es\/?s={search_term_string}\"},\"query-input\":{\"@type\":\"PropertyValueSpecification\",\"valueRequired\":true,\"valueName\":\"search_term_string\"}}],\"inLanguage\":\"es\"},{\"@type\":\"Person\",\"@id\":\"https:\/\/www.sindmoveis.com.br\/es\/#\/schema\/person\/16d379542db1950a17fe188179340d57\",\"name\":\"Imprensa Sindm\u00f3veis\",\"image\":{\"@type\":\"ImageObject\",\"inLanguage\":\"es\",\"@id\":\"https:\/\/www.sindmoveis.com.br\/es\/#\/schema\/person\/image\/\",\"url\":\"https:\/\/secure.gravatar.com\/avatar\/4973e2e2c2a0cb5db30b0c7b770041b8e33d048a16b695a1f99c042449d4bfaf?s=96&d=mm&r=g\",\"contentUrl\":\"https:\/\/secure.gravatar.com\/avatar\/4973e2e2c2a0cb5db30b0c7b770041b8e33d048a16b695a1f99c042449d4bfaf?s=96&d=mm&r=g\",\"caption\":\"Imprensa Sindm\u00f3veis\"},\"url\":\"https:\/\/www.sindmoveis.com.br\/es\/author\/ana\/\"}]}<\/script>\n<!-- \/ Yoast SEO plugin. -->","yoast_head_json":{"title":"Dise\u00f1adores del Proyecto Orchestra Brasil se re\u00fanen con fabricante espa\u00f1ola en Mil\u00e1n - Sindm\u00f3veis-RS","robots":{"index":"index","follow":"follow","max-snippet":"max-snippet:-1","max-image-preview":"max-image-preview:large","max-video-preview":"max-video-preview:-1"},"canonical":"https:\/\/www.sindmoveis.com.br\/es\/designers-do-projeto-orchestra-brasil-se-reunem-com-fabricante-espanhola-em-milao\/","og_locale":"es_ES","og_type":"article","og_title":"Dise\u00f1adores del Proyecto Orchestra Brasil se re\u00fanen con fabricante espa\u00f1ola en Mil\u00e1n - Sindm\u00f3veis-RS","og_description":"El Proyecto Orchestra Brasil \u2013 una asociaci\u00f3n entre el Sindicato de las Industrias del Mobiliario de Bento Gon\u00e7alves \u2013 (Sindm\u00f3veis) y la Agencia Brasile\u00f1a de Promoci\u00f3n de Exportaciones e Inversiones... Leia mais &raquo;","og_url":"https:\/\/www.sindmoveis.com.br\/es\/designers-do-projeto-orchestra-brasil-se-reunem-com-fabricante-espanhola-em-milao\/","og_site_name":"Sindm\u00f3veis-RS","article_published_time":"2013-04-23T03:00:00+00:00","article_modified_time":"2021-05-26T13:28:38+00:00","og_image":[{"width":600,"height":450,"url":"https:\/\/www.sindmoveis.com.br\/es\/wp-content\/uploads\/2021\/05\/p1370348825.jpg","type":"image\/jpeg"}],"author":"Imprensa Sindm\u00f3veis","twitter_card":"summary_large_image","twitter_misc":{"Escrito por":"Imprensa Sindm\u00f3veis","Tiempo de lectura":"1 minuto"},"schema":{"@context":"https:\/\/schema.org","@graph":[{"@type":"Article","@id":"https:\/\/www.sindmoveis.com.br\/es\/designers-do-projeto-orchestra-brasil-se-reunem-com-fabricante-espanhola-em-milao\/#article","isPartOf":{"@id":"https:\/\/www.sindmoveis.com.br\/es\/designers-do-projeto-orchestra-brasil-se-reunem-com-fabricante-espanhola-em-milao\/"},"author":{"name":"Imprensa Sindm\u00f3veis","@id":"https:\/\/www.sindmoveis.com.br\/es\/#\/schema\/person\/16d379542db1950a17fe188179340d57"},"headline":"Dise\u00f1adores del Proyecto Orchestra Brasil se re\u00fanen con fabricante espa\u00f1ola en Mil\u00e1n","datePublished":"2013-04-23T03:00:00+00:00","dateModified":"2021-05-26T13:28:38+00:00","mainEntityOfPage":{"@id":"https:\/\/www.sindmoveis.com.br\/es\/designers-do-projeto-orchestra-brasil-se-reunem-com-fabricante-espanhola-em-milao\/"},"wordCount":228,"image":{"@id":"https:\/\/www.sindmoveis.com.br\/es\/designers-do-projeto-orchestra-brasil-se-reunem-com-fabricante-espanhola-em-milao\/#primaryimage"},"thumbnailUrl":"https:\/\/www.sindmoveis.com.br\/es\/wp-content\/uploads\/2021\/05\/p1370348825.jpg","articleSection":["Proyecto Orchestra Brasil","Sindm\u00f3veis"],"inLanguage":"es"},{"@type":"WebPage","@id":"https:\/\/www.sindmoveis.com.br\/es\/designers-do-projeto-orchestra-brasil-se-reunem-com-fabricante-espanhola-em-milao\/","url":"https:\/\/www.sindmoveis.com.br\/es\/designers-do-projeto-orchestra-brasil-se-reunem-com-fabricante-espanhola-em-milao\/","name":"Dise\u00f1adores del Proyecto Orchestra Brasil se re\u00fanen con fabricante espa\u00f1ola en Mil\u00e1n - Sindm\u00f3veis-RS","isPartOf":{"@id":"https:\/\/www.sindmoveis.com.br\/es\/#website"},"primaryImageOfPage":{"@id":"https:\/\/www.sindmoveis.com.br\/es\/designers-do-projeto-orchestra-brasil-se-reunem-com-fabricante-espanhola-em-milao\/#primaryimage"},"image":{"@id":"https:\/\/www.sindmoveis.com.br\/es\/designers-do-projeto-orchestra-brasil-se-reunem-com-fabricante-espanhola-em-milao\/#primaryimage"},"thumbnailUrl":"https:\/\/www.sindmoveis.com.br\/es\/wp-content\/uploads\/2021\/05\/p1370348825.jpg","datePublished":"2013-04-23T03:00:00+00:00","dateModified":"2021-05-26T13:28:38+00:00","author":{"@id":"https:\/\/www.sindmoveis.com.br\/es\/#\/schema\/person\/16d379542db1950a17fe188179340d57"},"inLanguage":"es","potentialAction":[{"@type":"ReadAction","target":["https:\/\/www.sindmoveis.com.br\/es\/designers-do-projeto-orchestra-brasil-se-reunem-com-fabricante-espanhola-em-milao\/"]}]},{"@type":"ImageObject","inLanguage":"es","@id":"https:\/\/www.sindmoveis.com.br\/es\/designers-do-projeto-orchestra-brasil-se-reunem-com-fabricante-espanhola-em-milao\/#primaryimage","url":"https:\/\/www.sindmoveis.com.br\/es\/wp-content\/uploads\/2021\/05\/p1370348825.jpg","contentUrl":"https:\/\/www.sindmoveis.com.br\/es\/wp-content\/uploads\/2021\/05\/p1370348825.jpg","width":600,"height":450},{"@type":"WebSite","@id":"https:\/\/www.sindmoveis.com.br\/es\/#website","url":"https:\/\/www.sindmoveis.com.br\/es\/","name":"Sindm\u00f3veis-RS","description":"","potentialAction":[{"@type":"SearchAction","target":{"@type":"EntryPoint","urlTemplate":"https:\/\/www.sindmoveis.com.br\/es\/?s={search_term_string}"},"query-input":{"@type":"PropertyValueSpecification","valueRequired":true,"valueName":"search_term_string"}}],"inLanguage":"es"},{"@type":"Person","@id":"https:\/\/www.sindmoveis.com.br\/es\/#\/schema\/person\/16d379542db1950a17fe188179340d57","name":"Imprensa Sindm\u00f3veis","image":{"@type":"ImageObject","inLanguage":"es","@id":"https:\/\/www.sindmoveis.com.br\/es\/#\/schema\/person\/image\/","url":"https:\/\/secure.gravatar.com\/avatar\/4973e2e2c2a0cb5db30b0c7b770041b8e33d048a16b695a1f99c042449d4bfaf?s=96&d=mm&r=g","contentUrl":"https:\/\/secure.gravatar.com\/avatar\/4973e2e2c2a0cb5db30b0c7b770041b8e33d048a16b695a1f99c042449d4bfaf?s=96&d=mm&r=g","caption":"Imprensa Sindm\u00f3veis"},"url":"https:\/\/www.sindmoveis.com.br\/es\/author\/ana\/"}]}},"_links":{"self":[{"href":"https:\/\/www.sindmoveis.com.br\/es\/wp-json\/wp\/v2\/posts\/991","targetHints":{"allow":["GET"]}}],"collection":[{"href":"https:\/\/www.sindmoveis.com.br\/es\/wp-json\/wp\/v2\/posts"}],"about":[{"href":"https:\/\/www.sindmoveis.com.br\/es\/wp-json\/wp\/v2\/types\/post"}],"author":[{"embeddable":true,"href":"https:\/\/www.sindmoveis.com.br\/es\/wp-json\/wp\/v2\/users\/5"}],"replies":[{"embeddable":true,"href":"https:\/\/www.sindmoveis.com.br\/es\/wp-json\/wp\/v2\/comments?post=991"}],"version-history":[{"count":2,"href":"https:\/\/www.sindmoveis.com.br\/es\/wp-json\/wp\/v2\/posts\/991\/revisions"}],"predecessor-version":[{"id":3282,"href":"https:\/\/www.sindmoveis.com.br\/es\/wp-json\/wp\/v2\/posts\/991\/revisions\/3282"}],"wp:featuredmedia":[{"embeddable":true,"href":"https:\/\/www.sindmoveis.com.br\/es\/wp-json\/wp\/v2\/media\/3283"}],"wp:attachment":[{"href":"https:\/\/www.sindmoveis.com.br\/es\/wp-json\/wp\/v2\/media?parent=991"}],"wp:term":[{"taxonomy":"category","embeddable":true,"href":"https:\/\/www.sindmoveis.com.br\/es\/wp-json\/wp\/v2\/categories?post=991"},{"taxonomy":"post_tag","embeddable":true,"href":"https:\/\/www.sindmoveis.com.br\/es\/wp-json\/wp\/v2\/tags?post=991"}],"curies":[{"name":"wp","href":"https:\/\/api.w.org\/{rel}","templated":true}]}}