{"id":986,"date":"2013-04-15T00:00:00","date_gmt":"2013-04-15T03:00:00","guid":{"rendered":"http:\/\/sindmoveis.com.br\/imprensa\/noticias\/sindmoveis-divulga-movelsul-2014-no-panama\/"},"modified":"2021-05-26T10:31:44","modified_gmt":"2021-05-26T13:31:44","slug":"sindmoveis-divulga-movelsul-2014-no-panama","status":"publish","type":"post","link":"https:\/\/www.sindmoveis.com.br\/es\/sindmoveis-divulga-movelsul-2014-no-panama\/","title":{"rendered":"Sindm\u00f3veis divulga Movelsul 2014 en Panam\u00e1"},"content":{"rendered":"<p>El Sindicato de las Industrias del Mobiliario de Bento Gon\u00e7alves \u2013 Sindm\u00f3veis, estar\u00e1 presente en Expocenter, mayor feria profesional multisectorial de Am\u00e9rica Central, que ocurre de 17 a 20 de abril, en la Ciudad de Panam\u00e1. El objetivo es divulgar Movelsul 2014, que ya est\u00e1 con 95% de sus espacios comercializados para la edici\u00f3n que ser\u00e1 realizada de 24 a 28 de marzo, en el Parque de Eventos de Bento Gon\u00e7alves, R\u00edo Grande do Sul. Este es el segundo compromiso de la agenda de divulgaciones internacionales de la feria, despu\u00e9s de la participaci\u00f3n en Expomueble de Guadalajara, en el mes de febrero pasado.<br \/>\n&nbsp;<br \/>\nSeg\u00fan el presidente de Movelsul, Henrique Tecchio, la presencia en Expocomer es importante para el fortalecimiento de la imagen del evento brasile\u00f1o en los pa\u00edses de Am\u00e9rica Central para atraer visitantes y compradores para la feria. En la \u00faltima edici\u00f3n de Movelsul, en marzo de 2012, siete de los 30 importadores participantes del Proyecto Comprador eran de pa\u00edses de Am\u00e9rica Central. \u201cEl Proyecto Comprador es una acci\u00f3n tradicional de Movelsul en asociaci\u00f3n con la Agencia Brasile\u00f1a de Promoci\u00f3n de Exportaciones e Inversiones \u2013 APEX-Brasil, de extrema relevancia en la proyecci\u00f3n de negocios generados por la feria. Por ello, todos los esfuerzos volcados para atraer los pa\u00edses latinoamericanos son v\u00e1lidos y ser\u00e1n intensificados a partir del segundo semestre\u201d, resalta.&nbsp;<br \/>\n&nbsp;<br \/>\nExpocomer es un evento direccionado a la realizaci\u00f3n de negocios y recibe visitantes de pa\u00edses como Estados Unidos, M\u00e9xico, Guatemala, Costa Rica, El Salvador, Rep\u00fablica Dominicana, Honduras, Nicaragua, Colombia, Per\u00fa y Venezuela \u2013 adem\u00e1s del propio Panam\u00e1. El stand de Movelsul estar\u00e1 ubicado en el pabell\u00f3n destinado especialmente para empresas brasile\u00f1as. Esta es la segunda participaci\u00f3n de Sindm\u00f3veis en la ferian paname\u00f1a con stand propio.&nbsp;<br \/>\n&nbsp;<br \/>\nAdem\u00e1s de representar un importante acceso a los mercados de Am\u00e9rica Central, Panam\u00e1 es un pa\u00eds con nivel de consumo en crecimiento y con baja producci\u00f3n de mobiliario. En 2011, la importaci\u00f3n de muebles fue de U$ 251,5 millones, y el promedio de crecimiento anual entre 2007 y 2011 se expandi\u00f3 m\u00e1s de 70%, siendo Brasil el tercer mayor proveedor de muebles para Panam\u00e1, con 8% de participaci\u00f3n.<br \/>\n&nbsp;<br \/>\nLos mayores competidores brasile\u00f1os son China y Estados Unidos, que representan m\u00e1s de la mitad del total importado por Panam\u00e1. En los \u00faltimos a\u00f1os, el pa\u00eds ha sido uno de los 20 mayores destinos de la producci\u00f3n brasile\u00f1a, con buena aceptaci\u00f3n para muebles de metal, especialmente estanter\u00edas y mobiliario destinado a exhibici\u00f3n de mercanc\u00edas.<\/p>\n<p>&nbsp;<\/p>\n","protected":false},"excerpt":{"rendered":"<p>El Sindicato de las Industrias del Mobiliario de Bento Gon\u00e7alves \u2013 Sindm\u00f3veis, estar\u00e1 presente en Expocenter, mayor feria profesional multisectorial de Am\u00e9rica Central, que ocurre de 17 a 20 de&#8230;  <a class=\"excerpt-read-more\" href=\"https:\/\/www.sindmoveis.com.br\/es\/sindmoveis-divulga-movelsul-2014-no-panama\/\" title=\"Read Sindm\u00f3veis divulga Movelsul 2014 en Panam\u00e1\">Leia mais &raquo;<\/a><\/p>\n","protected":false},"author":5,"featured_media":3279,"comment_status":"closed","ping_status":"open","sticky":false,"template":"","format":"standard","meta":{"footnotes":"","_links_to":"","_links_to_target":""},"categories":[23,2],"tags":[],"class_list":["post-986","post","type-post","status-publish","format-standard","has-post-thumbnail","hentry","category-movelsul","category-sindmoveis"],"yoast_head":"<!-- This site is optimized with the Yoast SEO plugin v27.0 - https:\/\/yoast.com\/product\/yoast-seo-wordpress\/ -->\n<title>Sindm\u00f3veis divulga Movelsul 2014 en Panam\u00e1 - Sindm\u00f3veis-RS<\/title>\n<meta name=\"robots\" content=\"index, follow, max-snippet:-1, max-image-preview:large, max-video-preview:-1\" \/>\n<link rel=\"canonical\" href=\"https:\/\/www.sindmoveis.com.br\/es\/sindmoveis-divulga-movelsul-2014-no-panama\/\" \/>\n<meta property=\"og:locale\" content=\"es_ES\" \/>\n<meta property=\"og:type\" content=\"article\" \/>\n<meta property=\"og:title\" content=\"Sindm\u00f3veis divulga Movelsul 2014 en Panam\u00e1 - Sindm\u00f3veis-RS\" \/>\n<meta property=\"og:description\" content=\"El Sindicato de las Industrias del Mobiliario de Bento Gon\u00e7alves \u2013 Sindm\u00f3veis, estar\u00e1 presente en Expocenter, mayor feria profesional multisectorial de Am\u00e9rica Central, que ocurre de 17 a 20 de... Leia mais &raquo;\" \/>\n<meta property=\"og:url\" content=\"https:\/\/www.sindmoveis.com.br\/es\/sindmoveis-divulga-movelsul-2014-no-panama\/\" \/>\n<meta property=\"og:site_name\" content=\"Sindm\u00f3veis-RS\" \/>\n<meta property=\"article:published_time\" content=\"2013-04-15T03:00:00+00:00\" \/>\n<meta property=\"article:modified_time\" content=\"2021-05-26T13:31:44+00:00\" \/>\n<meta property=\"og:image\" content=\"https:\/\/www.sindmoveis.com.br\/es\/wp-content\/uploads\/2021\/05\/p1370348572.jpg\" \/>\n\t<meta property=\"og:image:width\" content=\"400\" \/>\n\t<meta property=\"og:image:height\" content=\"600\" \/>\n\t<meta property=\"og:image:type\" content=\"image\/jpeg\" \/>\n<meta name=\"author\" content=\"Imprensa Sindm\u00f3veis\" \/>\n<meta name=\"twitter:card\" content=\"summary_large_image\" \/>\n<meta name=\"twitter:label1\" content=\"Escrito por\" \/>\n\t<meta name=\"twitter:data1\" content=\"Imprensa Sindm\u00f3veis\" \/>\n\t<meta name=\"twitter:label2\" content=\"Tiempo de lectura\" \/>\n\t<meta name=\"twitter:data2\" content=\"2 minutos\" \/>\n<script type=\"application\/ld+json\" class=\"yoast-schema-graph\">{\"@context\":\"https:\/\/schema.org\",\"@graph\":[{\"@type\":\"Article\",\"@id\":\"https:\/\/www.sindmoveis.com.br\/es\/sindmoveis-divulga-movelsul-2014-no-panama\/#article\",\"isPartOf\":{\"@id\":\"https:\/\/www.sindmoveis.com.br\/es\/sindmoveis-divulga-movelsul-2014-no-panama\/\"},\"author\":{\"name\":\"Imprensa Sindm\u00f3veis\",\"@id\":\"https:\/\/www.sindmoveis.com.br\/es\/#\/schema\/person\/16d379542db1950a17fe188179340d57\"},\"headline\":\"Sindm\u00f3veis divulga Movelsul 2014 en Panam\u00e1\",\"datePublished\":\"2013-04-15T03:00:00+00:00\",\"dateModified\":\"2021-05-26T13:31:44+00:00\",\"mainEntityOfPage\":{\"@id\":\"https:\/\/www.sindmoveis.com.br\/es\/sindmoveis-divulga-movelsul-2014-no-panama\/\"},\"wordCount\":453,\"image\":{\"@id\":\"https:\/\/www.sindmoveis.com.br\/es\/sindmoveis-divulga-movelsul-2014-no-panama\/#primaryimage\"},\"thumbnailUrl\":\"https:\/\/www.sindmoveis.com.br\/es\/wp-content\/uploads\/2021\/05\/p1370348572.jpg\",\"articleSection\":[\"Movelsul\",\"Sindm\u00f3veis\"],\"inLanguage\":\"es\"},{\"@type\":\"WebPage\",\"@id\":\"https:\/\/www.sindmoveis.com.br\/es\/sindmoveis-divulga-movelsul-2014-no-panama\/\",\"url\":\"https:\/\/www.sindmoveis.com.br\/es\/sindmoveis-divulga-movelsul-2014-no-panama\/\",\"name\":\"Sindm\u00f3veis divulga Movelsul 2014 en Panam\u00e1 - Sindm\u00f3veis-RS\",\"isPartOf\":{\"@id\":\"https:\/\/www.sindmoveis.com.br\/es\/#website\"},\"primaryImageOfPage\":{\"@id\":\"https:\/\/www.sindmoveis.com.br\/es\/sindmoveis-divulga-movelsul-2014-no-panama\/#primaryimage\"},\"image\":{\"@id\":\"https:\/\/www.sindmoveis.com.br\/es\/sindmoveis-divulga-movelsul-2014-no-panama\/#primaryimage\"},\"thumbnailUrl\":\"https:\/\/www.sindmoveis.com.br\/es\/wp-content\/uploads\/2021\/05\/p1370348572.jpg\",\"datePublished\":\"2013-04-15T03:00:00+00:00\",\"dateModified\":\"2021-05-26T13:31:44+00:00\",\"author\":{\"@id\":\"https:\/\/www.sindmoveis.com.br\/es\/#\/schema\/person\/16d379542db1950a17fe188179340d57\"},\"inLanguage\":\"es\",\"potentialAction\":[{\"@type\":\"ReadAction\",\"target\":[\"https:\/\/www.sindmoveis.com.br\/es\/sindmoveis-divulga-movelsul-2014-no-panama\/\"]}]},{\"@type\":\"ImageObject\",\"inLanguage\":\"es\",\"@id\":\"https:\/\/www.sindmoveis.com.br\/es\/sindmoveis-divulga-movelsul-2014-no-panama\/#primaryimage\",\"url\":\"https:\/\/www.sindmoveis.com.br\/es\/wp-content\/uploads\/2021\/05\/p1370348572.jpg\",\"contentUrl\":\"https:\/\/www.sindmoveis.com.br\/es\/wp-content\/uploads\/2021\/05\/p1370348572.jpg\",\"width\":400,\"height\":600},{\"@type\":\"WebSite\",\"@id\":\"https:\/\/www.sindmoveis.com.br\/es\/#website\",\"url\":\"https:\/\/www.sindmoveis.com.br\/es\/\",\"name\":\"Sindm\u00f3veis-RS\",\"description\":\"\",\"potentialAction\":[{\"@type\":\"SearchAction\",\"target\":{\"@type\":\"EntryPoint\",\"urlTemplate\":\"https:\/\/www.sindmoveis.com.br\/es\/?s={search_term_string}\"},\"query-input\":{\"@type\":\"PropertyValueSpecification\",\"valueRequired\":true,\"valueName\":\"search_term_string\"}}],\"inLanguage\":\"es\"},{\"@type\":\"Person\",\"@id\":\"https:\/\/www.sindmoveis.com.br\/es\/#\/schema\/person\/16d379542db1950a17fe188179340d57\",\"name\":\"Imprensa Sindm\u00f3veis\",\"image\":{\"@type\":\"ImageObject\",\"inLanguage\":\"es\",\"@id\":\"https:\/\/www.sindmoveis.com.br\/es\/#\/schema\/person\/image\/\",\"url\":\"https:\/\/secure.gravatar.com\/avatar\/4973e2e2c2a0cb5db30b0c7b770041b8e33d048a16b695a1f99c042449d4bfaf?s=96&d=mm&r=g\",\"contentUrl\":\"https:\/\/secure.gravatar.com\/avatar\/4973e2e2c2a0cb5db30b0c7b770041b8e33d048a16b695a1f99c042449d4bfaf?s=96&d=mm&r=g\",\"caption\":\"Imprensa Sindm\u00f3veis\"},\"url\":\"https:\/\/www.sindmoveis.com.br\/es\/author\/ana\/\"}]}<\/script>\n<!-- \/ Yoast SEO plugin. -->","yoast_head_json":{"title":"Sindm\u00f3veis divulga Movelsul 2014 en Panam\u00e1 - Sindm\u00f3veis-RS","robots":{"index":"index","follow":"follow","max-snippet":"max-snippet:-1","max-image-preview":"max-image-preview:large","max-video-preview":"max-video-preview:-1"},"canonical":"https:\/\/www.sindmoveis.com.br\/es\/sindmoveis-divulga-movelsul-2014-no-panama\/","og_locale":"es_ES","og_type":"article","og_title":"Sindm\u00f3veis divulga Movelsul 2014 en Panam\u00e1 - Sindm\u00f3veis-RS","og_description":"El Sindicato de las Industrias del Mobiliario de Bento Gon\u00e7alves \u2013 Sindm\u00f3veis, estar\u00e1 presente en Expocenter, mayor feria profesional multisectorial de Am\u00e9rica Central, que ocurre de 17 a 20 de... Leia mais &raquo;","og_url":"https:\/\/www.sindmoveis.com.br\/es\/sindmoveis-divulga-movelsul-2014-no-panama\/","og_site_name":"Sindm\u00f3veis-RS","article_published_time":"2013-04-15T03:00:00+00:00","article_modified_time":"2021-05-26T13:31:44+00:00","og_image":[{"width":400,"height":600,"url":"https:\/\/www.sindmoveis.com.br\/es\/wp-content\/uploads\/2021\/05\/p1370348572.jpg","type":"image\/jpeg"}],"author":"Imprensa Sindm\u00f3veis","twitter_card":"summary_large_image","twitter_misc":{"Escrito por":"Imprensa Sindm\u00f3veis","Tiempo de lectura":"2 minutos"},"schema":{"@context":"https:\/\/schema.org","@graph":[{"@type":"Article","@id":"https:\/\/www.sindmoveis.com.br\/es\/sindmoveis-divulga-movelsul-2014-no-panama\/#article","isPartOf":{"@id":"https:\/\/www.sindmoveis.com.br\/es\/sindmoveis-divulga-movelsul-2014-no-panama\/"},"author":{"name":"Imprensa Sindm\u00f3veis","@id":"https:\/\/www.sindmoveis.com.br\/es\/#\/schema\/person\/16d379542db1950a17fe188179340d57"},"headline":"Sindm\u00f3veis divulga Movelsul 2014 en Panam\u00e1","datePublished":"2013-04-15T03:00:00+00:00","dateModified":"2021-05-26T13:31:44+00:00","mainEntityOfPage":{"@id":"https:\/\/www.sindmoveis.com.br\/es\/sindmoveis-divulga-movelsul-2014-no-panama\/"},"wordCount":453,"image":{"@id":"https:\/\/www.sindmoveis.com.br\/es\/sindmoveis-divulga-movelsul-2014-no-panama\/#primaryimage"},"thumbnailUrl":"https:\/\/www.sindmoveis.com.br\/es\/wp-content\/uploads\/2021\/05\/p1370348572.jpg","articleSection":["Movelsul","Sindm\u00f3veis"],"inLanguage":"es"},{"@type":"WebPage","@id":"https:\/\/www.sindmoveis.com.br\/es\/sindmoveis-divulga-movelsul-2014-no-panama\/","url":"https:\/\/www.sindmoveis.com.br\/es\/sindmoveis-divulga-movelsul-2014-no-panama\/","name":"Sindm\u00f3veis divulga Movelsul 2014 en Panam\u00e1 - Sindm\u00f3veis-RS","isPartOf":{"@id":"https:\/\/www.sindmoveis.com.br\/es\/#website"},"primaryImageOfPage":{"@id":"https:\/\/www.sindmoveis.com.br\/es\/sindmoveis-divulga-movelsul-2014-no-panama\/#primaryimage"},"image":{"@id":"https:\/\/www.sindmoveis.com.br\/es\/sindmoveis-divulga-movelsul-2014-no-panama\/#primaryimage"},"thumbnailUrl":"https:\/\/www.sindmoveis.com.br\/es\/wp-content\/uploads\/2021\/05\/p1370348572.jpg","datePublished":"2013-04-15T03:00:00+00:00","dateModified":"2021-05-26T13:31:44+00:00","author":{"@id":"https:\/\/www.sindmoveis.com.br\/es\/#\/schema\/person\/16d379542db1950a17fe188179340d57"},"inLanguage":"es","potentialAction":[{"@type":"ReadAction","target":["https:\/\/www.sindmoveis.com.br\/es\/sindmoveis-divulga-movelsul-2014-no-panama\/"]}]},{"@type":"ImageObject","inLanguage":"es","@id":"https:\/\/www.sindmoveis.com.br\/es\/sindmoveis-divulga-movelsul-2014-no-panama\/#primaryimage","url":"https:\/\/www.sindmoveis.com.br\/es\/wp-content\/uploads\/2021\/05\/p1370348572.jpg","contentUrl":"https:\/\/www.sindmoveis.com.br\/es\/wp-content\/uploads\/2021\/05\/p1370348572.jpg","width":400,"height":600},{"@type":"WebSite","@id":"https:\/\/www.sindmoveis.com.br\/es\/#website","url":"https:\/\/www.sindmoveis.com.br\/es\/","name":"Sindm\u00f3veis-RS","description":"","potentialAction":[{"@type":"SearchAction","target":{"@type":"EntryPoint","urlTemplate":"https:\/\/www.sindmoveis.com.br\/es\/?s={search_term_string}"},"query-input":{"@type":"PropertyValueSpecification","valueRequired":true,"valueName":"search_term_string"}}],"inLanguage":"es"},{"@type":"Person","@id":"https:\/\/www.sindmoveis.com.br\/es\/#\/schema\/person\/16d379542db1950a17fe188179340d57","name":"Imprensa Sindm\u00f3veis","image":{"@type":"ImageObject","inLanguage":"es","@id":"https:\/\/www.sindmoveis.com.br\/es\/#\/schema\/person\/image\/","url":"https:\/\/secure.gravatar.com\/avatar\/4973e2e2c2a0cb5db30b0c7b770041b8e33d048a16b695a1f99c042449d4bfaf?s=96&d=mm&r=g","contentUrl":"https:\/\/secure.gravatar.com\/avatar\/4973e2e2c2a0cb5db30b0c7b770041b8e33d048a16b695a1f99c042449d4bfaf?s=96&d=mm&r=g","caption":"Imprensa Sindm\u00f3veis"},"url":"https:\/\/www.sindmoveis.com.br\/es\/author\/ana\/"}]}},"_links":{"self":[{"href":"https:\/\/www.sindmoveis.com.br\/es\/wp-json\/wp\/v2\/posts\/986","targetHints":{"allow":["GET"]}}],"collection":[{"href":"https:\/\/www.sindmoveis.com.br\/es\/wp-json\/wp\/v2\/posts"}],"about":[{"href":"https:\/\/www.sindmoveis.com.br\/es\/wp-json\/wp\/v2\/types\/post"}],"author":[{"embeddable":true,"href":"https:\/\/www.sindmoveis.com.br\/es\/wp-json\/wp\/v2\/users\/5"}],"replies":[{"embeddable":true,"href":"https:\/\/www.sindmoveis.com.br\/es\/wp-json\/wp\/v2\/comments?post=986"}],"version-history":[{"count":2,"href":"https:\/\/www.sindmoveis.com.br\/es\/wp-json\/wp\/v2\/posts\/986\/revisions"}],"predecessor-version":[{"id":3278,"href":"https:\/\/www.sindmoveis.com.br\/es\/wp-json\/wp\/v2\/posts\/986\/revisions\/3278"}],"wp:featuredmedia":[{"embeddable":true,"href":"https:\/\/www.sindmoveis.com.br\/es\/wp-json\/wp\/v2\/media\/3279"}],"wp:attachment":[{"href":"https:\/\/www.sindmoveis.com.br\/es\/wp-json\/wp\/v2\/media?parent=986"}],"wp:term":[{"taxonomy":"category","embeddable":true,"href":"https:\/\/www.sindmoveis.com.br\/es\/wp-json\/wp\/v2\/categories?post=986"},{"taxonomy":"post_tag","embeddable":true,"href":"https:\/\/www.sindmoveis.com.br\/es\/wp-json\/wp\/v2\/tags?post=986"}],"curies":[{"name":"wp","href":"https:\/\/api.w.org\/{rel}","templated":true}]}}