{"id":982,"date":"2013-04-09T00:00:00","date_gmt":"2013-04-09T03:00:00","guid":{"rendered":"http:\/\/sindmoveis.com.br\/imprensa\/noticias\/designers-integrantes-do-projeto-orchestra-brasil-levam-criacoes-a-milao\/"},"modified":"2021-05-26T10:28:39","modified_gmt":"2021-05-26T13:28:39","slug":"designers-integrantes-do-projeto-orchestra-brasil-levam-criacoes-a-milao","status":"publish","type":"post","link":"https:\/\/www.sindmoveis.com.br\/es\/designers-integrantes-do-projeto-orchestra-brasil-levam-criacoes-a-milao\/","title":{"rendered":"Dise\u00f1adores integrantes del Proyecto Orchestra Brasil llevan creaciones a Mil\u00e1n"},"content":{"rendered":"<p>El Proyecto Orchestra Brasil de incentivo a las exportaciones \u2013 una asociaci\u00f3n entre el Sindicato de las Industrias del Mobiliario de Bento Gon\u00e7alves (Sindm\u00f3veis) y la Agencia Brasile\u00f1a de Promoci\u00f3n de Exportaciones e Inversiones (Apex-Brasil) \u2013 llevar\u00e1 creaciones brasile\u00f1as al lounge Brazil S.A., en Mil\u00e1n. La muestra de tendencias es realizada paralelamente al Sal\u00f3n Internacional del Mueble, de 9 a 14 de abril.<br \/>\n&nbsp;<br \/>\nSer\u00e1n expuestos productos de 15 estudios integrantes del proyecto, que promueve la inserci\u00f3n competitiva de fabricantes de insumos, componentes, tecnolog\u00eda y servicios de dise\u00f1o para la industria del mobiliario en el mercado externo. El tema \u201cReflejos\u201d, escogido para la segunda edici\u00f3n de la muestra, propone una experiencia sensorial m\u00faltiple que envuelva al p\u00fablico y a los expositores en un contexto de referencia cultural y emocional brasile\u00f1a.&nbsp;<br \/>\n&nbsp;<br \/>\nPara la presidente de Sindm\u00f3veis, C\u00e1tia Scarton, el dise\u00f1o es una herramienta de competitividad &nbsp;y diferenciaci\u00f3n en el mercado global de muebles. Por ello, la creatividad brasile\u00f1a es valorada en todas las acciones de la entidad, de las cuales forma parte el Proyecto Orchestra Brasil. La inclusi\u00f3n de ese segmento en el proyecto es in\u00e9dita, pues hasta 2012 la prestaci\u00f3n de servicios no hac\u00eda parte de sus acciones. Actualmente, la iniciativa cuenta con 95 empresas de insumos, componentes, tecnolog\u00edas y dise\u00f1o para el sector del mobiliario. \u201cConfiamos en el potencial creativo de nuestros profesionales y en el grado de innovaci\u00f3n del mobiliario por ellos concebido\u201d destaca.<br \/>\n&nbsp;<br \/>\nLos muebles que participan de la muestra, realizada en el Palazzo Giurisconsulti, regi\u00f3n central de Mil\u00e1n, fueron seleccionados por la curadur\u00eda de Casa Brasil 2013.<br \/>\n&nbsp;<br \/>\nDise\u00f1adores participantes:&nbsp;<br \/>\n&nbsp;<br \/>\nAlessandra Delgado, con mesa lateral Aparas&nbsp;<br \/>\n&nbsp;<br \/>\nBernardo Senna, con mesa lateral Einstein&nbsp;<br \/>\n&nbsp;<br \/>\nCamila Fix y Fl\u00e1via Pagotti Silva, con mesa Espejo<br \/>\n&nbsp;<br \/>\nEM2 Design, con mesita lateral Bolota&nbsp;<br \/>\n&nbsp;<br \/>\nEstudiobola, con mesa Chipre<br \/>\n&nbsp;<br \/>\nGallina &amp; Visentini, con banco Circle&nbsp;<br \/>\n&nbsp;<br \/>\nJader Almeida, con poltrona MIRAH&nbsp;<br \/>\n&nbsp;<br \/>\nLluss\u00e1 Marcenaria, con perchero Clau&nbsp;<br \/>\n&nbsp;<br \/>\nLuiz Pedrazzi, con banqueta Tarjada y florero Juntinhos&nbsp;<br \/>\n&nbsp;<br \/>\nProjeto 3, con mesa MM&nbsp;<br \/>\n&nbsp;<br \/>\nQuadrante Design, con perchero Totem Tribal&nbsp;<br \/>\n&nbsp;<br \/>\nRegis Padilha, con mesas Natur&nbsp;<br \/>\n&nbsp;<br \/>\nStudio B, con banco Newvintage<br \/>\n&nbsp;<br \/>\nUNT Intelligence Design, con componible Conexo&nbsp;<br \/>\n&nbsp;<br \/>\nZanini de Zanine, con silla Tolix&nbsp;<br \/>\n&nbsp;<\/p>\n","protected":false},"excerpt":{"rendered":"<p>El Proyecto Orchestra Brasil de incentivo a las exportaciones \u2013 una asociaci\u00f3n entre el Sindicato de las Industrias del Mobiliario de Bento Gon\u00e7alves (Sindm\u00f3veis) y la Agencia Brasile\u00f1a de Promoci\u00f3n&#8230;  <a class=\"excerpt-read-more\" href=\"https:\/\/www.sindmoveis.com.br\/es\/designers-integrantes-do-projeto-orchestra-brasil-levam-criacoes-a-milao\/\" title=\"Read Dise\u00f1adores integrantes del Proyecto Orchestra Brasil llevan creaciones a Mil\u00e1n\">Leia mais &raquo;<\/a><\/p>\n","protected":false},"author":5,"featured_media":3274,"comment_status":"closed","ping_status":"open","sticky":false,"template":"","format":"standard","meta":{"footnotes":"","_links_to":"","_links_to_target":""},"categories":[22,2],"tags":[],"class_list":["post-982","post","type-post","status-publish","format-standard","has-post-thumbnail","hentry","category-proyecto-orchestra-brasil","category-sindmoveis"],"yoast_head":"<!-- This site is optimized with the Yoast SEO plugin v27.0 - https:\/\/yoast.com\/product\/yoast-seo-wordpress\/ -->\n<title>Dise\u00f1adores integrantes del Proyecto Orchestra Brasil llevan creaciones a Mil\u00e1n - Sindm\u00f3veis-RS<\/title>\n<meta name=\"robots\" content=\"index, follow, max-snippet:-1, max-image-preview:large, max-video-preview:-1\" \/>\n<link rel=\"canonical\" href=\"https:\/\/www.sindmoveis.com.br\/es\/designers-integrantes-do-projeto-orchestra-brasil-levam-criacoes-a-milao\/\" \/>\n<meta property=\"og:locale\" content=\"es_ES\" \/>\n<meta property=\"og:type\" content=\"article\" \/>\n<meta property=\"og:title\" content=\"Dise\u00f1adores integrantes del Proyecto Orchestra Brasil llevan creaciones a Mil\u00e1n - Sindm\u00f3veis-RS\" \/>\n<meta property=\"og:description\" content=\"El Proyecto Orchestra Brasil de incentivo a las exportaciones \u2013 una asociaci\u00f3n entre el Sindicato de las Industrias del Mobiliario de Bento Gon\u00e7alves (Sindm\u00f3veis) y la Agencia Brasile\u00f1a de Promoci\u00f3n... Leia mais &raquo;\" \/>\n<meta property=\"og:url\" content=\"https:\/\/www.sindmoveis.com.br\/es\/designers-integrantes-do-projeto-orchestra-brasil-levam-criacoes-a-milao\/\" \/>\n<meta property=\"og:site_name\" content=\"Sindm\u00f3veis-RS\" \/>\n<meta property=\"article:published_time\" content=\"2013-04-09T03:00:00+00:00\" \/>\n<meta property=\"article:modified_time\" content=\"2021-05-26T13:28:39+00:00\" \/>\n<meta property=\"og:image\" content=\"https:\/\/www.sindmoveis.com.br\/es\/wp-content\/uploads\/2021\/05\/p1370348295.jpg\" \/>\n\t<meta property=\"og:image:width\" content=\"600\" \/>\n\t<meta property=\"og:image:height\" content=\"397\" \/>\n\t<meta property=\"og:image:type\" content=\"image\/jpeg\" \/>\n<meta name=\"author\" content=\"Imprensa Sindm\u00f3veis\" \/>\n<meta name=\"twitter:card\" content=\"summary_large_image\" \/>\n<meta name=\"twitter:label1\" content=\"Escrito por\" \/>\n\t<meta name=\"twitter:data1\" content=\"Imprensa Sindm\u00f3veis\" \/>\n\t<meta name=\"twitter:label2\" content=\"Tiempo de lectura\" \/>\n\t<meta name=\"twitter:data2\" content=\"2 minutos\" \/>\n<script type=\"application\/ld+json\" class=\"yoast-schema-graph\">{\"@context\":\"https:\/\/schema.org\",\"@graph\":[{\"@type\":\"Article\",\"@id\":\"https:\/\/www.sindmoveis.com.br\/es\/designers-integrantes-do-projeto-orchestra-brasil-levam-criacoes-a-milao\/#article\",\"isPartOf\":{\"@id\":\"https:\/\/www.sindmoveis.com.br\/es\/designers-integrantes-do-projeto-orchestra-brasil-levam-criacoes-a-milao\/\"},\"author\":{\"name\":\"Imprensa Sindm\u00f3veis\",\"@id\":\"https:\/\/www.sindmoveis.com.br\/es\/#\/schema\/person\/16d379542db1950a17fe188179340d57\"},\"headline\":\"Dise\u00f1adores integrantes del Proyecto Orchestra Brasil llevan creaciones a Mil\u00e1n\",\"datePublished\":\"2013-04-09T03:00:00+00:00\",\"dateModified\":\"2021-05-26T13:28:39+00:00\",\"mainEntityOfPage\":{\"@id\":\"https:\/\/www.sindmoveis.com.br\/es\/designers-integrantes-do-projeto-orchestra-brasil-levam-criacoes-a-milao\/\"},\"wordCount\":422,\"image\":{\"@id\":\"https:\/\/www.sindmoveis.com.br\/es\/designers-integrantes-do-projeto-orchestra-brasil-levam-criacoes-a-milao\/#primaryimage\"},\"thumbnailUrl\":\"https:\/\/www.sindmoveis.com.br\/es\/wp-content\/uploads\/2021\/05\/p1370348295.jpg\",\"articleSection\":[\"Proyecto Orchestra Brasil\",\"Sindm\u00f3veis\"],\"inLanguage\":\"es\"},{\"@type\":\"WebPage\",\"@id\":\"https:\/\/www.sindmoveis.com.br\/es\/designers-integrantes-do-projeto-orchestra-brasil-levam-criacoes-a-milao\/\",\"url\":\"https:\/\/www.sindmoveis.com.br\/es\/designers-integrantes-do-projeto-orchestra-brasil-levam-criacoes-a-milao\/\",\"name\":\"Dise\u00f1adores integrantes del Proyecto Orchestra Brasil llevan creaciones a Mil\u00e1n - Sindm\u00f3veis-RS\",\"isPartOf\":{\"@id\":\"https:\/\/www.sindmoveis.com.br\/es\/#website\"},\"primaryImageOfPage\":{\"@id\":\"https:\/\/www.sindmoveis.com.br\/es\/designers-integrantes-do-projeto-orchestra-brasil-levam-criacoes-a-milao\/#primaryimage\"},\"image\":{\"@id\":\"https:\/\/www.sindmoveis.com.br\/es\/designers-integrantes-do-projeto-orchestra-brasil-levam-criacoes-a-milao\/#primaryimage\"},\"thumbnailUrl\":\"https:\/\/www.sindmoveis.com.br\/es\/wp-content\/uploads\/2021\/05\/p1370348295.jpg\",\"datePublished\":\"2013-04-09T03:00:00+00:00\",\"dateModified\":\"2021-05-26T13:28:39+00:00\",\"author\":{\"@id\":\"https:\/\/www.sindmoveis.com.br\/es\/#\/schema\/person\/16d379542db1950a17fe188179340d57\"},\"inLanguage\":\"es\",\"potentialAction\":[{\"@type\":\"ReadAction\",\"target\":[\"https:\/\/www.sindmoveis.com.br\/es\/designers-integrantes-do-projeto-orchestra-brasil-levam-criacoes-a-milao\/\"]}]},{\"@type\":\"ImageObject\",\"inLanguage\":\"es\",\"@id\":\"https:\/\/www.sindmoveis.com.br\/es\/designers-integrantes-do-projeto-orchestra-brasil-levam-criacoes-a-milao\/#primaryimage\",\"url\":\"https:\/\/www.sindmoveis.com.br\/es\/wp-content\/uploads\/2021\/05\/p1370348295.jpg\",\"contentUrl\":\"https:\/\/www.sindmoveis.com.br\/es\/wp-content\/uploads\/2021\/05\/p1370348295.jpg\",\"width\":600,\"height\":397},{\"@type\":\"WebSite\",\"@id\":\"https:\/\/www.sindmoveis.com.br\/es\/#website\",\"url\":\"https:\/\/www.sindmoveis.com.br\/es\/\",\"name\":\"Sindm\u00f3veis-RS\",\"description\":\"\",\"potentialAction\":[{\"@type\":\"SearchAction\",\"target\":{\"@type\":\"EntryPoint\",\"urlTemplate\":\"https:\/\/www.sindmoveis.com.br\/es\/?s={search_term_string}\"},\"query-input\":{\"@type\":\"PropertyValueSpecification\",\"valueRequired\":true,\"valueName\":\"search_term_string\"}}],\"inLanguage\":\"es\"},{\"@type\":\"Person\",\"@id\":\"https:\/\/www.sindmoveis.com.br\/es\/#\/schema\/person\/16d379542db1950a17fe188179340d57\",\"name\":\"Imprensa Sindm\u00f3veis\",\"image\":{\"@type\":\"ImageObject\",\"inLanguage\":\"es\",\"@id\":\"https:\/\/www.sindmoveis.com.br\/es\/#\/schema\/person\/image\/\",\"url\":\"https:\/\/secure.gravatar.com\/avatar\/4973e2e2c2a0cb5db30b0c7b770041b8e33d048a16b695a1f99c042449d4bfaf?s=96&d=mm&r=g\",\"contentUrl\":\"https:\/\/secure.gravatar.com\/avatar\/4973e2e2c2a0cb5db30b0c7b770041b8e33d048a16b695a1f99c042449d4bfaf?s=96&d=mm&r=g\",\"caption\":\"Imprensa Sindm\u00f3veis\"},\"url\":\"https:\/\/www.sindmoveis.com.br\/es\/author\/ana\/\"}]}<\/script>\n<!-- \/ Yoast SEO plugin. -->","yoast_head_json":{"title":"Dise\u00f1adores integrantes del Proyecto Orchestra Brasil llevan creaciones a Mil\u00e1n - Sindm\u00f3veis-RS","robots":{"index":"index","follow":"follow","max-snippet":"max-snippet:-1","max-image-preview":"max-image-preview:large","max-video-preview":"max-video-preview:-1"},"canonical":"https:\/\/www.sindmoveis.com.br\/es\/designers-integrantes-do-projeto-orchestra-brasil-levam-criacoes-a-milao\/","og_locale":"es_ES","og_type":"article","og_title":"Dise\u00f1adores integrantes del Proyecto Orchestra Brasil llevan creaciones a Mil\u00e1n - Sindm\u00f3veis-RS","og_description":"El Proyecto Orchestra Brasil de incentivo a las exportaciones \u2013 una asociaci\u00f3n entre el Sindicato de las Industrias del Mobiliario de Bento Gon\u00e7alves (Sindm\u00f3veis) y la Agencia Brasile\u00f1a de Promoci\u00f3n... Leia mais &raquo;","og_url":"https:\/\/www.sindmoveis.com.br\/es\/designers-integrantes-do-projeto-orchestra-brasil-levam-criacoes-a-milao\/","og_site_name":"Sindm\u00f3veis-RS","article_published_time":"2013-04-09T03:00:00+00:00","article_modified_time":"2021-05-26T13:28:39+00:00","og_image":[{"width":600,"height":397,"url":"https:\/\/www.sindmoveis.com.br\/es\/wp-content\/uploads\/2021\/05\/p1370348295.jpg","type":"image\/jpeg"}],"author":"Imprensa Sindm\u00f3veis","twitter_card":"summary_large_image","twitter_misc":{"Escrito por":"Imprensa Sindm\u00f3veis","Tiempo de lectura":"2 minutos"},"schema":{"@context":"https:\/\/schema.org","@graph":[{"@type":"Article","@id":"https:\/\/www.sindmoveis.com.br\/es\/designers-integrantes-do-projeto-orchestra-brasil-levam-criacoes-a-milao\/#article","isPartOf":{"@id":"https:\/\/www.sindmoveis.com.br\/es\/designers-integrantes-do-projeto-orchestra-brasil-levam-criacoes-a-milao\/"},"author":{"name":"Imprensa Sindm\u00f3veis","@id":"https:\/\/www.sindmoveis.com.br\/es\/#\/schema\/person\/16d379542db1950a17fe188179340d57"},"headline":"Dise\u00f1adores integrantes del Proyecto Orchestra Brasil llevan creaciones a Mil\u00e1n","datePublished":"2013-04-09T03:00:00+00:00","dateModified":"2021-05-26T13:28:39+00:00","mainEntityOfPage":{"@id":"https:\/\/www.sindmoveis.com.br\/es\/designers-integrantes-do-projeto-orchestra-brasil-levam-criacoes-a-milao\/"},"wordCount":422,"image":{"@id":"https:\/\/www.sindmoveis.com.br\/es\/designers-integrantes-do-projeto-orchestra-brasil-levam-criacoes-a-milao\/#primaryimage"},"thumbnailUrl":"https:\/\/www.sindmoveis.com.br\/es\/wp-content\/uploads\/2021\/05\/p1370348295.jpg","articleSection":["Proyecto Orchestra Brasil","Sindm\u00f3veis"],"inLanguage":"es"},{"@type":"WebPage","@id":"https:\/\/www.sindmoveis.com.br\/es\/designers-integrantes-do-projeto-orchestra-brasil-levam-criacoes-a-milao\/","url":"https:\/\/www.sindmoveis.com.br\/es\/designers-integrantes-do-projeto-orchestra-brasil-levam-criacoes-a-milao\/","name":"Dise\u00f1adores integrantes del Proyecto Orchestra Brasil llevan creaciones a Mil\u00e1n - Sindm\u00f3veis-RS","isPartOf":{"@id":"https:\/\/www.sindmoveis.com.br\/es\/#website"},"primaryImageOfPage":{"@id":"https:\/\/www.sindmoveis.com.br\/es\/designers-integrantes-do-projeto-orchestra-brasil-levam-criacoes-a-milao\/#primaryimage"},"image":{"@id":"https:\/\/www.sindmoveis.com.br\/es\/designers-integrantes-do-projeto-orchestra-brasil-levam-criacoes-a-milao\/#primaryimage"},"thumbnailUrl":"https:\/\/www.sindmoveis.com.br\/es\/wp-content\/uploads\/2021\/05\/p1370348295.jpg","datePublished":"2013-04-09T03:00:00+00:00","dateModified":"2021-05-26T13:28:39+00:00","author":{"@id":"https:\/\/www.sindmoveis.com.br\/es\/#\/schema\/person\/16d379542db1950a17fe188179340d57"},"inLanguage":"es","potentialAction":[{"@type":"ReadAction","target":["https:\/\/www.sindmoveis.com.br\/es\/designers-integrantes-do-projeto-orchestra-brasil-levam-criacoes-a-milao\/"]}]},{"@type":"ImageObject","inLanguage":"es","@id":"https:\/\/www.sindmoveis.com.br\/es\/designers-integrantes-do-projeto-orchestra-brasil-levam-criacoes-a-milao\/#primaryimage","url":"https:\/\/www.sindmoveis.com.br\/es\/wp-content\/uploads\/2021\/05\/p1370348295.jpg","contentUrl":"https:\/\/www.sindmoveis.com.br\/es\/wp-content\/uploads\/2021\/05\/p1370348295.jpg","width":600,"height":397},{"@type":"WebSite","@id":"https:\/\/www.sindmoveis.com.br\/es\/#website","url":"https:\/\/www.sindmoveis.com.br\/es\/","name":"Sindm\u00f3veis-RS","description":"","potentialAction":[{"@type":"SearchAction","target":{"@type":"EntryPoint","urlTemplate":"https:\/\/www.sindmoveis.com.br\/es\/?s={search_term_string}"},"query-input":{"@type":"PropertyValueSpecification","valueRequired":true,"valueName":"search_term_string"}}],"inLanguage":"es"},{"@type":"Person","@id":"https:\/\/www.sindmoveis.com.br\/es\/#\/schema\/person\/16d379542db1950a17fe188179340d57","name":"Imprensa Sindm\u00f3veis","image":{"@type":"ImageObject","inLanguage":"es","@id":"https:\/\/www.sindmoveis.com.br\/es\/#\/schema\/person\/image\/","url":"https:\/\/secure.gravatar.com\/avatar\/4973e2e2c2a0cb5db30b0c7b770041b8e33d048a16b695a1f99c042449d4bfaf?s=96&d=mm&r=g","contentUrl":"https:\/\/secure.gravatar.com\/avatar\/4973e2e2c2a0cb5db30b0c7b770041b8e33d048a16b695a1f99c042449d4bfaf?s=96&d=mm&r=g","caption":"Imprensa Sindm\u00f3veis"},"url":"https:\/\/www.sindmoveis.com.br\/es\/author\/ana\/"}]}},"_links":{"self":[{"href":"https:\/\/www.sindmoveis.com.br\/es\/wp-json\/wp\/v2\/posts\/982","targetHints":{"allow":["GET"]}}],"collection":[{"href":"https:\/\/www.sindmoveis.com.br\/es\/wp-json\/wp\/v2\/posts"}],"about":[{"href":"https:\/\/www.sindmoveis.com.br\/es\/wp-json\/wp\/v2\/types\/post"}],"author":[{"embeddable":true,"href":"https:\/\/www.sindmoveis.com.br\/es\/wp-json\/wp\/v2\/users\/5"}],"replies":[{"embeddable":true,"href":"https:\/\/www.sindmoveis.com.br\/es\/wp-json\/wp\/v2\/comments?post=982"}],"version-history":[{"count":2,"href":"https:\/\/www.sindmoveis.com.br\/es\/wp-json\/wp\/v2\/posts\/982\/revisions"}],"predecessor-version":[{"id":3273,"href":"https:\/\/www.sindmoveis.com.br\/es\/wp-json\/wp\/v2\/posts\/982\/revisions\/3273"}],"wp:featuredmedia":[{"embeddable":true,"href":"https:\/\/www.sindmoveis.com.br\/es\/wp-json\/wp\/v2\/media\/3274"}],"wp:attachment":[{"href":"https:\/\/www.sindmoveis.com.br\/es\/wp-json\/wp\/v2\/media?parent=982"}],"wp:term":[{"taxonomy":"category","embeddable":true,"href":"https:\/\/www.sindmoveis.com.br\/es\/wp-json\/wp\/v2\/categories?post=982"},{"taxonomy":"post_tag","embeddable":true,"href":"https:\/\/www.sindmoveis.com.br\/es\/wp-json\/wp\/v2\/tags?post=982"}],"curies":[{"name":"wp","href":"https:\/\/api.w.org\/{rel}","templated":true}]}}