{"id":979,"date":"2013-03-20T00:00:00","date_gmt":"2013-03-20T03:00:00","guid":{"rendered":"http:\/\/sindmoveis.com.br\/imprensa\/noticias\/salao-design-casa-brasil-2013-tem-122-finalistas\/"},"modified":"2021-05-26T10:27:48","modified_gmt":"2021-05-26T13:27:48","slug":"salao-design-casa-brasil-2013-tem-122-finalistas","status":"publish","type":"post","link":"https:\/\/www.sindmoveis.com.br\/es\/salao-design-casa-brasil-2013-tem-122-finalistas\/","title":{"rendered":"Sal\u00e3o Design Casa Brasil 2013 tiene 122 finalistas"},"content":{"rendered":"<p>Finalizada la primera fase del juicio de los proyectos presentados para el Sal\u00e3o Design Casa Brasil 2013, el mayor premio de dise\u00f1o de mobiliario de Am\u00e9rica Latina, los jurados anunciaron la selecci\u00f3n de 122 de ellos para la pr\u00f3xima fase. Ahora, los concurrentes tienen hasta el d\u00eda 26 de junio para el env\u00edo de los prototipos para el juicio respectivo. El premio, realizado desde hace 25 a\u00f1os por el Sindicato de las Industrias del Mobiliario de Bento Gon\u00e7alves (Sindm\u00f3veis), tiene como objetivo integrar creatividad e innovaci\u00f3n tecnol\u00f3gica a muebles y accesorios por medio del dise\u00f1o.<br \/>\n&nbsp;<br \/>\nEn esta edici\u00f3n, ser\u00e1n distribuidos R$ 175 mil en premios en las modalidades Estudiante, Profesional e Industria. La comisi\u00f3n juzgadora est\u00e1 formada por cinco renombrados profesionales y representantes de entidades nacionales e internacionales: la periodista Mar\u00eda Helena Estrada; los profesores Ivens Fontoura (Pontificia Universidad Cat\u00f3lica de Parana \u2013 PUC) y Gabriel Sim\u00f3n Sol (Universidad Aut\u00f3noma Metropolitana \u2013 M\u00e9xico); el dise\u00f1ador de R\u00edo de Janeiro Leonardo Lattavo y la arquitecta de R\u00edo Grande do Sul, Ilse Lang.<br \/>\n&nbsp;<br \/>\nEn la evaluaci\u00f3n de los jurados, en media, fueron inscritos proyectos de mayor calidad con relaci\u00f3n a los presentados en ediciones anteriores del premio. Para el jurado Ivens Fontoura, hubo un menor n\u00famero de especulaciones proyectuales, o sea, propuestas que dif\u00edcilmente tendr\u00edan condiciones t\u00e9cnicas de ejecuci\u00f3n. En su opini\u00f3n, los concurrentes innovaron en el uso de materiales, propusieron nuevas tecnolog\u00edas y configuraciones de uso. El resultado fue un debate equilibrado entre los miembros de la comisi\u00f3n juzgadora. \u201cUn cuerpo de jurados es un casamiento donde los c\u00f3nyuges no se escogen. Percibimos, por la cohesi\u00f3n de nuestras evaluaciones, que las propuestas han mejorado\u201d afirma.<br \/>\n&nbsp;<br \/>\nFontoura destaca tambi\u00e9n que el objetivo primario del dise\u00f1o es ofrecer a las personas una mejor calidad de vida por medio de objetos m\u00e1s confortables y que envuelvan menor consumo de energ\u00eda y materias primas en su fabricaci\u00f3n. Sin embargo, la comisi\u00f3n juzgadora igualmente tom\u00f3 en cuenta la emoci\u00f3n provocada por el proyecto inscrito. \u201cEl buen objeto es aquel que se percibe entre los dem\u00e1s, que se destaca y provoca empat\u00eda en quien lo ve\u201d, concluye.<br \/>\n&nbsp;<br \/>\nEl Sal\u00e3o Design Casa Brasil 2013 tuvo 776 inscritos y un porcentual de 15% de seleccionados para la segunda etapa. El jurado Leonardo Lattavo cuenta que este primer an\u00e1lisis fue hecho con base en las informaciones pasadas por el proyecto, an\u00e1lisis fotogr\u00e1fico y tridimensional. A esos criterios t\u00e9cnicos, se a\u00f1ade la memoria hist\u00f3rica de los jurados, que posibilita la conexi\u00f3n de las propuestas presentadas a referencias del dise\u00f1o mundial y hasta la identificaci\u00f3n de tentativas de copia. Uno de los criterios considerados fue el grado de detalles del proyecto \u2013 si hab\u00eda una descripci\u00f3n satisfactoria de las piezas y encajes. En su opini\u00f3n \u201chab\u00eda proyectos con gran potencial, pero tan incompletos que acabaron desclasificados\u201d.&nbsp;<br \/>\n&nbsp;<br \/>\nCon patrocinio de Impress y Berneck, el Premio Sal\u00e3o Design Casa Brasil 2013 tendr\u00e1 siete categor\u00edas: Muebles para Dormitorio; Muebles para Sala de Estar y Comedor; Muebles para Cocina, \u00c1rea de Servicio y Ba\u00f1o; Muebles para \u00c1rea Externa; Muebles para Oficina y Home Office (incluyendo mobiliario para espacios comerciales y p\u00fablicos); Accesorios Dom\u00e9sticos e Iluminaci\u00f3n. Adem\u00e1s de las premiaciones en dinero en las categor\u00edas mencionadas, los productos inscritos concurren tambi\u00e9n a trofeos ya tradicionales en el Sal\u00e3o Design: Profesor Orientador, Maderas Alternativas y la novedad que estrena en esta edici\u00f3n, el Premio Ecodesign.<br \/>\n&nbsp;<br \/>\nLa lista de los seleccionados estar\u00e1 disponible para consulta a partir del d\u00eda 25 de marzo, en www.salaodesign.com.br\/blog . La elecci\u00f3n de los vencedores ser\u00e1 los d\u00edas 8 y 9 de julio y la premiaci\u00f3n, el d\u00eda 13 de agosto, durante Casa Brasil 2013. Los productos premiados y los seleccionados para la segunda etapa estar\u00e1n expuestos en la feria, que se realiza de 13 a 16 de agosto, en el Parque de Eventos de Bento Gon\u00e7alves.<br \/>\n&nbsp;<br \/>\n&nbsp;<\/p>\n","protected":false},"excerpt":{"rendered":"<p>Finalizada la primera fase del juicio de los proyectos presentados para el Sal\u00e3o Design Casa Brasil 2013, el mayor premio de dise\u00f1o de mobiliario de Am\u00e9rica Latina, los jurados anunciaron&#8230;  <a class=\"excerpt-read-more\" href=\"https:\/\/www.sindmoveis.com.br\/es\/salao-design-casa-brasil-2013-tem-122-finalistas\/\" title=\"Read Sal\u00e3o Design Casa Brasil 2013 tiene 122 finalistas\">Leia mais &raquo;<\/a><\/p>\n","protected":false},"author":5,"featured_media":3268,"comment_status":"closed","ping_status":"open","sticky":false,"template":"","format":"standard","meta":{"footnotes":"","_links_to":"","_links_to_target":""},"categories":[21,2],"tags":[],"class_list":["post-979","post","type-post","status-publish","format-standard","has-post-thumbnail","hentry","category-premio-salao-design","category-sindmoveis"],"yoast_head":"<!-- This site is optimized with the Yoast SEO plugin v27.0 - https:\/\/yoast.com\/product\/yoast-seo-wordpress\/ -->\n<title>Sal\u00e3o Design Casa Brasil 2013 tiene 122 finalistas - Sindm\u00f3veis-RS<\/title>\n<meta name=\"robots\" content=\"index, follow, max-snippet:-1, max-image-preview:large, max-video-preview:-1\" \/>\n<link rel=\"canonical\" href=\"https:\/\/www.sindmoveis.com.br\/es\/salao-design-casa-brasil-2013-tem-122-finalistas\/\" \/>\n<meta property=\"og:locale\" content=\"es_ES\" \/>\n<meta property=\"og:type\" content=\"article\" \/>\n<meta property=\"og:title\" content=\"Sal\u00e3o Design Casa Brasil 2013 tiene 122 finalistas - Sindm\u00f3veis-RS\" \/>\n<meta property=\"og:description\" content=\"Finalizada la primera fase del juicio de los proyectos presentados para el Sal\u00e3o Design Casa Brasil 2013, el mayor premio de dise\u00f1o de mobiliario de Am\u00e9rica Latina, los jurados anunciaron... Leia mais &raquo;\" \/>\n<meta property=\"og:url\" content=\"https:\/\/www.sindmoveis.com.br\/es\/salao-design-casa-brasil-2013-tem-122-finalistas\/\" \/>\n<meta property=\"og:site_name\" content=\"Sindm\u00f3veis-RS\" \/>\n<meta property=\"article:published_time\" content=\"2013-03-20T03:00:00+00:00\" \/>\n<meta property=\"article:modified_time\" content=\"2021-05-26T13:27:48+00:00\" \/>\n<meta property=\"og:image\" content=\"https:\/\/www.sindmoveis.com.br\/es\/wp-content\/uploads\/2021\/05\/p1370347956.jpg\" \/>\n\t<meta property=\"og:image:width\" content=\"600\" \/>\n\t<meta property=\"og:image:height\" content=\"400\" \/>\n\t<meta property=\"og:image:type\" content=\"image\/jpeg\" \/>\n<meta name=\"author\" content=\"Imprensa Sindm\u00f3veis\" \/>\n<meta name=\"twitter:card\" content=\"summary_large_image\" \/>\n<meta name=\"twitter:label1\" content=\"Escrito por\" \/>\n\t<meta name=\"twitter:data1\" content=\"Imprensa Sindm\u00f3veis\" \/>\n\t<meta name=\"twitter:label2\" content=\"Tiempo de lectura\" \/>\n\t<meta name=\"twitter:data2\" content=\"4 minutos\" \/>\n<script type=\"application\/ld+json\" class=\"yoast-schema-graph\">{\"@context\":\"https:\/\/schema.org\",\"@graph\":[{\"@type\":\"Article\",\"@id\":\"https:\/\/www.sindmoveis.com.br\/es\/salao-design-casa-brasil-2013-tem-122-finalistas\/#article\",\"isPartOf\":{\"@id\":\"https:\/\/www.sindmoveis.com.br\/es\/salao-design-casa-brasil-2013-tem-122-finalistas\/\"},\"author\":{\"name\":\"Imprensa Sindm\u00f3veis\",\"@id\":\"https:\/\/www.sindmoveis.com.br\/es\/#\/schema\/person\/16d379542db1950a17fe188179340d57\"},\"headline\":\"Sal\u00e3o Design Casa Brasil 2013 tiene 122 finalistas\",\"datePublished\":\"2013-03-20T03:00:00+00:00\",\"dateModified\":\"2021-05-26T13:27:48+00:00\",\"mainEntityOfPage\":{\"@id\":\"https:\/\/www.sindmoveis.com.br\/es\/salao-design-casa-brasil-2013-tem-122-finalistas\/\"},\"wordCount\":710,\"image\":{\"@id\":\"https:\/\/www.sindmoveis.com.br\/es\/salao-design-casa-brasil-2013-tem-122-finalistas\/#primaryimage\"},\"thumbnailUrl\":\"https:\/\/www.sindmoveis.com.br\/es\/wp-content\/uploads\/2021\/05\/p1370347956.jpg\",\"articleSection\":[\"Premio Sal\u00e3o Design\",\"Sindm\u00f3veis\"],\"inLanguage\":\"es\"},{\"@type\":\"WebPage\",\"@id\":\"https:\/\/www.sindmoveis.com.br\/es\/salao-design-casa-brasil-2013-tem-122-finalistas\/\",\"url\":\"https:\/\/www.sindmoveis.com.br\/es\/salao-design-casa-brasil-2013-tem-122-finalistas\/\",\"name\":\"Sal\u00e3o Design Casa Brasil 2013 tiene 122 finalistas - Sindm\u00f3veis-RS\",\"isPartOf\":{\"@id\":\"https:\/\/www.sindmoveis.com.br\/es\/#website\"},\"primaryImageOfPage\":{\"@id\":\"https:\/\/www.sindmoveis.com.br\/es\/salao-design-casa-brasil-2013-tem-122-finalistas\/#primaryimage\"},\"image\":{\"@id\":\"https:\/\/www.sindmoveis.com.br\/es\/salao-design-casa-brasil-2013-tem-122-finalistas\/#primaryimage\"},\"thumbnailUrl\":\"https:\/\/www.sindmoveis.com.br\/es\/wp-content\/uploads\/2021\/05\/p1370347956.jpg\",\"datePublished\":\"2013-03-20T03:00:00+00:00\",\"dateModified\":\"2021-05-26T13:27:48+00:00\",\"author\":{\"@id\":\"https:\/\/www.sindmoveis.com.br\/es\/#\/schema\/person\/16d379542db1950a17fe188179340d57\"},\"inLanguage\":\"es\",\"potentialAction\":[{\"@type\":\"ReadAction\",\"target\":[\"https:\/\/www.sindmoveis.com.br\/es\/salao-design-casa-brasil-2013-tem-122-finalistas\/\"]}]},{\"@type\":\"ImageObject\",\"inLanguage\":\"es\",\"@id\":\"https:\/\/www.sindmoveis.com.br\/es\/salao-design-casa-brasil-2013-tem-122-finalistas\/#primaryimage\",\"url\":\"https:\/\/www.sindmoveis.com.br\/es\/wp-content\/uploads\/2021\/05\/p1370347956.jpg\",\"contentUrl\":\"https:\/\/www.sindmoveis.com.br\/es\/wp-content\/uploads\/2021\/05\/p1370347956.jpg\",\"width\":600,\"height\":400},{\"@type\":\"WebSite\",\"@id\":\"https:\/\/www.sindmoveis.com.br\/es\/#website\",\"url\":\"https:\/\/www.sindmoveis.com.br\/es\/\",\"name\":\"Sindm\u00f3veis-RS\",\"description\":\"\",\"potentialAction\":[{\"@type\":\"SearchAction\",\"target\":{\"@type\":\"EntryPoint\",\"urlTemplate\":\"https:\/\/www.sindmoveis.com.br\/es\/?s={search_term_string}\"},\"query-input\":{\"@type\":\"PropertyValueSpecification\",\"valueRequired\":true,\"valueName\":\"search_term_string\"}}],\"inLanguage\":\"es\"},{\"@type\":\"Person\",\"@id\":\"https:\/\/www.sindmoveis.com.br\/es\/#\/schema\/person\/16d379542db1950a17fe188179340d57\",\"name\":\"Imprensa Sindm\u00f3veis\",\"image\":{\"@type\":\"ImageObject\",\"inLanguage\":\"es\",\"@id\":\"https:\/\/www.sindmoveis.com.br\/es\/#\/schema\/person\/image\/\",\"url\":\"https:\/\/secure.gravatar.com\/avatar\/4973e2e2c2a0cb5db30b0c7b770041b8e33d048a16b695a1f99c042449d4bfaf?s=96&d=mm&r=g\",\"contentUrl\":\"https:\/\/secure.gravatar.com\/avatar\/4973e2e2c2a0cb5db30b0c7b770041b8e33d048a16b695a1f99c042449d4bfaf?s=96&d=mm&r=g\",\"caption\":\"Imprensa Sindm\u00f3veis\"},\"url\":\"https:\/\/www.sindmoveis.com.br\/es\/author\/ana\/\"}]}<\/script>\n<!-- \/ Yoast SEO plugin. -->","yoast_head_json":{"title":"Sal\u00e3o Design Casa Brasil 2013 tiene 122 finalistas - Sindm\u00f3veis-RS","robots":{"index":"index","follow":"follow","max-snippet":"max-snippet:-1","max-image-preview":"max-image-preview:large","max-video-preview":"max-video-preview:-1"},"canonical":"https:\/\/www.sindmoveis.com.br\/es\/salao-design-casa-brasil-2013-tem-122-finalistas\/","og_locale":"es_ES","og_type":"article","og_title":"Sal\u00e3o Design Casa Brasil 2013 tiene 122 finalistas - Sindm\u00f3veis-RS","og_description":"Finalizada la primera fase del juicio de los proyectos presentados para el Sal\u00e3o Design Casa Brasil 2013, el mayor premio de dise\u00f1o de mobiliario de Am\u00e9rica Latina, los jurados anunciaron... Leia mais &raquo;","og_url":"https:\/\/www.sindmoveis.com.br\/es\/salao-design-casa-brasil-2013-tem-122-finalistas\/","og_site_name":"Sindm\u00f3veis-RS","article_published_time":"2013-03-20T03:00:00+00:00","article_modified_time":"2021-05-26T13:27:48+00:00","og_image":[{"width":600,"height":400,"url":"https:\/\/www.sindmoveis.com.br\/es\/wp-content\/uploads\/2021\/05\/p1370347956.jpg","type":"image\/jpeg"}],"author":"Imprensa Sindm\u00f3veis","twitter_card":"summary_large_image","twitter_misc":{"Escrito por":"Imprensa Sindm\u00f3veis","Tiempo de lectura":"4 minutos"},"schema":{"@context":"https:\/\/schema.org","@graph":[{"@type":"Article","@id":"https:\/\/www.sindmoveis.com.br\/es\/salao-design-casa-brasil-2013-tem-122-finalistas\/#article","isPartOf":{"@id":"https:\/\/www.sindmoveis.com.br\/es\/salao-design-casa-brasil-2013-tem-122-finalistas\/"},"author":{"name":"Imprensa Sindm\u00f3veis","@id":"https:\/\/www.sindmoveis.com.br\/es\/#\/schema\/person\/16d379542db1950a17fe188179340d57"},"headline":"Sal\u00e3o Design Casa Brasil 2013 tiene 122 finalistas","datePublished":"2013-03-20T03:00:00+00:00","dateModified":"2021-05-26T13:27:48+00:00","mainEntityOfPage":{"@id":"https:\/\/www.sindmoveis.com.br\/es\/salao-design-casa-brasil-2013-tem-122-finalistas\/"},"wordCount":710,"image":{"@id":"https:\/\/www.sindmoveis.com.br\/es\/salao-design-casa-brasil-2013-tem-122-finalistas\/#primaryimage"},"thumbnailUrl":"https:\/\/www.sindmoveis.com.br\/es\/wp-content\/uploads\/2021\/05\/p1370347956.jpg","articleSection":["Premio Sal\u00e3o Design","Sindm\u00f3veis"],"inLanguage":"es"},{"@type":"WebPage","@id":"https:\/\/www.sindmoveis.com.br\/es\/salao-design-casa-brasil-2013-tem-122-finalistas\/","url":"https:\/\/www.sindmoveis.com.br\/es\/salao-design-casa-brasil-2013-tem-122-finalistas\/","name":"Sal\u00e3o Design Casa Brasil 2013 tiene 122 finalistas - Sindm\u00f3veis-RS","isPartOf":{"@id":"https:\/\/www.sindmoveis.com.br\/es\/#website"},"primaryImageOfPage":{"@id":"https:\/\/www.sindmoveis.com.br\/es\/salao-design-casa-brasil-2013-tem-122-finalistas\/#primaryimage"},"image":{"@id":"https:\/\/www.sindmoveis.com.br\/es\/salao-design-casa-brasil-2013-tem-122-finalistas\/#primaryimage"},"thumbnailUrl":"https:\/\/www.sindmoveis.com.br\/es\/wp-content\/uploads\/2021\/05\/p1370347956.jpg","datePublished":"2013-03-20T03:00:00+00:00","dateModified":"2021-05-26T13:27:48+00:00","author":{"@id":"https:\/\/www.sindmoveis.com.br\/es\/#\/schema\/person\/16d379542db1950a17fe188179340d57"},"inLanguage":"es","potentialAction":[{"@type":"ReadAction","target":["https:\/\/www.sindmoveis.com.br\/es\/salao-design-casa-brasil-2013-tem-122-finalistas\/"]}]},{"@type":"ImageObject","inLanguage":"es","@id":"https:\/\/www.sindmoveis.com.br\/es\/salao-design-casa-brasil-2013-tem-122-finalistas\/#primaryimage","url":"https:\/\/www.sindmoveis.com.br\/es\/wp-content\/uploads\/2021\/05\/p1370347956.jpg","contentUrl":"https:\/\/www.sindmoveis.com.br\/es\/wp-content\/uploads\/2021\/05\/p1370347956.jpg","width":600,"height":400},{"@type":"WebSite","@id":"https:\/\/www.sindmoveis.com.br\/es\/#website","url":"https:\/\/www.sindmoveis.com.br\/es\/","name":"Sindm\u00f3veis-RS","description":"","potentialAction":[{"@type":"SearchAction","target":{"@type":"EntryPoint","urlTemplate":"https:\/\/www.sindmoveis.com.br\/es\/?s={search_term_string}"},"query-input":{"@type":"PropertyValueSpecification","valueRequired":true,"valueName":"search_term_string"}}],"inLanguage":"es"},{"@type":"Person","@id":"https:\/\/www.sindmoveis.com.br\/es\/#\/schema\/person\/16d379542db1950a17fe188179340d57","name":"Imprensa Sindm\u00f3veis","image":{"@type":"ImageObject","inLanguage":"es","@id":"https:\/\/www.sindmoveis.com.br\/es\/#\/schema\/person\/image\/","url":"https:\/\/secure.gravatar.com\/avatar\/4973e2e2c2a0cb5db30b0c7b770041b8e33d048a16b695a1f99c042449d4bfaf?s=96&d=mm&r=g","contentUrl":"https:\/\/secure.gravatar.com\/avatar\/4973e2e2c2a0cb5db30b0c7b770041b8e33d048a16b695a1f99c042449d4bfaf?s=96&d=mm&r=g","caption":"Imprensa Sindm\u00f3veis"},"url":"https:\/\/www.sindmoveis.com.br\/es\/author\/ana\/"}]}},"_links":{"self":[{"href":"https:\/\/www.sindmoveis.com.br\/es\/wp-json\/wp\/v2\/posts\/979","targetHints":{"allow":["GET"]}}],"collection":[{"href":"https:\/\/www.sindmoveis.com.br\/es\/wp-json\/wp\/v2\/posts"}],"about":[{"href":"https:\/\/www.sindmoveis.com.br\/es\/wp-json\/wp\/v2\/types\/post"}],"author":[{"embeddable":true,"href":"https:\/\/www.sindmoveis.com.br\/es\/wp-json\/wp\/v2\/users\/5"}],"replies":[{"embeddable":true,"href":"https:\/\/www.sindmoveis.com.br\/es\/wp-json\/wp\/v2\/comments?post=979"}],"version-history":[{"count":2,"href":"https:\/\/www.sindmoveis.com.br\/es\/wp-json\/wp\/v2\/posts\/979\/revisions"}],"predecessor-version":[{"id":3267,"href":"https:\/\/www.sindmoveis.com.br\/es\/wp-json\/wp\/v2\/posts\/979\/revisions\/3267"}],"wp:featuredmedia":[{"embeddable":true,"href":"https:\/\/www.sindmoveis.com.br\/es\/wp-json\/wp\/v2\/media\/3268"}],"wp:attachment":[{"href":"https:\/\/www.sindmoveis.com.br\/es\/wp-json\/wp\/v2\/media?parent=979"}],"wp:term":[{"taxonomy":"category","embeddable":true,"href":"https:\/\/www.sindmoveis.com.br\/es\/wp-json\/wp\/v2\/categories?post=979"},{"taxonomy":"post_tag","embeddable":true,"href":"https:\/\/www.sindmoveis.com.br\/es\/wp-json\/wp\/v2\/tags?post=979"}],"curies":[{"name":"wp","href":"https:\/\/api.w.org\/{rel}","templated":true}]}}