{"id":978,"date":"2013-03-18T00:00:00","date_gmt":"2013-03-18T03:00:00","guid":{"rendered":"http:\/\/sindmoveis.com.br\/imprensa\/noticias\/para-a-casa-brasil-artesanato-e-design-estao-em-sintonia\/"},"modified":"2021-05-26T10:24:51","modified_gmt":"2021-05-26T13:24:51","slug":"para-a-casa-brasil-artesanato-e-design-estao-em-sintonia","status":"publish","type":"post","link":"https:\/\/www.sindmoveis.com.br\/es\/para-a-casa-brasil-artesanato-e-design-estao-em-sintonia\/","title":{"rendered":"Para a Casa Brasil, artesan\u00eda y dise\u00f1o est\u00e1n en sinton\u00eda"},"content":{"rendered":"<p>Feria rescata t\u00e9cnicas t\u00edpicamente italianas y prepara lanzamiento de una colecci\u00f3n exclusiva de objetos decorativos ligados al vino y a la gastronom\u00eda\u00a0<br \/>\n\u00a0<br \/>\nPor las manos de 30 artesanas del interior de Bento Gon\u00e7alves y bajo la mirada apurada de las arquitectas Tina y Lui y del dise\u00f1ador Renato Imbroisi, lo que era un legado cultural disipado gana un nuevo sentido. El proyecto de rescate y valoraci\u00f3n de la artesan\u00eda t\u00edpicamente italiana es una iniciativa del Sindicato de las Industrias del Mobiliario de Bento Gon\u00e7alves (Sindm\u00f3veis) en asociaci\u00f3n con la Secretar\u00eda Municipal de Turismo y resultar\u00e1 en el lanzamiento de una colecci\u00f3n de objetos decorativos ligados a las tem\u00e1ticas del vino y la gastronom\u00eda, que ser\u00e1 presentada en la pr\u00f3xima edici\u00f3n de Casa Brasil, de 13 a 16 de agosto.<br \/>\nCon nuevos usos y dise\u00f1os aplicados a referencias de la memoria afectiva local, el proyecto estimula la relectura de t\u00e9cnicas como bordado, croch\u00e9, macram\u00e9, pintura, biscuit y cester\u00eda, d\u00e1ndole un estilo contempor\u00e1neo y agregando valor a la artesan\u00eda. La movilizaci\u00f3n de las comunidades rurales y las artesanas de la ciudad para un trabajo integrado es el primer \u00e9xito resultante de la acci\u00f3n. \u201cEl hecho de esas mujeres haber abrazado el proyecto y dedicarle tambi\u00e9n mucho de su tiempo es una conquista importante, pues en general la artesan\u00eda local era una actividad individual o de peque\u00f1os grupos\u201d, resalta Mar\u00eda Cristina Moura, Tina. \u00a0\u00a0<br \/>\n\u00a0<br \/>\nParte importante de ese proceso es, tambi\u00e9n, una nueva presentaci\u00f3n comercial para los productos, valorando la historia de quien los elabora. Para el dise\u00f1ador y artesano Renato Imbroisi, la casa de las personas refleja esa b\u00fasqueda por objetos cada vez m\u00e1s exclusivos, que nos sensibilicen m\u00e1s y expresen un dise\u00f1o combinado a una identidad cultural. La arquitecta Ana Luisa Lo Pumo, Lui, a\u00f1ade: \u201cEs una nueva presentaci\u00f3n que llevar\u00e1 a las personas a entender el v\u00ednculo emocional presente en el producto, sea individual o colectivo\u201d, concluye.<br \/>\n\u00a0<br \/>\nLos \u00faltimos talleres colectivos del proyecto fueron realizados hasta el viernes \u00faltimo, d\u00eda 15, en una comunidad del interior de Bento Gon\u00e7alves. Es una combinaci\u00f3n de clases de gastronom\u00eda con renombrados chefs de la regi\u00f3n y ejercicios en grupo para el perfeccionamiento de las t\u00e9cnicas. La colecci\u00f3n que ser\u00e1 lanzada en Casa Brasil 2013 tendr\u00e1 aproximadamente 80 piezas, todas a venta durante la feria. Inf\u00f3rmese m\u00e1s accediendo a www.casabasil.com.br .<br \/>\n\u00a0<br \/>\n\u00a0<br \/>\n\u00a0<\/p>\n","protected":false},"excerpt":{"rendered":"<p>Feria rescata t\u00e9cnicas t\u00edpicamente italianas y prepara lanzamiento de una colecci\u00f3n exclusiva de objetos decorativos ligados al vino y a la gastronom\u00eda\u00a0 \u00a0 Por las manos de 30 artesanas del&#8230;  <a class=\"excerpt-read-more\" href=\"https:\/\/www.sindmoveis.com.br\/es\/para-a-casa-brasil-artesanato-e-design-estao-em-sintonia\/\" title=\"Read Para a Casa Brasil, artesan\u00eda y dise\u00f1o est\u00e1n en sinton\u00eda\">Leia mais &raquo;<\/a><\/p>\n","protected":false},"author":5,"featured_media":0,"comment_status":"closed","ping_status":"open","sticky":false,"template":"","format":"standard","meta":{"footnotes":"","_links_to":"","_links_to_target":""},"categories":[2],"tags":[],"class_list":["post-978","post","type-post","status-publish","format-standard","hentry","category-sindmoveis"],"yoast_head":"<!-- This site is optimized with the Yoast SEO plugin v27.0 - https:\/\/yoast.com\/product\/yoast-seo-wordpress\/ -->\n<title>Para a Casa Brasil, artesan\u00eda y dise\u00f1o est\u00e1n en sinton\u00eda - Sindm\u00f3veis-RS<\/title>\n<meta name=\"robots\" content=\"index, follow, max-snippet:-1, max-image-preview:large, max-video-preview:-1\" \/>\n<link rel=\"canonical\" href=\"https:\/\/www.sindmoveis.com.br\/es\/para-a-casa-brasil-artesanato-e-design-estao-em-sintonia\/\" \/>\n<meta property=\"og:locale\" content=\"es_ES\" \/>\n<meta property=\"og:type\" content=\"article\" \/>\n<meta property=\"og:title\" content=\"Para a Casa Brasil, artesan\u00eda y dise\u00f1o est\u00e1n en sinton\u00eda - Sindm\u00f3veis-RS\" \/>\n<meta property=\"og:description\" content=\"Feria rescata t\u00e9cnicas t\u00edpicamente italianas y prepara lanzamiento de una colecci\u00f3n exclusiva de objetos decorativos ligados al vino y a la gastronom\u00eda\u00a0 \u00a0 Por las manos de 30 artesanas del... Leia mais &raquo;\" \/>\n<meta property=\"og:url\" content=\"https:\/\/www.sindmoveis.com.br\/es\/para-a-casa-brasil-artesanato-e-design-estao-em-sintonia\/\" \/>\n<meta property=\"og:site_name\" content=\"Sindm\u00f3veis-RS\" \/>\n<meta property=\"article:published_time\" content=\"2013-03-18T03:00:00+00:00\" \/>\n<meta property=\"article:modified_time\" content=\"2021-05-26T13:24:51+00:00\" \/>\n<meta name=\"author\" content=\"Imprensa Sindm\u00f3veis\" \/>\n<meta name=\"twitter:card\" content=\"summary_large_image\" \/>\n<meta name=\"twitter:label1\" content=\"Escrito por\" \/>\n\t<meta name=\"twitter:data1\" content=\"Imprensa Sindm\u00f3veis\" \/>\n\t<meta name=\"twitter:label2\" content=\"Tiempo de lectura\" \/>\n\t<meta name=\"twitter:data2\" content=\"2 minutos\" \/>\n<script type=\"application\/ld+json\" class=\"yoast-schema-graph\">{\"@context\":\"https:\/\/schema.org\",\"@graph\":[{\"@type\":\"Article\",\"@id\":\"https:\/\/www.sindmoveis.com.br\/es\/para-a-casa-brasil-artesanato-e-design-estao-em-sintonia\/#article\",\"isPartOf\":{\"@id\":\"https:\/\/www.sindmoveis.com.br\/es\/para-a-casa-brasil-artesanato-e-design-estao-em-sintonia\/\"},\"author\":{\"name\":\"Imprensa Sindm\u00f3veis\",\"@id\":\"https:\/\/www.sindmoveis.com.br\/es\/#\/schema\/person\/16d379542db1950a17fe188179340d57\"},\"headline\":\"Para a Casa Brasil, artesan\u00eda y dise\u00f1o est\u00e1n en sinton\u00eda\",\"datePublished\":\"2013-03-18T03:00:00+00:00\",\"dateModified\":\"2021-05-26T13:24:51+00:00\",\"mainEntityOfPage\":{\"@id\":\"https:\/\/www.sindmoveis.com.br\/es\/para-a-casa-brasil-artesanato-e-design-estao-em-sintonia\/\"},\"wordCount\":445,\"articleSection\":[\"Sindm\u00f3veis\"],\"inLanguage\":\"es\"},{\"@type\":\"WebPage\",\"@id\":\"https:\/\/www.sindmoveis.com.br\/es\/para-a-casa-brasil-artesanato-e-design-estao-em-sintonia\/\",\"url\":\"https:\/\/www.sindmoveis.com.br\/es\/para-a-casa-brasil-artesanato-e-design-estao-em-sintonia\/\",\"name\":\"Para a Casa Brasil, artesan\u00eda y dise\u00f1o est\u00e1n en sinton\u00eda - Sindm\u00f3veis-RS\",\"isPartOf\":{\"@id\":\"https:\/\/www.sindmoveis.com.br\/es\/#website\"},\"datePublished\":\"2013-03-18T03:00:00+00:00\",\"dateModified\":\"2021-05-26T13:24:51+00:00\",\"author\":{\"@id\":\"https:\/\/www.sindmoveis.com.br\/es\/#\/schema\/person\/16d379542db1950a17fe188179340d57\"},\"inLanguage\":\"es\",\"potentialAction\":[{\"@type\":\"ReadAction\",\"target\":[\"https:\/\/www.sindmoveis.com.br\/es\/para-a-casa-brasil-artesanato-e-design-estao-em-sintonia\/\"]}]},{\"@type\":\"WebSite\",\"@id\":\"https:\/\/www.sindmoveis.com.br\/es\/#website\",\"url\":\"https:\/\/www.sindmoveis.com.br\/es\/\",\"name\":\"Sindm\u00f3veis-RS\",\"description\":\"\",\"potentialAction\":[{\"@type\":\"SearchAction\",\"target\":{\"@type\":\"EntryPoint\",\"urlTemplate\":\"https:\/\/www.sindmoveis.com.br\/es\/?s={search_term_string}\"},\"query-input\":{\"@type\":\"PropertyValueSpecification\",\"valueRequired\":true,\"valueName\":\"search_term_string\"}}],\"inLanguage\":\"es\"},{\"@type\":\"Person\",\"@id\":\"https:\/\/www.sindmoveis.com.br\/es\/#\/schema\/person\/16d379542db1950a17fe188179340d57\",\"name\":\"Imprensa Sindm\u00f3veis\",\"image\":{\"@type\":\"ImageObject\",\"inLanguage\":\"es\",\"@id\":\"https:\/\/www.sindmoveis.com.br\/es\/#\/schema\/person\/image\/\",\"url\":\"https:\/\/secure.gravatar.com\/avatar\/4973e2e2c2a0cb5db30b0c7b770041b8e33d048a16b695a1f99c042449d4bfaf?s=96&d=mm&r=g\",\"contentUrl\":\"https:\/\/secure.gravatar.com\/avatar\/4973e2e2c2a0cb5db30b0c7b770041b8e33d048a16b695a1f99c042449d4bfaf?s=96&d=mm&r=g\",\"caption\":\"Imprensa Sindm\u00f3veis\"},\"url\":\"https:\/\/www.sindmoveis.com.br\/es\/author\/ana\/\"}]}<\/script>\n<!-- \/ Yoast SEO plugin. -->","yoast_head_json":{"title":"Para a Casa Brasil, artesan\u00eda y dise\u00f1o est\u00e1n en sinton\u00eda - Sindm\u00f3veis-RS","robots":{"index":"index","follow":"follow","max-snippet":"max-snippet:-1","max-image-preview":"max-image-preview:large","max-video-preview":"max-video-preview:-1"},"canonical":"https:\/\/www.sindmoveis.com.br\/es\/para-a-casa-brasil-artesanato-e-design-estao-em-sintonia\/","og_locale":"es_ES","og_type":"article","og_title":"Para a Casa Brasil, artesan\u00eda y dise\u00f1o est\u00e1n en sinton\u00eda - Sindm\u00f3veis-RS","og_description":"Feria rescata t\u00e9cnicas t\u00edpicamente italianas y prepara lanzamiento de una colecci\u00f3n exclusiva de objetos decorativos ligados al vino y a la gastronom\u00eda\u00a0 \u00a0 Por las manos de 30 artesanas del... Leia mais &raquo;","og_url":"https:\/\/www.sindmoveis.com.br\/es\/para-a-casa-brasil-artesanato-e-design-estao-em-sintonia\/","og_site_name":"Sindm\u00f3veis-RS","article_published_time":"2013-03-18T03:00:00+00:00","article_modified_time":"2021-05-26T13:24:51+00:00","author":"Imprensa Sindm\u00f3veis","twitter_card":"summary_large_image","twitter_misc":{"Escrito por":"Imprensa Sindm\u00f3veis","Tiempo de lectura":"2 minutos"},"schema":{"@context":"https:\/\/schema.org","@graph":[{"@type":"Article","@id":"https:\/\/www.sindmoveis.com.br\/es\/para-a-casa-brasil-artesanato-e-design-estao-em-sintonia\/#article","isPartOf":{"@id":"https:\/\/www.sindmoveis.com.br\/es\/para-a-casa-brasil-artesanato-e-design-estao-em-sintonia\/"},"author":{"name":"Imprensa Sindm\u00f3veis","@id":"https:\/\/www.sindmoveis.com.br\/es\/#\/schema\/person\/16d379542db1950a17fe188179340d57"},"headline":"Para a Casa Brasil, artesan\u00eda y dise\u00f1o est\u00e1n en sinton\u00eda","datePublished":"2013-03-18T03:00:00+00:00","dateModified":"2021-05-26T13:24:51+00:00","mainEntityOfPage":{"@id":"https:\/\/www.sindmoveis.com.br\/es\/para-a-casa-brasil-artesanato-e-design-estao-em-sintonia\/"},"wordCount":445,"articleSection":["Sindm\u00f3veis"],"inLanguage":"es"},{"@type":"WebPage","@id":"https:\/\/www.sindmoveis.com.br\/es\/para-a-casa-brasil-artesanato-e-design-estao-em-sintonia\/","url":"https:\/\/www.sindmoveis.com.br\/es\/para-a-casa-brasil-artesanato-e-design-estao-em-sintonia\/","name":"Para a Casa Brasil, artesan\u00eda y dise\u00f1o est\u00e1n en sinton\u00eda - Sindm\u00f3veis-RS","isPartOf":{"@id":"https:\/\/www.sindmoveis.com.br\/es\/#website"},"datePublished":"2013-03-18T03:00:00+00:00","dateModified":"2021-05-26T13:24:51+00:00","author":{"@id":"https:\/\/www.sindmoveis.com.br\/es\/#\/schema\/person\/16d379542db1950a17fe188179340d57"},"inLanguage":"es","potentialAction":[{"@type":"ReadAction","target":["https:\/\/www.sindmoveis.com.br\/es\/para-a-casa-brasil-artesanato-e-design-estao-em-sintonia\/"]}]},{"@type":"WebSite","@id":"https:\/\/www.sindmoveis.com.br\/es\/#website","url":"https:\/\/www.sindmoveis.com.br\/es\/","name":"Sindm\u00f3veis-RS","description":"","potentialAction":[{"@type":"SearchAction","target":{"@type":"EntryPoint","urlTemplate":"https:\/\/www.sindmoveis.com.br\/es\/?s={search_term_string}"},"query-input":{"@type":"PropertyValueSpecification","valueRequired":true,"valueName":"search_term_string"}}],"inLanguage":"es"},{"@type":"Person","@id":"https:\/\/www.sindmoveis.com.br\/es\/#\/schema\/person\/16d379542db1950a17fe188179340d57","name":"Imprensa Sindm\u00f3veis","image":{"@type":"ImageObject","inLanguage":"es","@id":"https:\/\/www.sindmoveis.com.br\/es\/#\/schema\/person\/image\/","url":"https:\/\/secure.gravatar.com\/avatar\/4973e2e2c2a0cb5db30b0c7b770041b8e33d048a16b695a1f99c042449d4bfaf?s=96&d=mm&r=g","contentUrl":"https:\/\/secure.gravatar.com\/avatar\/4973e2e2c2a0cb5db30b0c7b770041b8e33d048a16b695a1f99c042449d4bfaf?s=96&d=mm&r=g","caption":"Imprensa Sindm\u00f3veis"},"url":"https:\/\/www.sindmoveis.com.br\/es\/author\/ana\/"}]}},"_links":{"self":[{"href":"https:\/\/www.sindmoveis.com.br\/es\/wp-json\/wp\/v2\/posts\/978","targetHints":{"allow":["GET"]}}],"collection":[{"href":"https:\/\/www.sindmoveis.com.br\/es\/wp-json\/wp\/v2\/posts"}],"about":[{"href":"https:\/\/www.sindmoveis.com.br\/es\/wp-json\/wp\/v2\/types\/post"}],"author":[{"embeddable":true,"href":"https:\/\/www.sindmoveis.com.br\/es\/wp-json\/wp\/v2\/users\/5"}],"replies":[{"embeddable":true,"href":"https:\/\/www.sindmoveis.com.br\/es\/wp-json\/wp\/v2\/comments?post=978"}],"version-history":[{"count":2,"href":"https:\/\/www.sindmoveis.com.br\/es\/wp-json\/wp\/v2\/posts\/978\/revisions"}],"predecessor-version":[{"id":3266,"href":"https:\/\/www.sindmoveis.com.br\/es\/wp-json\/wp\/v2\/posts\/978\/revisions\/3266"}],"wp:attachment":[{"href":"https:\/\/www.sindmoveis.com.br\/es\/wp-json\/wp\/v2\/media?parent=978"}],"wp:term":[{"taxonomy":"category","embeddable":true,"href":"https:\/\/www.sindmoveis.com.br\/es\/wp-json\/wp\/v2\/categories?post=978"},{"taxonomy":"post_tag","embeddable":true,"href":"https:\/\/www.sindmoveis.com.br\/es\/wp-json\/wp\/v2\/tags?post=978"}],"curies":[{"name":"wp","href":"https:\/\/api.w.org\/{rel}","templated":true}]}}