{"id":977,"date":"2013-03-14T00:00:00","date_gmt":"2013-03-14T03:00:00","guid":{"rendered":"http:\/\/sindmoveis.com.br\/imprensa\/noticias\/presidente-do-sindmoveis-participa-de-debate-com-o-prefeito-guilherme-pasin\/"},"modified":"2021-05-26T10:24:51","modified_gmt":"2021-05-26T13:24:51","slug":"presidente-do-sindmoveis-participa-de-debate-com-o-prefeito-guilherme-pasin","status":"publish","type":"post","link":"https:\/\/www.sindmoveis.com.br\/es\/presidente-do-sindmoveis-participa-de-debate-com-o-prefeito-guilherme-pasin\/","title":{"rendered":"Presidente de Sindm\u00f3veis participa de debate con el alcalde Guilherme Pasin"},"content":{"rendered":"<p>La presidente del Sindicato de las Industrias del Mobiliario de Bento Gon\u00e7alves \u2013 Sindm\u00f3veis, C\u00e1tia Scarton, particip\u00f3, el \u00faltimo lunes, d\u00eda 11, de un debate con el alcalde de Bento Gon\u00e7alves, Guilherme Pasin. El encuentro, promovido por el Centro de la Industria, comercio y Servicios (CIC) reuni\u00f3 las principales entidades de clase del municipio y cada presidente tuvo derecho de hacerle una pregunta al alcalde. \u00a0\u00a0<br \/>\n\u00a0<br \/>\nLa presidente de Sindm\u00f3veis, abord\u00f3 la dificultad en la aprobaci\u00f3n de proyectos de ampliaci\u00f3n e instalaci\u00f3n de nuevas industrias por parte del Instituto de Investigaci\u00f3n y Planificaci\u00f3n Urbana (Ipurb). En respuesta, Pasin afirm\u00f3 que el Plan Director del municipio, con fecha de 2006, ser\u00e1 actualizado. Seg\u00fan \u00e9l, en los pr\u00f3ximos meses, las entidades de clase ser\u00e1n invitadas a debatir las modernizaciones necesarias. El alcalde garantiz\u00f3 que har\u00e1 constar en el nuevo Plan director la ampliaci\u00f3n de \u00e1reas industriales reivindicada por el sector del mobiliario.<br \/>\n\u00a0<br \/>\nSobre la demora para la liberaci\u00f3n de proyectos por el Ipurb, el alcalde admiti\u00f3 que la sistem\u00e1tica de evaluaci\u00f3n de los procesos debe ser revista y que esta demora ocurre muchas veces en el momento de proceder a la concesi\u00f3n de la licencia ambiental, que es hecha por la Secretar\u00eda de Medio Ambiente y no por el Ipurb. Pasin se\u00f1ala que los procesos podr\u00e1n ser unificados en apenas un \u00f3rgano de la alcald\u00eda para agilizar las liberaciones. \u201cEstamos reviendo toda la sistematizaci\u00f3n del Ipurb para establecer plazos de entrada y salida de los procesos. Esta semana tambi\u00e9n han sido contratados m\u00e1s dos t\u00e9cnicos para el \u00e1rea de licenciamiento ambiental, lo que todav\u00eda es poco, ya que tenemos diversos procesos represados en esa \u00e1rea\u201d, anunci\u00f3.\u00a0<br \/>\n\u00a0<br \/>\nLa alcald\u00eda solicit\u00f3 recientemente a la Fundaci\u00f3n de Protecci\u00f3n Ambiental \u2013 Fepam, la ampliaci\u00f3n del servicio municipal de licenciamiento ambiental que hoy es ejecutado parcialmente, dependiendo del aval del Estado para liberaci\u00f3n de proyectos. \u201cYo no voy a admitir, de forma alguna, perder empresas de Bento Gon\u00e7alves por morosidad de la administraci\u00f3n p\u00fablica o por falta de \u00e1reas, cuando \u00e9stas estuvieren reglamentadas\u201d, destac\u00f3 Pasin.<br \/>\n\u00a0<br \/>\nSindm\u00f3veis ha mantenido contacto pr\u00f3ximo con la Alcald\u00eda y los representantes del Poder Legislativo Municipal con el intuito de participar de todos los debates que puedan afectar la actividad industrial de Bento Gon\u00e7alves\u00a0<br \/>\n\u00a0<br \/>\n\u00a0<\/p>\n","protected":false},"excerpt":{"rendered":"<p>La presidente del Sindicato de las Industrias del Mobiliario de Bento Gon\u00e7alves \u2013 Sindm\u00f3veis, C\u00e1tia Scarton, particip\u00f3, el \u00faltimo lunes, d\u00eda 11, de un debate con el alcalde de Bento&#8230;  <a class=\"excerpt-read-more\" href=\"https:\/\/www.sindmoveis.com.br\/es\/presidente-do-sindmoveis-participa-de-debate-com-o-prefeito-guilherme-pasin\/\" title=\"Read Presidente de Sindm\u00f3veis participa de debate con el alcalde Guilherme Pasin\">Leia mais &raquo;<\/a><\/p>\n","protected":false},"author":5,"featured_media":0,"comment_status":"closed","ping_status":"open","sticky":false,"template":"","format":"standard","meta":{"footnotes":"","_links_to":"","_links_to_target":""},"categories":[2],"tags":[],"class_list":["post-977","post","type-post","status-publish","format-standard","hentry","category-sindmoveis"],"yoast_head":"<!-- This site is optimized with the Yoast SEO plugin v27.0 - https:\/\/yoast.com\/product\/yoast-seo-wordpress\/ -->\n<title>Presidente de Sindm\u00f3veis participa de debate con el alcalde Guilherme Pasin - Sindm\u00f3veis-RS<\/title>\n<meta name=\"robots\" content=\"index, follow, max-snippet:-1, max-image-preview:large, max-video-preview:-1\" \/>\n<link rel=\"canonical\" href=\"https:\/\/www.sindmoveis.com.br\/es\/presidente-do-sindmoveis-participa-de-debate-com-o-prefeito-guilherme-pasin\/\" \/>\n<meta property=\"og:locale\" content=\"es_ES\" \/>\n<meta property=\"og:type\" content=\"article\" \/>\n<meta property=\"og:title\" content=\"Presidente de Sindm\u00f3veis participa de debate con el alcalde Guilherme Pasin - Sindm\u00f3veis-RS\" \/>\n<meta property=\"og:description\" content=\"La presidente del Sindicato de las Industrias del Mobiliario de Bento Gon\u00e7alves \u2013 Sindm\u00f3veis, C\u00e1tia Scarton, particip\u00f3, el \u00faltimo lunes, d\u00eda 11, de un debate con el alcalde de Bento... Leia mais &raquo;\" \/>\n<meta property=\"og:url\" content=\"https:\/\/www.sindmoveis.com.br\/es\/presidente-do-sindmoveis-participa-de-debate-com-o-prefeito-guilherme-pasin\/\" \/>\n<meta property=\"og:site_name\" content=\"Sindm\u00f3veis-RS\" \/>\n<meta property=\"article:published_time\" content=\"2013-03-14T03:00:00+00:00\" \/>\n<meta property=\"article:modified_time\" content=\"2021-05-26T13:24:51+00:00\" \/>\n<meta name=\"author\" content=\"Imprensa Sindm\u00f3veis\" \/>\n<meta name=\"twitter:card\" content=\"summary_large_image\" \/>\n<meta name=\"twitter:label1\" content=\"Escrito por\" \/>\n\t<meta name=\"twitter:data1\" content=\"Imprensa Sindm\u00f3veis\" \/>\n\t<meta name=\"twitter:label2\" content=\"Tiempo de lectura\" \/>\n\t<meta name=\"twitter:data2\" content=\"2 minutos\" \/>\n<script type=\"application\/ld+json\" class=\"yoast-schema-graph\">{\"@context\":\"https:\/\/schema.org\",\"@graph\":[{\"@type\":\"Article\",\"@id\":\"https:\/\/www.sindmoveis.com.br\/es\/presidente-do-sindmoveis-participa-de-debate-com-o-prefeito-guilherme-pasin\/#article\",\"isPartOf\":{\"@id\":\"https:\/\/www.sindmoveis.com.br\/es\/presidente-do-sindmoveis-participa-de-debate-com-o-prefeito-guilherme-pasin\/\"},\"author\":{\"name\":\"Imprensa Sindm\u00f3veis\",\"@id\":\"https:\/\/www.sindmoveis.com.br\/es\/#\/schema\/person\/16d379542db1950a17fe188179340d57\"},\"headline\":\"Presidente de Sindm\u00f3veis participa de debate con el alcalde Guilherme Pasin\",\"datePublished\":\"2013-03-14T03:00:00+00:00\",\"dateModified\":\"2021-05-26T13:24:51+00:00\",\"mainEntityOfPage\":{\"@id\":\"https:\/\/www.sindmoveis.com.br\/es\/presidente-do-sindmoveis-participa-de-debate-com-o-prefeito-guilherme-pasin\/\"},\"wordCount\":418,\"articleSection\":[\"Sindm\u00f3veis\"],\"inLanguage\":\"es\"},{\"@type\":\"WebPage\",\"@id\":\"https:\/\/www.sindmoveis.com.br\/es\/presidente-do-sindmoveis-participa-de-debate-com-o-prefeito-guilherme-pasin\/\",\"url\":\"https:\/\/www.sindmoveis.com.br\/es\/presidente-do-sindmoveis-participa-de-debate-com-o-prefeito-guilherme-pasin\/\",\"name\":\"Presidente de Sindm\u00f3veis participa de debate con el alcalde Guilherme Pasin - Sindm\u00f3veis-RS\",\"isPartOf\":{\"@id\":\"https:\/\/www.sindmoveis.com.br\/es\/#website\"},\"datePublished\":\"2013-03-14T03:00:00+00:00\",\"dateModified\":\"2021-05-26T13:24:51+00:00\",\"author\":{\"@id\":\"https:\/\/www.sindmoveis.com.br\/es\/#\/schema\/person\/16d379542db1950a17fe188179340d57\"},\"inLanguage\":\"es\",\"potentialAction\":[{\"@type\":\"ReadAction\",\"target\":[\"https:\/\/www.sindmoveis.com.br\/es\/presidente-do-sindmoveis-participa-de-debate-com-o-prefeito-guilherme-pasin\/\"]}]},{\"@type\":\"WebSite\",\"@id\":\"https:\/\/www.sindmoveis.com.br\/es\/#website\",\"url\":\"https:\/\/www.sindmoveis.com.br\/es\/\",\"name\":\"Sindm\u00f3veis-RS\",\"description\":\"\",\"potentialAction\":[{\"@type\":\"SearchAction\",\"target\":{\"@type\":\"EntryPoint\",\"urlTemplate\":\"https:\/\/www.sindmoveis.com.br\/es\/?s={search_term_string}\"},\"query-input\":{\"@type\":\"PropertyValueSpecification\",\"valueRequired\":true,\"valueName\":\"search_term_string\"}}],\"inLanguage\":\"es\"},{\"@type\":\"Person\",\"@id\":\"https:\/\/www.sindmoveis.com.br\/es\/#\/schema\/person\/16d379542db1950a17fe188179340d57\",\"name\":\"Imprensa Sindm\u00f3veis\",\"image\":{\"@type\":\"ImageObject\",\"inLanguage\":\"es\",\"@id\":\"https:\/\/www.sindmoveis.com.br\/es\/#\/schema\/person\/image\/\",\"url\":\"https:\/\/secure.gravatar.com\/avatar\/4973e2e2c2a0cb5db30b0c7b770041b8e33d048a16b695a1f99c042449d4bfaf?s=96&d=mm&r=g\",\"contentUrl\":\"https:\/\/secure.gravatar.com\/avatar\/4973e2e2c2a0cb5db30b0c7b770041b8e33d048a16b695a1f99c042449d4bfaf?s=96&d=mm&r=g\",\"caption\":\"Imprensa Sindm\u00f3veis\"},\"url\":\"https:\/\/www.sindmoveis.com.br\/es\/author\/ana\/\"}]}<\/script>\n<!-- \/ Yoast SEO plugin. -->","yoast_head_json":{"title":"Presidente de Sindm\u00f3veis participa de debate con el alcalde Guilherme Pasin - Sindm\u00f3veis-RS","robots":{"index":"index","follow":"follow","max-snippet":"max-snippet:-1","max-image-preview":"max-image-preview:large","max-video-preview":"max-video-preview:-1"},"canonical":"https:\/\/www.sindmoveis.com.br\/es\/presidente-do-sindmoveis-participa-de-debate-com-o-prefeito-guilherme-pasin\/","og_locale":"es_ES","og_type":"article","og_title":"Presidente de Sindm\u00f3veis participa de debate con el alcalde Guilherme Pasin - Sindm\u00f3veis-RS","og_description":"La presidente del Sindicato de las Industrias del Mobiliario de Bento Gon\u00e7alves \u2013 Sindm\u00f3veis, C\u00e1tia Scarton, particip\u00f3, el \u00faltimo lunes, d\u00eda 11, de un debate con el alcalde de Bento... Leia mais &raquo;","og_url":"https:\/\/www.sindmoveis.com.br\/es\/presidente-do-sindmoveis-participa-de-debate-com-o-prefeito-guilherme-pasin\/","og_site_name":"Sindm\u00f3veis-RS","article_published_time":"2013-03-14T03:00:00+00:00","article_modified_time":"2021-05-26T13:24:51+00:00","author":"Imprensa Sindm\u00f3veis","twitter_card":"summary_large_image","twitter_misc":{"Escrito por":"Imprensa Sindm\u00f3veis","Tiempo de lectura":"2 minutos"},"schema":{"@context":"https:\/\/schema.org","@graph":[{"@type":"Article","@id":"https:\/\/www.sindmoveis.com.br\/es\/presidente-do-sindmoveis-participa-de-debate-com-o-prefeito-guilherme-pasin\/#article","isPartOf":{"@id":"https:\/\/www.sindmoveis.com.br\/es\/presidente-do-sindmoveis-participa-de-debate-com-o-prefeito-guilherme-pasin\/"},"author":{"name":"Imprensa Sindm\u00f3veis","@id":"https:\/\/www.sindmoveis.com.br\/es\/#\/schema\/person\/16d379542db1950a17fe188179340d57"},"headline":"Presidente de Sindm\u00f3veis participa de debate con el alcalde Guilherme Pasin","datePublished":"2013-03-14T03:00:00+00:00","dateModified":"2021-05-26T13:24:51+00:00","mainEntityOfPage":{"@id":"https:\/\/www.sindmoveis.com.br\/es\/presidente-do-sindmoveis-participa-de-debate-com-o-prefeito-guilherme-pasin\/"},"wordCount":418,"articleSection":["Sindm\u00f3veis"],"inLanguage":"es"},{"@type":"WebPage","@id":"https:\/\/www.sindmoveis.com.br\/es\/presidente-do-sindmoveis-participa-de-debate-com-o-prefeito-guilherme-pasin\/","url":"https:\/\/www.sindmoveis.com.br\/es\/presidente-do-sindmoveis-participa-de-debate-com-o-prefeito-guilherme-pasin\/","name":"Presidente de Sindm\u00f3veis participa de debate con el alcalde Guilherme Pasin - Sindm\u00f3veis-RS","isPartOf":{"@id":"https:\/\/www.sindmoveis.com.br\/es\/#website"},"datePublished":"2013-03-14T03:00:00+00:00","dateModified":"2021-05-26T13:24:51+00:00","author":{"@id":"https:\/\/www.sindmoveis.com.br\/es\/#\/schema\/person\/16d379542db1950a17fe188179340d57"},"inLanguage":"es","potentialAction":[{"@type":"ReadAction","target":["https:\/\/www.sindmoveis.com.br\/es\/presidente-do-sindmoveis-participa-de-debate-com-o-prefeito-guilherme-pasin\/"]}]},{"@type":"WebSite","@id":"https:\/\/www.sindmoveis.com.br\/es\/#website","url":"https:\/\/www.sindmoveis.com.br\/es\/","name":"Sindm\u00f3veis-RS","description":"","potentialAction":[{"@type":"SearchAction","target":{"@type":"EntryPoint","urlTemplate":"https:\/\/www.sindmoveis.com.br\/es\/?s={search_term_string}"},"query-input":{"@type":"PropertyValueSpecification","valueRequired":true,"valueName":"search_term_string"}}],"inLanguage":"es"},{"@type":"Person","@id":"https:\/\/www.sindmoveis.com.br\/es\/#\/schema\/person\/16d379542db1950a17fe188179340d57","name":"Imprensa Sindm\u00f3veis","image":{"@type":"ImageObject","inLanguage":"es","@id":"https:\/\/www.sindmoveis.com.br\/es\/#\/schema\/person\/image\/","url":"https:\/\/secure.gravatar.com\/avatar\/4973e2e2c2a0cb5db30b0c7b770041b8e33d048a16b695a1f99c042449d4bfaf?s=96&d=mm&r=g","contentUrl":"https:\/\/secure.gravatar.com\/avatar\/4973e2e2c2a0cb5db30b0c7b770041b8e33d048a16b695a1f99c042449d4bfaf?s=96&d=mm&r=g","caption":"Imprensa Sindm\u00f3veis"},"url":"https:\/\/www.sindmoveis.com.br\/es\/author\/ana\/"}]}},"_links":{"self":[{"href":"https:\/\/www.sindmoveis.com.br\/es\/wp-json\/wp\/v2\/posts\/977","targetHints":{"allow":["GET"]}}],"collection":[{"href":"https:\/\/www.sindmoveis.com.br\/es\/wp-json\/wp\/v2\/posts"}],"about":[{"href":"https:\/\/www.sindmoveis.com.br\/es\/wp-json\/wp\/v2\/types\/post"}],"author":[{"embeddable":true,"href":"https:\/\/www.sindmoveis.com.br\/es\/wp-json\/wp\/v2\/users\/5"}],"replies":[{"embeddable":true,"href":"https:\/\/www.sindmoveis.com.br\/es\/wp-json\/wp\/v2\/comments?post=977"}],"version-history":[{"count":2,"href":"https:\/\/www.sindmoveis.com.br\/es\/wp-json\/wp\/v2\/posts\/977\/revisions"}],"predecessor-version":[{"id":3265,"href":"https:\/\/www.sindmoveis.com.br\/es\/wp-json\/wp\/v2\/posts\/977\/revisions\/3265"}],"wp:attachment":[{"href":"https:\/\/www.sindmoveis.com.br\/es\/wp-json\/wp\/v2\/media?parent=977"}],"wp:term":[{"taxonomy":"category","embeddable":true,"href":"https:\/\/www.sindmoveis.com.br\/es\/wp-json\/wp\/v2\/categories?post=977"},{"taxonomy":"post_tag","embeddable":true,"href":"https:\/\/www.sindmoveis.com.br\/es\/wp-json\/wp\/v2\/tags?post=977"}],"curies":[{"name":"wp","href":"https:\/\/api.w.org\/{rel}","templated":true}]}}