{"id":973,"date":"2013-02-22T00:00:00","date_gmt":"2013-02-22T03:00:00","guid":{"rendered":"http:\/\/sindmoveis.com.br\/imprensa\/noticias\/salao-design-tem-inscricoes-prorrogadas-ate-o-dia-3-de-marco\/"},"modified":"2021-05-26T10:27:48","modified_gmt":"2021-05-26T13:27:48","slug":"salao-design-tem-inscricoes-prorrogadas-ate-o-dia-3-de-marco","status":"publish","type":"post","link":"https:\/\/www.sindmoveis.com.br\/es\/salao-design-tem-inscricoes-prorrogadas-ate-o-dia-3-de-marco\/","title":{"rendered":"Sal\u00e3o Design prorroga inscripciones hasta el d\u00eda 3 de marzo"},"content":{"rendered":"<p>\u00a0<br \/>\n\u00a0<br \/>\nLas inscripciones para el Sal\u00e3o Design Casa Brasil 2013, que terminar\u00edan el viernes, d\u00eda 22, fueron prorrogadas hasta el d\u00eda 3 de marzo. La prorrogaci\u00f3n ocurri\u00f3 por solicitaci\u00f3n de participantes que no lograron finalizar los proyectos hasta la fecha l\u00edmite. El premio, realizado desde hace 25 a\u00f1os por el Sindicato de las Industrias del Mobiliario de Bento Gon\u00e7alves \u2013 Sindm\u00f3veis, tiene como objetivo integrar creatividad e innovaci\u00f3n tecnol\u00f3gica en muebles y accesorios por medio del dise\u00f1o. En esta edici\u00f3n, ser\u00e1n distribuidos R$ 175 mil en las modalidades estudiante, profesional e industria.\u00a0<br \/>\n\u00a0<br \/>\nHasta el momento, hay 490 participantes, con un 21,5% de concurrentes \u00a0extranjeros de los siguientes pa\u00edses: Argentina, Brasil, Bulgaria, Chile, Colombia, Cuba, Espa\u00f1a, Estados Unidos, Francia, India, Italia, M\u00e9xico, Per\u00fa, Siria, Uruguay y Venezuela. Los proyectos cubanos y argentinos representan la mayor\u00eda de las inscripciones extranjeras.\u00a0<br \/>\n\u00a0<br \/>\nA ejemplo de a\u00f1os anteriores, la tendencia es un fuerte incremento de las inscripciones en los \u00faltimos d\u00edas. Seg\u00fan el director del Sal\u00e3o Design, Cristiano Gallina, a pesar del alto volumen de proyectos inscritos, la prioridad es la calidad de las propuestas presentadas, su grado de innovaci\u00f3n y dise\u00f1o. \u201cA cada a\u00f1o, el premio asume las caracter\u00edsticas de la feria a la cual est\u00e1 vinculado. Ligado a Casa Brasil, nuestra propuesta es la creaci\u00f3n de productos contempor\u00e1neos de alto nivel\u201d, \u00a0enfatiza.<br \/>\n\u00a0<br \/>\nLa evaluaci\u00f3n de los proyectos inscritos suceder\u00e1 en dos etapas, siendo la primera en los d\u00edas 12, 13 y 14 de marzo, en Bento Gon\u00e7alves. En esa primera evaluaci\u00f3n, el jurado selecciona cu\u00e1les proyectos deben ser enviados en tama\u00f1o real. La comisi\u00f3n juzgadora est\u00e1 formada por cinco renombrados profesionales y representantes de entidades \u00a0nacionales e internacionales. El grupo cuenta con la experiencia de la curadora de Casa Brasil, periodista Mar\u00eda Helena Estrada, y de los profesores que integraron el jurado del Salao Design Movelsul Brasil 2012, Ivens Fontoura (Pontificia Universidad Cat\u00f3lica de Paran\u00e1 \u2013 PUC-PR) y Gabriel Sim\u00f3n Sol (Universidad Aut\u00f3noma Metropolitana \u2013 M\u00e9xico). Tambi\u00e9n forman parte de la comisi\u00f3n, representando a los profesionales del \u00e1rea, el dise\u00f1ador de Rio de Janeiro Leonardo Lattavo y la arquitecta de Porto Alegre Ilse Lang.<br \/>\n\u00a0<br \/>\nAdem\u00e1s de las premiaciones en dinero, los productos finalistas concurren tambi\u00e9n a trofeos ya tradicionales en el Sal\u00e3Design: Profesor Orientador, Maderas Alternativas y, estrenando en esta edici\u00f3n, el premio Ecodesign. La divulgaci\u00f3n de los vencedores ocurre en julio de este a\u00f1o, y todos los productos seleccionados para la segunda etapa del juicio participar\u00e1n de la muestra Sal\u00e3o Design juntamente con los premiados, durante la feria Casa Brasil 2013, de 13 a 16 de agosto. M\u00e1s informaciones y reglamento www.salaodesign.com.br . \u00a0\u00a0<br \/>\n\u00a0<br \/>\nSal\u00e3o Design Casa Brasil 2013 \u2013 categor\u00edas<br \/>\n\u00a0<br \/>\nMuebles para Dormitorio<br \/>\nMuebles para Sala de Estar y Comedor\u00a0<br \/>\nMuebles para Cocina, \u00c1rea de Servicio\/ Lavadero y Ba\u00f1o<br \/>\nMuebles para \u00c1rea Externa<br \/>\nMuebles para Oficina y Home-Office (incluyendo mobiliario para espacios comerciales y p\u00fablicos)<br \/>\nAccesorios Dom\u00e9sticos<br \/>\nIluminaci\u00f3n<br \/>\n\u00a0<\/p>\n","protected":false},"excerpt":{"rendered":"<p>\u00a0 \u00a0 Las inscripciones para el Sal\u00e3o Design Casa Brasil 2013, que terminar\u00edan el viernes, d\u00eda 22, fueron prorrogadas hasta el d\u00eda 3 de marzo. La prorrogaci\u00f3n ocurri\u00f3 por solicitaci\u00f3n&#8230;  <a class=\"excerpt-read-more\" href=\"https:\/\/www.sindmoveis.com.br\/es\/salao-design-tem-inscricoes-prorrogadas-ate-o-dia-3-de-marco\/\" title=\"Read Sal\u00e3o Design prorroga inscripciones hasta el d\u00eda 3 de marzo\">Leia mais &raquo;<\/a><\/p>\n","protected":false},"author":5,"featured_media":0,"comment_status":"closed","ping_status":"open","sticky":false,"template":"","format":"standard","meta":{"footnotes":"","_links_to":"","_links_to_target":""},"categories":[21,2],"tags":[],"class_list":["post-973","post","type-post","status-publish","format-standard","hentry","category-premio-salao-design","category-sindmoveis"],"yoast_head":"<!-- This site is optimized with the Yoast SEO plugin v27.0 - https:\/\/yoast.com\/product\/yoast-seo-wordpress\/ -->\n<title>Sal\u00e3o Design prorroga inscripciones hasta el d\u00eda 3 de marzo - Sindm\u00f3veis-RS<\/title>\n<meta name=\"robots\" content=\"index, follow, max-snippet:-1, max-image-preview:large, max-video-preview:-1\" \/>\n<link rel=\"canonical\" href=\"https:\/\/www.sindmoveis.com.br\/es\/salao-design-tem-inscricoes-prorrogadas-ate-o-dia-3-de-marco\/\" \/>\n<meta property=\"og:locale\" content=\"es_ES\" \/>\n<meta property=\"og:type\" content=\"article\" \/>\n<meta property=\"og:title\" content=\"Sal\u00e3o Design prorroga inscripciones hasta el d\u00eda 3 de marzo - Sindm\u00f3veis-RS\" \/>\n<meta property=\"og:description\" content=\"\u00a0 \u00a0 Las inscripciones para el Sal\u00e3o Design Casa Brasil 2013, que terminar\u00edan el viernes, d\u00eda 22, fueron prorrogadas hasta el d\u00eda 3 de marzo. La prorrogaci\u00f3n ocurri\u00f3 por solicitaci\u00f3n... Leia mais &raquo;\" \/>\n<meta property=\"og:url\" content=\"https:\/\/www.sindmoveis.com.br\/es\/salao-design-tem-inscricoes-prorrogadas-ate-o-dia-3-de-marco\/\" \/>\n<meta property=\"og:site_name\" content=\"Sindm\u00f3veis-RS\" \/>\n<meta property=\"article:published_time\" content=\"2013-02-22T03:00:00+00:00\" \/>\n<meta property=\"article:modified_time\" content=\"2021-05-26T13:27:48+00:00\" \/>\n<meta name=\"author\" content=\"Imprensa Sindm\u00f3veis\" \/>\n<meta name=\"twitter:card\" content=\"summary_large_image\" \/>\n<meta name=\"twitter:label1\" content=\"Escrito por\" \/>\n\t<meta name=\"twitter:data1\" content=\"Imprensa Sindm\u00f3veis\" \/>\n\t<meta name=\"twitter:label2\" content=\"Tiempo de lectura\" \/>\n\t<meta name=\"twitter:data2\" content=\"3 minutos\" \/>\n<script type=\"application\/ld+json\" class=\"yoast-schema-graph\">{\"@context\":\"https:\/\/schema.org\",\"@graph\":[{\"@type\":\"Article\",\"@id\":\"https:\/\/www.sindmoveis.com.br\/es\/salao-design-tem-inscricoes-prorrogadas-ate-o-dia-3-de-marco\/#article\",\"isPartOf\":{\"@id\":\"https:\/\/www.sindmoveis.com.br\/es\/salao-design-tem-inscricoes-prorrogadas-ate-o-dia-3-de-marco\/\"},\"author\":{\"name\":\"Imprensa Sindm\u00f3veis\",\"@id\":\"https:\/\/www.sindmoveis.com.br\/es\/#\/schema\/person\/16d379542db1950a17fe188179340d57\"},\"headline\":\"Sal\u00e3o Design prorroga inscripciones hasta el d\u00eda 3 de marzo\",\"datePublished\":\"2013-02-22T03:00:00+00:00\",\"dateModified\":\"2021-05-26T13:27:48+00:00\",\"mainEntityOfPage\":{\"@id\":\"https:\/\/www.sindmoveis.com.br\/es\/salao-design-tem-inscricoes-prorrogadas-ate-o-dia-3-de-marco\/\"},\"wordCount\":528,\"articleSection\":[\"Premio Sal\u00e3o Design\",\"Sindm\u00f3veis\"],\"inLanguage\":\"es\"},{\"@type\":\"WebPage\",\"@id\":\"https:\/\/www.sindmoveis.com.br\/es\/salao-design-tem-inscricoes-prorrogadas-ate-o-dia-3-de-marco\/\",\"url\":\"https:\/\/www.sindmoveis.com.br\/es\/salao-design-tem-inscricoes-prorrogadas-ate-o-dia-3-de-marco\/\",\"name\":\"Sal\u00e3o Design prorroga inscripciones hasta el d\u00eda 3 de marzo - Sindm\u00f3veis-RS\",\"isPartOf\":{\"@id\":\"https:\/\/www.sindmoveis.com.br\/es\/#website\"},\"datePublished\":\"2013-02-22T03:00:00+00:00\",\"dateModified\":\"2021-05-26T13:27:48+00:00\",\"author\":{\"@id\":\"https:\/\/www.sindmoveis.com.br\/es\/#\/schema\/person\/16d379542db1950a17fe188179340d57\"},\"inLanguage\":\"es\",\"potentialAction\":[{\"@type\":\"ReadAction\",\"target\":[\"https:\/\/www.sindmoveis.com.br\/es\/salao-design-tem-inscricoes-prorrogadas-ate-o-dia-3-de-marco\/\"]}]},{\"@type\":\"WebSite\",\"@id\":\"https:\/\/www.sindmoveis.com.br\/es\/#website\",\"url\":\"https:\/\/www.sindmoveis.com.br\/es\/\",\"name\":\"Sindm\u00f3veis-RS\",\"description\":\"\",\"potentialAction\":[{\"@type\":\"SearchAction\",\"target\":{\"@type\":\"EntryPoint\",\"urlTemplate\":\"https:\/\/www.sindmoveis.com.br\/es\/?s={search_term_string}\"},\"query-input\":{\"@type\":\"PropertyValueSpecification\",\"valueRequired\":true,\"valueName\":\"search_term_string\"}}],\"inLanguage\":\"es\"},{\"@type\":\"Person\",\"@id\":\"https:\/\/www.sindmoveis.com.br\/es\/#\/schema\/person\/16d379542db1950a17fe188179340d57\",\"name\":\"Imprensa Sindm\u00f3veis\",\"image\":{\"@type\":\"ImageObject\",\"inLanguage\":\"es\",\"@id\":\"https:\/\/www.sindmoveis.com.br\/es\/#\/schema\/person\/image\/\",\"url\":\"https:\/\/secure.gravatar.com\/avatar\/4973e2e2c2a0cb5db30b0c7b770041b8e33d048a16b695a1f99c042449d4bfaf?s=96&d=mm&r=g\",\"contentUrl\":\"https:\/\/secure.gravatar.com\/avatar\/4973e2e2c2a0cb5db30b0c7b770041b8e33d048a16b695a1f99c042449d4bfaf?s=96&d=mm&r=g\",\"caption\":\"Imprensa Sindm\u00f3veis\"},\"url\":\"https:\/\/www.sindmoveis.com.br\/es\/author\/ana\/\"}]}<\/script>\n<!-- \/ Yoast SEO plugin. -->","yoast_head_json":{"title":"Sal\u00e3o Design prorroga inscripciones hasta el d\u00eda 3 de marzo - Sindm\u00f3veis-RS","robots":{"index":"index","follow":"follow","max-snippet":"max-snippet:-1","max-image-preview":"max-image-preview:large","max-video-preview":"max-video-preview:-1"},"canonical":"https:\/\/www.sindmoveis.com.br\/es\/salao-design-tem-inscricoes-prorrogadas-ate-o-dia-3-de-marco\/","og_locale":"es_ES","og_type":"article","og_title":"Sal\u00e3o Design prorroga inscripciones hasta el d\u00eda 3 de marzo - Sindm\u00f3veis-RS","og_description":"\u00a0 \u00a0 Las inscripciones para el Sal\u00e3o Design Casa Brasil 2013, que terminar\u00edan el viernes, d\u00eda 22, fueron prorrogadas hasta el d\u00eda 3 de marzo. La prorrogaci\u00f3n ocurri\u00f3 por solicitaci\u00f3n... Leia mais &raquo;","og_url":"https:\/\/www.sindmoveis.com.br\/es\/salao-design-tem-inscricoes-prorrogadas-ate-o-dia-3-de-marco\/","og_site_name":"Sindm\u00f3veis-RS","article_published_time":"2013-02-22T03:00:00+00:00","article_modified_time":"2021-05-26T13:27:48+00:00","author":"Imprensa Sindm\u00f3veis","twitter_card":"summary_large_image","twitter_misc":{"Escrito por":"Imprensa Sindm\u00f3veis","Tiempo de lectura":"3 minutos"},"schema":{"@context":"https:\/\/schema.org","@graph":[{"@type":"Article","@id":"https:\/\/www.sindmoveis.com.br\/es\/salao-design-tem-inscricoes-prorrogadas-ate-o-dia-3-de-marco\/#article","isPartOf":{"@id":"https:\/\/www.sindmoveis.com.br\/es\/salao-design-tem-inscricoes-prorrogadas-ate-o-dia-3-de-marco\/"},"author":{"name":"Imprensa Sindm\u00f3veis","@id":"https:\/\/www.sindmoveis.com.br\/es\/#\/schema\/person\/16d379542db1950a17fe188179340d57"},"headline":"Sal\u00e3o Design prorroga inscripciones hasta el d\u00eda 3 de marzo","datePublished":"2013-02-22T03:00:00+00:00","dateModified":"2021-05-26T13:27:48+00:00","mainEntityOfPage":{"@id":"https:\/\/www.sindmoveis.com.br\/es\/salao-design-tem-inscricoes-prorrogadas-ate-o-dia-3-de-marco\/"},"wordCount":528,"articleSection":["Premio Sal\u00e3o Design","Sindm\u00f3veis"],"inLanguage":"es"},{"@type":"WebPage","@id":"https:\/\/www.sindmoveis.com.br\/es\/salao-design-tem-inscricoes-prorrogadas-ate-o-dia-3-de-marco\/","url":"https:\/\/www.sindmoveis.com.br\/es\/salao-design-tem-inscricoes-prorrogadas-ate-o-dia-3-de-marco\/","name":"Sal\u00e3o Design prorroga inscripciones hasta el d\u00eda 3 de marzo - Sindm\u00f3veis-RS","isPartOf":{"@id":"https:\/\/www.sindmoveis.com.br\/es\/#website"},"datePublished":"2013-02-22T03:00:00+00:00","dateModified":"2021-05-26T13:27:48+00:00","author":{"@id":"https:\/\/www.sindmoveis.com.br\/es\/#\/schema\/person\/16d379542db1950a17fe188179340d57"},"inLanguage":"es","potentialAction":[{"@type":"ReadAction","target":["https:\/\/www.sindmoveis.com.br\/es\/salao-design-tem-inscricoes-prorrogadas-ate-o-dia-3-de-marco\/"]}]},{"@type":"WebSite","@id":"https:\/\/www.sindmoveis.com.br\/es\/#website","url":"https:\/\/www.sindmoveis.com.br\/es\/","name":"Sindm\u00f3veis-RS","description":"","potentialAction":[{"@type":"SearchAction","target":{"@type":"EntryPoint","urlTemplate":"https:\/\/www.sindmoveis.com.br\/es\/?s={search_term_string}"},"query-input":{"@type":"PropertyValueSpecification","valueRequired":true,"valueName":"search_term_string"}}],"inLanguage":"es"},{"@type":"Person","@id":"https:\/\/www.sindmoveis.com.br\/es\/#\/schema\/person\/16d379542db1950a17fe188179340d57","name":"Imprensa Sindm\u00f3veis","image":{"@type":"ImageObject","inLanguage":"es","@id":"https:\/\/www.sindmoveis.com.br\/es\/#\/schema\/person\/image\/","url":"https:\/\/secure.gravatar.com\/avatar\/4973e2e2c2a0cb5db30b0c7b770041b8e33d048a16b695a1f99c042449d4bfaf?s=96&d=mm&r=g","contentUrl":"https:\/\/secure.gravatar.com\/avatar\/4973e2e2c2a0cb5db30b0c7b770041b8e33d048a16b695a1f99c042449d4bfaf?s=96&d=mm&r=g","caption":"Imprensa Sindm\u00f3veis"},"url":"https:\/\/www.sindmoveis.com.br\/es\/author\/ana\/"}]}},"_links":{"self":[{"href":"https:\/\/www.sindmoveis.com.br\/es\/wp-json\/wp\/v2\/posts\/973","targetHints":{"allow":["GET"]}}],"collection":[{"href":"https:\/\/www.sindmoveis.com.br\/es\/wp-json\/wp\/v2\/posts"}],"about":[{"href":"https:\/\/www.sindmoveis.com.br\/es\/wp-json\/wp\/v2\/types\/post"}],"author":[{"embeddable":true,"href":"https:\/\/www.sindmoveis.com.br\/es\/wp-json\/wp\/v2\/users\/5"}],"replies":[{"embeddable":true,"href":"https:\/\/www.sindmoveis.com.br\/es\/wp-json\/wp\/v2\/comments?post=973"}],"version-history":[{"count":2,"href":"https:\/\/www.sindmoveis.com.br\/es\/wp-json\/wp\/v2\/posts\/973\/revisions"}],"predecessor-version":[{"id":3263,"href":"https:\/\/www.sindmoveis.com.br\/es\/wp-json\/wp\/v2\/posts\/973\/revisions\/3263"}],"wp:attachment":[{"href":"https:\/\/www.sindmoveis.com.br\/es\/wp-json\/wp\/v2\/media?parent=973"}],"wp:term":[{"taxonomy":"category","embeddable":true,"href":"https:\/\/www.sindmoveis.com.br\/es\/wp-json\/wp\/v2\/categories?post=973"},{"taxonomy":"post_tag","embeddable":true,"href":"https:\/\/www.sindmoveis.com.br\/es\/wp-json\/wp\/v2\/tags?post=973"}],"curies":[{"name":"wp","href":"https:\/\/api.w.org\/{rel}","templated":true}]}}