{"id":972,"date":"2013-02-18T00:00:00","date_gmt":"2013-02-18T03:00:00","guid":{"rendered":"http:\/\/sindmoveis.com.br\/imprensa\/noticias\/inscricoes-para-o-salao-design-casa-brasil-encerram-dia-22\/"},"modified":"2021-05-26T10:27:48","modified_gmt":"2021-05-26T13:27:48","slug":"inscricoes-para-o-salao-design-casa-brasil-encerram-dia-22","status":"publish","type":"post","link":"https:\/\/www.sindmoveis.com.br\/es\/inscricoes-para-o-salao-design-casa-brasil-encerram-dia-22\/","title":{"rendered":"Inscripciones  para  Sal\u00e3o Design Casa Brasil cierran d\u00eda 22"},"content":{"rendered":"<p>\u00a0<br \/>\nEl pr\u00f3ximo viernes, d\u00eda 22, cierran las inscripciones para el Sal\u00e3o Design Casa Brasil 2013. El premio, realizado desde hace 25 a\u00f1os por el Sindicato de las Industrias del Mobiliario de Bento Gon\u00e7alves \u2013 Sindm\u00f3veis, tiene como objetivo integrar creatividad e innovaci\u00f3n tecnol\u00f3gica a muebles y accesorios por medio del dise\u00f1o. En esa edici\u00f3n, ser\u00e1n distribuidos R$ 175 mil en las modalidades estudiante, profesional e industria.<br \/>\n\u00a0<br \/>\n\u00a0La evaluaci\u00f3n de los proyectos inscritos ocurrir\u00e1 en dos etapas, a partir de marzo. La comisi\u00f3n juzgadora est\u00e1 integrada por cinco renombrados profesionales y representantes de entidades nacionales e internacionales. El grupo cuenta con la experiencia de la curadora de Casa Brasil, periodista Mar\u00eda Helena Estrada, y de los profesores que hicieron parte del jurado del Sal\u00e3o Design Movelsul Brasil 2012, Ivens Fontoura (Pontificia Universidade Cat\u00f3lica del Estado de Paran\u00e1 \u2013 PUC-PR) y Gabriel Sim\u00f3n Sol (Universidad Aut\u00f3noma Metropolitana \u2013 M\u00e9xico). Tambi\u00e9n componen la comisi\u00f3n, representando a los profesionales del \u00e1rea, el dise\u00f1ador de R\u00edo de Janeiro Leonardo Lattavo y la arquitecta de R\u00edo Grande do Sul Ilse Lang.<br \/>\n\u00a0<br \/>\nCon patrocinio de las empresas Impress y Berneck, el premio tendr\u00e1 siete categor\u00edas: Muebles para Dormitorio; Muebles para Sala de Estar y Comedor; Muebles para Cocina, \u00c1rea de Servicio\/Lavadero y Ba\u00f1o; Muebles para \u00c1rea Externa; Muebles para Oficina y Home Office (incluyendo mobiliario para espacios comerciales y p\u00fablicos); Accesorios Dom\u00e9sticos e Iluminaci\u00f3n. Adem\u00e1s de las premiaciones en dinero en las categor\u00edas mencionadas, los productos inscritos concurren tambi\u00e9n a trofeos ya tradicionales en el Sal\u00e3o Design: Profesor Orientador, Maderas Alternativas y la novedad que estrena en esta edici\u00f3n, el premio Ecodesign.<br \/>\n\u00a0<br \/>\nLa divulgaci\u00f3n de los vencedores ser\u00e1 en el mes de julio de este a\u00f1o, pero, todos los productos seleccionados para la segunda etapa del juicio participar\u00e1n de la muestra Sal\u00e3o Design juntamente con los premiados, durante la feria Casa Brasil 2013, de 13 a 16 de agosto. M\u00e1s informaciones y reglamento: www.salaodesign.com.br<br \/>\n\u00a0<\/p>\n","protected":false},"excerpt":{"rendered":"<p>\u00a0 El pr\u00f3ximo viernes, d\u00eda 22, cierran las inscripciones para el Sal\u00e3o Design Casa Brasil 2013. El premio, realizado desde hace 25 a\u00f1os por el Sindicato de las Industrias del&#8230;  <a class=\"excerpt-read-more\" href=\"https:\/\/www.sindmoveis.com.br\/es\/inscricoes-para-o-salao-design-casa-brasil-encerram-dia-22\/\" title=\"Read Inscripciones  para  Sal\u00e3o Design Casa Brasil cierran d\u00eda 22\">Leia mais &raquo;<\/a><\/p>\n","protected":false},"author":5,"featured_media":0,"comment_status":"closed","ping_status":"open","sticky":false,"template":"","format":"standard","meta":{"footnotes":"","_links_to":"","_links_to_target":""},"categories":[21,2],"tags":[],"class_list":["post-972","post","type-post","status-publish","format-standard","hentry","category-premio-salao-design","category-sindmoveis"],"yoast_head":"<!-- This site is optimized with the Yoast SEO plugin v27.0 - https:\/\/yoast.com\/product\/yoast-seo-wordpress\/ -->\n<title>Inscripciones para Sal\u00e3o Design Casa Brasil cierran d\u00eda 22 - Sindm\u00f3veis-RS<\/title>\n<meta name=\"robots\" content=\"index, follow, max-snippet:-1, max-image-preview:large, max-video-preview:-1\" \/>\n<link rel=\"canonical\" href=\"https:\/\/www.sindmoveis.com.br\/es\/inscricoes-para-o-salao-design-casa-brasil-encerram-dia-22\/\" \/>\n<meta property=\"og:locale\" content=\"es_ES\" \/>\n<meta property=\"og:type\" content=\"article\" \/>\n<meta property=\"og:title\" content=\"Inscripciones para Sal\u00e3o Design Casa Brasil cierran d\u00eda 22 - Sindm\u00f3veis-RS\" \/>\n<meta property=\"og:description\" content=\"\u00a0 El pr\u00f3ximo viernes, d\u00eda 22, cierran las inscripciones para el Sal\u00e3o Design Casa Brasil 2013. El premio, realizado desde hace 25 a\u00f1os por el Sindicato de las Industrias del... Leia mais &raquo;\" \/>\n<meta property=\"og:url\" content=\"https:\/\/www.sindmoveis.com.br\/es\/inscricoes-para-o-salao-design-casa-brasil-encerram-dia-22\/\" \/>\n<meta property=\"og:site_name\" content=\"Sindm\u00f3veis-RS\" \/>\n<meta property=\"article:published_time\" content=\"2013-02-18T03:00:00+00:00\" \/>\n<meta property=\"article:modified_time\" content=\"2021-05-26T13:27:48+00:00\" \/>\n<meta name=\"author\" content=\"Imprensa Sindm\u00f3veis\" \/>\n<meta name=\"twitter:card\" content=\"summary_large_image\" \/>\n<meta name=\"twitter:label1\" content=\"Escrito por\" \/>\n\t<meta name=\"twitter:data1\" content=\"Imprensa Sindm\u00f3veis\" \/>\n\t<meta name=\"twitter:label2\" content=\"Tiempo de lectura\" \/>\n\t<meta name=\"twitter:data2\" content=\"2 minutos\" \/>\n<script type=\"application\/ld+json\" class=\"yoast-schema-graph\">{\"@context\":\"https:\/\/schema.org\",\"@graph\":[{\"@type\":\"Article\",\"@id\":\"https:\/\/www.sindmoveis.com.br\/es\/inscricoes-para-o-salao-design-casa-brasil-encerram-dia-22\/#article\",\"isPartOf\":{\"@id\":\"https:\/\/www.sindmoveis.com.br\/es\/inscricoes-para-o-salao-design-casa-brasil-encerram-dia-22\/\"},\"author\":{\"name\":\"Imprensa Sindm\u00f3veis\",\"@id\":\"https:\/\/www.sindmoveis.com.br\/es\/#\/schema\/person\/16d379542db1950a17fe188179340d57\"},\"headline\":\"Inscripciones para Sal\u00e3o Design Casa Brasil cierran d\u00eda 22\",\"datePublished\":\"2013-02-18T03:00:00+00:00\",\"dateModified\":\"2021-05-26T13:27:48+00:00\",\"mainEntityOfPage\":{\"@id\":\"https:\/\/www.sindmoveis.com.br\/es\/inscricoes-para-o-salao-design-casa-brasil-encerram-dia-22\/\"},\"wordCount\":359,\"articleSection\":[\"Premio Sal\u00e3o Design\",\"Sindm\u00f3veis\"],\"inLanguage\":\"es\"},{\"@type\":\"WebPage\",\"@id\":\"https:\/\/www.sindmoveis.com.br\/es\/inscricoes-para-o-salao-design-casa-brasil-encerram-dia-22\/\",\"url\":\"https:\/\/www.sindmoveis.com.br\/es\/inscricoes-para-o-salao-design-casa-brasil-encerram-dia-22\/\",\"name\":\"Inscripciones para Sal\u00e3o Design Casa Brasil cierran d\u00eda 22 - Sindm\u00f3veis-RS\",\"isPartOf\":{\"@id\":\"https:\/\/www.sindmoveis.com.br\/es\/#website\"},\"datePublished\":\"2013-02-18T03:00:00+00:00\",\"dateModified\":\"2021-05-26T13:27:48+00:00\",\"author\":{\"@id\":\"https:\/\/www.sindmoveis.com.br\/es\/#\/schema\/person\/16d379542db1950a17fe188179340d57\"},\"inLanguage\":\"es\",\"potentialAction\":[{\"@type\":\"ReadAction\",\"target\":[\"https:\/\/www.sindmoveis.com.br\/es\/inscricoes-para-o-salao-design-casa-brasil-encerram-dia-22\/\"]}]},{\"@type\":\"WebSite\",\"@id\":\"https:\/\/www.sindmoveis.com.br\/es\/#website\",\"url\":\"https:\/\/www.sindmoveis.com.br\/es\/\",\"name\":\"Sindm\u00f3veis-RS\",\"description\":\"\",\"potentialAction\":[{\"@type\":\"SearchAction\",\"target\":{\"@type\":\"EntryPoint\",\"urlTemplate\":\"https:\/\/www.sindmoveis.com.br\/es\/?s={search_term_string}\"},\"query-input\":{\"@type\":\"PropertyValueSpecification\",\"valueRequired\":true,\"valueName\":\"search_term_string\"}}],\"inLanguage\":\"es\"},{\"@type\":\"Person\",\"@id\":\"https:\/\/www.sindmoveis.com.br\/es\/#\/schema\/person\/16d379542db1950a17fe188179340d57\",\"name\":\"Imprensa Sindm\u00f3veis\",\"image\":{\"@type\":\"ImageObject\",\"inLanguage\":\"es\",\"@id\":\"https:\/\/www.sindmoveis.com.br\/es\/#\/schema\/person\/image\/\",\"url\":\"https:\/\/secure.gravatar.com\/avatar\/4973e2e2c2a0cb5db30b0c7b770041b8e33d048a16b695a1f99c042449d4bfaf?s=96&d=mm&r=g\",\"contentUrl\":\"https:\/\/secure.gravatar.com\/avatar\/4973e2e2c2a0cb5db30b0c7b770041b8e33d048a16b695a1f99c042449d4bfaf?s=96&d=mm&r=g\",\"caption\":\"Imprensa Sindm\u00f3veis\"},\"url\":\"https:\/\/www.sindmoveis.com.br\/es\/author\/ana\/\"}]}<\/script>\n<!-- \/ Yoast SEO plugin. -->","yoast_head_json":{"title":"Inscripciones para Sal\u00e3o Design Casa Brasil cierran d\u00eda 22 - Sindm\u00f3veis-RS","robots":{"index":"index","follow":"follow","max-snippet":"max-snippet:-1","max-image-preview":"max-image-preview:large","max-video-preview":"max-video-preview:-1"},"canonical":"https:\/\/www.sindmoveis.com.br\/es\/inscricoes-para-o-salao-design-casa-brasil-encerram-dia-22\/","og_locale":"es_ES","og_type":"article","og_title":"Inscripciones para Sal\u00e3o Design Casa Brasil cierran d\u00eda 22 - Sindm\u00f3veis-RS","og_description":"\u00a0 El pr\u00f3ximo viernes, d\u00eda 22, cierran las inscripciones para el Sal\u00e3o Design Casa Brasil 2013. El premio, realizado desde hace 25 a\u00f1os por el Sindicato de las Industrias del... Leia mais &raquo;","og_url":"https:\/\/www.sindmoveis.com.br\/es\/inscricoes-para-o-salao-design-casa-brasil-encerram-dia-22\/","og_site_name":"Sindm\u00f3veis-RS","article_published_time":"2013-02-18T03:00:00+00:00","article_modified_time":"2021-05-26T13:27:48+00:00","author":"Imprensa Sindm\u00f3veis","twitter_card":"summary_large_image","twitter_misc":{"Escrito por":"Imprensa Sindm\u00f3veis","Tiempo de lectura":"2 minutos"},"schema":{"@context":"https:\/\/schema.org","@graph":[{"@type":"Article","@id":"https:\/\/www.sindmoveis.com.br\/es\/inscricoes-para-o-salao-design-casa-brasil-encerram-dia-22\/#article","isPartOf":{"@id":"https:\/\/www.sindmoveis.com.br\/es\/inscricoes-para-o-salao-design-casa-brasil-encerram-dia-22\/"},"author":{"name":"Imprensa Sindm\u00f3veis","@id":"https:\/\/www.sindmoveis.com.br\/es\/#\/schema\/person\/16d379542db1950a17fe188179340d57"},"headline":"Inscripciones para Sal\u00e3o Design Casa Brasil cierran d\u00eda 22","datePublished":"2013-02-18T03:00:00+00:00","dateModified":"2021-05-26T13:27:48+00:00","mainEntityOfPage":{"@id":"https:\/\/www.sindmoveis.com.br\/es\/inscricoes-para-o-salao-design-casa-brasil-encerram-dia-22\/"},"wordCount":359,"articleSection":["Premio Sal\u00e3o Design","Sindm\u00f3veis"],"inLanguage":"es"},{"@type":"WebPage","@id":"https:\/\/www.sindmoveis.com.br\/es\/inscricoes-para-o-salao-design-casa-brasil-encerram-dia-22\/","url":"https:\/\/www.sindmoveis.com.br\/es\/inscricoes-para-o-salao-design-casa-brasil-encerram-dia-22\/","name":"Inscripciones para Sal\u00e3o Design Casa Brasil cierran d\u00eda 22 - Sindm\u00f3veis-RS","isPartOf":{"@id":"https:\/\/www.sindmoveis.com.br\/es\/#website"},"datePublished":"2013-02-18T03:00:00+00:00","dateModified":"2021-05-26T13:27:48+00:00","author":{"@id":"https:\/\/www.sindmoveis.com.br\/es\/#\/schema\/person\/16d379542db1950a17fe188179340d57"},"inLanguage":"es","potentialAction":[{"@type":"ReadAction","target":["https:\/\/www.sindmoveis.com.br\/es\/inscricoes-para-o-salao-design-casa-brasil-encerram-dia-22\/"]}]},{"@type":"WebSite","@id":"https:\/\/www.sindmoveis.com.br\/es\/#website","url":"https:\/\/www.sindmoveis.com.br\/es\/","name":"Sindm\u00f3veis-RS","description":"","potentialAction":[{"@type":"SearchAction","target":{"@type":"EntryPoint","urlTemplate":"https:\/\/www.sindmoveis.com.br\/es\/?s={search_term_string}"},"query-input":{"@type":"PropertyValueSpecification","valueRequired":true,"valueName":"search_term_string"}}],"inLanguage":"es"},{"@type":"Person","@id":"https:\/\/www.sindmoveis.com.br\/es\/#\/schema\/person\/16d379542db1950a17fe188179340d57","name":"Imprensa Sindm\u00f3veis","image":{"@type":"ImageObject","inLanguage":"es","@id":"https:\/\/www.sindmoveis.com.br\/es\/#\/schema\/person\/image\/","url":"https:\/\/secure.gravatar.com\/avatar\/4973e2e2c2a0cb5db30b0c7b770041b8e33d048a16b695a1f99c042449d4bfaf?s=96&d=mm&r=g","contentUrl":"https:\/\/secure.gravatar.com\/avatar\/4973e2e2c2a0cb5db30b0c7b770041b8e33d048a16b695a1f99c042449d4bfaf?s=96&d=mm&r=g","caption":"Imprensa Sindm\u00f3veis"},"url":"https:\/\/www.sindmoveis.com.br\/es\/author\/ana\/"}]}},"_links":{"self":[{"href":"https:\/\/www.sindmoveis.com.br\/es\/wp-json\/wp\/v2\/posts\/972","targetHints":{"allow":["GET"]}}],"collection":[{"href":"https:\/\/www.sindmoveis.com.br\/es\/wp-json\/wp\/v2\/posts"}],"about":[{"href":"https:\/\/www.sindmoveis.com.br\/es\/wp-json\/wp\/v2\/types\/post"}],"author":[{"embeddable":true,"href":"https:\/\/www.sindmoveis.com.br\/es\/wp-json\/wp\/v2\/users\/5"}],"replies":[{"embeddable":true,"href":"https:\/\/www.sindmoveis.com.br\/es\/wp-json\/wp\/v2\/comments?post=972"}],"version-history":[{"count":2,"href":"https:\/\/www.sindmoveis.com.br\/es\/wp-json\/wp\/v2\/posts\/972\/revisions"}],"predecessor-version":[{"id":3262,"href":"https:\/\/www.sindmoveis.com.br\/es\/wp-json\/wp\/v2\/posts\/972\/revisions\/3262"}],"wp:attachment":[{"href":"https:\/\/www.sindmoveis.com.br\/es\/wp-json\/wp\/v2\/media?parent=972"}],"wp:term":[{"taxonomy":"category","embeddable":true,"href":"https:\/\/www.sindmoveis.com.br\/es\/wp-json\/wp\/v2\/categories?post=972"},{"taxonomy":"post_tag","embeddable":true,"href":"https:\/\/www.sindmoveis.com.br\/es\/wp-json\/wp\/v2\/tags?post=972"}],"curies":[{"name":"wp","href":"https:\/\/api.w.org\/{rel}","templated":true}]}}