{"id":968,"date":"2013-01-28T00:00:00","date_gmt":"2013-01-28T02:00:00","guid":{"rendered":"http:\/\/sindmoveis.com.br\/imprensa\/noticias\/movelsul-brasil-2014-inicia-sua-divulgacao-internacional\/"},"modified":"2021-05-26T10:31:44","modified_gmt":"2021-05-26T13:31:44","slug":"movelsul-brasil-2014-inicia-sua-divulgacao-internacional","status":"publish","type":"post","link":"https:\/\/www.sindmoveis.com.br\/es\/movelsul-brasil-2014-inicia-sua-divulgacao-internacional\/","title":{"rendered":"Movelsul Brasil 2014 inicia su divulgaci\u00f3n internacional"},"content":{"rendered":"<p>\u00a0<br \/>\nAunque falta m\u00e1s de un a\u00f1o para la realizaci\u00f3n de Movelsul, el Sindicato de la Industria del Mobiliario de Bento Gon\u00e7alves (Sindm\u00f3veis) ya ha dado la partida para el trabajo de divulgaci\u00f3n de la pr\u00f3xima edici\u00f3n de la feria, considerada la mayor del sector del mobiliario en Am\u00e9rica Latina, marcada para el mes de marzo de 2014. Representantes de la entidad har\u00e1n la divulgaci\u00f3n del evento en febrero durante la Expo Mueble Invierno 2013, en Guadalajara, M\u00e9xico.\u00a0<br \/>\n\u00a0<br \/>\nM\u00e9xico despierta, desde hace mucho tiempo, el inter\u00e9s de los exportadores brasile\u00f1os, quienes buscan una participaci\u00f3n m\u00e1s expresiva en este mercado, que es uno de los principales de Latinoam\u00e9rica, en virtud de ser la segunda mayor econom\u00eda y poblaci\u00f3n de la regi\u00f3n. \u00a0A pesar de que Brasil haya perdido participaci\u00f3n en ese pa\u00eds en los \u00faltimos a\u00f1os, la semejanza cultural es uno de los atractivos de M\u00e9xico, que adem\u00e1s de ello viene destac\u00e1ndose como una de las econom\u00edas m\u00e1s din\u00e1micas de Am\u00e9rica, con uno de los mayores crecimientos proyectados para los pr\u00f3ximos a\u00f1os.<br \/>\n\u00a0<br \/>\nAdem\u00e1s de divulgar Movelsul 2014, que en 2012 cont\u00f3 con m\u00e1s de 38 mil visitantes y gener\u00f3 m\u00e1s de U$ 300 millones en negocios, Sindm\u00f3veis har\u00e1 la prospecci\u00f3n de importadores de Am\u00e9rica del Norte para la participaci\u00f3n en el Proyecto Comprador, que ser\u00e1 realizado durante la feria. En ese proyecto, los importadores son seleccionados e invitados para participar de encuentros con empresas exportadoras brasile\u00f1as, con el intuito de generar negocios. En la edici\u00f3n de 2012, fueron m\u00e1s de 500 reuniones, con 30 importadores de 18 pa\u00edses.<br \/>\n\u00a0<\/p>\n","protected":false},"excerpt":{"rendered":"<p>\u00a0 Aunque falta m\u00e1s de un a\u00f1o para la realizaci\u00f3n de Movelsul, el Sindicato de la Industria del Mobiliario de Bento Gon\u00e7alves (Sindm\u00f3veis) ya ha dado la partida para el&#8230;  <a class=\"excerpt-read-more\" href=\"https:\/\/www.sindmoveis.com.br\/es\/movelsul-brasil-2014-inicia-sua-divulgacao-internacional\/\" title=\"Read Movelsul Brasil 2014 inicia su divulgaci\u00f3n internacional\">Leia mais &raquo;<\/a><\/p>\n","protected":false},"author":5,"featured_media":0,"comment_status":"closed","ping_status":"open","sticky":false,"template":"","format":"standard","meta":{"footnotes":"","_links_to":"","_links_to_target":""},"categories":[23,2],"tags":[],"class_list":["post-968","post","type-post","status-publish","format-standard","hentry","category-movelsul","category-sindmoveis"],"yoast_head":"<!-- This site is optimized with the Yoast SEO plugin v27.0 - https:\/\/yoast.com\/product\/yoast-seo-wordpress\/ -->\n<title>Movelsul Brasil 2014 inicia su divulgaci\u00f3n internacional - Sindm\u00f3veis-RS<\/title>\n<meta name=\"robots\" content=\"index, follow, max-snippet:-1, max-image-preview:large, max-video-preview:-1\" \/>\n<link rel=\"canonical\" href=\"https:\/\/www.sindmoveis.com.br\/es\/movelsul-brasil-2014-inicia-sua-divulgacao-internacional\/\" \/>\n<meta property=\"og:locale\" content=\"es_ES\" \/>\n<meta property=\"og:type\" content=\"article\" \/>\n<meta property=\"og:title\" content=\"Movelsul Brasil 2014 inicia su divulgaci\u00f3n internacional - Sindm\u00f3veis-RS\" \/>\n<meta property=\"og:description\" content=\"\u00a0 Aunque falta m\u00e1s de un a\u00f1o para la realizaci\u00f3n de Movelsul, el Sindicato de la Industria del Mobiliario de Bento Gon\u00e7alves (Sindm\u00f3veis) ya ha dado la partida para el... Leia mais &raquo;\" \/>\n<meta property=\"og:url\" content=\"https:\/\/www.sindmoveis.com.br\/es\/movelsul-brasil-2014-inicia-sua-divulgacao-internacional\/\" \/>\n<meta property=\"og:site_name\" content=\"Sindm\u00f3veis-RS\" \/>\n<meta property=\"article:published_time\" content=\"2013-01-28T02:00:00+00:00\" \/>\n<meta property=\"article:modified_time\" content=\"2021-05-26T13:31:44+00:00\" \/>\n<meta name=\"author\" content=\"Imprensa Sindm\u00f3veis\" \/>\n<meta name=\"twitter:card\" content=\"summary_large_image\" \/>\n<meta name=\"twitter:label1\" content=\"Escrito por\" \/>\n\t<meta name=\"twitter:data1\" content=\"Imprensa Sindm\u00f3veis\" \/>\n\t<meta name=\"twitter:label2\" content=\"Tiempo de lectura\" \/>\n\t<meta name=\"twitter:data2\" content=\"1 minuto\" \/>\n<script type=\"application\/ld+json\" class=\"yoast-schema-graph\">{\"@context\":\"https:\/\/schema.org\",\"@graph\":[{\"@type\":\"Article\",\"@id\":\"https:\/\/www.sindmoveis.com.br\/es\/movelsul-brasil-2014-inicia-sua-divulgacao-internacional\/#article\",\"isPartOf\":{\"@id\":\"https:\/\/www.sindmoveis.com.br\/es\/movelsul-brasil-2014-inicia-sua-divulgacao-internacional\/\"},\"author\":{\"name\":\"Imprensa Sindm\u00f3veis\",\"@id\":\"https:\/\/www.sindmoveis.com.br\/es\/#\/schema\/person\/16d379542db1950a17fe188179340d57\"},\"headline\":\"Movelsul Brasil 2014 inicia su divulgaci\u00f3n internacional\",\"datePublished\":\"2013-01-28T02:00:00+00:00\",\"dateModified\":\"2021-05-26T13:31:44+00:00\",\"mainEntityOfPage\":{\"@id\":\"https:\/\/www.sindmoveis.com.br\/es\/movelsul-brasil-2014-inicia-sua-divulgacao-internacional\/\"},\"wordCount\":297,\"articleSection\":[\"Movelsul\",\"Sindm\u00f3veis\"],\"inLanguage\":\"es\"},{\"@type\":\"WebPage\",\"@id\":\"https:\/\/www.sindmoveis.com.br\/es\/movelsul-brasil-2014-inicia-sua-divulgacao-internacional\/\",\"url\":\"https:\/\/www.sindmoveis.com.br\/es\/movelsul-brasil-2014-inicia-sua-divulgacao-internacional\/\",\"name\":\"Movelsul Brasil 2014 inicia su divulgaci\u00f3n internacional - Sindm\u00f3veis-RS\",\"isPartOf\":{\"@id\":\"https:\/\/www.sindmoveis.com.br\/es\/#website\"},\"datePublished\":\"2013-01-28T02:00:00+00:00\",\"dateModified\":\"2021-05-26T13:31:44+00:00\",\"author\":{\"@id\":\"https:\/\/www.sindmoveis.com.br\/es\/#\/schema\/person\/16d379542db1950a17fe188179340d57\"},\"inLanguage\":\"es\",\"potentialAction\":[{\"@type\":\"ReadAction\",\"target\":[\"https:\/\/www.sindmoveis.com.br\/es\/movelsul-brasil-2014-inicia-sua-divulgacao-internacional\/\"]}]},{\"@type\":\"WebSite\",\"@id\":\"https:\/\/www.sindmoveis.com.br\/es\/#website\",\"url\":\"https:\/\/www.sindmoveis.com.br\/es\/\",\"name\":\"Sindm\u00f3veis-RS\",\"description\":\"\",\"potentialAction\":[{\"@type\":\"SearchAction\",\"target\":{\"@type\":\"EntryPoint\",\"urlTemplate\":\"https:\/\/www.sindmoveis.com.br\/es\/?s={search_term_string}\"},\"query-input\":{\"@type\":\"PropertyValueSpecification\",\"valueRequired\":true,\"valueName\":\"search_term_string\"}}],\"inLanguage\":\"es\"},{\"@type\":\"Person\",\"@id\":\"https:\/\/www.sindmoveis.com.br\/es\/#\/schema\/person\/16d379542db1950a17fe188179340d57\",\"name\":\"Imprensa Sindm\u00f3veis\",\"image\":{\"@type\":\"ImageObject\",\"inLanguage\":\"es\",\"@id\":\"https:\/\/www.sindmoveis.com.br\/es\/#\/schema\/person\/image\/\",\"url\":\"https:\/\/secure.gravatar.com\/avatar\/4973e2e2c2a0cb5db30b0c7b770041b8e33d048a16b695a1f99c042449d4bfaf?s=96&d=mm&r=g\",\"contentUrl\":\"https:\/\/secure.gravatar.com\/avatar\/4973e2e2c2a0cb5db30b0c7b770041b8e33d048a16b695a1f99c042449d4bfaf?s=96&d=mm&r=g\",\"caption\":\"Imprensa Sindm\u00f3veis\"},\"url\":\"https:\/\/www.sindmoveis.com.br\/es\/author\/ana\/\"}]}<\/script>\n<!-- \/ Yoast SEO plugin. -->","yoast_head_json":{"title":"Movelsul Brasil 2014 inicia su divulgaci\u00f3n internacional - Sindm\u00f3veis-RS","robots":{"index":"index","follow":"follow","max-snippet":"max-snippet:-1","max-image-preview":"max-image-preview:large","max-video-preview":"max-video-preview:-1"},"canonical":"https:\/\/www.sindmoveis.com.br\/es\/movelsul-brasil-2014-inicia-sua-divulgacao-internacional\/","og_locale":"es_ES","og_type":"article","og_title":"Movelsul Brasil 2014 inicia su divulgaci\u00f3n internacional - Sindm\u00f3veis-RS","og_description":"\u00a0 Aunque falta m\u00e1s de un a\u00f1o para la realizaci\u00f3n de Movelsul, el Sindicato de la Industria del Mobiliario de Bento Gon\u00e7alves (Sindm\u00f3veis) ya ha dado la partida para el... Leia mais &raquo;","og_url":"https:\/\/www.sindmoveis.com.br\/es\/movelsul-brasil-2014-inicia-sua-divulgacao-internacional\/","og_site_name":"Sindm\u00f3veis-RS","article_published_time":"2013-01-28T02:00:00+00:00","article_modified_time":"2021-05-26T13:31:44+00:00","author":"Imprensa Sindm\u00f3veis","twitter_card":"summary_large_image","twitter_misc":{"Escrito por":"Imprensa Sindm\u00f3veis","Tiempo de lectura":"1 minuto"},"schema":{"@context":"https:\/\/schema.org","@graph":[{"@type":"Article","@id":"https:\/\/www.sindmoveis.com.br\/es\/movelsul-brasil-2014-inicia-sua-divulgacao-internacional\/#article","isPartOf":{"@id":"https:\/\/www.sindmoveis.com.br\/es\/movelsul-brasil-2014-inicia-sua-divulgacao-internacional\/"},"author":{"name":"Imprensa Sindm\u00f3veis","@id":"https:\/\/www.sindmoveis.com.br\/es\/#\/schema\/person\/16d379542db1950a17fe188179340d57"},"headline":"Movelsul Brasil 2014 inicia su divulgaci\u00f3n internacional","datePublished":"2013-01-28T02:00:00+00:00","dateModified":"2021-05-26T13:31:44+00:00","mainEntityOfPage":{"@id":"https:\/\/www.sindmoveis.com.br\/es\/movelsul-brasil-2014-inicia-sua-divulgacao-internacional\/"},"wordCount":297,"articleSection":["Movelsul","Sindm\u00f3veis"],"inLanguage":"es"},{"@type":"WebPage","@id":"https:\/\/www.sindmoveis.com.br\/es\/movelsul-brasil-2014-inicia-sua-divulgacao-internacional\/","url":"https:\/\/www.sindmoveis.com.br\/es\/movelsul-brasil-2014-inicia-sua-divulgacao-internacional\/","name":"Movelsul Brasil 2014 inicia su divulgaci\u00f3n internacional - Sindm\u00f3veis-RS","isPartOf":{"@id":"https:\/\/www.sindmoveis.com.br\/es\/#website"},"datePublished":"2013-01-28T02:00:00+00:00","dateModified":"2021-05-26T13:31:44+00:00","author":{"@id":"https:\/\/www.sindmoveis.com.br\/es\/#\/schema\/person\/16d379542db1950a17fe188179340d57"},"inLanguage":"es","potentialAction":[{"@type":"ReadAction","target":["https:\/\/www.sindmoveis.com.br\/es\/movelsul-brasil-2014-inicia-sua-divulgacao-internacional\/"]}]},{"@type":"WebSite","@id":"https:\/\/www.sindmoveis.com.br\/es\/#website","url":"https:\/\/www.sindmoveis.com.br\/es\/","name":"Sindm\u00f3veis-RS","description":"","potentialAction":[{"@type":"SearchAction","target":{"@type":"EntryPoint","urlTemplate":"https:\/\/www.sindmoveis.com.br\/es\/?s={search_term_string}"},"query-input":{"@type":"PropertyValueSpecification","valueRequired":true,"valueName":"search_term_string"}}],"inLanguage":"es"},{"@type":"Person","@id":"https:\/\/www.sindmoveis.com.br\/es\/#\/schema\/person\/16d379542db1950a17fe188179340d57","name":"Imprensa Sindm\u00f3veis","image":{"@type":"ImageObject","inLanguage":"es","@id":"https:\/\/www.sindmoveis.com.br\/es\/#\/schema\/person\/image\/","url":"https:\/\/secure.gravatar.com\/avatar\/4973e2e2c2a0cb5db30b0c7b770041b8e33d048a16b695a1f99c042449d4bfaf?s=96&d=mm&r=g","contentUrl":"https:\/\/secure.gravatar.com\/avatar\/4973e2e2c2a0cb5db30b0c7b770041b8e33d048a16b695a1f99c042449d4bfaf?s=96&d=mm&r=g","caption":"Imprensa Sindm\u00f3veis"},"url":"https:\/\/www.sindmoveis.com.br\/es\/author\/ana\/"}]}},"_links":{"self":[{"href":"https:\/\/www.sindmoveis.com.br\/es\/wp-json\/wp\/v2\/posts\/968","targetHints":{"allow":["GET"]}}],"collection":[{"href":"https:\/\/www.sindmoveis.com.br\/es\/wp-json\/wp\/v2\/posts"}],"about":[{"href":"https:\/\/www.sindmoveis.com.br\/es\/wp-json\/wp\/v2\/types\/post"}],"author":[{"embeddable":true,"href":"https:\/\/www.sindmoveis.com.br\/es\/wp-json\/wp\/v2\/users\/5"}],"replies":[{"embeddable":true,"href":"https:\/\/www.sindmoveis.com.br\/es\/wp-json\/wp\/v2\/comments?post=968"}],"version-history":[{"count":2,"href":"https:\/\/www.sindmoveis.com.br\/es\/wp-json\/wp\/v2\/posts\/968\/revisions"}],"predecessor-version":[{"id":3259,"href":"https:\/\/www.sindmoveis.com.br\/es\/wp-json\/wp\/v2\/posts\/968\/revisions\/3259"}],"wp:attachment":[{"href":"https:\/\/www.sindmoveis.com.br\/es\/wp-json\/wp\/v2\/media?parent=968"}],"wp:term":[{"taxonomy":"category","embeddable":true,"href":"https:\/\/www.sindmoveis.com.br\/es\/wp-json\/wp\/v2\/categories?post=968"},{"taxonomy":"post_tag","embeddable":true,"href":"https:\/\/www.sindmoveis.com.br\/es\/wp-json\/wp\/v2\/tags?post=968"}],"curies":[{"name":"wp","href":"https:\/\/api.w.org\/{rel}","templated":true}]}}