{"id":965,"date":"2013-01-17T00:00:00","date_gmt":"2013-01-17T02:00:00","guid":{"rendered":"http:\/\/sindmoveis.com.br\/imprensa\/noticias\/sindmoveis-inicia-ano-com-folego-total-em-projetos-da-casa-brasil-2013\/"},"modified":"2021-05-26T10:24:52","modified_gmt":"2021-05-26T13:24:52","slug":"sindmoveis-inicia-ano-com-folego-total-em-projetos-da-casa-brasil-2013","status":"publish","type":"post","link":"https:\/\/www.sindmoveis.com.br\/es\/sindmoveis-inicia-ano-com-folego-total-em-projetos-da-casa-brasil-2013\/","title":{"rendered":"Sindm\u00f3veis inicia el a\u00f1o con fuerza total en proyectos de Casa Brasil 2013"},"content":{"rendered":"<p>\u00a0<br \/>\nDesde el fin de la \u00faltima Movelsul, Sindm\u00f3veis est\u00e1 trabajando en la cuarta edici\u00f3n de Casa Brasil, que ser\u00e1 realizada de 13 a 16 de agosto de 2013. El trabajo recibe un refuerzo especial a partir de ahora, con el desarrollo de proyectos especiales y la recepci\u00f3n de las inscripciones para el Sal\u00e3o Design Casa Brasil. El premio, instituido hace 25 a\u00f1os por Sindm\u00f3veis promueve la creatividad e innovaci\u00f3n tecnol\u00f3gica en muebles y accesorios por medio del dise\u00f1o. Resta aproximadamente un mes para el cierre de las inscripciones y, hasta ahora, el n\u00famero de proyectos inscritos, comparativamente con el mismo per\u00edodo, \u00a0ya supera el de la \u00faltima edici\u00f3n. \u00a0\u00a0<br \/>\n\u00a0<br \/>\nAl mismo tiempo, el equipo de Casa Brasil desarrolla el proyecto de rescate y valoraci\u00f3n de la artesan\u00eda local, lo que resultar\u00e1 posteriormente en una l\u00ednea de productos para cocina, como accesorios de mesa e \u00edtems de armonizaci\u00f3n, que ser\u00e1 lanzada durante la feria. Los primeros talleres con artesanos locales fueron realizados a lo largo del a\u00f1o pasado y, a partir de marzo, la acci\u00f3n ser\u00e1 retomada con la definici\u00f3n de los art\u00edculos que ir\u00e1n a formar la colecci\u00f3n. Con ejecuci\u00f3n coordinada por las arquitectas Tina Moura y Lui Lo Pumo (LT Arquitectura e Design), integrantes de la curadur\u00eda de Casa Brasil, y por el dise\u00f1ador Renato Imbroisi, la acci\u00f3n proporcionar\u00e1 la integraci\u00f3n del dise\u00f1o con t\u00e9cnicas tradicionales en la regi\u00f3n, como cester\u00eda, tejido manual, crochet, bordado y objetos en madera.<br \/>\n\u00a0<br \/>\nLa presidente de Sindm\u00f3veis, C\u00e1tia Scarton, destaca que la promoci\u00f3n y la valoraci\u00f3n del dise\u00f1o nacional est\u00e1n en las ra\u00edces de la entidad. \u201cNuestro negocio va mucho m\u00e1s all\u00e1 que representar sindicalmente a las industrias del mobiliario asociadas. Somos una entidad local volcada para el mundo y que busca condiciones de inserci\u00f3n global para nuestras empresas. Para nosotros, el dise\u00f1o es la herramienta de competitividad capaz de diferenciar nuestros productos, promover la identidad brasile\u00f1a y fortalecer la industria del mueble\u201d destaca.\u00a0<br \/>\n\u00a0<\/p>\n","protected":false},"excerpt":{"rendered":"<p>\u00a0 Desde el fin de la \u00faltima Movelsul, Sindm\u00f3veis est\u00e1 trabajando en la cuarta edici\u00f3n de Casa Brasil, que ser\u00e1 realizada de 13 a 16 de agosto de 2013. El&#8230;  <a class=\"excerpt-read-more\" href=\"https:\/\/www.sindmoveis.com.br\/es\/sindmoveis-inicia-ano-com-folego-total-em-projetos-da-casa-brasil-2013\/\" title=\"Read Sindm\u00f3veis inicia el a\u00f1o con fuerza total en proyectos de Casa Brasil 2013\">Leia mais &raquo;<\/a><\/p>\n","protected":false},"author":5,"featured_media":0,"comment_status":"closed","ping_status":"open","sticky":false,"template":"","format":"standard","meta":{"footnotes":"","_links_to":"","_links_to_target":""},"categories":[2],"tags":[],"class_list":["post-965","post","type-post","status-publish","format-standard","hentry","category-sindmoveis"],"yoast_head":"<!-- This site is optimized with the Yoast SEO plugin v27.0 - https:\/\/yoast.com\/product\/yoast-seo-wordpress\/ -->\n<title>Sindm\u00f3veis inicia el a\u00f1o con fuerza total en proyectos de Casa Brasil 2013 - Sindm\u00f3veis-RS<\/title>\n<meta name=\"robots\" content=\"index, follow, max-snippet:-1, max-image-preview:large, max-video-preview:-1\" \/>\n<link rel=\"canonical\" href=\"https:\/\/www.sindmoveis.com.br\/es\/sindmoveis-inicia-ano-com-folego-total-em-projetos-da-casa-brasil-2013\/\" \/>\n<meta property=\"og:locale\" content=\"es_ES\" \/>\n<meta property=\"og:type\" content=\"article\" \/>\n<meta property=\"og:title\" content=\"Sindm\u00f3veis inicia el a\u00f1o con fuerza total en proyectos de Casa Brasil 2013 - Sindm\u00f3veis-RS\" \/>\n<meta property=\"og:description\" content=\"\u00a0 Desde el fin de la \u00faltima Movelsul, Sindm\u00f3veis est\u00e1 trabajando en la cuarta edici\u00f3n de Casa Brasil, que ser\u00e1 realizada de 13 a 16 de agosto de 2013. El... Leia mais &raquo;\" \/>\n<meta property=\"og:url\" content=\"https:\/\/www.sindmoveis.com.br\/es\/sindmoveis-inicia-ano-com-folego-total-em-projetos-da-casa-brasil-2013\/\" \/>\n<meta property=\"og:site_name\" content=\"Sindm\u00f3veis-RS\" \/>\n<meta property=\"article:published_time\" content=\"2013-01-17T02:00:00+00:00\" \/>\n<meta property=\"article:modified_time\" content=\"2021-05-26T13:24:52+00:00\" \/>\n<meta name=\"author\" content=\"Imprensa Sindm\u00f3veis\" \/>\n<meta name=\"twitter:card\" content=\"summary_large_image\" \/>\n<meta name=\"twitter:label1\" content=\"Escrito por\" \/>\n\t<meta name=\"twitter:data1\" content=\"Imprensa Sindm\u00f3veis\" \/>\n\t<meta name=\"twitter:label2\" content=\"Tiempo de lectura\" \/>\n\t<meta name=\"twitter:data2\" content=\"2 minutos\" \/>\n<script type=\"application\/ld+json\" class=\"yoast-schema-graph\">{\"@context\":\"https:\/\/schema.org\",\"@graph\":[{\"@type\":\"Article\",\"@id\":\"https:\/\/www.sindmoveis.com.br\/es\/sindmoveis-inicia-ano-com-folego-total-em-projetos-da-casa-brasil-2013\/#article\",\"isPartOf\":{\"@id\":\"https:\/\/www.sindmoveis.com.br\/es\/sindmoveis-inicia-ano-com-folego-total-em-projetos-da-casa-brasil-2013\/\"},\"author\":{\"name\":\"Imprensa Sindm\u00f3veis\",\"@id\":\"https:\/\/www.sindmoveis.com.br\/es\/#\/schema\/person\/16d379542db1950a17fe188179340d57\"},\"headline\":\"Sindm\u00f3veis inicia el a\u00f1o con fuerza total en proyectos de Casa Brasil 2013\",\"datePublished\":\"2013-01-17T02:00:00+00:00\",\"dateModified\":\"2021-05-26T13:24:52+00:00\",\"mainEntityOfPage\":{\"@id\":\"https:\/\/www.sindmoveis.com.br\/es\/sindmoveis-inicia-ano-com-folego-total-em-projetos-da-casa-brasil-2013\/\"},\"wordCount\":372,\"articleSection\":[\"Sindm\u00f3veis\"],\"inLanguage\":\"es\"},{\"@type\":\"WebPage\",\"@id\":\"https:\/\/www.sindmoveis.com.br\/es\/sindmoveis-inicia-ano-com-folego-total-em-projetos-da-casa-brasil-2013\/\",\"url\":\"https:\/\/www.sindmoveis.com.br\/es\/sindmoveis-inicia-ano-com-folego-total-em-projetos-da-casa-brasil-2013\/\",\"name\":\"Sindm\u00f3veis inicia el a\u00f1o con fuerza total en proyectos de Casa Brasil 2013 - Sindm\u00f3veis-RS\",\"isPartOf\":{\"@id\":\"https:\/\/www.sindmoveis.com.br\/es\/#website\"},\"datePublished\":\"2013-01-17T02:00:00+00:00\",\"dateModified\":\"2021-05-26T13:24:52+00:00\",\"author\":{\"@id\":\"https:\/\/www.sindmoveis.com.br\/es\/#\/schema\/person\/16d379542db1950a17fe188179340d57\"},\"inLanguage\":\"es\",\"potentialAction\":[{\"@type\":\"ReadAction\",\"target\":[\"https:\/\/www.sindmoveis.com.br\/es\/sindmoveis-inicia-ano-com-folego-total-em-projetos-da-casa-brasil-2013\/\"]}]},{\"@type\":\"WebSite\",\"@id\":\"https:\/\/www.sindmoveis.com.br\/es\/#website\",\"url\":\"https:\/\/www.sindmoveis.com.br\/es\/\",\"name\":\"Sindm\u00f3veis-RS\",\"description\":\"\",\"potentialAction\":[{\"@type\":\"SearchAction\",\"target\":{\"@type\":\"EntryPoint\",\"urlTemplate\":\"https:\/\/www.sindmoveis.com.br\/es\/?s={search_term_string}\"},\"query-input\":{\"@type\":\"PropertyValueSpecification\",\"valueRequired\":true,\"valueName\":\"search_term_string\"}}],\"inLanguage\":\"es\"},{\"@type\":\"Person\",\"@id\":\"https:\/\/www.sindmoveis.com.br\/es\/#\/schema\/person\/16d379542db1950a17fe188179340d57\",\"name\":\"Imprensa Sindm\u00f3veis\",\"image\":{\"@type\":\"ImageObject\",\"inLanguage\":\"es\",\"@id\":\"https:\/\/www.sindmoveis.com.br\/es\/#\/schema\/person\/image\/\",\"url\":\"https:\/\/secure.gravatar.com\/avatar\/4973e2e2c2a0cb5db30b0c7b770041b8e33d048a16b695a1f99c042449d4bfaf?s=96&d=mm&r=g\",\"contentUrl\":\"https:\/\/secure.gravatar.com\/avatar\/4973e2e2c2a0cb5db30b0c7b770041b8e33d048a16b695a1f99c042449d4bfaf?s=96&d=mm&r=g\",\"caption\":\"Imprensa Sindm\u00f3veis\"},\"url\":\"https:\/\/www.sindmoveis.com.br\/es\/author\/ana\/\"}]}<\/script>\n<!-- \/ Yoast SEO plugin. -->","yoast_head_json":{"title":"Sindm\u00f3veis inicia el a\u00f1o con fuerza total en proyectos de Casa Brasil 2013 - Sindm\u00f3veis-RS","robots":{"index":"index","follow":"follow","max-snippet":"max-snippet:-1","max-image-preview":"max-image-preview:large","max-video-preview":"max-video-preview:-1"},"canonical":"https:\/\/www.sindmoveis.com.br\/es\/sindmoveis-inicia-ano-com-folego-total-em-projetos-da-casa-brasil-2013\/","og_locale":"es_ES","og_type":"article","og_title":"Sindm\u00f3veis inicia el a\u00f1o con fuerza total en proyectos de Casa Brasil 2013 - Sindm\u00f3veis-RS","og_description":"\u00a0 Desde el fin de la \u00faltima Movelsul, Sindm\u00f3veis est\u00e1 trabajando en la cuarta edici\u00f3n de Casa Brasil, que ser\u00e1 realizada de 13 a 16 de agosto de 2013. El... Leia mais &raquo;","og_url":"https:\/\/www.sindmoveis.com.br\/es\/sindmoveis-inicia-ano-com-folego-total-em-projetos-da-casa-brasil-2013\/","og_site_name":"Sindm\u00f3veis-RS","article_published_time":"2013-01-17T02:00:00+00:00","article_modified_time":"2021-05-26T13:24:52+00:00","author":"Imprensa Sindm\u00f3veis","twitter_card":"summary_large_image","twitter_misc":{"Escrito por":"Imprensa Sindm\u00f3veis","Tiempo de lectura":"2 minutos"},"schema":{"@context":"https:\/\/schema.org","@graph":[{"@type":"Article","@id":"https:\/\/www.sindmoveis.com.br\/es\/sindmoveis-inicia-ano-com-folego-total-em-projetos-da-casa-brasil-2013\/#article","isPartOf":{"@id":"https:\/\/www.sindmoveis.com.br\/es\/sindmoveis-inicia-ano-com-folego-total-em-projetos-da-casa-brasil-2013\/"},"author":{"name":"Imprensa Sindm\u00f3veis","@id":"https:\/\/www.sindmoveis.com.br\/es\/#\/schema\/person\/16d379542db1950a17fe188179340d57"},"headline":"Sindm\u00f3veis inicia el a\u00f1o con fuerza total en proyectos de Casa Brasil 2013","datePublished":"2013-01-17T02:00:00+00:00","dateModified":"2021-05-26T13:24:52+00:00","mainEntityOfPage":{"@id":"https:\/\/www.sindmoveis.com.br\/es\/sindmoveis-inicia-ano-com-folego-total-em-projetos-da-casa-brasil-2013\/"},"wordCount":372,"articleSection":["Sindm\u00f3veis"],"inLanguage":"es"},{"@type":"WebPage","@id":"https:\/\/www.sindmoveis.com.br\/es\/sindmoveis-inicia-ano-com-folego-total-em-projetos-da-casa-brasil-2013\/","url":"https:\/\/www.sindmoveis.com.br\/es\/sindmoveis-inicia-ano-com-folego-total-em-projetos-da-casa-brasil-2013\/","name":"Sindm\u00f3veis inicia el a\u00f1o con fuerza total en proyectos de Casa Brasil 2013 - Sindm\u00f3veis-RS","isPartOf":{"@id":"https:\/\/www.sindmoveis.com.br\/es\/#website"},"datePublished":"2013-01-17T02:00:00+00:00","dateModified":"2021-05-26T13:24:52+00:00","author":{"@id":"https:\/\/www.sindmoveis.com.br\/es\/#\/schema\/person\/16d379542db1950a17fe188179340d57"},"inLanguage":"es","potentialAction":[{"@type":"ReadAction","target":["https:\/\/www.sindmoveis.com.br\/es\/sindmoveis-inicia-ano-com-folego-total-em-projetos-da-casa-brasil-2013\/"]}]},{"@type":"WebSite","@id":"https:\/\/www.sindmoveis.com.br\/es\/#website","url":"https:\/\/www.sindmoveis.com.br\/es\/","name":"Sindm\u00f3veis-RS","description":"","potentialAction":[{"@type":"SearchAction","target":{"@type":"EntryPoint","urlTemplate":"https:\/\/www.sindmoveis.com.br\/es\/?s={search_term_string}"},"query-input":{"@type":"PropertyValueSpecification","valueRequired":true,"valueName":"search_term_string"}}],"inLanguage":"es"},{"@type":"Person","@id":"https:\/\/www.sindmoveis.com.br\/es\/#\/schema\/person\/16d379542db1950a17fe188179340d57","name":"Imprensa Sindm\u00f3veis","image":{"@type":"ImageObject","inLanguage":"es","@id":"https:\/\/www.sindmoveis.com.br\/es\/#\/schema\/person\/image\/","url":"https:\/\/secure.gravatar.com\/avatar\/4973e2e2c2a0cb5db30b0c7b770041b8e33d048a16b695a1f99c042449d4bfaf?s=96&d=mm&r=g","contentUrl":"https:\/\/secure.gravatar.com\/avatar\/4973e2e2c2a0cb5db30b0c7b770041b8e33d048a16b695a1f99c042449d4bfaf?s=96&d=mm&r=g","caption":"Imprensa Sindm\u00f3veis"},"url":"https:\/\/www.sindmoveis.com.br\/es\/author\/ana\/"}]}},"_links":{"self":[{"href":"https:\/\/www.sindmoveis.com.br\/es\/wp-json\/wp\/v2\/posts\/965","targetHints":{"allow":["GET"]}}],"collection":[{"href":"https:\/\/www.sindmoveis.com.br\/es\/wp-json\/wp\/v2\/posts"}],"about":[{"href":"https:\/\/www.sindmoveis.com.br\/es\/wp-json\/wp\/v2\/types\/post"}],"author":[{"embeddable":true,"href":"https:\/\/www.sindmoveis.com.br\/es\/wp-json\/wp\/v2\/users\/5"}],"replies":[{"embeddable":true,"href":"https:\/\/www.sindmoveis.com.br\/es\/wp-json\/wp\/v2\/comments?post=965"}],"version-history":[{"count":2,"href":"https:\/\/www.sindmoveis.com.br\/es\/wp-json\/wp\/v2\/posts\/965\/revisions"}],"predecessor-version":[{"id":3257,"href":"https:\/\/www.sindmoveis.com.br\/es\/wp-json\/wp\/v2\/posts\/965\/revisions\/3257"}],"wp:attachment":[{"href":"https:\/\/www.sindmoveis.com.br\/es\/wp-json\/wp\/v2\/media?parent=965"}],"wp:term":[{"taxonomy":"category","embeddable":true,"href":"https:\/\/www.sindmoveis.com.br\/es\/wp-json\/wp\/v2\/categories?post=965"},{"taxonomy":"post_tag","embeddable":true,"href":"https:\/\/www.sindmoveis.com.br\/es\/wp-json\/wp\/v2\/tags?post=965"}],"curies":[{"name":"wp","href":"https:\/\/api.w.org\/{rel}","templated":true}]}}