{"id":964,"date":"2013-01-16T00:00:00","date_gmt":"2013-01-16T02:00:00","guid":{"rendered":"http:\/\/sindmoveis.com.br\/imprensa\/noticias\/agenda-politica-contribui-para-desempenho-do-setor-em-2012\/"},"modified":"2021-05-26T10:24:52","modified_gmt":"2021-05-26T13:24:52","slug":"agenda-politica-contribui-para-desempenho-do-setor-em-2012","status":"publish","type":"post","link":"https:\/\/www.sindmoveis.com.br\/es\/agenda-politica-contribui-para-desempenho-do-setor-em-2012\/","title":{"rendered":"Agenda pol\u00edtica contribuye para desempe\u00f1o del sector en 2012"},"content":{"rendered":"<p>Adem\u00e1s de las vacaciones promovidas por el Sindicato de las Industrias del Mobiliario de Bento Gon\u00e7alves \u2013 Sindm\u00f3veis, y \u00a0los innumerables proyectos de incentivo al sector, la respuesta positiva del Gobierno Federal a algunas de las principales reivindicaciones del sector del mobiliario, contribuy\u00f3 para los resultados alcanzados en 2012. Desde hace un a\u00f1o, cuando asumi\u00f3 la presidencia de Sindm\u00f3veis, la empresaria C\u00e1tia Scarton, est\u00e1 participando junto a la Asociaci\u00f3n de las Industrias de Muebles de R\u00edo Grande do Sul \u2013 Movergs, del debate de cuestiones pol\u00edticas que afectan las industrias de muebles del estado. La mayor y m\u00e1s latente era la reducci\u00f3n del Impuesto sobre Productos Industrializados (IPI) para muebles, beneficio anunciado por el Ministro de Hacienda, Guido Mantega, el primer d\u00eda de Movelsul Brasil 2012, en marzo de ese mismo a\u00f1o.<br \/>\n\u00a0<br \/>\nLa concesi\u00f3n que ser\u00eda v\u00e1lida por 90 d\u00edas fue prorrogada hasta el fin de enero de 2013, con aumento gradual despu\u00e9s de esa fecha, y la \u00a0al\u00edcuota normal vigorando solamente a partir del mes de julio. Aunque la reducci\u00f3n haya presentado sus efectos m\u00e1s intensos en los primeros meses en que estuvo en vigencia, la misma contribuy\u00f3 para la competitividad del sector en el mercado interno frente a los importados. \u201cPudimos percibir que reducci\u00f3n temporal de impuestos tiene efectos limitados. A\u00fan as\u00ed, la medida es decisiva para que podamos continuar contribuyendo con la generaci\u00f3n de empleos y renta y acompa\u00f1ando la creciente demanda por muebles, comprobada por el crecimiento de las ventas al por menor, tambi\u00e9n de forma que podamos competir con los importados\u201d, eval\u00faa la presidente del sindicato, C\u00e1tia Scarton.<br \/>\n\u00a0<br \/>\nOtra conquista del sector fue el lanzamiento, en agosto, de una l\u00ednea de financiaci\u00f3n por la entidad bancaria Caixa Econ\u00f3mica Federal destinada a la compra de muebles y electrodom\u00e9sticos de la l\u00ednea blanca para participantes del Programa Minha Casa, Minha Vida. El programa prev\u00e9 plazos e intereses especiales, que var\u00edan del uno al dos por ciento al mes, con pago en hasta 48 meses. Las tasas de intereses ser\u00e1n definidas de acuerdo con la renta familiar de los interesados, conforme las categor\u00edas de renta establecidos en el mencionado programa Minha Casa, Minha Vida. La reducci\u00f3n fue bastante significativa, visto que, en general los intereses para la financiaci\u00f3n de muebles giran alrededor de un 6%.<br \/>\n\u00a0<br \/>\nTambi\u00e9n a partir de agosto entr\u00f3 en vigencia la llamada exoneraci\u00f3n de la n\u00f3mina de pago, determinada por la Medida Provisoria \u00a0n\u00famero 563\/2012, que incluy\u00f3 las fabricantes de muebles entre los sectores que pasar\u00e1n a recoger la contribuci\u00f3n de la Previdencia Social sobre los ingresos, en sustituci\u00f3n al porcentual de 20% sobre la remuneraci\u00f3n. Con este cambio, las industrias fabricantes de muebles pasaron a recoger el equivalente a 1% de sus ingresos brutos, exceptuando valor de la venta de exportaci\u00f3n, pago de IPI, devoluciones y descuentos. El mayor impacto positivo fue percibido por las empresas con producci\u00f3n menos mecanizada y con alto \u00edndice de mano de obra contratada \u2013 aproximadamente 85% del cuadro de las empresas asociadas del Sindm\u00f3veis.<\/p>\n","protected":false},"excerpt":{"rendered":"<p>Adem\u00e1s de las vacaciones promovidas por el Sindicato de las Industrias del Mobiliario de Bento Gon\u00e7alves \u2013 Sindm\u00f3veis, y \u00a0los innumerables proyectos de incentivo al sector, la respuesta positiva del&#8230;  <a class=\"excerpt-read-more\" href=\"https:\/\/www.sindmoveis.com.br\/es\/agenda-politica-contribui-para-desempenho-do-setor-em-2012\/\" title=\"Read Agenda pol\u00edtica contribuye para desempe\u00f1o del sector en 2012\">Leia mais &raquo;<\/a><\/p>\n","protected":false},"author":5,"featured_media":0,"comment_status":"closed","ping_status":"open","sticky":false,"template":"","format":"standard","meta":{"footnotes":"","_links_to":"","_links_to_target":""},"categories":[2],"tags":[],"class_list":["post-964","post","type-post","status-publish","format-standard","hentry","category-sindmoveis"],"yoast_head":"<!-- This site is optimized with the Yoast SEO plugin v27.0 - https:\/\/yoast.com\/product\/yoast-seo-wordpress\/ -->\n<title>Agenda pol\u00edtica contribuye para desempe\u00f1o del sector en 2012 - Sindm\u00f3veis-RS<\/title>\n<meta name=\"robots\" content=\"index, follow, max-snippet:-1, max-image-preview:large, max-video-preview:-1\" \/>\n<link rel=\"canonical\" href=\"https:\/\/www.sindmoveis.com.br\/es\/agenda-politica-contribui-para-desempenho-do-setor-em-2012\/\" \/>\n<meta property=\"og:locale\" content=\"es_ES\" \/>\n<meta property=\"og:type\" content=\"article\" \/>\n<meta property=\"og:title\" content=\"Agenda pol\u00edtica contribuye para desempe\u00f1o del sector en 2012 - Sindm\u00f3veis-RS\" \/>\n<meta property=\"og:description\" content=\"Adem\u00e1s de las vacaciones promovidas por el Sindicato de las Industrias del Mobiliario de Bento Gon\u00e7alves \u2013 Sindm\u00f3veis, y \u00a0los innumerables proyectos de incentivo al sector, la respuesta positiva del... Leia mais &raquo;\" \/>\n<meta property=\"og:url\" content=\"https:\/\/www.sindmoveis.com.br\/es\/agenda-politica-contribui-para-desempenho-do-setor-em-2012\/\" \/>\n<meta property=\"og:site_name\" content=\"Sindm\u00f3veis-RS\" \/>\n<meta property=\"article:published_time\" content=\"2013-01-16T02:00:00+00:00\" \/>\n<meta property=\"article:modified_time\" content=\"2021-05-26T13:24:52+00:00\" \/>\n<meta name=\"author\" content=\"Imprensa Sindm\u00f3veis\" \/>\n<meta name=\"twitter:card\" content=\"summary_large_image\" \/>\n<meta name=\"twitter:label1\" content=\"Escrito por\" \/>\n\t<meta name=\"twitter:data1\" content=\"Imprensa Sindm\u00f3veis\" \/>\n\t<meta name=\"twitter:label2\" content=\"Tiempo de lectura\" \/>\n\t<meta name=\"twitter:data2\" content=\"3 minutos\" \/>\n<script type=\"application\/ld+json\" class=\"yoast-schema-graph\">{\"@context\":\"https:\/\/schema.org\",\"@graph\":[{\"@type\":\"Article\",\"@id\":\"https:\/\/www.sindmoveis.com.br\/es\/agenda-politica-contribui-para-desempenho-do-setor-em-2012\/#article\",\"isPartOf\":{\"@id\":\"https:\/\/www.sindmoveis.com.br\/es\/agenda-politica-contribui-para-desempenho-do-setor-em-2012\/\"},\"author\":{\"name\":\"Imprensa Sindm\u00f3veis\",\"@id\":\"https:\/\/www.sindmoveis.com.br\/es\/#\/schema\/person\/16d379542db1950a17fe188179340d57\"},\"headline\":\"Agenda pol\u00edtica contribuye para desempe\u00f1o del sector en 2012\",\"datePublished\":\"2013-01-16T02:00:00+00:00\",\"dateModified\":\"2021-05-26T13:24:52+00:00\",\"mainEntityOfPage\":{\"@id\":\"https:\/\/www.sindmoveis.com.br\/es\/agenda-politica-contribui-para-desempenho-do-setor-em-2012\/\"},\"wordCount\":542,\"articleSection\":[\"Sindm\u00f3veis\"],\"inLanguage\":\"es\"},{\"@type\":\"WebPage\",\"@id\":\"https:\/\/www.sindmoveis.com.br\/es\/agenda-politica-contribui-para-desempenho-do-setor-em-2012\/\",\"url\":\"https:\/\/www.sindmoveis.com.br\/es\/agenda-politica-contribui-para-desempenho-do-setor-em-2012\/\",\"name\":\"Agenda pol\u00edtica contribuye para desempe\u00f1o del sector en 2012 - Sindm\u00f3veis-RS\",\"isPartOf\":{\"@id\":\"https:\/\/www.sindmoveis.com.br\/es\/#website\"},\"datePublished\":\"2013-01-16T02:00:00+00:00\",\"dateModified\":\"2021-05-26T13:24:52+00:00\",\"author\":{\"@id\":\"https:\/\/www.sindmoveis.com.br\/es\/#\/schema\/person\/16d379542db1950a17fe188179340d57\"},\"inLanguage\":\"es\",\"potentialAction\":[{\"@type\":\"ReadAction\",\"target\":[\"https:\/\/www.sindmoveis.com.br\/es\/agenda-politica-contribui-para-desempenho-do-setor-em-2012\/\"]}]},{\"@type\":\"WebSite\",\"@id\":\"https:\/\/www.sindmoveis.com.br\/es\/#website\",\"url\":\"https:\/\/www.sindmoveis.com.br\/es\/\",\"name\":\"Sindm\u00f3veis-RS\",\"description\":\"\",\"potentialAction\":[{\"@type\":\"SearchAction\",\"target\":{\"@type\":\"EntryPoint\",\"urlTemplate\":\"https:\/\/www.sindmoveis.com.br\/es\/?s={search_term_string}\"},\"query-input\":{\"@type\":\"PropertyValueSpecification\",\"valueRequired\":true,\"valueName\":\"search_term_string\"}}],\"inLanguage\":\"es\"},{\"@type\":\"Person\",\"@id\":\"https:\/\/www.sindmoveis.com.br\/es\/#\/schema\/person\/16d379542db1950a17fe188179340d57\",\"name\":\"Imprensa Sindm\u00f3veis\",\"image\":{\"@type\":\"ImageObject\",\"inLanguage\":\"es\",\"@id\":\"https:\/\/www.sindmoveis.com.br\/es\/#\/schema\/person\/image\/\",\"url\":\"https:\/\/secure.gravatar.com\/avatar\/4973e2e2c2a0cb5db30b0c7b770041b8e33d048a16b695a1f99c042449d4bfaf?s=96&d=mm&r=g\",\"contentUrl\":\"https:\/\/secure.gravatar.com\/avatar\/4973e2e2c2a0cb5db30b0c7b770041b8e33d048a16b695a1f99c042449d4bfaf?s=96&d=mm&r=g\",\"caption\":\"Imprensa Sindm\u00f3veis\"},\"url\":\"https:\/\/www.sindmoveis.com.br\/es\/author\/ana\/\"}]}<\/script>\n<!-- \/ Yoast SEO plugin. -->","yoast_head_json":{"title":"Agenda pol\u00edtica contribuye para desempe\u00f1o del sector en 2012 - Sindm\u00f3veis-RS","robots":{"index":"index","follow":"follow","max-snippet":"max-snippet:-1","max-image-preview":"max-image-preview:large","max-video-preview":"max-video-preview:-1"},"canonical":"https:\/\/www.sindmoveis.com.br\/es\/agenda-politica-contribui-para-desempenho-do-setor-em-2012\/","og_locale":"es_ES","og_type":"article","og_title":"Agenda pol\u00edtica contribuye para desempe\u00f1o del sector en 2012 - Sindm\u00f3veis-RS","og_description":"Adem\u00e1s de las vacaciones promovidas por el Sindicato de las Industrias del Mobiliario de Bento Gon\u00e7alves \u2013 Sindm\u00f3veis, y \u00a0los innumerables proyectos de incentivo al sector, la respuesta positiva del... Leia mais &raquo;","og_url":"https:\/\/www.sindmoveis.com.br\/es\/agenda-politica-contribui-para-desempenho-do-setor-em-2012\/","og_site_name":"Sindm\u00f3veis-RS","article_published_time":"2013-01-16T02:00:00+00:00","article_modified_time":"2021-05-26T13:24:52+00:00","author":"Imprensa Sindm\u00f3veis","twitter_card":"summary_large_image","twitter_misc":{"Escrito por":"Imprensa Sindm\u00f3veis","Tiempo de lectura":"3 minutos"},"schema":{"@context":"https:\/\/schema.org","@graph":[{"@type":"Article","@id":"https:\/\/www.sindmoveis.com.br\/es\/agenda-politica-contribui-para-desempenho-do-setor-em-2012\/#article","isPartOf":{"@id":"https:\/\/www.sindmoveis.com.br\/es\/agenda-politica-contribui-para-desempenho-do-setor-em-2012\/"},"author":{"name":"Imprensa Sindm\u00f3veis","@id":"https:\/\/www.sindmoveis.com.br\/es\/#\/schema\/person\/16d379542db1950a17fe188179340d57"},"headline":"Agenda pol\u00edtica contribuye para desempe\u00f1o del sector en 2012","datePublished":"2013-01-16T02:00:00+00:00","dateModified":"2021-05-26T13:24:52+00:00","mainEntityOfPage":{"@id":"https:\/\/www.sindmoveis.com.br\/es\/agenda-politica-contribui-para-desempenho-do-setor-em-2012\/"},"wordCount":542,"articleSection":["Sindm\u00f3veis"],"inLanguage":"es"},{"@type":"WebPage","@id":"https:\/\/www.sindmoveis.com.br\/es\/agenda-politica-contribui-para-desempenho-do-setor-em-2012\/","url":"https:\/\/www.sindmoveis.com.br\/es\/agenda-politica-contribui-para-desempenho-do-setor-em-2012\/","name":"Agenda pol\u00edtica contribuye para desempe\u00f1o del sector en 2012 - Sindm\u00f3veis-RS","isPartOf":{"@id":"https:\/\/www.sindmoveis.com.br\/es\/#website"},"datePublished":"2013-01-16T02:00:00+00:00","dateModified":"2021-05-26T13:24:52+00:00","author":{"@id":"https:\/\/www.sindmoveis.com.br\/es\/#\/schema\/person\/16d379542db1950a17fe188179340d57"},"inLanguage":"es","potentialAction":[{"@type":"ReadAction","target":["https:\/\/www.sindmoveis.com.br\/es\/agenda-politica-contribui-para-desempenho-do-setor-em-2012\/"]}]},{"@type":"WebSite","@id":"https:\/\/www.sindmoveis.com.br\/es\/#website","url":"https:\/\/www.sindmoveis.com.br\/es\/","name":"Sindm\u00f3veis-RS","description":"","potentialAction":[{"@type":"SearchAction","target":{"@type":"EntryPoint","urlTemplate":"https:\/\/www.sindmoveis.com.br\/es\/?s={search_term_string}"},"query-input":{"@type":"PropertyValueSpecification","valueRequired":true,"valueName":"search_term_string"}}],"inLanguage":"es"},{"@type":"Person","@id":"https:\/\/www.sindmoveis.com.br\/es\/#\/schema\/person\/16d379542db1950a17fe188179340d57","name":"Imprensa Sindm\u00f3veis","image":{"@type":"ImageObject","inLanguage":"es","@id":"https:\/\/www.sindmoveis.com.br\/es\/#\/schema\/person\/image\/","url":"https:\/\/secure.gravatar.com\/avatar\/4973e2e2c2a0cb5db30b0c7b770041b8e33d048a16b695a1f99c042449d4bfaf?s=96&d=mm&r=g","contentUrl":"https:\/\/secure.gravatar.com\/avatar\/4973e2e2c2a0cb5db30b0c7b770041b8e33d048a16b695a1f99c042449d4bfaf?s=96&d=mm&r=g","caption":"Imprensa Sindm\u00f3veis"},"url":"https:\/\/www.sindmoveis.com.br\/es\/author\/ana\/"}]}},"_links":{"self":[{"href":"https:\/\/www.sindmoveis.com.br\/es\/wp-json\/wp\/v2\/posts\/964","targetHints":{"allow":["GET"]}}],"collection":[{"href":"https:\/\/www.sindmoveis.com.br\/es\/wp-json\/wp\/v2\/posts"}],"about":[{"href":"https:\/\/www.sindmoveis.com.br\/es\/wp-json\/wp\/v2\/types\/post"}],"author":[{"embeddable":true,"href":"https:\/\/www.sindmoveis.com.br\/es\/wp-json\/wp\/v2\/users\/5"}],"replies":[{"embeddable":true,"href":"https:\/\/www.sindmoveis.com.br\/es\/wp-json\/wp\/v2\/comments?post=964"}],"version-history":[{"count":2,"href":"https:\/\/www.sindmoveis.com.br\/es\/wp-json\/wp\/v2\/posts\/964\/revisions"}],"predecessor-version":[{"id":3256,"href":"https:\/\/www.sindmoveis.com.br\/es\/wp-json\/wp\/v2\/posts\/964\/revisions\/3256"}],"wp:attachment":[{"href":"https:\/\/www.sindmoveis.com.br\/es\/wp-json\/wp\/v2\/media?parent=964"}],"wp:term":[{"taxonomy":"category","embeddable":true,"href":"https:\/\/www.sindmoveis.com.br\/es\/wp-json\/wp\/v2\/categories?post=964"},{"taxonomy":"post_tag","embeddable":true,"href":"https:\/\/www.sindmoveis.com.br\/es\/wp-json\/wp\/v2\/tags?post=964"}],"curies":[{"name":"wp","href":"https:\/\/api.w.org\/{rel}","templated":true}]}}