{"id":962,"date":"2012-12-05T00:00:00","date_gmt":"2012-12-05T02:00:00","guid":{"rendered":"http:\/\/sindmoveis.com.br\/imprensa\/noticias\/projeto-orchestra-brasil-define-acoes-para-2013\/"},"modified":"2021-05-26T10:28:39","modified_gmt":"2021-05-26T13:28:39","slug":"projeto-orchestra-brasil-define-acoes-para-2013","status":"publish","type":"post","link":"https:\/\/www.sindmoveis.com.br\/es\/projeto-orchestra-brasil-define-acoes-para-2013\/","title":{"rendered":"Proyecto Orchestra Brasil define acciones para 2013"},"content":{"rendered":"<p>\u00a0<br \/>\nCalendario incluye la participaci\u00f3n de dise\u00f1adores y fabricantes de insumos para la industria del mobiliario en 24 ferias y proyectos internacionales<br \/>\n\u00a0<br \/>\nEl proyecto Orchestra Brasil de incentivo a las exportaciones ya ha definido las ferias y proyectos internacionales de los cuales participar\u00e1 el pr\u00f3ximo a\u00f1o. El calendario incluye acciones de promoci\u00f3n comercial y de posicionamiento del sector en el exterior, sigue las directrices de planificaci\u00f3n estrat\u00e9gica del proyecto, definido en conjunto entre las empresas integrantes y entidades promotoras \u2013 Sindm\u00f3veis (Sindicato de las Industrias del Mobiliario de Bento Gon\u00e7alves) y Apex-Brasil (Agencia de Promoci\u00f3n de Exportaciones e Inversiones).<br \/>\n\u00a0<br \/>\nEl proyecto Orchestra Brasil se destina a promover la inserci\u00f3n competitiva de \u00a0fabricantes de insumos, componentes, tecnolog\u00edas y servicio de dise\u00f1o para el sector del mobiliario en el mercado externo. Actualmente, 68 empresas y 25 estudios de dise\u00f1o participan de la iniciativa. Entre 2012 y 2013, el convenio de cooperaci\u00f3n t\u00e9cnica y financiera entre Sindm\u00f3veis y Apex-Brasil, prev\u00e9 inversiones de R$ 48 millones en acciones realizadas en 11 mercados considerados prioritarios: Estados Unidos, M\u00e9xico, Colombia, Per\u00fa, Chile, argentina, Paraguay, Uruguay, Sud\u00e1frica, Canad\u00e1 y Turqu\u00eda.\u00a0<br \/>\n\u00a0<br \/>\nConforme la presidente de Sindm\u00f3veis, C\u00e1tia Scarton, la oportunidad de integrar el empe\u00f1o de las empresas proveedoras de la industria del mobiliario al proyecto Orchestra Brasil est\u00e1 permitiendo, desde 2006 el acceso a informaciones concretas sobre el mercado externo, optimizando las estrategias para ventas y destinando los esfuerzos para intercambios reales de experiencias con los mercados objetivos. \u201cA partir de este a\u00f1o, cuando agregamos el servicio de dise\u00f1o al proyecto, hemos iniciado un proceso de potenciaci\u00f3n de los resultados, pues nuestras industrias y nuestros dise\u00f1adores est\u00e1n capacitados para abrir nuevos mercados fuera de Brasil\u201d conmemora.<br \/>\n\u00a0<br \/>\n\u00a0<br \/>\nOrchestra Brasil \u2013 acciones previstas para 2013<br \/>\n\u00a0<br \/>\nEnero<br \/>\n&#8211; Colombiatex, Medell\u00edn, Colombia: de 22 a 24 de enero (acci\u00f3n en asociaci\u00f3n \u00a0con \u00a0Abit &#8211; Asociaci\u00f3n Brasile\u00f1a de la Industria Textil)<br \/>\n\u00a0<br \/>\nFebrero<br \/>\n&#8211; Carnaval Apex, R\u00edo de Janeiro: 8 a 12 de febrero<br \/>\n\u00a0<br \/>\nMarzo<br \/>\n&#8211; Feira Fimma Brasil, Bento Gon\u00e7alves (RS): 18 a 22 de marzo (Proyecto Comprador)<br \/>\n\u00a0<br \/>\nAbril<br \/>\n&#8211; Feira I Saloni Milano, Mil\u00e1n, Italia: 9 a 14 de abril<br \/>\n&#8211; Feira KBIS Kitchen + Bath New Orleans 2013, Chicago, Estados Unidos: 19 a 21 de abril<br \/>\n\u00a0<br \/>\nMayo<br \/>\n&#8211; Feira Interzum, Colonia, Alemania: 13 a 16 de mayo<br \/>\n&#8211; Brasil Casa Design, Bogot\u00e1, Colombia: 21 a 26 de mayo<br \/>\n\u00a0<br \/>\nJulio<br \/>\n&#8211; Feria Bienal Fitecma, Buenos Aires, Argentina: 2 a 6 de julio<br \/>\n&#8211; Feria AWFS Las Vegas, Las Vegas, EUA: 24 a 27 de julio<br \/>\n&#8211; Proyecto F\u00f3rmula Indy, junto a la Feria AWFS Las Vegas: tour con importadores de los productos brasile\u00f1os (fecha a definir)<br \/>\n\u00a0<br \/>\nAgosto<br \/>\n&#8211; Feria Tecnomueble Guadalajara, Guadalajara, M\u00e9xico: 14 a 17 de agosto<br \/>\n&#8211; Feria Casa Brasil 2013, Bento Gon\u00e7alves (RS): 13 a 16 de agosto (Proyecto Comprador con 10 importadores; Proyecto Imagen con 5 periodistas internacionales, Seminario Internacional con 2 conferencistas)<br \/>\n&#8211; Feria Expo Nacional Ferretera 2013, Guadalajara, M\u00e9xico: 29 a 31 de agosto<br \/>\n\u00a0<br \/>\nSeptiembre<br \/>\n&#8211; Feria 100% Design London, Londres, Inglaterra: 19 a 22 de septiembre<br \/>\n\u00a0<br \/>\nOctubre<br \/>\n&#8211; Feria de la Construcci\u00f3n de Uruguay, Montevideo, Uruguay<br \/>\n\u00a0<br \/>\nNoviembre<br \/>\n&#8211; Matchmarkin M\u00f3vel Design &#8211; Evento de interacci\u00f3n entre las cadenas de dise\u00f1o e insumos para muebles<br \/>\n\u00a0<br \/>\nDiciembre<br \/>\n&#8211; Feria Design Miami, Miami, Estados Unidos: 4 a 8 de diciembre<br \/>\n\u00a0<br \/>\nAcciones permanentes<br \/>\nEEUU<br \/>\n&#8211; Prospecci\u00f3n de oportunidades en dise\u00f1o \u00a0\/ industria en el mercado focalizada en construcci\u00f3n, entre otros &#8211; duraci\u00f3n de 12 meses<br \/>\n&#8211; Showroom en el Centro de Negocios da Apex-Brasil en Miami con 6 empresas participantes<br \/>\n&#8211; Manutenci\u00f3n de la estrategia de comunicaci\u00f3n constante con el mercado prioritario en acciones pre y post eventos<br \/>\n\u00a0<\/p>\n","protected":false},"excerpt":{"rendered":"<p>\u00a0 Calendario incluye la participaci\u00f3n de dise\u00f1adores y fabricantes de insumos para la industria del mobiliario en 24 ferias y proyectos internacionales \u00a0 El proyecto Orchestra Brasil de incentivo a&#8230;  <a class=\"excerpt-read-more\" href=\"https:\/\/www.sindmoveis.com.br\/es\/projeto-orchestra-brasil-define-acoes-para-2013\/\" title=\"Read Proyecto Orchestra Brasil define acciones para 2013\">Leia mais &raquo;<\/a><\/p>\n","protected":false},"author":5,"featured_media":0,"comment_status":"closed","ping_status":"open","sticky":false,"template":"","format":"standard","meta":{"footnotes":"","_links_to":"","_links_to_target":""},"categories":[22,2],"tags":[],"class_list":["post-962","post","type-post","status-publish","format-standard","hentry","category-proyecto-orchestra-brasil","category-sindmoveis"],"yoast_head":"<!-- This site is optimized with the Yoast SEO plugin v27.0 - https:\/\/yoast.com\/product\/yoast-seo-wordpress\/ -->\n<title>Proyecto Orchestra Brasil define acciones para 2013 - Sindm\u00f3veis-RS<\/title>\n<meta name=\"robots\" content=\"index, follow, max-snippet:-1, max-image-preview:large, max-video-preview:-1\" \/>\n<link rel=\"canonical\" href=\"https:\/\/www.sindmoveis.com.br\/es\/projeto-orchestra-brasil-define-acoes-para-2013\/\" \/>\n<meta property=\"og:locale\" content=\"es_ES\" \/>\n<meta property=\"og:type\" content=\"article\" \/>\n<meta property=\"og:title\" content=\"Proyecto Orchestra Brasil define acciones para 2013 - Sindm\u00f3veis-RS\" \/>\n<meta property=\"og:description\" content=\"\u00a0 Calendario incluye la participaci\u00f3n de dise\u00f1adores y fabricantes de insumos para la industria del mobiliario en 24 ferias y proyectos internacionales \u00a0 El proyecto Orchestra Brasil de incentivo a... Leia mais &raquo;\" \/>\n<meta property=\"og:url\" content=\"https:\/\/www.sindmoveis.com.br\/es\/projeto-orchestra-brasil-define-acoes-para-2013\/\" \/>\n<meta property=\"og:site_name\" content=\"Sindm\u00f3veis-RS\" \/>\n<meta property=\"article:published_time\" content=\"2012-12-05T02:00:00+00:00\" \/>\n<meta property=\"article:modified_time\" content=\"2021-05-26T13:28:39+00:00\" \/>\n<meta name=\"author\" content=\"Imprensa Sindm\u00f3veis\" \/>\n<meta name=\"twitter:card\" content=\"summary_large_image\" \/>\n<meta name=\"twitter:label1\" content=\"Escrito por\" \/>\n\t<meta name=\"twitter:data1\" content=\"Imprensa Sindm\u00f3veis\" \/>\n\t<meta name=\"twitter:label2\" content=\"Tiempo de lectura\" \/>\n\t<meta name=\"twitter:data2\" content=\"3 minutos\" \/>\n<script type=\"application\/ld+json\" class=\"yoast-schema-graph\">{\"@context\":\"https:\/\/schema.org\",\"@graph\":[{\"@type\":\"Article\",\"@id\":\"https:\/\/www.sindmoveis.com.br\/es\/projeto-orchestra-brasil-define-acoes-para-2013\/#article\",\"isPartOf\":{\"@id\":\"https:\/\/www.sindmoveis.com.br\/es\/projeto-orchestra-brasil-define-acoes-para-2013\/\"},\"author\":{\"name\":\"Imprensa Sindm\u00f3veis\",\"@id\":\"https:\/\/www.sindmoveis.com.br\/es\/#\/schema\/person\/16d379542db1950a17fe188179340d57\"},\"headline\":\"Proyecto Orchestra Brasil define acciones para 2013\",\"datePublished\":\"2012-12-05T02:00:00+00:00\",\"dateModified\":\"2021-05-26T13:28:39+00:00\",\"mainEntityOfPage\":{\"@id\":\"https:\/\/www.sindmoveis.com.br\/es\/projeto-orchestra-brasil-define-acoes-para-2013\/\"},\"wordCount\":605,\"articleSection\":[\"Proyecto Orchestra Brasil\",\"Sindm\u00f3veis\"],\"inLanguage\":\"es\"},{\"@type\":\"WebPage\",\"@id\":\"https:\/\/www.sindmoveis.com.br\/es\/projeto-orchestra-brasil-define-acoes-para-2013\/\",\"url\":\"https:\/\/www.sindmoveis.com.br\/es\/projeto-orchestra-brasil-define-acoes-para-2013\/\",\"name\":\"Proyecto Orchestra Brasil define acciones para 2013 - Sindm\u00f3veis-RS\",\"isPartOf\":{\"@id\":\"https:\/\/www.sindmoveis.com.br\/es\/#website\"},\"datePublished\":\"2012-12-05T02:00:00+00:00\",\"dateModified\":\"2021-05-26T13:28:39+00:00\",\"author\":{\"@id\":\"https:\/\/www.sindmoveis.com.br\/es\/#\/schema\/person\/16d379542db1950a17fe188179340d57\"},\"inLanguage\":\"es\",\"potentialAction\":[{\"@type\":\"ReadAction\",\"target\":[\"https:\/\/www.sindmoveis.com.br\/es\/projeto-orchestra-brasil-define-acoes-para-2013\/\"]}]},{\"@type\":\"WebSite\",\"@id\":\"https:\/\/www.sindmoveis.com.br\/es\/#website\",\"url\":\"https:\/\/www.sindmoveis.com.br\/es\/\",\"name\":\"Sindm\u00f3veis-RS\",\"description\":\"\",\"potentialAction\":[{\"@type\":\"SearchAction\",\"target\":{\"@type\":\"EntryPoint\",\"urlTemplate\":\"https:\/\/www.sindmoveis.com.br\/es\/?s={search_term_string}\"},\"query-input\":{\"@type\":\"PropertyValueSpecification\",\"valueRequired\":true,\"valueName\":\"search_term_string\"}}],\"inLanguage\":\"es\"},{\"@type\":\"Person\",\"@id\":\"https:\/\/www.sindmoveis.com.br\/es\/#\/schema\/person\/16d379542db1950a17fe188179340d57\",\"name\":\"Imprensa Sindm\u00f3veis\",\"image\":{\"@type\":\"ImageObject\",\"inLanguage\":\"es\",\"@id\":\"https:\/\/www.sindmoveis.com.br\/es\/#\/schema\/person\/image\/\",\"url\":\"https:\/\/secure.gravatar.com\/avatar\/4973e2e2c2a0cb5db30b0c7b770041b8e33d048a16b695a1f99c042449d4bfaf?s=96&d=mm&r=g\",\"contentUrl\":\"https:\/\/secure.gravatar.com\/avatar\/4973e2e2c2a0cb5db30b0c7b770041b8e33d048a16b695a1f99c042449d4bfaf?s=96&d=mm&r=g\",\"caption\":\"Imprensa Sindm\u00f3veis\"},\"url\":\"https:\/\/www.sindmoveis.com.br\/es\/author\/ana\/\"}]}<\/script>\n<!-- \/ Yoast SEO plugin. -->","yoast_head_json":{"title":"Proyecto Orchestra Brasil define acciones para 2013 - Sindm\u00f3veis-RS","robots":{"index":"index","follow":"follow","max-snippet":"max-snippet:-1","max-image-preview":"max-image-preview:large","max-video-preview":"max-video-preview:-1"},"canonical":"https:\/\/www.sindmoveis.com.br\/es\/projeto-orchestra-brasil-define-acoes-para-2013\/","og_locale":"es_ES","og_type":"article","og_title":"Proyecto Orchestra Brasil define acciones para 2013 - Sindm\u00f3veis-RS","og_description":"\u00a0 Calendario incluye la participaci\u00f3n de dise\u00f1adores y fabricantes de insumos para la industria del mobiliario en 24 ferias y proyectos internacionales \u00a0 El proyecto Orchestra Brasil de incentivo a... Leia mais &raquo;","og_url":"https:\/\/www.sindmoveis.com.br\/es\/projeto-orchestra-brasil-define-acoes-para-2013\/","og_site_name":"Sindm\u00f3veis-RS","article_published_time":"2012-12-05T02:00:00+00:00","article_modified_time":"2021-05-26T13:28:39+00:00","author":"Imprensa Sindm\u00f3veis","twitter_card":"summary_large_image","twitter_misc":{"Escrito por":"Imprensa Sindm\u00f3veis","Tiempo de lectura":"3 minutos"},"schema":{"@context":"https:\/\/schema.org","@graph":[{"@type":"Article","@id":"https:\/\/www.sindmoveis.com.br\/es\/projeto-orchestra-brasil-define-acoes-para-2013\/#article","isPartOf":{"@id":"https:\/\/www.sindmoveis.com.br\/es\/projeto-orchestra-brasil-define-acoes-para-2013\/"},"author":{"name":"Imprensa Sindm\u00f3veis","@id":"https:\/\/www.sindmoveis.com.br\/es\/#\/schema\/person\/16d379542db1950a17fe188179340d57"},"headline":"Proyecto Orchestra Brasil define acciones para 2013","datePublished":"2012-12-05T02:00:00+00:00","dateModified":"2021-05-26T13:28:39+00:00","mainEntityOfPage":{"@id":"https:\/\/www.sindmoveis.com.br\/es\/projeto-orchestra-brasil-define-acoes-para-2013\/"},"wordCount":605,"articleSection":["Proyecto Orchestra Brasil","Sindm\u00f3veis"],"inLanguage":"es"},{"@type":"WebPage","@id":"https:\/\/www.sindmoveis.com.br\/es\/projeto-orchestra-brasil-define-acoes-para-2013\/","url":"https:\/\/www.sindmoveis.com.br\/es\/projeto-orchestra-brasil-define-acoes-para-2013\/","name":"Proyecto Orchestra Brasil define acciones para 2013 - Sindm\u00f3veis-RS","isPartOf":{"@id":"https:\/\/www.sindmoveis.com.br\/es\/#website"},"datePublished":"2012-12-05T02:00:00+00:00","dateModified":"2021-05-26T13:28:39+00:00","author":{"@id":"https:\/\/www.sindmoveis.com.br\/es\/#\/schema\/person\/16d379542db1950a17fe188179340d57"},"inLanguage":"es","potentialAction":[{"@type":"ReadAction","target":["https:\/\/www.sindmoveis.com.br\/es\/projeto-orchestra-brasil-define-acoes-para-2013\/"]}]},{"@type":"WebSite","@id":"https:\/\/www.sindmoveis.com.br\/es\/#website","url":"https:\/\/www.sindmoveis.com.br\/es\/","name":"Sindm\u00f3veis-RS","description":"","potentialAction":[{"@type":"SearchAction","target":{"@type":"EntryPoint","urlTemplate":"https:\/\/www.sindmoveis.com.br\/es\/?s={search_term_string}"},"query-input":{"@type":"PropertyValueSpecification","valueRequired":true,"valueName":"search_term_string"}}],"inLanguage":"es"},{"@type":"Person","@id":"https:\/\/www.sindmoveis.com.br\/es\/#\/schema\/person\/16d379542db1950a17fe188179340d57","name":"Imprensa Sindm\u00f3veis","image":{"@type":"ImageObject","inLanguage":"es","@id":"https:\/\/www.sindmoveis.com.br\/es\/#\/schema\/person\/image\/","url":"https:\/\/secure.gravatar.com\/avatar\/4973e2e2c2a0cb5db30b0c7b770041b8e33d048a16b695a1f99c042449d4bfaf?s=96&d=mm&r=g","contentUrl":"https:\/\/secure.gravatar.com\/avatar\/4973e2e2c2a0cb5db30b0c7b770041b8e33d048a16b695a1f99c042449d4bfaf?s=96&d=mm&r=g","caption":"Imprensa Sindm\u00f3veis"},"url":"https:\/\/www.sindmoveis.com.br\/es\/author\/ana\/"}]}},"_links":{"self":[{"href":"https:\/\/www.sindmoveis.com.br\/es\/wp-json\/wp\/v2\/posts\/962","targetHints":{"allow":["GET"]}}],"collection":[{"href":"https:\/\/www.sindmoveis.com.br\/es\/wp-json\/wp\/v2\/posts"}],"about":[{"href":"https:\/\/www.sindmoveis.com.br\/es\/wp-json\/wp\/v2\/types\/post"}],"author":[{"embeddable":true,"href":"https:\/\/www.sindmoveis.com.br\/es\/wp-json\/wp\/v2\/users\/5"}],"replies":[{"embeddable":true,"href":"https:\/\/www.sindmoveis.com.br\/es\/wp-json\/wp\/v2\/comments?post=962"}],"version-history":[{"count":2,"href":"https:\/\/www.sindmoveis.com.br\/es\/wp-json\/wp\/v2\/posts\/962\/revisions"}],"predecessor-version":[{"id":3255,"href":"https:\/\/www.sindmoveis.com.br\/es\/wp-json\/wp\/v2\/posts\/962\/revisions\/3255"}],"wp:attachment":[{"href":"https:\/\/www.sindmoveis.com.br\/es\/wp-json\/wp\/v2\/media?parent=962"}],"wp:term":[{"taxonomy":"category","embeddable":true,"href":"https:\/\/www.sindmoveis.com.br\/es\/wp-json\/wp\/v2\/categories?post=962"},{"taxonomy":"post_tag","embeddable":true,"href":"https:\/\/www.sindmoveis.com.br\/es\/wp-json\/wp\/v2\/tags?post=962"}],"curies":[{"name":"wp","href":"https:\/\/api.w.org\/{rel}","templated":true}]}}