{"id":958,"date":"2012-11-12T00:00:00","date_gmt":"2012-11-12T02:00:00","guid":{"rendered":"http:\/\/sindmoveis.com.br\/imprensa\/noticias\/projeto-orchestra-brasil-divulga-cadeia-moveleira-em-paises-da-america-do-sul\/"},"modified":"2021-05-26T10:28:39","modified_gmt":"2021-05-26T13:28:39","slug":"projeto-orchestra-brasil-divulga-cadeia-moveleira-em-paises-da-america-do-sul","status":"publish","type":"post","link":"https:\/\/www.sindmoveis.com.br\/es\/projeto-orchestra-brasil-divulga-cadeia-moveleira-em-paises-da-america-do-sul\/","title":{"rendered":"Projeto Orchestra Brasil divulga cadena del mobiliario en pa\u00edses de Am\u00e9rica del Sur"},"content":{"rendered":"<p>\u00a0<br \/>\nMisi\u00f3n comercial aproxim\u00f3 proveedores nacionales de la industria de muebles de Argentina, Paraguay, Per\u00fa y Uruguay<br \/>\nCon misiones comerciales realizadas en cuatro pa\u00edses vecinos, el Roadshow Am\u00e9rica del Sur, promovido por el proyecto Orchestra Brasil de incentivo a las exportaciones entre los meses de octubre y noviembre, posibilit\u00f3 una aproximaci\u00f3n in\u00e9dita entre proveedores brasile\u00f1os y la industria del mueble de Argentina, Paraguay, Per\u00fa y Uruguay. El proyecto, una asociaci\u00f3n entre el Sindicato de las Industrias del Mobiliario de Bento Gon\u00e7alves (Sindm\u00f3veis) y la Agencia de Promoci\u00f3n de Exportaciones e Inversiones (Apex-Brasil), promueve la inserci\u00f3n competitiva de \u00a0fabricantes de insumos, tecnolog\u00eda y servicio de dise\u00f1o para el sector del mobiliario en el mercado externo. El calendario de acciones del a\u00f1o finaliza con la participaci\u00f3n del proyecto en Design Miami, de 4 a 9 de noviembre.<br \/>\n\u00a0<br \/>\nEl Roadshow fue una iniciativa innovadora del proyecto Orchestra Brasil, con el objetivo de aproximar las empresas participantes de entidades representativas, fabricantes de muebles, distribuidores e importadores de los mercados visitados. Conforme el asesor de Inteligencia Comercial del proyecto, Eduardo Santarossa, la inserci\u00f3n se focaliza en asociaciones de largo plazo, siendo los productos brasile\u00f1os sugeridos como alternativas de tecnolog\u00eda, calidad y competitividad para las industrias de Am\u00e9rica del Sur. \u201cLos pa\u00edses del Mercosur ya est\u00e1n entre los 10 principales compradores de todos los productos del proyecto Orchestra Brasil. Aspectos como crecimiento econ\u00f3mico y de importaciones espec\u00edficas hace con que ellos est\u00e9n siempre entre nuestras prioridades\u201d, eval\u00faa. \u00a0<br \/>\n\u00a0<br \/>\nEn Per\u00fa, primer pa\u00eds que recibi\u00f3 la misi\u00f3n comercial, un sondeo realizado entre los clientes invitados apunt\u00f3 la satisfacci\u00f3n con las asociaciones promovidas por el evento. Entre quienes participaron de este sondeo, 100% participar\u00edan nuevamente en otro evento futuro y 70% consideraron haber hecho contactos interesantes. El pa\u00eds vive un momento decisivo para el fortalecimiento de asociaciones comerciales con Brasil, con crecimiento de la renta per c\u00e1pita de la poblaci\u00f3n, comercio internacional y ascensi\u00f3n de la industria del mobiliario. La producci\u00f3n mensual de muebles de Per\u00fa pr\u00e1cticamente dobl\u00f3 en los \u00faltimos cinco a\u00f1os y el promedio anual de importaciones de los productos del proyecto Orchestra Brasil tuvo un crecimiento superior a 15% de 2005 a 2011. \u00a0<br \/>\n\u00a0<br \/>\nEn Paraguay, 81% de los clientes presentes en el encuentro entre proveedores brasile\u00f1os y la industria local del mobiliario consideraron haber realizado contactos interesantes. El pa\u00eds fue el quinto principal destino de los productos brasile\u00f1os integrantes del proyecto Orchestra, con crecimiento promedio anual de 2005 a 2011 de 26,1%. Ya en Uruguay, donde fue registrado crecimiento promedio anual de 13,5% en el mismo per\u00edodo, todos los invitados afirmaron haber aprobado la iniciativa y apoyar la realizaci\u00f3n de una segunda edici\u00f3n del encuentro. Ese pa\u00eds ocupa actualmente la d\u00e9cima posici\u00f3n entre los principales destinos de Brasil.<br \/>\n\u00a0<br \/>\nEl \u00faltimo evento del Roadshow fue realizado en Argentina \u2013 pa\u00eds que, al inicio de 2012, disminuy\u00f3 las importaciones de los segmentos participantes del proyecto Orchestra Brasil. Hasta el a\u00f1o pasado, ese mercado fue el principal destino de los insumos brasile\u00f1os para muebles, con crecimiento promedio anual de 15,4% en el per\u00edodo de 2005 a 2011. Aunque las barreras de ese pa\u00eds hayan afectado el comercio bilateral en este a\u00f1o, la expectativa es \u00a0que la misi\u00f3n comercial pueda generar nuevas asociaciones, amenizando la situaci\u00f3n a partir de los pr\u00f3ximos meses. De enero a junio, Argentina qued\u00f3 en segundo lugar entre los principales destinos brasile\u00f1os de componentes, acabados, accesorios, productos qu\u00edmicos y tecnolog\u00eda para muebles. Ese pa\u00eds fue el que cont\u00f3 con el mayor n\u00famero de empresas en la misi\u00f3n comercial, ocurrida en la embajada de Brasil.<br \/>\n\u00a0<br \/>\n\u00a0<\/p>\n","protected":false},"excerpt":{"rendered":"<p>\u00a0 Misi\u00f3n comercial aproxim\u00f3 proveedores nacionales de la industria de muebles de Argentina, Paraguay, Per\u00fa y Uruguay Con misiones comerciales realizadas en cuatro pa\u00edses vecinos, el Roadshow Am\u00e9rica del Sur,&#8230;  <a class=\"excerpt-read-more\" href=\"https:\/\/www.sindmoveis.com.br\/es\/projeto-orchestra-brasil-divulga-cadeia-moveleira-em-paises-da-america-do-sul\/\" title=\"Read Projeto Orchestra Brasil divulga cadena del mobiliario en pa\u00edses de Am\u00e9rica del Sur\">Leia mais &raquo;<\/a><\/p>\n","protected":false},"author":5,"featured_media":0,"comment_status":"closed","ping_status":"open","sticky":false,"template":"","format":"standard","meta":{"footnotes":"","_links_to":"","_links_to_target":""},"categories":[22,2],"tags":[],"class_list":["post-958","post","type-post","status-publish","format-standard","hentry","category-proyecto-orchestra-brasil","category-sindmoveis"],"yoast_head":"<!-- This site is optimized with the Yoast SEO plugin v27.0 - https:\/\/yoast.com\/product\/yoast-seo-wordpress\/ -->\n<title>Projeto Orchestra Brasil divulga cadena del mobiliario en pa\u00edses de Am\u00e9rica del Sur - Sindm\u00f3veis-RS<\/title>\n<meta name=\"robots\" content=\"index, follow, max-snippet:-1, max-image-preview:large, max-video-preview:-1\" \/>\n<link rel=\"canonical\" href=\"https:\/\/www.sindmoveis.com.br\/es\/projeto-orchestra-brasil-divulga-cadeia-moveleira-em-paises-da-america-do-sul\/\" \/>\n<meta property=\"og:locale\" content=\"es_ES\" \/>\n<meta property=\"og:type\" content=\"article\" \/>\n<meta property=\"og:title\" content=\"Projeto Orchestra Brasil divulga cadena del mobiliario en pa\u00edses de Am\u00e9rica del Sur - Sindm\u00f3veis-RS\" \/>\n<meta property=\"og:description\" content=\"\u00a0 Misi\u00f3n comercial aproxim\u00f3 proveedores nacionales de la industria de muebles de Argentina, Paraguay, Per\u00fa y Uruguay Con misiones comerciales realizadas en cuatro pa\u00edses vecinos, el Roadshow Am\u00e9rica del Sur,... Leia mais &raquo;\" \/>\n<meta property=\"og:url\" content=\"https:\/\/www.sindmoveis.com.br\/es\/projeto-orchestra-brasil-divulga-cadeia-moveleira-em-paises-da-america-do-sul\/\" \/>\n<meta property=\"og:site_name\" content=\"Sindm\u00f3veis-RS\" \/>\n<meta property=\"article:published_time\" content=\"2012-11-12T02:00:00+00:00\" \/>\n<meta property=\"article:modified_time\" content=\"2021-05-26T13:28:39+00:00\" \/>\n<meta name=\"author\" content=\"Imprensa Sindm\u00f3veis\" \/>\n<meta name=\"twitter:card\" content=\"summary_large_image\" \/>\n<meta name=\"twitter:label1\" content=\"Escrito por\" \/>\n\t<meta name=\"twitter:data1\" content=\"Imprensa Sindm\u00f3veis\" \/>\n\t<meta name=\"twitter:label2\" content=\"Tiempo de lectura\" \/>\n\t<meta name=\"twitter:data2\" content=\"3 minutos\" \/>\n<script type=\"application\/ld+json\" class=\"yoast-schema-graph\">{\"@context\":\"https:\/\/schema.org\",\"@graph\":[{\"@type\":\"Article\",\"@id\":\"https:\/\/www.sindmoveis.com.br\/es\/projeto-orchestra-brasil-divulga-cadeia-moveleira-em-paises-da-america-do-sul\/#article\",\"isPartOf\":{\"@id\":\"https:\/\/www.sindmoveis.com.br\/es\/projeto-orchestra-brasil-divulga-cadeia-moveleira-em-paises-da-america-do-sul\/\"},\"author\":{\"name\":\"Imprensa Sindm\u00f3veis\",\"@id\":\"https:\/\/www.sindmoveis.com.br\/es\/#\/schema\/person\/16d379542db1950a17fe188179340d57\"},\"headline\":\"Projeto Orchestra Brasil divulga cadena del mobiliario en pa\u00edses de Am\u00e9rica del Sur\",\"datePublished\":\"2012-11-12T02:00:00+00:00\",\"dateModified\":\"2021-05-26T13:28:39+00:00\",\"mainEntityOfPage\":{\"@id\":\"https:\/\/www.sindmoveis.com.br\/es\/projeto-orchestra-brasil-divulga-cadeia-moveleira-em-paises-da-america-do-sul\/\"},\"wordCount\":644,\"articleSection\":[\"Proyecto Orchestra Brasil\",\"Sindm\u00f3veis\"],\"inLanguage\":\"es\"},{\"@type\":\"WebPage\",\"@id\":\"https:\/\/www.sindmoveis.com.br\/es\/projeto-orchestra-brasil-divulga-cadeia-moveleira-em-paises-da-america-do-sul\/\",\"url\":\"https:\/\/www.sindmoveis.com.br\/es\/projeto-orchestra-brasil-divulga-cadeia-moveleira-em-paises-da-america-do-sul\/\",\"name\":\"Projeto Orchestra Brasil divulga cadena del mobiliario en pa\u00edses de Am\u00e9rica del Sur - Sindm\u00f3veis-RS\",\"isPartOf\":{\"@id\":\"https:\/\/www.sindmoveis.com.br\/es\/#website\"},\"datePublished\":\"2012-11-12T02:00:00+00:00\",\"dateModified\":\"2021-05-26T13:28:39+00:00\",\"author\":{\"@id\":\"https:\/\/www.sindmoveis.com.br\/es\/#\/schema\/person\/16d379542db1950a17fe188179340d57\"},\"inLanguage\":\"es\",\"potentialAction\":[{\"@type\":\"ReadAction\",\"target\":[\"https:\/\/www.sindmoveis.com.br\/es\/projeto-orchestra-brasil-divulga-cadeia-moveleira-em-paises-da-america-do-sul\/\"]}]},{\"@type\":\"WebSite\",\"@id\":\"https:\/\/www.sindmoveis.com.br\/es\/#website\",\"url\":\"https:\/\/www.sindmoveis.com.br\/es\/\",\"name\":\"Sindm\u00f3veis-RS\",\"description\":\"\",\"potentialAction\":[{\"@type\":\"SearchAction\",\"target\":{\"@type\":\"EntryPoint\",\"urlTemplate\":\"https:\/\/www.sindmoveis.com.br\/es\/?s={search_term_string}\"},\"query-input\":{\"@type\":\"PropertyValueSpecification\",\"valueRequired\":true,\"valueName\":\"search_term_string\"}}],\"inLanguage\":\"es\"},{\"@type\":\"Person\",\"@id\":\"https:\/\/www.sindmoveis.com.br\/es\/#\/schema\/person\/16d379542db1950a17fe188179340d57\",\"name\":\"Imprensa Sindm\u00f3veis\",\"image\":{\"@type\":\"ImageObject\",\"inLanguage\":\"es\",\"@id\":\"https:\/\/www.sindmoveis.com.br\/es\/#\/schema\/person\/image\/\",\"url\":\"https:\/\/secure.gravatar.com\/avatar\/4973e2e2c2a0cb5db30b0c7b770041b8e33d048a16b695a1f99c042449d4bfaf?s=96&d=mm&r=g\",\"contentUrl\":\"https:\/\/secure.gravatar.com\/avatar\/4973e2e2c2a0cb5db30b0c7b770041b8e33d048a16b695a1f99c042449d4bfaf?s=96&d=mm&r=g\",\"caption\":\"Imprensa Sindm\u00f3veis\"},\"url\":\"https:\/\/www.sindmoveis.com.br\/es\/author\/ana\/\"}]}<\/script>\n<!-- \/ Yoast SEO plugin. -->","yoast_head_json":{"title":"Projeto Orchestra Brasil divulga cadena del mobiliario en pa\u00edses de Am\u00e9rica del Sur - Sindm\u00f3veis-RS","robots":{"index":"index","follow":"follow","max-snippet":"max-snippet:-1","max-image-preview":"max-image-preview:large","max-video-preview":"max-video-preview:-1"},"canonical":"https:\/\/www.sindmoveis.com.br\/es\/projeto-orchestra-brasil-divulga-cadeia-moveleira-em-paises-da-america-do-sul\/","og_locale":"es_ES","og_type":"article","og_title":"Projeto Orchestra Brasil divulga cadena del mobiliario en pa\u00edses de Am\u00e9rica del Sur - Sindm\u00f3veis-RS","og_description":"\u00a0 Misi\u00f3n comercial aproxim\u00f3 proveedores nacionales de la industria de muebles de Argentina, Paraguay, Per\u00fa y Uruguay Con misiones comerciales realizadas en cuatro pa\u00edses vecinos, el Roadshow Am\u00e9rica del Sur,... Leia mais &raquo;","og_url":"https:\/\/www.sindmoveis.com.br\/es\/projeto-orchestra-brasil-divulga-cadeia-moveleira-em-paises-da-america-do-sul\/","og_site_name":"Sindm\u00f3veis-RS","article_published_time":"2012-11-12T02:00:00+00:00","article_modified_time":"2021-05-26T13:28:39+00:00","author":"Imprensa Sindm\u00f3veis","twitter_card":"summary_large_image","twitter_misc":{"Escrito por":"Imprensa Sindm\u00f3veis","Tiempo de lectura":"3 minutos"},"schema":{"@context":"https:\/\/schema.org","@graph":[{"@type":"Article","@id":"https:\/\/www.sindmoveis.com.br\/es\/projeto-orchestra-brasil-divulga-cadeia-moveleira-em-paises-da-america-do-sul\/#article","isPartOf":{"@id":"https:\/\/www.sindmoveis.com.br\/es\/projeto-orchestra-brasil-divulga-cadeia-moveleira-em-paises-da-america-do-sul\/"},"author":{"name":"Imprensa Sindm\u00f3veis","@id":"https:\/\/www.sindmoveis.com.br\/es\/#\/schema\/person\/16d379542db1950a17fe188179340d57"},"headline":"Projeto Orchestra Brasil divulga cadena del mobiliario en pa\u00edses de Am\u00e9rica del Sur","datePublished":"2012-11-12T02:00:00+00:00","dateModified":"2021-05-26T13:28:39+00:00","mainEntityOfPage":{"@id":"https:\/\/www.sindmoveis.com.br\/es\/projeto-orchestra-brasil-divulga-cadeia-moveleira-em-paises-da-america-do-sul\/"},"wordCount":644,"articleSection":["Proyecto Orchestra Brasil","Sindm\u00f3veis"],"inLanguage":"es"},{"@type":"WebPage","@id":"https:\/\/www.sindmoveis.com.br\/es\/projeto-orchestra-brasil-divulga-cadeia-moveleira-em-paises-da-america-do-sul\/","url":"https:\/\/www.sindmoveis.com.br\/es\/projeto-orchestra-brasil-divulga-cadeia-moveleira-em-paises-da-america-do-sul\/","name":"Projeto Orchestra Brasil divulga cadena del mobiliario en pa\u00edses de Am\u00e9rica del Sur - Sindm\u00f3veis-RS","isPartOf":{"@id":"https:\/\/www.sindmoveis.com.br\/es\/#website"},"datePublished":"2012-11-12T02:00:00+00:00","dateModified":"2021-05-26T13:28:39+00:00","author":{"@id":"https:\/\/www.sindmoveis.com.br\/es\/#\/schema\/person\/16d379542db1950a17fe188179340d57"},"inLanguage":"es","potentialAction":[{"@type":"ReadAction","target":["https:\/\/www.sindmoveis.com.br\/es\/projeto-orchestra-brasil-divulga-cadeia-moveleira-em-paises-da-america-do-sul\/"]}]},{"@type":"WebSite","@id":"https:\/\/www.sindmoveis.com.br\/es\/#website","url":"https:\/\/www.sindmoveis.com.br\/es\/","name":"Sindm\u00f3veis-RS","description":"","potentialAction":[{"@type":"SearchAction","target":{"@type":"EntryPoint","urlTemplate":"https:\/\/www.sindmoveis.com.br\/es\/?s={search_term_string}"},"query-input":{"@type":"PropertyValueSpecification","valueRequired":true,"valueName":"search_term_string"}}],"inLanguage":"es"},{"@type":"Person","@id":"https:\/\/www.sindmoveis.com.br\/es\/#\/schema\/person\/16d379542db1950a17fe188179340d57","name":"Imprensa Sindm\u00f3veis","image":{"@type":"ImageObject","inLanguage":"es","@id":"https:\/\/www.sindmoveis.com.br\/es\/#\/schema\/person\/image\/","url":"https:\/\/secure.gravatar.com\/avatar\/4973e2e2c2a0cb5db30b0c7b770041b8e33d048a16b695a1f99c042449d4bfaf?s=96&d=mm&r=g","contentUrl":"https:\/\/secure.gravatar.com\/avatar\/4973e2e2c2a0cb5db30b0c7b770041b8e33d048a16b695a1f99c042449d4bfaf?s=96&d=mm&r=g","caption":"Imprensa Sindm\u00f3veis"},"url":"https:\/\/www.sindmoveis.com.br\/es\/author\/ana\/"}]}},"_links":{"self":[{"href":"https:\/\/www.sindmoveis.com.br\/es\/wp-json\/wp\/v2\/posts\/958","targetHints":{"allow":["GET"]}}],"collection":[{"href":"https:\/\/www.sindmoveis.com.br\/es\/wp-json\/wp\/v2\/posts"}],"about":[{"href":"https:\/\/www.sindmoveis.com.br\/es\/wp-json\/wp\/v2\/types\/post"}],"author":[{"embeddable":true,"href":"https:\/\/www.sindmoveis.com.br\/es\/wp-json\/wp\/v2\/users\/5"}],"replies":[{"embeddable":true,"href":"https:\/\/www.sindmoveis.com.br\/es\/wp-json\/wp\/v2\/comments?post=958"}],"version-history":[{"count":2,"href":"https:\/\/www.sindmoveis.com.br\/es\/wp-json\/wp\/v2\/posts\/958\/revisions"}],"predecessor-version":[{"id":3251,"href":"https:\/\/www.sindmoveis.com.br\/es\/wp-json\/wp\/v2\/posts\/958\/revisions\/3251"}],"wp:attachment":[{"href":"https:\/\/www.sindmoveis.com.br\/es\/wp-json\/wp\/v2\/media?parent=958"}],"wp:term":[{"taxonomy":"category","embeddable":true,"href":"https:\/\/www.sindmoveis.com.br\/es\/wp-json\/wp\/v2\/categories?post=958"},{"taxonomy":"post_tag","embeddable":true,"href":"https:\/\/www.sindmoveis.com.br\/es\/wp-json\/wp\/v2\/tags?post=958"}],"curies":[{"name":"wp","href":"https:\/\/api.w.org\/{rel}","templated":true}]}}