{"id":957,"date":"2012-11-12T00:00:00","date_gmt":"2012-11-12T02:00:00","guid":{"rendered":"http:\/\/sindmoveis.com.br\/imprensa\/noticias\/sebrae-apresenta-ao-sindmoveis-o-programa-agentes-locais-de-inovacao\/"},"modified":"2021-05-26T10:24:52","modified_gmt":"2021-05-26T13:24:52","slug":"sebrae-apresenta-ao-sindmoveis-o-programa-agentes-locais-de-inovacao","status":"publish","type":"post","link":"https:\/\/www.sindmoveis.com.br\/es\/sebrae-apresenta-ao-sindmoveis-o-programa-agentes-locais-de-inovacao\/","title":{"rendered":"Sebrae presenta a Sindm\u00f3veis el programa Agentes Locales de Innovaci\u00f3n"},"content":{"rendered":"<p>\u00a0<br \/>\nLa \u00faltima semana, la consultora Rosani Coelho, representante del Servicio Brasile\u00f1o de Apoyo a las Micros y Peque\u00f1as Empresas \u2013 SEBRAE, present\u00f3 a la presidente del Sindicato de las Industrias del Mobiliario de Bento Gon\u00e7alves- Sindm\u00f3veis, C\u00e1tia Scarton y al presidente del Sindicato de los Trabajadores de las Industrias Metal\u00fargicas, Mec\u00e1nicas y de Material El\u00e9ctrico de Bento Gon\u00e7alves \u2013 STIMMME, Juarez Piva, el programa Agentes Locales de Innovaci\u00f3n \u2013 ALI. La iniciativa de Sebrae en asociaci\u00f3n con el Consejo Nacional de Desarrollo Cient\u00edfico y Tecnol\u00f3gico \u2013 CNPq tiene como objetivo auxiliar gratuitamente peque\u00f1as empresas, y cuenta con un equipo para actuar exclusivamente en la Sierra Gaucha. El programa estar\u00e1 en ejecuci\u00f3n hasta noviembre de 2014, con la meta de atender tres mil empresas en R\u00edo Grande do Sul.\u00a0<br \/>\nLas empresas interesadas en participar reciben una visita del agente del programa, el cual realiza un diagn\u00f3stico de gesti\u00f3n e innovaci\u00f3n. Con base en ese diagn\u00f3stico, son establecidas l\u00edneas para la elaboraci\u00f3n de un plan de acci\u00f3n, cuyo objetivo es generar oportunidades de innovaci\u00f3n. El empresario no paga nada por la asesor\u00eda prestada por el agente y recibe apoyo durante todo el proceso de implantaci\u00f3n de las acciones.<br \/>\nPara saber m\u00e1s y adherir al programa, basta entrar en contacto con la consultora Rosani Coelho: rosani@aliarconsultoria.com.br, (54) 3021-1148 \u00f3 9982-2448.<br \/>\n\u00a0<\/p>\n","protected":false},"excerpt":{"rendered":"<p>\u00a0 La \u00faltima semana, la consultora Rosani Coelho, representante del Servicio Brasile\u00f1o de Apoyo a las Micros y Peque\u00f1as Empresas \u2013 SEBRAE, present\u00f3 a la presidente del Sindicato de las&#8230;  <a class=\"excerpt-read-more\" href=\"https:\/\/www.sindmoveis.com.br\/es\/sebrae-apresenta-ao-sindmoveis-o-programa-agentes-locais-de-inovacao\/\" title=\"Read Sebrae presenta a Sindm\u00f3veis el programa Agentes Locales de Innovaci\u00f3n\">Leia mais &raquo;<\/a><\/p>\n","protected":false},"author":5,"featured_media":0,"comment_status":"closed","ping_status":"open","sticky":false,"template":"","format":"standard","meta":{"footnotes":"","_links_to":"","_links_to_target":""},"categories":[2],"tags":[],"class_list":["post-957","post","type-post","status-publish","format-standard","hentry","category-sindmoveis"],"yoast_head":"<!-- This site is optimized with the Yoast SEO plugin v27.0 - https:\/\/yoast.com\/product\/yoast-seo-wordpress\/ -->\n<title>Sebrae presenta a Sindm\u00f3veis el programa Agentes Locales de Innovaci\u00f3n - Sindm\u00f3veis-RS<\/title>\n<meta name=\"robots\" content=\"index, follow, max-snippet:-1, max-image-preview:large, max-video-preview:-1\" \/>\n<link rel=\"canonical\" href=\"https:\/\/www.sindmoveis.com.br\/es\/sebrae-apresenta-ao-sindmoveis-o-programa-agentes-locais-de-inovacao\/\" \/>\n<meta property=\"og:locale\" content=\"es_ES\" \/>\n<meta property=\"og:type\" content=\"article\" \/>\n<meta property=\"og:title\" content=\"Sebrae presenta a Sindm\u00f3veis el programa Agentes Locales de Innovaci\u00f3n - Sindm\u00f3veis-RS\" \/>\n<meta property=\"og:description\" content=\"\u00a0 La \u00faltima semana, la consultora Rosani Coelho, representante del Servicio Brasile\u00f1o de Apoyo a las Micros y Peque\u00f1as Empresas \u2013 SEBRAE, present\u00f3 a la presidente del Sindicato de las... Leia mais &raquo;\" \/>\n<meta property=\"og:url\" content=\"https:\/\/www.sindmoveis.com.br\/es\/sebrae-apresenta-ao-sindmoveis-o-programa-agentes-locais-de-inovacao\/\" \/>\n<meta property=\"og:site_name\" content=\"Sindm\u00f3veis-RS\" \/>\n<meta property=\"article:published_time\" content=\"2012-11-12T02:00:00+00:00\" \/>\n<meta property=\"article:modified_time\" content=\"2021-05-26T13:24:52+00:00\" \/>\n<meta name=\"author\" content=\"Imprensa Sindm\u00f3veis\" \/>\n<meta name=\"twitter:card\" content=\"summary_large_image\" \/>\n<meta name=\"twitter:label1\" content=\"Escrito por\" \/>\n\t<meta name=\"twitter:data1\" content=\"Imprensa Sindm\u00f3veis\" \/>\n\t<meta name=\"twitter:label2\" content=\"Tiempo de lectura\" \/>\n\t<meta name=\"twitter:data2\" content=\"1 minuto\" \/>\n<script type=\"application\/ld+json\" class=\"yoast-schema-graph\">{\"@context\":\"https:\/\/schema.org\",\"@graph\":[{\"@type\":\"Article\",\"@id\":\"https:\/\/www.sindmoveis.com.br\/es\/sebrae-apresenta-ao-sindmoveis-o-programa-agentes-locais-de-inovacao\/#article\",\"isPartOf\":{\"@id\":\"https:\/\/www.sindmoveis.com.br\/es\/sebrae-apresenta-ao-sindmoveis-o-programa-agentes-locais-de-inovacao\/\"},\"author\":{\"name\":\"Imprensa Sindm\u00f3veis\",\"@id\":\"https:\/\/www.sindmoveis.com.br\/es\/#\/schema\/person\/16d379542db1950a17fe188179340d57\"},\"headline\":\"Sebrae presenta a Sindm\u00f3veis el programa Agentes Locales de Innovaci\u00f3n\",\"datePublished\":\"2012-11-12T02:00:00+00:00\",\"dateModified\":\"2021-05-26T13:24:52+00:00\",\"mainEntityOfPage\":{\"@id\":\"https:\/\/www.sindmoveis.com.br\/es\/sebrae-apresenta-ao-sindmoveis-o-programa-agentes-locais-de-inovacao\/\"},\"wordCount\":252,\"articleSection\":[\"Sindm\u00f3veis\"],\"inLanguage\":\"es\"},{\"@type\":\"WebPage\",\"@id\":\"https:\/\/www.sindmoveis.com.br\/es\/sebrae-apresenta-ao-sindmoveis-o-programa-agentes-locais-de-inovacao\/\",\"url\":\"https:\/\/www.sindmoveis.com.br\/es\/sebrae-apresenta-ao-sindmoveis-o-programa-agentes-locais-de-inovacao\/\",\"name\":\"Sebrae presenta a Sindm\u00f3veis el programa Agentes Locales de Innovaci\u00f3n - Sindm\u00f3veis-RS\",\"isPartOf\":{\"@id\":\"https:\/\/www.sindmoveis.com.br\/es\/#website\"},\"datePublished\":\"2012-11-12T02:00:00+00:00\",\"dateModified\":\"2021-05-26T13:24:52+00:00\",\"author\":{\"@id\":\"https:\/\/www.sindmoveis.com.br\/es\/#\/schema\/person\/16d379542db1950a17fe188179340d57\"},\"inLanguage\":\"es\",\"potentialAction\":[{\"@type\":\"ReadAction\",\"target\":[\"https:\/\/www.sindmoveis.com.br\/es\/sebrae-apresenta-ao-sindmoveis-o-programa-agentes-locais-de-inovacao\/\"]}]},{\"@type\":\"WebSite\",\"@id\":\"https:\/\/www.sindmoveis.com.br\/es\/#website\",\"url\":\"https:\/\/www.sindmoveis.com.br\/es\/\",\"name\":\"Sindm\u00f3veis-RS\",\"description\":\"\",\"potentialAction\":[{\"@type\":\"SearchAction\",\"target\":{\"@type\":\"EntryPoint\",\"urlTemplate\":\"https:\/\/www.sindmoveis.com.br\/es\/?s={search_term_string}\"},\"query-input\":{\"@type\":\"PropertyValueSpecification\",\"valueRequired\":true,\"valueName\":\"search_term_string\"}}],\"inLanguage\":\"es\"},{\"@type\":\"Person\",\"@id\":\"https:\/\/www.sindmoveis.com.br\/es\/#\/schema\/person\/16d379542db1950a17fe188179340d57\",\"name\":\"Imprensa Sindm\u00f3veis\",\"image\":{\"@type\":\"ImageObject\",\"inLanguage\":\"es\",\"@id\":\"https:\/\/www.sindmoveis.com.br\/es\/#\/schema\/person\/image\/\",\"url\":\"https:\/\/secure.gravatar.com\/avatar\/4973e2e2c2a0cb5db30b0c7b770041b8e33d048a16b695a1f99c042449d4bfaf?s=96&d=mm&r=g\",\"contentUrl\":\"https:\/\/secure.gravatar.com\/avatar\/4973e2e2c2a0cb5db30b0c7b770041b8e33d048a16b695a1f99c042449d4bfaf?s=96&d=mm&r=g\",\"caption\":\"Imprensa Sindm\u00f3veis\"},\"url\":\"https:\/\/www.sindmoveis.com.br\/es\/author\/ana\/\"}]}<\/script>\n<!-- \/ Yoast SEO plugin. -->","yoast_head_json":{"title":"Sebrae presenta a Sindm\u00f3veis el programa Agentes Locales de Innovaci\u00f3n - Sindm\u00f3veis-RS","robots":{"index":"index","follow":"follow","max-snippet":"max-snippet:-1","max-image-preview":"max-image-preview:large","max-video-preview":"max-video-preview:-1"},"canonical":"https:\/\/www.sindmoveis.com.br\/es\/sebrae-apresenta-ao-sindmoveis-o-programa-agentes-locais-de-inovacao\/","og_locale":"es_ES","og_type":"article","og_title":"Sebrae presenta a Sindm\u00f3veis el programa Agentes Locales de Innovaci\u00f3n - Sindm\u00f3veis-RS","og_description":"\u00a0 La \u00faltima semana, la consultora Rosani Coelho, representante del Servicio Brasile\u00f1o de Apoyo a las Micros y Peque\u00f1as Empresas \u2013 SEBRAE, present\u00f3 a la presidente del Sindicato de las... Leia mais &raquo;","og_url":"https:\/\/www.sindmoveis.com.br\/es\/sebrae-apresenta-ao-sindmoveis-o-programa-agentes-locais-de-inovacao\/","og_site_name":"Sindm\u00f3veis-RS","article_published_time":"2012-11-12T02:00:00+00:00","article_modified_time":"2021-05-26T13:24:52+00:00","author":"Imprensa Sindm\u00f3veis","twitter_card":"summary_large_image","twitter_misc":{"Escrito por":"Imprensa Sindm\u00f3veis","Tiempo de lectura":"1 minuto"},"schema":{"@context":"https:\/\/schema.org","@graph":[{"@type":"Article","@id":"https:\/\/www.sindmoveis.com.br\/es\/sebrae-apresenta-ao-sindmoveis-o-programa-agentes-locais-de-inovacao\/#article","isPartOf":{"@id":"https:\/\/www.sindmoveis.com.br\/es\/sebrae-apresenta-ao-sindmoveis-o-programa-agentes-locais-de-inovacao\/"},"author":{"name":"Imprensa Sindm\u00f3veis","@id":"https:\/\/www.sindmoveis.com.br\/es\/#\/schema\/person\/16d379542db1950a17fe188179340d57"},"headline":"Sebrae presenta a Sindm\u00f3veis el programa Agentes Locales de Innovaci\u00f3n","datePublished":"2012-11-12T02:00:00+00:00","dateModified":"2021-05-26T13:24:52+00:00","mainEntityOfPage":{"@id":"https:\/\/www.sindmoveis.com.br\/es\/sebrae-apresenta-ao-sindmoveis-o-programa-agentes-locais-de-inovacao\/"},"wordCount":252,"articleSection":["Sindm\u00f3veis"],"inLanguage":"es"},{"@type":"WebPage","@id":"https:\/\/www.sindmoveis.com.br\/es\/sebrae-apresenta-ao-sindmoveis-o-programa-agentes-locais-de-inovacao\/","url":"https:\/\/www.sindmoveis.com.br\/es\/sebrae-apresenta-ao-sindmoveis-o-programa-agentes-locais-de-inovacao\/","name":"Sebrae presenta a Sindm\u00f3veis el programa Agentes Locales de Innovaci\u00f3n - Sindm\u00f3veis-RS","isPartOf":{"@id":"https:\/\/www.sindmoveis.com.br\/es\/#website"},"datePublished":"2012-11-12T02:00:00+00:00","dateModified":"2021-05-26T13:24:52+00:00","author":{"@id":"https:\/\/www.sindmoveis.com.br\/es\/#\/schema\/person\/16d379542db1950a17fe188179340d57"},"inLanguage":"es","potentialAction":[{"@type":"ReadAction","target":["https:\/\/www.sindmoveis.com.br\/es\/sebrae-apresenta-ao-sindmoveis-o-programa-agentes-locais-de-inovacao\/"]}]},{"@type":"WebSite","@id":"https:\/\/www.sindmoveis.com.br\/es\/#website","url":"https:\/\/www.sindmoveis.com.br\/es\/","name":"Sindm\u00f3veis-RS","description":"","potentialAction":[{"@type":"SearchAction","target":{"@type":"EntryPoint","urlTemplate":"https:\/\/www.sindmoveis.com.br\/es\/?s={search_term_string}"},"query-input":{"@type":"PropertyValueSpecification","valueRequired":true,"valueName":"search_term_string"}}],"inLanguage":"es"},{"@type":"Person","@id":"https:\/\/www.sindmoveis.com.br\/es\/#\/schema\/person\/16d379542db1950a17fe188179340d57","name":"Imprensa Sindm\u00f3veis","image":{"@type":"ImageObject","inLanguage":"es","@id":"https:\/\/www.sindmoveis.com.br\/es\/#\/schema\/person\/image\/","url":"https:\/\/secure.gravatar.com\/avatar\/4973e2e2c2a0cb5db30b0c7b770041b8e33d048a16b695a1f99c042449d4bfaf?s=96&d=mm&r=g","contentUrl":"https:\/\/secure.gravatar.com\/avatar\/4973e2e2c2a0cb5db30b0c7b770041b8e33d048a16b695a1f99c042449d4bfaf?s=96&d=mm&r=g","caption":"Imprensa Sindm\u00f3veis"},"url":"https:\/\/www.sindmoveis.com.br\/es\/author\/ana\/"}]}},"_links":{"self":[{"href":"https:\/\/www.sindmoveis.com.br\/es\/wp-json\/wp\/v2\/posts\/957","targetHints":{"allow":["GET"]}}],"collection":[{"href":"https:\/\/www.sindmoveis.com.br\/es\/wp-json\/wp\/v2\/posts"}],"about":[{"href":"https:\/\/www.sindmoveis.com.br\/es\/wp-json\/wp\/v2\/types\/post"}],"author":[{"embeddable":true,"href":"https:\/\/www.sindmoveis.com.br\/es\/wp-json\/wp\/v2\/users\/5"}],"replies":[{"embeddable":true,"href":"https:\/\/www.sindmoveis.com.br\/es\/wp-json\/wp\/v2\/comments?post=957"}],"version-history":[{"count":2,"href":"https:\/\/www.sindmoveis.com.br\/es\/wp-json\/wp\/v2\/posts\/957\/revisions"}],"predecessor-version":[{"id":3250,"href":"https:\/\/www.sindmoveis.com.br\/es\/wp-json\/wp\/v2\/posts\/957\/revisions\/3250"}],"wp:attachment":[{"href":"https:\/\/www.sindmoveis.com.br\/es\/wp-json\/wp\/v2\/media?parent=957"}],"wp:term":[{"taxonomy":"category","embeddable":true,"href":"https:\/\/www.sindmoveis.com.br\/es\/wp-json\/wp\/v2\/categories?post=957"},{"taxonomy":"post_tag","embeddable":true,"href":"https:\/\/www.sindmoveis.com.br\/es\/wp-json\/wp\/v2\/tags?post=957"}],"curies":[{"name":"wp","href":"https:\/\/api.w.org\/{rel}","templated":true}]}}