{"id":956,"date":"2012-11-08T00:00:00","date_gmt":"2012-11-08T02:00:00","guid":{"rendered":"http:\/\/sindmoveis.com.br\/imprensa\/noticias\/peter-marigold-apresenta-seu-design-caotico-ao-brasil\/"},"modified":"2021-05-26T10:24:52","modified_gmt":"2021-05-26T13:24:52","slug":"peter-marigold-apresenta-seu-design-caotico-ao-brasil","status":"publish","type":"post","link":"https:\/\/www.sindmoveis.com.br\/es\/peter-marigold-apresenta-seu-design-caotico-ao-brasil\/","title":{"rendered":"Peter Marigold presenta su \u00abdise\u00f1o ca\u00f3tico\u00bb a Brasil"},"content":{"rendered":"<p>\u00a0<br \/>\nDise\u00f1ador londinense profiri\u00f3 conferencia y workshop en Bento Gon\u00e7alves \u2013 Rio Grande do Sul, como invitado del proyecto Orchestra Brasil de incentivo a las exportaciones<br \/>\n\u00a0<br \/>\nLa visita del dise\u00f1ador londinense Peter Marigold a Bento Gon\u00e7alves (RS) proporcion\u00f3 una experiencia m\u00faltiple de creaci\u00f3n para profesionales y estudiantes de dise\u00f1o y arquitectura. Por invitaci\u00f3n del proyecto Orchestra Brasil de incentivo a las exportaciones, una asociaci\u00f3n entre el Sindicato de las Industrias del Mobiliario de Bento Gon\u00e7alves \u2013 Sindm\u00f3veis y la Agencia Brasile\u00f1a de Promoci\u00f3n de Exportaciones e Inversiones \u2013 Apex-Brasil, Marigold dict\u00f3 un seminario y realiz\u00f3 una serie de workshops los d\u00edas 6 y 7 de noviembre, como actividades integrantes de la Semana del Dise\u00f1o.<br \/>\n\u00a0<br \/>\nPeter Marigold vivi\u00f3 durante ocho meses en Brasil e hizo hincapi\u00e9 de hablar portugu\u00e9s durante su visita a Bento Gon\u00e7alves. Esa fue la primera vez que el profesional estuvo en el Sur del pa\u00eds. En el seminario Thinking and Making, el dise\u00f1ador revel\u00f3 su proceso de creaci\u00f3n y la historia existente por detr\u00e1s de sus objetos, abordando experimentaciones realizadas y las razones que lo llevaron a muchas de sus obras.<br \/>\n\u00a0<br \/>\nNacido en Londres en 1974, Peter Marigold tiene experiencia en la creaci\u00f3n de escenograf\u00edas para teatro y, desde 2005, se dedica al dise\u00f1o de muebles. Es post graduado por el Design Museum de Londres, y curso Maestr\u00eda en Dise\u00f1o de Productos por el Real College of Art de Londres \u2013 RCA. Sus trabajos han sido expuestos en las m\u00e1s importantes ferias del sector, como London Design Festival, Milan Furniture Fair, Design Miami, Stavanger (Noruega), MoMA (Nueva York) y 21_21 Design Sight (Tokio).<br \/>\n\u00a0<br \/>\nEntre los proyectos que present\u00f3 en Bento Gon\u00e7alves, est\u00e1 el sistema de estantes Make\/Shift compuesto por m\u00f3dulos c\u00f3nicos que se expanden y contraen encaj\u00e1ndose en ambientes de cualquier dimensi\u00f3n por las partes laterales, sin la necesidad de apoyo en el suelo. Con esa creaci\u00f3n, Marigold ejemplific\u00f3 su deseo de expresar con muebles diferentes posibilidades de simetr\u00eda y asimetr\u00eda. \u201cMi proceso creativo es ca\u00f3tico, totalmente experimental. Me gusta pensar que dentro de una obra existen muchas otras a ser exploradas\u201d, defiende.\u00a0<br \/>\n\u00a0<br \/>\nEl dise\u00f1ador participo tambi\u00e9n en tres ediciones del workshop The Waste Wood Orchestra, en el que estimul\u00f3 a los participantes a producir instrumentos musicales a partir de residuos de la industria del mobiliario. Marigold tambi\u00e9n visit\u00f3 una f\u00e1brica de muebles de la ciudad y conoci\u00f3 Casa Brasil, feria de dise\u00f1o y negocios que ocurre a cada dos a\u00f1os en Bento Gon\u00e7alves y tendr\u00e1 su pr\u00f3xima edici\u00f3n en agosto de 2013.\u00a0<br \/>\n\u00a0<br \/>\nEl proyecto Orchestra Brasil promueve la inserci\u00f3n competitiva de proveedoras del sector del mobiliario internacional de forma sostenible. A partir de este a\u00f1o, pas\u00f3 a contar con acciones destinadas a la promoci\u00f3n del servicio de dise\u00f1o brasile\u00f1o en el exterior. Todav\u00eda en el transcurso de 2013, los dise\u00f1adores participantes del proyecto, participar\u00e1n de una muestra integrante del evento Miami Design a ser realizada de 4 a 9 de diciembre.<br \/>\n\u00a0<br \/>\n\u00a0<\/p>\n","protected":false},"excerpt":{"rendered":"<p>\u00a0 Dise\u00f1ador londinense profiri\u00f3 conferencia y workshop en Bento Gon\u00e7alves \u2013 Rio Grande do Sul, como invitado del proyecto Orchestra Brasil de incentivo a las exportaciones \u00a0 La visita del&#8230;  <a class=\"excerpt-read-more\" href=\"https:\/\/www.sindmoveis.com.br\/es\/peter-marigold-apresenta-seu-design-caotico-ao-brasil\/\" title=\"Read Peter Marigold presenta su \u00abdise\u00f1o ca\u00f3tico\u00bb a Brasil\">Leia mais &raquo;<\/a><\/p>\n","protected":false},"author":5,"featured_media":0,"comment_status":"closed","ping_status":"open","sticky":false,"template":"","format":"standard","meta":{"footnotes":"","_links_to":"","_links_to_target":""},"categories":[2],"tags":[],"class_list":["post-956","post","type-post","status-publish","format-standard","hentry","category-sindmoveis"],"yoast_head":"<!-- This site is optimized with the Yoast SEO plugin v27.0 - https:\/\/yoast.com\/product\/yoast-seo-wordpress\/ -->\n<title>Peter Marigold presenta su &quot;dise\u00f1o ca\u00f3tico&quot; a Brasil - Sindm\u00f3veis-RS<\/title>\n<meta name=\"robots\" content=\"index, follow, max-snippet:-1, max-image-preview:large, max-video-preview:-1\" \/>\n<link rel=\"canonical\" href=\"https:\/\/www.sindmoveis.com.br\/es\/peter-marigold-apresenta-seu-design-caotico-ao-brasil\/\" \/>\n<meta property=\"og:locale\" content=\"es_ES\" \/>\n<meta property=\"og:type\" content=\"article\" \/>\n<meta property=\"og:title\" content=\"Peter Marigold presenta su &quot;dise\u00f1o ca\u00f3tico&quot; a Brasil - Sindm\u00f3veis-RS\" \/>\n<meta property=\"og:description\" content=\"\u00a0 Dise\u00f1ador londinense profiri\u00f3 conferencia y workshop en Bento Gon\u00e7alves \u2013 Rio Grande do Sul, como invitado del proyecto Orchestra Brasil de incentivo a las exportaciones \u00a0 La visita del... Leia mais &raquo;\" \/>\n<meta property=\"og:url\" content=\"https:\/\/www.sindmoveis.com.br\/es\/peter-marigold-apresenta-seu-design-caotico-ao-brasil\/\" \/>\n<meta property=\"og:site_name\" content=\"Sindm\u00f3veis-RS\" \/>\n<meta property=\"article:published_time\" content=\"2012-11-08T02:00:00+00:00\" \/>\n<meta property=\"article:modified_time\" content=\"2021-05-26T13:24:52+00:00\" \/>\n<meta name=\"author\" content=\"Imprensa Sindm\u00f3veis\" \/>\n<meta name=\"twitter:card\" content=\"summary_large_image\" \/>\n<meta name=\"twitter:label1\" content=\"Escrito por\" \/>\n\t<meta name=\"twitter:data1\" content=\"Imprensa Sindm\u00f3veis\" \/>\n\t<meta name=\"twitter:label2\" content=\"Tiempo de lectura\" \/>\n\t<meta name=\"twitter:data2\" content=\"3 minutos\" \/>\n<script type=\"application\/ld+json\" class=\"yoast-schema-graph\">{\"@context\":\"https:\/\/schema.org\",\"@graph\":[{\"@type\":\"Article\",\"@id\":\"https:\/\/www.sindmoveis.com.br\/es\/peter-marigold-apresenta-seu-design-caotico-ao-brasil\/#article\",\"isPartOf\":{\"@id\":\"https:\/\/www.sindmoveis.com.br\/es\/peter-marigold-apresenta-seu-design-caotico-ao-brasil\/\"},\"author\":{\"name\":\"Imprensa Sindm\u00f3veis\",\"@id\":\"https:\/\/www.sindmoveis.com.br\/es\/#\/schema\/person\/16d379542db1950a17fe188179340d57\"},\"headline\":\"Peter Marigold presenta su \u00abdise\u00f1o ca\u00f3tico\u00bb a Brasil\",\"datePublished\":\"2012-11-08T02:00:00+00:00\",\"dateModified\":\"2021-05-26T13:24:52+00:00\",\"mainEntityOfPage\":{\"@id\":\"https:\/\/www.sindmoveis.com.br\/es\/peter-marigold-apresenta-seu-design-caotico-ao-brasil\/\"},\"wordCount\":535,\"articleSection\":[\"Sindm\u00f3veis\"],\"inLanguage\":\"es\"},{\"@type\":\"WebPage\",\"@id\":\"https:\/\/www.sindmoveis.com.br\/es\/peter-marigold-apresenta-seu-design-caotico-ao-brasil\/\",\"url\":\"https:\/\/www.sindmoveis.com.br\/es\/peter-marigold-apresenta-seu-design-caotico-ao-brasil\/\",\"name\":\"Peter Marigold presenta su \\\"dise\u00f1o ca\u00f3tico\\\" a Brasil - Sindm\u00f3veis-RS\",\"isPartOf\":{\"@id\":\"https:\/\/www.sindmoveis.com.br\/es\/#website\"},\"datePublished\":\"2012-11-08T02:00:00+00:00\",\"dateModified\":\"2021-05-26T13:24:52+00:00\",\"author\":{\"@id\":\"https:\/\/www.sindmoveis.com.br\/es\/#\/schema\/person\/16d379542db1950a17fe188179340d57\"},\"inLanguage\":\"es\",\"potentialAction\":[{\"@type\":\"ReadAction\",\"target\":[\"https:\/\/www.sindmoveis.com.br\/es\/peter-marigold-apresenta-seu-design-caotico-ao-brasil\/\"]}]},{\"@type\":\"WebSite\",\"@id\":\"https:\/\/www.sindmoveis.com.br\/es\/#website\",\"url\":\"https:\/\/www.sindmoveis.com.br\/es\/\",\"name\":\"Sindm\u00f3veis-RS\",\"description\":\"\",\"potentialAction\":[{\"@type\":\"SearchAction\",\"target\":{\"@type\":\"EntryPoint\",\"urlTemplate\":\"https:\/\/www.sindmoveis.com.br\/es\/?s={search_term_string}\"},\"query-input\":{\"@type\":\"PropertyValueSpecification\",\"valueRequired\":true,\"valueName\":\"search_term_string\"}}],\"inLanguage\":\"es\"},{\"@type\":\"Person\",\"@id\":\"https:\/\/www.sindmoveis.com.br\/es\/#\/schema\/person\/16d379542db1950a17fe188179340d57\",\"name\":\"Imprensa Sindm\u00f3veis\",\"image\":{\"@type\":\"ImageObject\",\"inLanguage\":\"es\",\"@id\":\"https:\/\/www.sindmoveis.com.br\/es\/#\/schema\/person\/image\/\",\"url\":\"https:\/\/secure.gravatar.com\/avatar\/4973e2e2c2a0cb5db30b0c7b770041b8e33d048a16b695a1f99c042449d4bfaf?s=96&d=mm&r=g\",\"contentUrl\":\"https:\/\/secure.gravatar.com\/avatar\/4973e2e2c2a0cb5db30b0c7b770041b8e33d048a16b695a1f99c042449d4bfaf?s=96&d=mm&r=g\",\"caption\":\"Imprensa Sindm\u00f3veis\"},\"url\":\"https:\/\/www.sindmoveis.com.br\/es\/author\/ana\/\"}]}<\/script>\n<!-- \/ Yoast SEO plugin. -->","yoast_head_json":{"title":"Peter Marigold presenta su \"dise\u00f1o ca\u00f3tico\" a Brasil - Sindm\u00f3veis-RS","robots":{"index":"index","follow":"follow","max-snippet":"max-snippet:-1","max-image-preview":"max-image-preview:large","max-video-preview":"max-video-preview:-1"},"canonical":"https:\/\/www.sindmoveis.com.br\/es\/peter-marigold-apresenta-seu-design-caotico-ao-brasil\/","og_locale":"es_ES","og_type":"article","og_title":"Peter Marigold presenta su \"dise\u00f1o ca\u00f3tico\" a Brasil - Sindm\u00f3veis-RS","og_description":"\u00a0 Dise\u00f1ador londinense profiri\u00f3 conferencia y workshop en Bento Gon\u00e7alves \u2013 Rio Grande do Sul, como invitado del proyecto Orchestra Brasil de incentivo a las exportaciones \u00a0 La visita del... Leia mais &raquo;","og_url":"https:\/\/www.sindmoveis.com.br\/es\/peter-marigold-apresenta-seu-design-caotico-ao-brasil\/","og_site_name":"Sindm\u00f3veis-RS","article_published_time":"2012-11-08T02:00:00+00:00","article_modified_time":"2021-05-26T13:24:52+00:00","author":"Imprensa Sindm\u00f3veis","twitter_card":"summary_large_image","twitter_misc":{"Escrito por":"Imprensa Sindm\u00f3veis","Tiempo de lectura":"3 minutos"},"schema":{"@context":"https:\/\/schema.org","@graph":[{"@type":"Article","@id":"https:\/\/www.sindmoveis.com.br\/es\/peter-marigold-apresenta-seu-design-caotico-ao-brasil\/#article","isPartOf":{"@id":"https:\/\/www.sindmoveis.com.br\/es\/peter-marigold-apresenta-seu-design-caotico-ao-brasil\/"},"author":{"name":"Imprensa Sindm\u00f3veis","@id":"https:\/\/www.sindmoveis.com.br\/es\/#\/schema\/person\/16d379542db1950a17fe188179340d57"},"headline":"Peter Marigold presenta su \u00abdise\u00f1o ca\u00f3tico\u00bb a Brasil","datePublished":"2012-11-08T02:00:00+00:00","dateModified":"2021-05-26T13:24:52+00:00","mainEntityOfPage":{"@id":"https:\/\/www.sindmoveis.com.br\/es\/peter-marigold-apresenta-seu-design-caotico-ao-brasil\/"},"wordCount":535,"articleSection":["Sindm\u00f3veis"],"inLanguage":"es"},{"@type":"WebPage","@id":"https:\/\/www.sindmoveis.com.br\/es\/peter-marigold-apresenta-seu-design-caotico-ao-brasil\/","url":"https:\/\/www.sindmoveis.com.br\/es\/peter-marigold-apresenta-seu-design-caotico-ao-brasil\/","name":"Peter Marigold presenta su \"dise\u00f1o ca\u00f3tico\" a Brasil - Sindm\u00f3veis-RS","isPartOf":{"@id":"https:\/\/www.sindmoveis.com.br\/es\/#website"},"datePublished":"2012-11-08T02:00:00+00:00","dateModified":"2021-05-26T13:24:52+00:00","author":{"@id":"https:\/\/www.sindmoveis.com.br\/es\/#\/schema\/person\/16d379542db1950a17fe188179340d57"},"inLanguage":"es","potentialAction":[{"@type":"ReadAction","target":["https:\/\/www.sindmoveis.com.br\/es\/peter-marigold-apresenta-seu-design-caotico-ao-brasil\/"]}]},{"@type":"WebSite","@id":"https:\/\/www.sindmoveis.com.br\/es\/#website","url":"https:\/\/www.sindmoveis.com.br\/es\/","name":"Sindm\u00f3veis-RS","description":"","potentialAction":[{"@type":"SearchAction","target":{"@type":"EntryPoint","urlTemplate":"https:\/\/www.sindmoveis.com.br\/es\/?s={search_term_string}"},"query-input":{"@type":"PropertyValueSpecification","valueRequired":true,"valueName":"search_term_string"}}],"inLanguage":"es"},{"@type":"Person","@id":"https:\/\/www.sindmoveis.com.br\/es\/#\/schema\/person\/16d379542db1950a17fe188179340d57","name":"Imprensa Sindm\u00f3veis","image":{"@type":"ImageObject","inLanguage":"es","@id":"https:\/\/www.sindmoveis.com.br\/es\/#\/schema\/person\/image\/","url":"https:\/\/secure.gravatar.com\/avatar\/4973e2e2c2a0cb5db30b0c7b770041b8e33d048a16b695a1f99c042449d4bfaf?s=96&d=mm&r=g","contentUrl":"https:\/\/secure.gravatar.com\/avatar\/4973e2e2c2a0cb5db30b0c7b770041b8e33d048a16b695a1f99c042449d4bfaf?s=96&d=mm&r=g","caption":"Imprensa Sindm\u00f3veis"},"url":"https:\/\/www.sindmoveis.com.br\/es\/author\/ana\/"}]}},"_links":{"self":[{"href":"https:\/\/www.sindmoveis.com.br\/es\/wp-json\/wp\/v2\/posts\/956","targetHints":{"allow":["GET"]}}],"collection":[{"href":"https:\/\/www.sindmoveis.com.br\/es\/wp-json\/wp\/v2\/posts"}],"about":[{"href":"https:\/\/www.sindmoveis.com.br\/es\/wp-json\/wp\/v2\/types\/post"}],"author":[{"embeddable":true,"href":"https:\/\/www.sindmoveis.com.br\/es\/wp-json\/wp\/v2\/users\/5"}],"replies":[{"embeddable":true,"href":"https:\/\/www.sindmoveis.com.br\/es\/wp-json\/wp\/v2\/comments?post=956"}],"version-history":[{"count":2,"href":"https:\/\/www.sindmoveis.com.br\/es\/wp-json\/wp\/v2\/posts\/956\/revisions"}],"predecessor-version":[{"id":3249,"href":"https:\/\/www.sindmoveis.com.br\/es\/wp-json\/wp\/v2\/posts\/956\/revisions\/3249"}],"wp:attachment":[{"href":"https:\/\/www.sindmoveis.com.br\/es\/wp-json\/wp\/v2\/media?parent=956"}],"wp:term":[{"taxonomy":"category","embeddable":true,"href":"https:\/\/www.sindmoveis.com.br\/es\/wp-json\/wp\/v2\/categories?post=956"},{"taxonomy":"post_tag","embeddable":true,"href":"https:\/\/www.sindmoveis.com.br\/es\/wp-json\/wp\/v2\/tags?post=956"}],"curies":[{"name":"wp","href":"https:\/\/api.w.org\/{rel}","templated":true}]}}