{"id":954,"date":"2012-10-30T00:00:00","date_gmt":"2012-10-30T02:00:00","guid":{"rendered":"http:\/\/sindmoveis.com.br\/imprensa\/noticias\/projeto-orchestra-brasil-promove-semana-do-design\/"},"modified":"2021-05-26T10:28:39","modified_gmt":"2021-05-26T13:28:39","slug":"projeto-orchestra-brasil-promove-semana-do-design","status":"publish","type":"post","link":"https:\/\/www.sindmoveis.com.br\/es\/projeto-orchestra-brasil-promove-semana-do-design\/","title":{"rendered":"Sindm\u00f3veis y Orchestra Brasil promueven la Semana del Dise\u00f1o"},"content":{"rendered":"<p>\u00a0<br \/>\nDise\u00f1ador londinense \u00a0Peter Marigold dictar\u00e1 seminario y workshops en Senai Cetemo, en Bento Gon\u00e7alves<br \/>\n\u00a0<br \/>\nEl proyecto Orchestra Brasil de incentivo a las exportaciones y el Sindicato de las Industrias del Mobiliario de Bento Gon\u00e7alves (Sindm\u00f3veis) promueven, los d\u00edas 6 y 7 de noviembre, la Semana del Dise\u00f1o, con la realizaci\u00f3n de seminario y workshops. Las actividades ser\u00e1n dirigidas por el dise\u00f1ador londinense Peter Marigold.\u00a0<br \/>\n\u00a0<br \/>\nEn la ma\u00f1ana del d\u00eda 6, martes, Marigold dirigir\u00e1 el seminario Thinking and Making, donde desvendar\u00e1 la historia que existe por detr\u00e1s de sus objetos, abordando experimentaciones realizadas y las razones que lo llevaron a crear muchas de sus obras. En la oportunidad, el dise\u00f1ador mostrar\u00e1 sus proyectos y el proceso de concepci\u00f3n de diversas piezas de su portafolio.\u00a0<br \/>\n\u00a0<br \/>\nTambi\u00e9n ser\u00e1n promovidos tres workshops titulados The Waste Wood Orchestra, una invitaci\u00f3n para la creaci\u00f3n de instrumentos musicales simples a partir de residuos de madera provenientes de la industria del mobiliario de Bento Gon\u00e7alves. En esos talleres, el dise\u00f1ador invitado actuar\u00e1 como un asistente de los participantes, auxili\u00e1ndolos en el corte, ensamblaje y decoraci\u00f3n de las piezas concebidas. La actividad tendr\u00e1 tres ediciones los d\u00edas martes 6 y \u00a0mi\u00e9rcoles 7.<br \/>\n\u00a0<br \/>\nNacido en Londres, en 1974, Peter Marigold tiene experiencia en la creaci\u00f3n de escenograf\u00edas para teatro y, desde 2005 se dedica casi exclusivamente al dise\u00f1o de muebles. Realiz\u00f3 post graduaci\u00f3n en el Design Museum, de Londres, y curs\u00f3 maestr\u00eda en Dise\u00f1o de Productos en el Royal College of Art \u2013 RCA de Londres. Sus trabajos han sido expuestos en las m\u00e1s importantes ferias del sector, como London Design Festival, Milan Furniture Fair, Design Miami, Stavanger (Noruega, MoMA (Nueva York) y 21_21 Design Sight (Tokio).<br \/>\n\u00a0<br \/>\nLa Semana del Dise\u00f1o ser\u00e1 realizada en la sede del Servicio Nacional de Aprendizaje Industrial\/ Centro Tecnol\u00f3gico del Mobiliario \u2013 SENAI\/CETEMO en Bento Gon\u00e7alves, con entrada libre y plazas limitadas \u2013 los workshops de instrumentos musicales ser\u00e1n restrictos a un grupo de 15 personas. La programaci\u00f3n cuenta con apoyo de la Agencia Brasile\u00f1a de Promoci\u00f3n de Exportaciones e Inversiones (Apex-Brasil) y Senai\/Cetemo. Informaciones sobre inscripciones pueden ser solicitadas por el e-mail info@orchestrabrasil.com.br \u00a0<br \/>\n\u00a0<br \/>\nSemana del Dise\u00f1o<br \/>\n\u00a0<br \/>\nSeminario \u201cThinking and Making\u201d<br \/>\nFecha: 06\/11<br \/>\nHorario: 9h30min \u2013 recepci\u00f3n | 10h \u2013 apertura | 11h30min cierre<br \/>\n\u00a0<br \/>\nWorkshop \u201cThe Waste Wood Orchestra\u201d<br \/>\nFecha: 06 e 07\/11<br \/>\nHorario: D\u00eda 06, de las 13h30min a las 17h30min | d\u00eda 07, una edici\u00f3n de las 7h30min a las 11h30min y una edici\u00f3n de las 13h30min a las 17h30min<br \/>\n\u00a0<br \/>\n\u00a0<\/p>\n","protected":false},"excerpt":{"rendered":"<p>\u00a0 Dise\u00f1ador londinense \u00a0Peter Marigold dictar\u00e1 seminario y workshops en Senai Cetemo, en Bento Gon\u00e7alves \u00a0 El proyecto Orchestra Brasil de incentivo a las exportaciones y el Sindicato de las&#8230;  <a class=\"excerpt-read-more\" href=\"https:\/\/www.sindmoveis.com.br\/es\/projeto-orchestra-brasil-promove-semana-do-design\/\" title=\"Read Sindm\u00f3veis y Orchestra Brasil promueven la Semana del Dise\u00f1o\">Leia mais &raquo;<\/a><\/p>\n","protected":false},"author":5,"featured_media":0,"comment_status":"closed","ping_status":"open","sticky":false,"template":"","format":"standard","meta":{"footnotes":"","_links_to":"","_links_to_target":""},"categories":[22,2],"tags":[],"class_list":["post-954","post","type-post","status-publish","format-standard","hentry","category-proyecto-orchestra-brasil","category-sindmoveis"],"yoast_head":"<!-- This site is optimized with the Yoast SEO plugin v27.0 - https:\/\/yoast.com\/product\/yoast-seo-wordpress\/ -->\n<title>Sindm\u00f3veis y Orchestra Brasil promueven la Semana del Dise\u00f1o - Sindm\u00f3veis-RS<\/title>\n<meta name=\"robots\" content=\"index, follow, max-snippet:-1, max-image-preview:large, max-video-preview:-1\" \/>\n<link rel=\"canonical\" href=\"https:\/\/www.sindmoveis.com.br\/es\/projeto-orchestra-brasil-promove-semana-do-design\/\" \/>\n<meta property=\"og:locale\" content=\"es_ES\" \/>\n<meta property=\"og:type\" content=\"article\" \/>\n<meta property=\"og:title\" content=\"Sindm\u00f3veis y Orchestra Brasil promueven la Semana del Dise\u00f1o - Sindm\u00f3veis-RS\" \/>\n<meta property=\"og:description\" content=\"\u00a0 Dise\u00f1ador londinense \u00a0Peter Marigold dictar\u00e1 seminario y workshops en Senai Cetemo, en Bento Gon\u00e7alves \u00a0 El proyecto Orchestra Brasil de incentivo a las exportaciones y el Sindicato de las... Leia mais &raquo;\" \/>\n<meta property=\"og:url\" content=\"https:\/\/www.sindmoveis.com.br\/es\/projeto-orchestra-brasil-promove-semana-do-design\/\" \/>\n<meta property=\"og:site_name\" content=\"Sindm\u00f3veis-RS\" \/>\n<meta property=\"article:published_time\" content=\"2012-10-30T02:00:00+00:00\" \/>\n<meta property=\"article:modified_time\" content=\"2021-05-26T13:28:39+00:00\" \/>\n<meta name=\"author\" content=\"Imprensa Sindm\u00f3veis\" \/>\n<meta name=\"twitter:card\" content=\"summary_large_image\" \/>\n<meta name=\"twitter:label1\" content=\"Escrito por\" \/>\n\t<meta name=\"twitter:data1\" content=\"Imprensa Sindm\u00f3veis\" \/>\n\t<meta name=\"twitter:label2\" content=\"Tiempo de lectura\" \/>\n\t<meta name=\"twitter:data2\" content=\"2 minutos\" \/>\n<script type=\"application\/ld+json\" class=\"yoast-schema-graph\">{\"@context\":\"https:\/\/schema.org\",\"@graph\":[{\"@type\":\"Article\",\"@id\":\"https:\/\/www.sindmoveis.com.br\/es\/projeto-orchestra-brasil-promove-semana-do-design\/#article\",\"isPartOf\":{\"@id\":\"https:\/\/www.sindmoveis.com.br\/es\/projeto-orchestra-brasil-promove-semana-do-design\/\"},\"author\":{\"name\":\"Imprensa Sindm\u00f3veis\",\"@id\":\"https:\/\/www.sindmoveis.com.br\/es\/#\/schema\/person\/16d379542db1950a17fe188179340d57\"},\"headline\":\"Sindm\u00f3veis y Orchestra Brasil promueven la Semana del Dise\u00f1o\",\"datePublished\":\"2012-10-30T02:00:00+00:00\",\"dateModified\":\"2021-05-26T13:28:39+00:00\",\"mainEntityOfPage\":{\"@id\":\"https:\/\/www.sindmoveis.com.br\/es\/projeto-orchestra-brasil-promove-semana-do-design\/\"},\"wordCount\":453,\"articleSection\":[\"Proyecto Orchestra Brasil\",\"Sindm\u00f3veis\"],\"inLanguage\":\"es\"},{\"@type\":\"WebPage\",\"@id\":\"https:\/\/www.sindmoveis.com.br\/es\/projeto-orchestra-brasil-promove-semana-do-design\/\",\"url\":\"https:\/\/www.sindmoveis.com.br\/es\/projeto-orchestra-brasil-promove-semana-do-design\/\",\"name\":\"Sindm\u00f3veis y Orchestra Brasil promueven la Semana del Dise\u00f1o - Sindm\u00f3veis-RS\",\"isPartOf\":{\"@id\":\"https:\/\/www.sindmoveis.com.br\/es\/#website\"},\"datePublished\":\"2012-10-30T02:00:00+00:00\",\"dateModified\":\"2021-05-26T13:28:39+00:00\",\"author\":{\"@id\":\"https:\/\/www.sindmoveis.com.br\/es\/#\/schema\/person\/16d379542db1950a17fe188179340d57\"},\"inLanguage\":\"es\",\"potentialAction\":[{\"@type\":\"ReadAction\",\"target\":[\"https:\/\/www.sindmoveis.com.br\/es\/projeto-orchestra-brasil-promove-semana-do-design\/\"]}]},{\"@type\":\"WebSite\",\"@id\":\"https:\/\/www.sindmoveis.com.br\/es\/#website\",\"url\":\"https:\/\/www.sindmoveis.com.br\/es\/\",\"name\":\"Sindm\u00f3veis-RS\",\"description\":\"\",\"potentialAction\":[{\"@type\":\"SearchAction\",\"target\":{\"@type\":\"EntryPoint\",\"urlTemplate\":\"https:\/\/www.sindmoveis.com.br\/es\/?s={search_term_string}\"},\"query-input\":{\"@type\":\"PropertyValueSpecification\",\"valueRequired\":true,\"valueName\":\"search_term_string\"}}],\"inLanguage\":\"es\"},{\"@type\":\"Person\",\"@id\":\"https:\/\/www.sindmoveis.com.br\/es\/#\/schema\/person\/16d379542db1950a17fe188179340d57\",\"name\":\"Imprensa Sindm\u00f3veis\",\"image\":{\"@type\":\"ImageObject\",\"inLanguage\":\"es\",\"@id\":\"https:\/\/www.sindmoveis.com.br\/es\/#\/schema\/person\/image\/\",\"url\":\"https:\/\/secure.gravatar.com\/avatar\/4973e2e2c2a0cb5db30b0c7b770041b8e33d048a16b695a1f99c042449d4bfaf?s=96&d=mm&r=g\",\"contentUrl\":\"https:\/\/secure.gravatar.com\/avatar\/4973e2e2c2a0cb5db30b0c7b770041b8e33d048a16b695a1f99c042449d4bfaf?s=96&d=mm&r=g\",\"caption\":\"Imprensa Sindm\u00f3veis\"},\"url\":\"https:\/\/www.sindmoveis.com.br\/es\/author\/ana\/\"}]}<\/script>\n<!-- \/ Yoast SEO plugin. -->","yoast_head_json":{"title":"Sindm\u00f3veis y Orchestra Brasil promueven la Semana del Dise\u00f1o - Sindm\u00f3veis-RS","robots":{"index":"index","follow":"follow","max-snippet":"max-snippet:-1","max-image-preview":"max-image-preview:large","max-video-preview":"max-video-preview:-1"},"canonical":"https:\/\/www.sindmoveis.com.br\/es\/projeto-orchestra-brasil-promove-semana-do-design\/","og_locale":"es_ES","og_type":"article","og_title":"Sindm\u00f3veis y Orchestra Brasil promueven la Semana del Dise\u00f1o - Sindm\u00f3veis-RS","og_description":"\u00a0 Dise\u00f1ador londinense \u00a0Peter Marigold dictar\u00e1 seminario y workshops en Senai Cetemo, en Bento Gon\u00e7alves \u00a0 El proyecto Orchestra Brasil de incentivo a las exportaciones y el Sindicato de las... Leia mais &raquo;","og_url":"https:\/\/www.sindmoveis.com.br\/es\/projeto-orchestra-brasil-promove-semana-do-design\/","og_site_name":"Sindm\u00f3veis-RS","article_published_time":"2012-10-30T02:00:00+00:00","article_modified_time":"2021-05-26T13:28:39+00:00","author":"Imprensa Sindm\u00f3veis","twitter_card":"summary_large_image","twitter_misc":{"Escrito por":"Imprensa Sindm\u00f3veis","Tiempo de lectura":"2 minutos"},"schema":{"@context":"https:\/\/schema.org","@graph":[{"@type":"Article","@id":"https:\/\/www.sindmoveis.com.br\/es\/projeto-orchestra-brasil-promove-semana-do-design\/#article","isPartOf":{"@id":"https:\/\/www.sindmoveis.com.br\/es\/projeto-orchestra-brasil-promove-semana-do-design\/"},"author":{"name":"Imprensa Sindm\u00f3veis","@id":"https:\/\/www.sindmoveis.com.br\/es\/#\/schema\/person\/16d379542db1950a17fe188179340d57"},"headline":"Sindm\u00f3veis y Orchestra Brasil promueven la Semana del Dise\u00f1o","datePublished":"2012-10-30T02:00:00+00:00","dateModified":"2021-05-26T13:28:39+00:00","mainEntityOfPage":{"@id":"https:\/\/www.sindmoveis.com.br\/es\/projeto-orchestra-brasil-promove-semana-do-design\/"},"wordCount":453,"articleSection":["Proyecto Orchestra Brasil","Sindm\u00f3veis"],"inLanguage":"es"},{"@type":"WebPage","@id":"https:\/\/www.sindmoveis.com.br\/es\/projeto-orchestra-brasil-promove-semana-do-design\/","url":"https:\/\/www.sindmoveis.com.br\/es\/projeto-orchestra-brasil-promove-semana-do-design\/","name":"Sindm\u00f3veis y Orchestra Brasil promueven la Semana del Dise\u00f1o - Sindm\u00f3veis-RS","isPartOf":{"@id":"https:\/\/www.sindmoveis.com.br\/es\/#website"},"datePublished":"2012-10-30T02:00:00+00:00","dateModified":"2021-05-26T13:28:39+00:00","author":{"@id":"https:\/\/www.sindmoveis.com.br\/es\/#\/schema\/person\/16d379542db1950a17fe188179340d57"},"inLanguage":"es","potentialAction":[{"@type":"ReadAction","target":["https:\/\/www.sindmoveis.com.br\/es\/projeto-orchestra-brasil-promove-semana-do-design\/"]}]},{"@type":"WebSite","@id":"https:\/\/www.sindmoveis.com.br\/es\/#website","url":"https:\/\/www.sindmoveis.com.br\/es\/","name":"Sindm\u00f3veis-RS","description":"","potentialAction":[{"@type":"SearchAction","target":{"@type":"EntryPoint","urlTemplate":"https:\/\/www.sindmoveis.com.br\/es\/?s={search_term_string}"},"query-input":{"@type":"PropertyValueSpecification","valueRequired":true,"valueName":"search_term_string"}}],"inLanguage":"es"},{"@type":"Person","@id":"https:\/\/www.sindmoveis.com.br\/es\/#\/schema\/person\/16d379542db1950a17fe188179340d57","name":"Imprensa Sindm\u00f3veis","image":{"@type":"ImageObject","inLanguage":"es","@id":"https:\/\/www.sindmoveis.com.br\/es\/#\/schema\/person\/image\/","url":"https:\/\/secure.gravatar.com\/avatar\/4973e2e2c2a0cb5db30b0c7b770041b8e33d048a16b695a1f99c042449d4bfaf?s=96&d=mm&r=g","contentUrl":"https:\/\/secure.gravatar.com\/avatar\/4973e2e2c2a0cb5db30b0c7b770041b8e33d048a16b695a1f99c042449d4bfaf?s=96&d=mm&r=g","caption":"Imprensa Sindm\u00f3veis"},"url":"https:\/\/www.sindmoveis.com.br\/es\/author\/ana\/"}]}},"_links":{"self":[{"href":"https:\/\/www.sindmoveis.com.br\/es\/wp-json\/wp\/v2\/posts\/954","targetHints":{"allow":["GET"]}}],"collection":[{"href":"https:\/\/www.sindmoveis.com.br\/es\/wp-json\/wp\/v2\/posts"}],"about":[{"href":"https:\/\/www.sindmoveis.com.br\/es\/wp-json\/wp\/v2\/types\/post"}],"author":[{"embeddable":true,"href":"https:\/\/www.sindmoveis.com.br\/es\/wp-json\/wp\/v2\/users\/5"}],"replies":[{"embeddable":true,"href":"https:\/\/www.sindmoveis.com.br\/es\/wp-json\/wp\/v2\/comments?post=954"}],"version-history":[{"count":2,"href":"https:\/\/www.sindmoveis.com.br\/es\/wp-json\/wp\/v2\/posts\/954\/revisions"}],"predecessor-version":[{"id":3247,"href":"https:\/\/www.sindmoveis.com.br\/es\/wp-json\/wp\/v2\/posts\/954\/revisions\/3247"}],"wp:attachment":[{"href":"https:\/\/www.sindmoveis.com.br\/es\/wp-json\/wp\/v2\/media?parent=954"}],"wp:term":[{"taxonomy":"category","embeddable":true,"href":"https:\/\/www.sindmoveis.com.br\/es\/wp-json\/wp\/v2\/categories?post=954"},{"taxonomy":"post_tag","embeddable":true,"href":"https:\/\/www.sindmoveis.com.br\/es\/wp-json\/wp\/v2\/tags?post=954"}],"curies":[{"name":"wp","href":"https:\/\/api.w.org\/{rel}","templated":true}]}}