{"id":953,"date":"2012-10-18T00:00:00","date_gmt":"2012-10-18T03:00:00","guid":{"rendered":"http:\/\/sindmoveis.com.br\/imprensa\/noticias\/projeto-orchestra-brasil-presente-na-fenafor-peru\/"},"modified":"2021-05-26T10:28:39","modified_gmt":"2021-05-26T13:28:39","slug":"projeto-orchestra-brasil-presente-na-fenafor-peru","status":"publish","type":"post","link":"https:\/\/www.sindmoveis.com.br\/es\/projeto-orchestra-brasil-presente-na-fenafor-peru\/","title":{"rendered":"Projeto Orchestra Brasil presente en Fenafor Per\u00fa"},"content":{"rendered":"<p>\u00a0<br \/>\nPa\u00eds es el primero a recibir el Roadshow Am\u00e9rica del Sur, que tambi\u00e9n llevar\u00e1 fabricantes de insumos para muebles a Paraguay, Uruguay y Argentina hasta el mes de noviembre<br \/>\n\u00a0<br \/>\nLa Feria Internacional de M\u00e1quinas, Equipamientos, Suministros y Servicios para la Industria de la Madera, Muebles, Carpinter\u00eda y Placas \u2013 Fenafor- es el punto inicial del Roadshow Am\u00e9rica del Sur, una iniciativa innovadora del proyecto Orchestra Brasil que llevar\u00e1 fabricantes de accesorios, acabados, componentes y tecnolog\u00edas a cuatro pa\u00edses hasta el pr\u00f3ximo mes de noviembre. Fenafor ocurre de dos en dos a\u00f1os y tendr\u00e1 su cuarta edici\u00f3n de 25 a 27 de octubre, en la Universidad Nacional Agraria La Molina, en Lima. Enseguida la misi\u00f3n comercial ser\u00e1 realizada tambi\u00e9n en embajadas y hoteles en Paraguay, Uruguay y Argentina, con final el d\u00eda 3 de noviembre.<br \/>\n\u00a0<br \/>\nEl proyecto Orchestra Brasil \u2013 una asociaci\u00f3n entre el Sindicato de las Industrias del Mobiliario de Bento Gon\u00e7alves \u00a0(Sindm\u00f3veis) y la Agencia de Promoci\u00f3n de Exportaciones e Inversiones (Apex-Brasil), promueve la inserci\u00f3n competitiva de proveedoras del sector del mobiliario en el mercado internacional de forma sostenible. El objetivo de esa misi\u00f3n comercial en Am\u00e9rica del Sur es aproximar las proveedoras brasile\u00f1as de asociaciones representativas, fabricantes, distribuidores e importadores en los cuatro mercados que ser\u00e1n visitados.<br \/>\n\u00a0<br \/>\nEn cada pa\u00eds por donde el Roadshow pasar\u00e1, las seis empresas participantes contar\u00e1n con los servicios de un asesor de prensa local para movilizar medios de comunicaci\u00f3n y formadores de opini\u00f3n a fin de que sea divulgado el potencial brasile\u00f1o en la fabricaci\u00f3n no solamente de muebles, sino tambi\u00e9n de insumos para la cadena del mobiliario. Los pa\u00edses del Mercosur son tradicionales asociados comerciales de Brasil y figuran entre los 10 principales compradores de los productos fabricados por las empresas participantes del proyecto Orchestra Brasil.\u00a0<br \/>\n\u00a0<br \/>\nEn a\u00f1os recientes, Per\u00fa est\u00e1 destac\u00e1ndose por presentar uno de los mayores crecimientos econ\u00f3micos de Am\u00e9rica Latina. La econom\u00eda viene creciendo a una tasa con promedio anual de 7% desde 2005, a lo que se suman otros factores positivos, como la reducci\u00f3n de la criminalidad, aumento de la renta per c\u00e1pita de la poblaci\u00f3n y vitalidad del ramo inmobiliario. Como resultado, la producci\u00f3n mensual de muebles dobl\u00f3 pr\u00e1cticamente en cinco a\u00f1os. El Proyecto Orchestra Brasil est\u00e1 atento a esas oportunidades y quiere contribuir para que la industria peruana del mueble pueda crecer a\u00fan m\u00e1s. Estamos aqu\u00ed en un esfuerzo de crecimiento mutuo, pues creemos en el potencial de la industria de Per\u00fa y queremos hacer parte de esa historia de trabajo y desarrollo.<br \/>\n\u00a0<\/p>\n","protected":false},"excerpt":{"rendered":"<p>\u00a0 Pa\u00eds es el primero a recibir el Roadshow Am\u00e9rica del Sur, que tambi\u00e9n llevar\u00e1 fabricantes de insumos para muebles a Paraguay, Uruguay y Argentina hasta el mes de noviembre&#8230;  <a class=\"excerpt-read-more\" href=\"https:\/\/www.sindmoveis.com.br\/es\/projeto-orchestra-brasil-presente-na-fenafor-peru\/\" title=\"Read Projeto Orchestra Brasil presente en Fenafor Per\u00fa\">Leia mais &raquo;<\/a><\/p>\n","protected":false},"author":5,"featured_media":0,"comment_status":"closed","ping_status":"open","sticky":false,"template":"","format":"standard","meta":{"footnotes":"","_links_to":"","_links_to_target":""},"categories":[22,2],"tags":[],"class_list":["post-953","post","type-post","status-publish","format-standard","hentry","category-proyecto-orchestra-brasil","category-sindmoveis"],"yoast_head":"<!-- This site is optimized with the Yoast SEO plugin v27.0 - https:\/\/yoast.com\/product\/yoast-seo-wordpress\/ -->\n<title>Projeto Orchestra Brasil presente en Fenafor Per\u00fa - Sindm\u00f3veis-RS<\/title>\n<meta name=\"robots\" content=\"index, follow, max-snippet:-1, max-image-preview:large, max-video-preview:-1\" \/>\n<link rel=\"canonical\" href=\"https:\/\/www.sindmoveis.com.br\/es\/projeto-orchestra-brasil-presente-na-fenafor-peru\/\" \/>\n<meta property=\"og:locale\" content=\"es_ES\" \/>\n<meta property=\"og:type\" content=\"article\" \/>\n<meta property=\"og:title\" content=\"Projeto Orchestra Brasil presente en Fenafor Per\u00fa - Sindm\u00f3veis-RS\" \/>\n<meta property=\"og:description\" content=\"\u00a0 Pa\u00eds es el primero a recibir el Roadshow Am\u00e9rica del Sur, que tambi\u00e9n llevar\u00e1 fabricantes de insumos para muebles a Paraguay, Uruguay y Argentina hasta el mes de noviembre... Leia mais &raquo;\" \/>\n<meta property=\"og:url\" content=\"https:\/\/www.sindmoveis.com.br\/es\/projeto-orchestra-brasil-presente-na-fenafor-peru\/\" \/>\n<meta property=\"og:site_name\" content=\"Sindm\u00f3veis-RS\" \/>\n<meta property=\"article:published_time\" content=\"2012-10-18T03:00:00+00:00\" \/>\n<meta property=\"article:modified_time\" content=\"2021-05-26T13:28:39+00:00\" \/>\n<meta name=\"author\" content=\"Imprensa Sindm\u00f3veis\" \/>\n<meta name=\"twitter:card\" content=\"summary_large_image\" \/>\n<meta name=\"twitter:label1\" content=\"Escrito por\" \/>\n\t<meta name=\"twitter:data1\" content=\"Imprensa Sindm\u00f3veis\" \/>\n\t<meta name=\"twitter:label2\" content=\"Tiempo de lectura\" \/>\n\t<meta name=\"twitter:data2\" content=\"2 minutos\" \/>\n<script type=\"application\/ld+json\" class=\"yoast-schema-graph\">{\"@context\":\"https:\/\/schema.org\",\"@graph\":[{\"@type\":\"Article\",\"@id\":\"https:\/\/www.sindmoveis.com.br\/es\/projeto-orchestra-brasil-presente-na-fenafor-peru\/#article\",\"isPartOf\":{\"@id\":\"https:\/\/www.sindmoveis.com.br\/es\/projeto-orchestra-brasil-presente-na-fenafor-peru\/\"},\"author\":{\"name\":\"Imprensa Sindm\u00f3veis\",\"@id\":\"https:\/\/www.sindmoveis.com.br\/es\/#\/schema\/person\/16d379542db1950a17fe188179340d57\"},\"headline\":\"Projeto Orchestra Brasil presente en Fenafor Per\u00fa\",\"datePublished\":\"2012-10-18T03:00:00+00:00\",\"dateModified\":\"2021-05-26T13:28:39+00:00\",\"mainEntityOfPage\":{\"@id\":\"https:\/\/www.sindmoveis.com.br\/es\/projeto-orchestra-brasil-presente-na-fenafor-peru\/\"},\"wordCount\":460,\"articleSection\":[\"Proyecto Orchestra Brasil\",\"Sindm\u00f3veis\"],\"inLanguage\":\"es\"},{\"@type\":\"WebPage\",\"@id\":\"https:\/\/www.sindmoveis.com.br\/es\/projeto-orchestra-brasil-presente-na-fenafor-peru\/\",\"url\":\"https:\/\/www.sindmoveis.com.br\/es\/projeto-orchestra-brasil-presente-na-fenafor-peru\/\",\"name\":\"Projeto Orchestra Brasil presente en Fenafor Per\u00fa - Sindm\u00f3veis-RS\",\"isPartOf\":{\"@id\":\"https:\/\/www.sindmoveis.com.br\/es\/#website\"},\"datePublished\":\"2012-10-18T03:00:00+00:00\",\"dateModified\":\"2021-05-26T13:28:39+00:00\",\"author\":{\"@id\":\"https:\/\/www.sindmoveis.com.br\/es\/#\/schema\/person\/16d379542db1950a17fe188179340d57\"},\"inLanguage\":\"es\",\"potentialAction\":[{\"@type\":\"ReadAction\",\"target\":[\"https:\/\/www.sindmoveis.com.br\/es\/projeto-orchestra-brasil-presente-na-fenafor-peru\/\"]}]},{\"@type\":\"WebSite\",\"@id\":\"https:\/\/www.sindmoveis.com.br\/es\/#website\",\"url\":\"https:\/\/www.sindmoveis.com.br\/es\/\",\"name\":\"Sindm\u00f3veis-RS\",\"description\":\"\",\"potentialAction\":[{\"@type\":\"SearchAction\",\"target\":{\"@type\":\"EntryPoint\",\"urlTemplate\":\"https:\/\/www.sindmoveis.com.br\/es\/?s={search_term_string}\"},\"query-input\":{\"@type\":\"PropertyValueSpecification\",\"valueRequired\":true,\"valueName\":\"search_term_string\"}}],\"inLanguage\":\"es\"},{\"@type\":\"Person\",\"@id\":\"https:\/\/www.sindmoveis.com.br\/es\/#\/schema\/person\/16d379542db1950a17fe188179340d57\",\"name\":\"Imprensa Sindm\u00f3veis\",\"image\":{\"@type\":\"ImageObject\",\"inLanguage\":\"es\",\"@id\":\"https:\/\/www.sindmoveis.com.br\/es\/#\/schema\/person\/image\/\",\"url\":\"https:\/\/secure.gravatar.com\/avatar\/4973e2e2c2a0cb5db30b0c7b770041b8e33d048a16b695a1f99c042449d4bfaf?s=96&d=mm&r=g\",\"contentUrl\":\"https:\/\/secure.gravatar.com\/avatar\/4973e2e2c2a0cb5db30b0c7b770041b8e33d048a16b695a1f99c042449d4bfaf?s=96&d=mm&r=g\",\"caption\":\"Imprensa Sindm\u00f3veis\"},\"url\":\"https:\/\/www.sindmoveis.com.br\/es\/author\/ana\/\"}]}<\/script>\n<!-- \/ Yoast SEO plugin. -->","yoast_head_json":{"title":"Projeto Orchestra Brasil presente en Fenafor Per\u00fa - Sindm\u00f3veis-RS","robots":{"index":"index","follow":"follow","max-snippet":"max-snippet:-1","max-image-preview":"max-image-preview:large","max-video-preview":"max-video-preview:-1"},"canonical":"https:\/\/www.sindmoveis.com.br\/es\/projeto-orchestra-brasil-presente-na-fenafor-peru\/","og_locale":"es_ES","og_type":"article","og_title":"Projeto Orchestra Brasil presente en Fenafor Per\u00fa - Sindm\u00f3veis-RS","og_description":"\u00a0 Pa\u00eds es el primero a recibir el Roadshow Am\u00e9rica del Sur, que tambi\u00e9n llevar\u00e1 fabricantes de insumos para muebles a Paraguay, Uruguay y Argentina hasta el mes de noviembre... Leia mais &raquo;","og_url":"https:\/\/www.sindmoveis.com.br\/es\/projeto-orchestra-brasil-presente-na-fenafor-peru\/","og_site_name":"Sindm\u00f3veis-RS","article_published_time":"2012-10-18T03:00:00+00:00","article_modified_time":"2021-05-26T13:28:39+00:00","author":"Imprensa Sindm\u00f3veis","twitter_card":"summary_large_image","twitter_misc":{"Escrito por":"Imprensa Sindm\u00f3veis","Tiempo de lectura":"2 minutos"},"schema":{"@context":"https:\/\/schema.org","@graph":[{"@type":"Article","@id":"https:\/\/www.sindmoveis.com.br\/es\/projeto-orchestra-brasil-presente-na-fenafor-peru\/#article","isPartOf":{"@id":"https:\/\/www.sindmoveis.com.br\/es\/projeto-orchestra-brasil-presente-na-fenafor-peru\/"},"author":{"name":"Imprensa Sindm\u00f3veis","@id":"https:\/\/www.sindmoveis.com.br\/es\/#\/schema\/person\/16d379542db1950a17fe188179340d57"},"headline":"Projeto Orchestra Brasil presente en Fenafor Per\u00fa","datePublished":"2012-10-18T03:00:00+00:00","dateModified":"2021-05-26T13:28:39+00:00","mainEntityOfPage":{"@id":"https:\/\/www.sindmoveis.com.br\/es\/projeto-orchestra-brasil-presente-na-fenafor-peru\/"},"wordCount":460,"articleSection":["Proyecto Orchestra Brasil","Sindm\u00f3veis"],"inLanguage":"es"},{"@type":"WebPage","@id":"https:\/\/www.sindmoveis.com.br\/es\/projeto-orchestra-brasil-presente-na-fenafor-peru\/","url":"https:\/\/www.sindmoveis.com.br\/es\/projeto-orchestra-brasil-presente-na-fenafor-peru\/","name":"Projeto Orchestra Brasil presente en Fenafor Per\u00fa - Sindm\u00f3veis-RS","isPartOf":{"@id":"https:\/\/www.sindmoveis.com.br\/es\/#website"},"datePublished":"2012-10-18T03:00:00+00:00","dateModified":"2021-05-26T13:28:39+00:00","author":{"@id":"https:\/\/www.sindmoveis.com.br\/es\/#\/schema\/person\/16d379542db1950a17fe188179340d57"},"inLanguage":"es","potentialAction":[{"@type":"ReadAction","target":["https:\/\/www.sindmoveis.com.br\/es\/projeto-orchestra-brasil-presente-na-fenafor-peru\/"]}]},{"@type":"WebSite","@id":"https:\/\/www.sindmoveis.com.br\/es\/#website","url":"https:\/\/www.sindmoveis.com.br\/es\/","name":"Sindm\u00f3veis-RS","description":"","potentialAction":[{"@type":"SearchAction","target":{"@type":"EntryPoint","urlTemplate":"https:\/\/www.sindmoveis.com.br\/es\/?s={search_term_string}"},"query-input":{"@type":"PropertyValueSpecification","valueRequired":true,"valueName":"search_term_string"}}],"inLanguage":"es"},{"@type":"Person","@id":"https:\/\/www.sindmoveis.com.br\/es\/#\/schema\/person\/16d379542db1950a17fe188179340d57","name":"Imprensa Sindm\u00f3veis","image":{"@type":"ImageObject","inLanguage":"es","@id":"https:\/\/www.sindmoveis.com.br\/es\/#\/schema\/person\/image\/","url":"https:\/\/secure.gravatar.com\/avatar\/4973e2e2c2a0cb5db30b0c7b770041b8e33d048a16b695a1f99c042449d4bfaf?s=96&d=mm&r=g","contentUrl":"https:\/\/secure.gravatar.com\/avatar\/4973e2e2c2a0cb5db30b0c7b770041b8e33d048a16b695a1f99c042449d4bfaf?s=96&d=mm&r=g","caption":"Imprensa Sindm\u00f3veis"},"url":"https:\/\/www.sindmoveis.com.br\/es\/author\/ana\/"}]}},"_links":{"self":[{"href":"https:\/\/www.sindmoveis.com.br\/es\/wp-json\/wp\/v2\/posts\/953","targetHints":{"allow":["GET"]}}],"collection":[{"href":"https:\/\/www.sindmoveis.com.br\/es\/wp-json\/wp\/v2\/posts"}],"about":[{"href":"https:\/\/www.sindmoveis.com.br\/es\/wp-json\/wp\/v2\/types\/post"}],"author":[{"embeddable":true,"href":"https:\/\/www.sindmoveis.com.br\/es\/wp-json\/wp\/v2\/users\/5"}],"replies":[{"embeddable":true,"href":"https:\/\/www.sindmoveis.com.br\/es\/wp-json\/wp\/v2\/comments?post=953"}],"version-history":[{"count":2,"href":"https:\/\/www.sindmoveis.com.br\/es\/wp-json\/wp\/v2\/posts\/953\/revisions"}],"predecessor-version":[{"id":3246,"href":"https:\/\/www.sindmoveis.com.br\/es\/wp-json\/wp\/v2\/posts\/953\/revisions\/3246"}],"wp:attachment":[{"href":"https:\/\/www.sindmoveis.com.br\/es\/wp-json\/wp\/v2\/media?parent=953"}],"wp:term":[{"taxonomy":"category","embeddable":true,"href":"https:\/\/www.sindmoveis.com.br\/es\/wp-json\/wp\/v2\/categories?post=953"},{"taxonomy":"post_tag","embeddable":true,"href":"https:\/\/www.sindmoveis.com.br\/es\/wp-json\/wp\/v2\/tags?post=953"}],"curies":[{"name":"wp","href":"https:\/\/api.w.org\/{rel}","templated":true}]}}