{"id":952,"date":"2012-10-15T00:00:00","date_gmt":"2012-10-15T03:00:00","guid":{"rendered":"http:\/\/sindmoveis.com.br\/imprensa\/noticias\/projeto-orchestra-brasil-promove-missao-comercial-na-america-do-sul\/"},"modified":"2021-05-26T10:28:39","modified_gmt":"2021-05-26T13:28:39","slug":"projeto-orchestra-brasil-promove-missao-comercial-na-america-do-sul","status":"publish","type":"post","link":"https:\/\/www.sindmoveis.com.br\/es\/projeto-orchestra-brasil-promove-missao-comercial-na-america-do-sul\/","title":{"rendered":"Projeto Orchestra Brasil promueve misi\u00f3n comercial en Am\u00e9rica del Sur"},"content":{"rendered":"<p>Cuatro pa\u00edses recibir\u00e1n el Roadshow con fabricantes de insumos para muebles<br \/>\n\u00a0<br \/>\nEn una iniciativa innovadora del proyecto Orchestra Brasil, fabricantes de accesorios, acabados, componentes y tecnolog\u00edas para el sector del mobiliario participar\u00e1n de un Roadshow en cuatro pa\u00edses de Am\u00e9rica del Sur. El objetivo es aproximarlas de asociaciones representativas, fabricantes de muebles, distribuidores e importadores de estos mercados. La misi\u00f3n comercial inicia el d\u00eda 24 de octubre, durante Fenafor, en Per\u00fa. Enseguida, ocurrir\u00e1 tambi\u00e9n en embajadas y hoteles en Paraguay, Uruguay y Argentina, finalizando el d\u00eda 5 de noviembre.<br \/>\n\u00a0<br \/>\nEn cada pa\u00eds donde el Roadshow ser\u00e1 realizado, las empresas contar\u00e1n con los servicios de un asesor de prensa local, que movilice medios de comunicaci\u00f3n y formadores de opini\u00f3n, para divulgar el potencial brasile\u00f1o en la fabricaci\u00f3n no solamente de muebles, sino tambi\u00e9n de insumos para la cadena del mobiliario. Los pa\u00edses del Mercosur son tradicionales asociados comerciales de Brasil y figuran entre los 10 principales compradores de los productos fabricados por las participantes del proyecto Orchestra Brasil.\u00a0<br \/>\n\u00a0<br \/>\nPer\u00fa, primer mercado a recibir la misi\u00f3n comercial, vive un momento decisivo para el fortalecimiento de asociaciones comerciales con Brasil, con crecimiento de renta de la poblaci\u00f3n, comercio internacional y ascensi\u00f3n de la industria del mueble. La econom\u00eda peruana viene creciendo a una tasa media anual de 7% desde 2005, con expectativa de 6% para los pr\u00f3ximos cinco a\u00f1os \u2013 superior al promedio esperado para Am\u00e9rica Latina. La producci\u00f3n mensual de muebles de Per\u00fa pr\u00e1cticamente dobl\u00f3 en los \u00faltimos cinco a\u00f1os y el promedio anual de importaciones de los productos del proyecto Orchestra Brasil creci\u00f3 arriba de 15% de 2005 a 2011. Sin embargo, tomando en consideraci\u00f3n todos los pa\u00edses que exportan para Per\u00fa, el crecimiento fue de 20%, demostrando que hay espacio para un incremento de la participaci\u00f3n brasile\u00f1a en el mercado peruano.\u00a0<br \/>\n\u00a0<br \/>\nArgentina fue, hasta 2011, el principal destino de los insumos brasile\u00f1os para muebles, con crecimiento promedio anual de 15,4% en el per\u00edodo de 2005 a 2011. Aunque las barreras de ese pa\u00eds hayan afectado el comercio bilateral \u00a0en 2012, la expectativa es de que las negociaciones ocurridas en los \u00faltimos meses amenicen la situaci\u00f3n hasta el fin de este a\u00f1o. Los resultados obtenidos en el primer semestre de 2012 ya muestran una reaproximaci\u00f3n entre los dos pa\u00edses. De enero a junio, Argentina qued\u00f3 en segundo lugar entre los principales destinos brasile\u00f1os de componentes, acabados, accesorios, qu\u00edmicos y tecnolog\u00eda para muebles. Paraguay, por su vez, fue el quinto principal destino de los productos brasile\u00f1os, con crecimiento promedio anual de 2005 a 2011 de 26,1%. Ya Uruguay registr\u00f3 crecimiento promedio anual de 13,5% en el mismo intervalo, ocupando la d\u00e9cima posici\u00f3n entre los principales destinos de Brasil.<br \/>\n\u00a0<br \/>\nEl proyecto Orchestra Brasil \u2013 una asociaci\u00f3n entre Sindm\u00f3veis (Sindicato de las Industrias del Mobiliario de Bento Gon\u00e7alves) y Apex-Brasil (Agencia de promoci\u00f3n de Exportaciones e Inversiones) data de 2003 y promueve la inserci\u00f3n competitiva de proveedores del sector del mobiliario en el mercado internacional de forma sostenible. Adem\u00e1s del Roadshow, el proyecto prev\u00e9, tambi\u00e9n, participaci\u00f3n en las mayores ferias internacionales de insumos para la cadena del mobiliario.<br \/>\n\u00a0<\/p>\n","protected":false},"excerpt":{"rendered":"<p>Cuatro pa\u00edses recibir\u00e1n el Roadshow con fabricantes de insumos para muebles \u00a0 En una iniciativa innovadora del proyecto Orchestra Brasil, fabricantes de accesorios, acabados, componentes y tecnolog\u00edas para el sector&#8230;  <a class=\"excerpt-read-more\" href=\"https:\/\/www.sindmoveis.com.br\/es\/projeto-orchestra-brasil-promove-missao-comercial-na-america-do-sul\/\" title=\"Read Projeto Orchestra Brasil promueve misi\u00f3n comercial en Am\u00e9rica del Sur\">Leia mais &raquo;<\/a><\/p>\n","protected":false},"author":5,"featured_media":0,"comment_status":"closed","ping_status":"open","sticky":false,"template":"","format":"standard","meta":{"footnotes":"","_links_to":"","_links_to_target":""},"categories":[22,2],"tags":[],"class_list":["post-952","post","type-post","status-publish","format-standard","hentry","category-proyecto-orchestra-brasil","category-sindmoveis"],"yoast_head":"<!-- This site is optimized with the Yoast SEO plugin v27.0 - https:\/\/yoast.com\/product\/yoast-seo-wordpress\/ -->\n<title>Projeto Orchestra Brasil promueve misi\u00f3n comercial en Am\u00e9rica del Sur - Sindm\u00f3veis-RS<\/title>\n<meta name=\"robots\" content=\"index, follow, max-snippet:-1, max-image-preview:large, max-video-preview:-1\" \/>\n<link rel=\"canonical\" href=\"https:\/\/www.sindmoveis.com.br\/es\/projeto-orchestra-brasil-promove-missao-comercial-na-america-do-sul\/\" \/>\n<meta property=\"og:locale\" content=\"es_ES\" \/>\n<meta property=\"og:type\" content=\"article\" \/>\n<meta property=\"og:title\" content=\"Projeto Orchestra Brasil promueve misi\u00f3n comercial en Am\u00e9rica del Sur - Sindm\u00f3veis-RS\" \/>\n<meta property=\"og:description\" content=\"Cuatro pa\u00edses recibir\u00e1n el Roadshow con fabricantes de insumos para muebles \u00a0 En una iniciativa innovadora del proyecto Orchestra Brasil, fabricantes de accesorios, acabados, componentes y tecnolog\u00edas para el sector... Leia mais &raquo;\" \/>\n<meta property=\"og:url\" content=\"https:\/\/www.sindmoveis.com.br\/es\/projeto-orchestra-brasil-promove-missao-comercial-na-america-do-sul\/\" \/>\n<meta property=\"og:site_name\" content=\"Sindm\u00f3veis-RS\" \/>\n<meta property=\"article:published_time\" content=\"2012-10-15T03:00:00+00:00\" \/>\n<meta property=\"article:modified_time\" content=\"2021-05-26T13:28:39+00:00\" \/>\n<meta name=\"author\" content=\"Imprensa Sindm\u00f3veis\" \/>\n<meta name=\"twitter:card\" content=\"summary_large_image\" \/>\n<meta name=\"twitter:label1\" content=\"Escrito por\" \/>\n\t<meta name=\"twitter:data1\" content=\"Imprensa Sindm\u00f3veis\" \/>\n\t<meta name=\"twitter:label2\" content=\"Tiempo de lectura\" \/>\n\t<meta name=\"twitter:data2\" content=\"3 minutos\" \/>\n<script type=\"application\/ld+json\" class=\"yoast-schema-graph\">{\"@context\":\"https:\/\/schema.org\",\"@graph\":[{\"@type\":\"Article\",\"@id\":\"https:\/\/www.sindmoveis.com.br\/es\/projeto-orchestra-brasil-promove-missao-comercial-na-america-do-sul\/#article\",\"isPartOf\":{\"@id\":\"https:\/\/www.sindmoveis.com.br\/es\/projeto-orchestra-brasil-promove-missao-comercial-na-america-do-sul\/\"},\"author\":{\"name\":\"Imprensa Sindm\u00f3veis\",\"@id\":\"https:\/\/www.sindmoveis.com.br\/es\/#\/schema\/person\/16d379542db1950a17fe188179340d57\"},\"headline\":\"Projeto Orchestra Brasil promueve misi\u00f3n comercial en Am\u00e9rica del Sur\",\"datePublished\":\"2012-10-15T03:00:00+00:00\",\"dateModified\":\"2021-05-26T13:28:39+00:00\",\"mainEntityOfPage\":{\"@id\":\"https:\/\/www.sindmoveis.com.br\/es\/projeto-orchestra-brasil-promove-missao-comercial-na-america-do-sul\/\"},\"wordCount\":556,\"articleSection\":[\"Proyecto Orchestra Brasil\",\"Sindm\u00f3veis\"],\"inLanguage\":\"es\"},{\"@type\":\"WebPage\",\"@id\":\"https:\/\/www.sindmoveis.com.br\/es\/projeto-orchestra-brasil-promove-missao-comercial-na-america-do-sul\/\",\"url\":\"https:\/\/www.sindmoveis.com.br\/es\/projeto-orchestra-brasil-promove-missao-comercial-na-america-do-sul\/\",\"name\":\"Projeto Orchestra Brasil promueve misi\u00f3n comercial en Am\u00e9rica del Sur - Sindm\u00f3veis-RS\",\"isPartOf\":{\"@id\":\"https:\/\/www.sindmoveis.com.br\/es\/#website\"},\"datePublished\":\"2012-10-15T03:00:00+00:00\",\"dateModified\":\"2021-05-26T13:28:39+00:00\",\"author\":{\"@id\":\"https:\/\/www.sindmoveis.com.br\/es\/#\/schema\/person\/16d379542db1950a17fe188179340d57\"},\"inLanguage\":\"es\",\"potentialAction\":[{\"@type\":\"ReadAction\",\"target\":[\"https:\/\/www.sindmoveis.com.br\/es\/projeto-orchestra-brasil-promove-missao-comercial-na-america-do-sul\/\"]}]},{\"@type\":\"WebSite\",\"@id\":\"https:\/\/www.sindmoveis.com.br\/es\/#website\",\"url\":\"https:\/\/www.sindmoveis.com.br\/es\/\",\"name\":\"Sindm\u00f3veis-RS\",\"description\":\"\",\"potentialAction\":[{\"@type\":\"SearchAction\",\"target\":{\"@type\":\"EntryPoint\",\"urlTemplate\":\"https:\/\/www.sindmoveis.com.br\/es\/?s={search_term_string}\"},\"query-input\":{\"@type\":\"PropertyValueSpecification\",\"valueRequired\":true,\"valueName\":\"search_term_string\"}}],\"inLanguage\":\"es\"},{\"@type\":\"Person\",\"@id\":\"https:\/\/www.sindmoveis.com.br\/es\/#\/schema\/person\/16d379542db1950a17fe188179340d57\",\"name\":\"Imprensa Sindm\u00f3veis\",\"image\":{\"@type\":\"ImageObject\",\"inLanguage\":\"es\",\"@id\":\"https:\/\/www.sindmoveis.com.br\/es\/#\/schema\/person\/image\/\",\"url\":\"https:\/\/secure.gravatar.com\/avatar\/4973e2e2c2a0cb5db30b0c7b770041b8e33d048a16b695a1f99c042449d4bfaf?s=96&d=mm&r=g\",\"contentUrl\":\"https:\/\/secure.gravatar.com\/avatar\/4973e2e2c2a0cb5db30b0c7b770041b8e33d048a16b695a1f99c042449d4bfaf?s=96&d=mm&r=g\",\"caption\":\"Imprensa Sindm\u00f3veis\"},\"url\":\"https:\/\/www.sindmoveis.com.br\/es\/author\/ana\/\"}]}<\/script>\n<!-- \/ Yoast SEO plugin. -->","yoast_head_json":{"title":"Projeto Orchestra Brasil promueve misi\u00f3n comercial en Am\u00e9rica del Sur - Sindm\u00f3veis-RS","robots":{"index":"index","follow":"follow","max-snippet":"max-snippet:-1","max-image-preview":"max-image-preview:large","max-video-preview":"max-video-preview:-1"},"canonical":"https:\/\/www.sindmoveis.com.br\/es\/projeto-orchestra-brasil-promove-missao-comercial-na-america-do-sul\/","og_locale":"es_ES","og_type":"article","og_title":"Projeto Orchestra Brasil promueve misi\u00f3n comercial en Am\u00e9rica del Sur - Sindm\u00f3veis-RS","og_description":"Cuatro pa\u00edses recibir\u00e1n el Roadshow con fabricantes de insumos para muebles \u00a0 En una iniciativa innovadora del proyecto Orchestra Brasil, fabricantes de accesorios, acabados, componentes y tecnolog\u00edas para el sector... Leia mais &raquo;","og_url":"https:\/\/www.sindmoveis.com.br\/es\/projeto-orchestra-brasil-promove-missao-comercial-na-america-do-sul\/","og_site_name":"Sindm\u00f3veis-RS","article_published_time":"2012-10-15T03:00:00+00:00","article_modified_time":"2021-05-26T13:28:39+00:00","author":"Imprensa Sindm\u00f3veis","twitter_card":"summary_large_image","twitter_misc":{"Escrito por":"Imprensa Sindm\u00f3veis","Tiempo de lectura":"3 minutos"},"schema":{"@context":"https:\/\/schema.org","@graph":[{"@type":"Article","@id":"https:\/\/www.sindmoveis.com.br\/es\/projeto-orchestra-brasil-promove-missao-comercial-na-america-do-sul\/#article","isPartOf":{"@id":"https:\/\/www.sindmoveis.com.br\/es\/projeto-orchestra-brasil-promove-missao-comercial-na-america-do-sul\/"},"author":{"name":"Imprensa Sindm\u00f3veis","@id":"https:\/\/www.sindmoveis.com.br\/es\/#\/schema\/person\/16d379542db1950a17fe188179340d57"},"headline":"Projeto Orchestra Brasil promueve misi\u00f3n comercial en Am\u00e9rica del Sur","datePublished":"2012-10-15T03:00:00+00:00","dateModified":"2021-05-26T13:28:39+00:00","mainEntityOfPage":{"@id":"https:\/\/www.sindmoveis.com.br\/es\/projeto-orchestra-brasil-promove-missao-comercial-na-america-do-sul\/"},"wordCount":556,"articleSection":["Proyecto Orchestra Brasil","Sindm\u00f3veis"],"inLanguage":"es"},{"@type":"WebPage","@id":"https:\/\/www.sindmoveis.com.br\/es\/projeto-orchestra-brasil-promove-missao-comercial-na-america-do-sul\/","url":"https:\/\/www.sindmoveis.com.br\/es\/projeto-orchestra-brasil-promove-missao-comercial-na-america-do-sul\/","name":"Projeto Orchestra Brasil promueve misi\u00f3n comercial en Am\u00e9rica del Sur - Sindm\u00f3veis-RS","isPartOf":{"@id":"https:\/\/www.sindmoveis.com.br\/es\/#website"},"datePublished":"2012-10-15T03:00:00+00:00","dateModified":"2021-05-26T13:28:39+00:00","author":{"@id":"https:\/\/www.sindmoveis.com.br\/es\/#\/schema\/person\/16d379542db1950a17fe188179340d57"},"inLanguage":"es","potentialAction":[{"@type":"ReadAction","target":["https:\/\/www.sindmoveis.com.br\/es\/projeto-orchestra-brasil-promove-missao-comercial-na-america-do-sul\/"]}]},{"@type":"WebSite","@id":"https:\/\/www.sindmoveis.com.br\/es\/#website","url":"https:\/\/www.sindmoveis.com.br\/es\/","name":"Sindm\u00f3veis-RS","description":"","potentialAction":[{"@type":"SearchAction","target":{"@type":"EntryPoint","urlTemplate":"https:\/\/www.sindmoveis.com.br\/es\/?s={search_term_string}"},"query-input":{"@type":"PropertyValueSpecification","valueRequired":true,"valueName":"search_term_string"}}],"inLanguage":"es"},{"@type":"Person","@id":"https:\/\/www.sindmoveis.com.br\/es\/#\/schema\/person\/16d379542db1950a17fe188179340d57","name":"Imprensa Sindm\u00f3veis","image":{"@type":"ImageObject","inLanguage":"es","@id":"https:\/\/www.sindmoveis.com.br\/es\/#\/schema\/person\/image\/","url":"https:\/\/secure.gravatar.com\/avatar\/4973e2e2c2a0cb5db30b0c7b770041b8e33d048a16b695a1f99c042449d4bfaf?s=96&d=mm&r=g","contentUrl":"https:\/\/secure.gravatar.com\/avatar\/4973e2e2c2a0cb5db30b0c7b770041b8e33d048a16b695a1f99c042449d4bfaf?s=96&d=mm&r=g","caption":"Imprensa Sindm\u00f3veis"},"url":"https:\/\/www.sindmoveis.com.br\/es\/author\/ana\/"}]}},"_links":{"self":[{"href":"https:\/\/www.sindmoveis.com.br\/es\/wp-json\/wp\/v2\/posts\/952","targetHints":{"allow":["GET"]}}],"collection":[{"href":"https:\/\/www.sindmoveis.com.br\/es\/wp-json\/wp\/v2\/posts"}],"about":[{"href":"https:\/\/www.sindmoveis.com.br\/es\/wp-json\/wp\/v2\/types\/post"}],"author":[{"embeddable":true,"href":"https:\/\/www.sindmoveis.com.br\/es\/wp-json\/wp\/v2\/users\/5"}],"replies":[{"embeddable":true,"href":"https:\/\/www.sindmoveis.com.br\/es\/wp-json\/wp\/v2\/comments?post=952"}],"version-history":[{"count":2,"href":"https:\/\/www.sindmoveis.com.br\/es\/wp-json\/wp\/v2\/posts\/952\/revisions"}],"predecessor-version":[{"id":3245,"href":"https:\/\/www.sindmoveis.com.br\/es\/wp-json\/wp\/v2\/posts\/952\/revisions\/3245"}],"wp:attachment":[{"href":"https:\/\/www.sindmoveis.com.br\/es\/wp-json\/wp\/v2\/media?parent=952"}],"wp:term":[{"taxonomy":"category","embeddable":true,"href":"https:\/\/www.sindmoveis.com.br\/es\/wp-json\/wp\/v2\/categories?post=952"},{"taxonomy":"post_tag","embeddable":true,"href":"https:\/\/www.sindmoveis.com.br\/es\/wp-json\/wp\/v2\/tags?post=952"}],"curies":[{"name":"wp","href":"https:\/\/api.w.org\/{rel}","templated":true}]}}