{"id":950,"date":"2012-10-09T00:00:00","date_gmt":"2012-10-09T03:00:00","guid":{"rendered":"http:\/\/sindmoveis.com.br\/imprensa\/noticias\/empresas-de-bento-confirmam-presenca-na-casa-brasil-2013\/"},"modified":"2021-05-26T10:24:52","modified_gmt":"2021-05-26T13:24:52","slug":"empresas-de-bento-confirmam-presenca-na-casa-brasil-2013","status":"publish","type":"post","link":"https:\/\/www.sindmoveis.com.br\/es\/empresas-de-bento-confirmam-presenca-na-casa-brasil-2013\/","title":{"rendered":"Empresas de Bento confirmam presen\u00e7a na Casa Brasil 2013"},"content":{"rendered":"<p>\u00a0<br \/>\nExpositoras ya preparan stands y lanzamientos en productos para sorprender \u00a0visitantes<br \/>\n\u00a0<br \/>\nA diez meses de Casa Brasil 2013, la mayor feria de dise\u00f1o y negocios de Am\u00e9rica Latina, decenas de empresas ya han confirmado presencia en el evento y est\u00e1n prepar\u00e1ndose para sorprender a los visitantes con proyectos sofisticados de stands y lanzamientos para el mercado de muebles y decoraci\u00f3n de alto nivel. Con m\u00e1s de 14 mil metros cuadrados de \u00e1rea para exposici\u00f3n, Casa Brasil tendr\u00e1 espacios para muebles proyectados e individuales (muebles tapizados, iluminaci\u00f3n, salas de estar, juegos de comedor, tiradores, revestimientos, software, muebles para jard\u00edn, puertas, electrodom\u00e9sticos, poltronas y sillas).<br \/>\n\u00a0<br \/>\nSon esperados expositores de todo Brasil, sin embargo la presencia de las empresas del polo del mobiliario de Bento Gon\u00e7alves tambi\u00e9n es fundamental para el \u00e9xito de Casa Brasil y muchas de ellas ya est\u00e1n movilizadas para la feria. Entre ellas, est\u00e1 Luminum, fabricante de pantallas, luminarias y l\u00e1mparas a medida, que estuvo presente en todas las ediciones de Casa Brasil. El propietario de la firma, Cleinor Pozza, invierte en novedades para el evento, en virtud de que su participaci\u00f3n representa para Luminum aumento de las ventas, contactos comerciales y con proveedores. \u201cCasa Brasil es la mayor y mejor feria del segmento de decoraci\u00f3n de alto nivel, dise\u00f1o y tendencias. Vamos a lanzar novedades en iluminaci\u00f3n y algunos productos en asociaci\u00f3n con Zzapo Design\u201d anuncia Pozza. \u00a0\u00a0<br \/>\n\u00a0<br \/>\nEvviva, marca de muebles proyectados de la marca Bertolini, tambi\u00e9n estuvo presente en todas las ediciones de Casa Brasil, encontrando en la feria oportunidad de lanzar nuevos productos, mostrar su atenci\u00f3n diferenciada y fortalecer la relaci\u00f3n con profesionales \u00a0considerados expertos en el dise\u00f1o de interiores. El gerente comercial de Evviva, Roberto Ruaro, apunta una mejora significativa en la percepci\u00f3n de la marca a partir de Casa Brasil, con un plus de visibilidad y proyecci\u00f3n que se refleja en la generaci\u00f3n de negocios. \u201cEvviva cree en el dise\u00f1o y tiene su equipo interno focalizado en presentar novedades siempre marcadas por el concepto de la diferenciaci\u00f3n\u201d, destaca.<br \/>\n\u00a0<br \/>\nCasa Brasil es un movimiento volcado a lograr un cambio cultural en la industria de muebles, teniendo al dise\u00f1o como herramienta de competitividad y diferenciaci\u00f3n en el mercado global. En su \u00faltima edici\u00f3n, el a\u00f1o pasado, la feria tuvo 180 expositores y 20 mil visitantes procedentes de 14 pa\u00edses. En 2013, la feria ocurre de 13 a 16 de agosto, en el Parque de Eventos de Bento Gon\u00e7alves. \u00a0Para mayores informaciones acceda a www.casabrasil.com.br\u00a0<br \/>\n\u00a0<\/p>\n","protected":false},"excerpt":{"rendered":"<p>\u00a0 Expositoras ya preparan stands y lanzamientos en productos para sorprender \u00a0visitantes \u00a0 A diez meses de Casa Brasil 2013, la mayor feria de dise\u00f1o y negocios de Am\u00e9rica Latina,&#8230;  <a class=\"excerpt-read-more\" href=\"https:\/\/www.sindmoveis.com.br\/es\/empresas-de-bento-confirmam-presenca-na-casa-brasil-2013\/\" title=\"Read Empresas de Bento confirmam presen\u00e7a na Casa Brasil 2013\">Leia mais &raquo;<\/a><\/p>\n","protected":false},"author":5,"featured_media":0,"comment_status":"closed","ping_status":"open","sticky":false,"template":"","format":"standard","meta":{"footnotes":"","_links_to":"","_links_to_target":""},"categories":[2],"tags":[],"class_list":["post-950","post","type-post","status-publish","format-standard","hentry","category-sindmoveis"],"yoast_head":"<!-- This site is optimized with the Yoast SEO plugin v27.0 - https:\/\/yoast.com\/product\/yoast-seo-wordpress\/ -->\n<title>Empresas de Bento confirmam presen\u00e7a na Casa Brasil 2013 - Sindm\u00f3veis-RS<\/title>\n<meta name=\"robots\" content=\"index, follow, max-snippet:-1, max-image-preview:large, max-video-preview:-1\" \/>\n<link rel=\"canonical\" href=\"https:\/\/www.sindmoveis.com.br\/es\/empresas-de-bento-confirmam-presenca-na-casa-brasil-2013\/\" \/>\n<meta property=\"og:locale\" content=\"es_ES\" \/>\n<meta property=\"og:type\" content=\"article\" \/>\n<meta property=\"og:title\" content=\"Empresas de Bento confirmam presen\u00e7a na Casa Brasil 2013 - Sindm\u00f3veis-RS\" \/>\n<meta property=\"og:description\" content=\"\u00a0 Expositoras ya preparan stands y lanzamientos en productos para sorprender \u00a0visitantes \u00a0 A diez meses de Casa Brasil 2013, la mayor feria de dise\u00f1o y negocios de Am\u00e9rica Latina,... Leia mais &raquo;\" \/>\n<meta property=\"og:url\" content=\"https:\/\/www.sindmoveis.com.br\/es\/empresas-de-bento-confirmam-presenca-na-casa-brasil-2013\/\" \/>\n<meta property=\"og:site_name\" content=\"Sindm\u00f3veis-RS\" \/>\n<meta property=\"article:published_time\" content=\"2012-10-09T03:00:00+00:00\" \/>\n<meta property=\"article:modified_time\" content=\"2021-05-26T13:24:52+00:00\" \/>\n<meta name=\"author\" content=\"Imprensa Sindm\u00f3veis\" \/>\n<meta name=\"twitter:card\" content=\"summary_large_image\" \/>\n<meta name=\"twitter:label1\" content=\"Escrito por\" \/>\n\t<meta name=\"twitter:data1\" content=\"Imprensa Sindm\u00f3veis\" \/>\n\t<meta name=\"twitter:label2\" content=\"Tiempo de lectura\" \/>\n\t<meta name=\"twitter:data2\" content=\"2 minutos\" \/>\n<script type=\"application\/ld+json\" class=\"yoast-schema-graph\">{\"@context\":\"https:\/\/schema.org\",\"@graph\":[{\"@type\":\"Article\",\"@id\":\"https:\/\/www.sindmoveis.com.br\/es\/empresas-de-bento-confirmam-presenca-na-casa-brasil-2013\/#article\",\"isPartOf\":{\"@id\":\"https:\/\/www.sindmoveis.com.br\/es\/empresas-de-bento-confirmam-presenca-na-casa-brasil-2013\/\"},\"author\":{\"name\":\"Imprensa Sindm\u00f3veis\",\"@id\":\"https:\/\/www.sindmoveis.com.br\/es\/#\/schema\/person\/16d379542db1950a17fe188179340d57\"},\"headline\":\"Empresas de Bento confirmam presen\u00e7a na Casa Brasil 2013\",\"datePublished\":\"2012-10-09T03:00:00+00:00\",\"dateModified\":\"2021-05-26T13:24:52+00:00\",\"mainEntityOfPage\":{\"@id\":\"https:\/\/www.sindmoveis.com.br\/es\/empresas-de-bento-confirmam-presenca-na-casa-brasil-2013\/\"},\"wordCount\":446,\"articleSection\":[\"Sindm\u00f3veis\"],\"inLanguage\":\"es\"},{\"@type\":\"WebPage\",\"@id\":\"https:\/\/www.sindmoveis.com.br\/es\/empresas-de-bento-confirmam-presenca-na-casa-brasil-2013\/\",\"url\":\"https:\/\/www.sindmoveis.com.br\/es\/empresas-de-bento-confirmam-presenca-na-casa-brasil-2013\/\",\"name\":\"Empresas de Bento confirmam presen\u00e7a na Casa Brasil 2013 - Sindm\u00f3veis-RS\",\"isPartOf\":{\"@id\":\"https:\/\/www.sindmoveis.com.br\/es\/#website\"},\"datePublished\":\"2012-10-09T03:00:00+00:00\",\"dateModified\":\"2021-05-26T13:24:52+00:00\",\"author\":{\"@id\":\"https:\/\/www.sindmoveis.com.br\/es\/#\/schema\/person\/16d379542db1950a17fe188179340d57\"},\"inLanguage\":\"es\",\"potentialAction\":[{\"@type\":\"ReadAction\",\"target\":[\"https:\/\/www.sindmoveis.com.br\/es\/empresas-de-bento-confirmam-presenca-na-casa-brasil-2013\/\"]}]},{\"@type\":\"WebSite\",\"@id\":\"https:\/\/www.sindmoveis.com.br\/es\/#website\",\"url\":\"https:\/\/www.sindmoveis.com.br\/es\/\",\"name\":\"Sindm\u00f3veis-RS\",\"description\":\"\",\"potentialAction\":[{\"@type\":\"SearchAction\",\"target\":{\"@type\":\"EntryPoint\",\"urlTemplate\":\"https:\/\/www.sindmoveis.com.br\/es\/?s={search_term_string}\"},\"query-input\":{\"@type\":\"PropertyValueSpecification\",\"valueRequired\":true,\"valueName\":\"search_term_string\"}}],\"inLanguage\":\"es\"},{\"@type\":\"Person\",\"@id\":\"https:\/\/www.sindmoveis.com.br\/es\/#\/schema\/person\/16d379542db1950a17fe188179340d57\",\"name\":\"Imprensa Sindm\u00f3veis\",\"image\":{\"@type\":\"ImageObject\",\"inLanguage\":\"es\",\"@id\":\"https:\/\/www.sindmoveis.com.br\/es\/#\/schema\/person\/image\/\",\"url\":\"https:\/\/secure.gravatar.com\/avatar\/4973e2e2c2a0cb5db30b0c7b770041b8e33d048a16b695a1f99c042449d4bfaf?s=96&d=mm&r=g\",\"contentUrl\":\"https:\/\/secure.gravatar.com\/avatar\/4973e2e2c2a0cb5db30b0c7b770041b8e33d048a16b695a1f99c042449d4bfaf?s=96&d=mm&r=g\",\"caption\":\"Imprensa Sindm\u00f3veis\"},\"url\":\"https:\/\/www.sindmoveis.com.br\/es\/author\/ana\/\"}]}<\/script>\n<!-- \/ Yoast SEO plugin. -->","yoast_head_json":{"title":"Empresas de Bento confirmam presen\u00e7a na Casa Brasil 2013 - Sindm\u00f3veis-RS","robots":{"index":"index","follow":"follow","max-snippet":"max-snippet:-1","max-image-preview":"max-image-preview:large","max-video-preview":"max-video-preview:-1"},"canonical":"https:\/\/www.sindmoveis.com.br\/es\/empresas-de-bento-confirmam-presenca-na-casa-brasil-2013\/","og_locale":"es_ES","og_type":"article","og_title":"Empresas de Bento confirmam presen\u00e7a na Casa Brasil 2013 - Sindm\u00f3veis-RS","og_description":"\u00a0 Expositoras ya preparan stands y lanzamientos en productos para sorprender \u00a0visitantes \u00a0 A diez meses de Casa Brasil 2013, la mayor feria de dise\u00f1o y negocios de Am\u00e9rica Latina,... Leia mais &raquo;","og_url":"https:\/\/www.sindmoveis.com.br\/es\/empresas-de-bento-confirmam-presenca-na-casa-brasil-2013\/","og_site_name":"Sindm\u00f3veis-RS","article_published_time":"2012-10-09T03:00:00+00:00","article_modified_time":"2021-05-26T13:24:52+00:00","author":"Imprensa Sindm\u00f3veis","twitter_card":"summary_large_image","twitter_misc":{"Escrito por":"Imprensa Sindm\u00f3veis","Tiempo de lectura":"2 minutos"},"schema":{"@context":"https:\/\/schema.org","@graph":[{"@type":"Article","@id":"https:\/\/www.sindmoveis.com.br\/es\/empresas-de-bento-confirmam-presenca-na-casa-brasil-2013\/#article","isPartOf":{"@id":"https:\/\/www.sindmoveis.com.br\/es\/empresas-de-bento-confirmam-presenca-na-casa-brasil-2013\/"},"author":{"name":"Imprensa Sindm\u00f3veis","@id":"https:\/\/www.sindmoveis.com.br\/es\/#\/schema\/person\/16d379542db1950a17fe188179340d57"},"headline":"Empresas de Bento confirmam presen\u00e7a na Casa Brasil 2013","datePublished":"2012-10-09T03:00:00+00:00","dateModified":"2021-05-26T13:24:52+00:00","mainEntityOfPage":{"@id":"https:\/\/www.sindmoveis.com.br\/es\/empresas-de-bento-confirmam-presenca-na-casa-brasil-2013\/"},"wordCount":446,"articleSection":["Sindm\u00f3veis"],"inLanguage":"es"},{"@type":"WebPage","@id":"https:\/\/www.sindmoveis.com.br\/es\/empresas-de-bento-confirmam-presenca-na-casa-brasil-2013\/","url":"https:\/\/www.sindmoveis.com.br\/es\/empresas-de-bento-confirmam-presenca-na-casa-brasil-2013\/","name":"Empresas de Bento confirmam presen\u00e7a na Casa Brasil 2013 - Sindm\u00f3veis-RS","isPartOf":{"@id":"https:\/\/www.sindmoveis.com.br\/es\/#website"},"datePublished":"2012-10-09T03:00:00+00:00","dateModified":"2021-05-26T13:24:52+00:00","author":{"@id":"https:\/\/www.sindmoveis.com.br\/es\/#\/schema\/person\/16d379542db1950a17fe188179340d57"},"inLanguage":"es","potentialAction":[{"@type":"ReadAction","target":["https:\/\/www.sindmoveis.com.br\/es\/empresas-de-bento-confirmam-presenca-na-casa-brasil-2013\/"]}]},{"@type":"WebSite","@id":"https:\/\/www.sindmoveis.com.br\/es\/#website","url":"https:\/\/www.sindmoveis.com.br\/es\/","name":"Sindm\u00f3veis-RS","description":"","potentialAction":[{"@type":"SearchAction","target":{"@type":"EntryPoint","urlTemplate":"https:\/\/www.sindmoveis.com.br\/es\/?s={search_term_string}"},"query-input":{"@type":"PropertyValueSpecification","valueRequired":true,"valueName":"search_term_string"}}],"inLanguage":"es"},{"@type":"Person","@id":"https:\/\/www.sindmoveis.com.br\/es\/#\/schema\/person\/16d379542db1950a17fe188179340d57","name":"Imprensa Sindm\u00f3veis","image":{"@type":"ImageObject","inLanguage":"es","@id":"https:\/\/www.sindmoveis.com.br\/es\/#\/schema\/person\/image\/","url":"https:\/\/secure.gravatar.com\/avatar\/4973e2e2c2a0cb5db30b0c7b770041b8e33d048a16b695a1f99c042449d4bfaf?s=96&d=mm&r=g","contentUrl":"https:\/\/secure.gravatar.com\/avatar\/4973e2e2c2a0cb5db30b0c7b770041b8e33d048a16b695a1f99c042449d4bfaf?s=96&d=mm&r=g","caption":"Imprensa Sindm\u00f3veis"},"url":"https:\/\/www.sindmoveis.com.br\/es\/author\/ana\/"}]}},"_links":{"self":[{"href":"https:\/\/www.sindmoveis.com.br\/es\/wp-json\/wp\/v2\/posts\/950","targetHints":{"allow":["GET"]}}],"collection":[{"href":"https:\/\/www.sindmoveis.com.br\/es\/wp-json\/wp\/v2\/posts"}],"about":[{"href":"https:\/\/www.sindmoveis.com.br\/es\/wp-json\/wp\/v2\/types\/post"}],"author":[{"embeddable":true,"href":"https:\/\/www.sindmoveis.com.br\/es\/wp-json\/wp\/v2\/users\/5"}],"replies":[{"embeddable":true,"href":"https:\/\/www.sindmoveis.com.br\/es\/wp-json\/wp\/v2\/comments?post=950"}],"version-history":[{"count":2,"href":"https:\/\/www.sindmoveis.com.br\/es\/wp-json\/wp\/v2\/posts\/950\/revisions"}],"predecessor-version":[{"id":3244,"href":"https:\/\/www.sindmoveis.com.br\/es\/wp-json\/wp\/v2\/posts\/950\/revisions\/3244"}],"wp:attachment":[{"href":"https:\/\/www.sindmoveis.com.br\/es\/wp-json\/wp\/v2\/media?parent=950"}],"wp:term":[{"taxonomy":"category","embeddable":true,"href":"https:\/\/www.sindmoveis.com.br\/es\/wp-json\/wp\/v2\/categories?post=950"},{"taxonomy":"post_tag","embeddable":true,"href":"https:\/\/www.sindmoveis.com.br\/es\/wp-json\/wp\/v2\/tags?post=950"}],"curies":[{"name":"wp","href":"https:\/\/api.w.org\/{rel}","templated":true}]}}