{"id":949,"date":"2012-10-05T00:00:00","date_gmt":"2012-10-05T03:00:00","guid":{"rendered":"http:\/\/sindmoveis.com.br\/imprensa\/noticias\/sindmoveis-e-movergs-doam-automovel-para-a-brigada-militar\/"},"modified":"2021-05-26T10:24:52","modified_gmt":"2021-05-26T13:24:52","slug":"sindmoveis-e-movergs-doam-automovel-para-a-brigada-militar","status":"publish","type":"post","link":"https:\/\/www.sindmoveis.com.br\/es\/sindmoveis-e-movergs-doam-automovel-para-a-brigada-militar\/","title":{"rendered":"Sindm\u00f3veis y Movergs donan autom\u00f3vil para la Brigada Militar"},"content":{"rendered":"<p>La Asociaci\u00f3n de las Industrias de Muebles de Rio Grande do Sul (Movergs) y el Sindicato de las Industrias del Mobiliario de Bento Gon\u00e7alves (Sindm\u00f3veis), oficializaron en la ma\u00f1ana del viernes, d\u00eda 5 del mes en curso, la donaci\u00f3n de un autom\u00f3vil para la Brigada Militar de Bento Gon\u00e7alves, a trav\u00e9s de la Fundaci\u00f3n Consepro de Apoyo a la Seguridad P\u00fablica.<br \/>\n\u00a0<br \/>\nParticiparon de la entrega el comandante del 1er. Pelot\u00f3n del 3er. Batall\u00f3n de \u00c1reas Tur\u00edsticas de la Brigada Militar, Capit\u00e1n Reni Zdruikoski; el presidente de Consepro, Geraldo Leite; la presidente y el vicepresidente de Sindm\u00f3veis, C\u00e1tia Scarton y Henrique Tecchio; el presidente de Fimma Brasil, Cacildo Tarso; el director Industrial, Volmir Dias y el director de Divulgaci\u00f3n, Paulo C\u00e9sar Franzoni.<br \/>\n\u00a0<br \/>\nLa presidente de Sindm\u00f3veis, C\u00e1tia Scarton, refuerza la necesidad de un trabajo en conjunto entre el sector del mobiliario, que representa m\u00e1s de 50% del PIB local, y los \u00f3rganos responsables por la seguridad p\u00fablica. \u201cAl invertir recursos en esas contribuciones, tenemos la convicci\u00f3n de estar contribuyendo para la seguridad de las ferias, para el bienestar de la comunidad y, por consiguiente, para el desarrollo sostenible del sector\u201d, afirma.<br \/>\n\u00a0<br \/>\nCacildo Tarso, presidente de Fimma Brasil, asocia la donaci\u00f3n al ejercicio pr\u00e1ctico de responsabilidad social que los sectores de mayor desarrollo de la ciudad deben tener. \u201cEs necesario estimular asociaciones eficientes que beneficien a todos los sectores de la sociedad. Gracias a los servicios de seguridad p\u00fablica de Bento Gon\u00e7alves, organizamos una ciudad capaz de atraer turismo e importantes eventos como la Feria Internacional de M\u00e1quinas, Materias primas y Accesorios para la Industria del Mobiliario\u201d, estima.<br \/>\n\u00a0<br \/>\nLas dos entidades dividieron por igual el valor de R$ 28 mil para la compra del autom\u00f3vil, como forma de apoyo a las actividades de la Brigada Militar y reconocimiento a los servicios p\u00fablicos prestados durante el per\u00edodo de las ferias Casa Brasil, Fimma y Movelsul Brasil. En contrapartida, la corporaci\u00f3n se compromete a mantener operaciones especiales de vigilancia durante los eventos promovidos por Sindm\u00f3veis y Movergs. El autom\u00f3vil deber\u00e1 pasar por adaptaciones antes de ser incluido en el patrimonio de la Brigada Militar y ser utilizado en el patrullaje de la ciudad. La previsi\u00f3n para la instalaci\u00f3n de los equipos necesarios para tal finalidad, es de 90 d\u00edas.<\/p>\n","protected":false},"excerpt":{"rendered":"<p>La Asociaci\u00f3n de las Industrias de Muebles de Rio Grande do Sul (Movergs) y el Sindicato de las Industrias del Mobiliario de Bento Gon\u00e7alves (Sindm\u00f3veis), oficializaron en la ma\u00f1ana del&#8230;  <a class=\"excerpt-read-more\" href=\"https:\/\/www.sindmoveis.com.br\/es\/sindmoveis-e-movergs-doam-automovel-para-a-brigada-militar\/\" title=\"Read Sindm\u00f3veis y Movergs donan autom\u00f3vil para la Brigada Militar\">Leia mais &raquo;<\/a><\/p>\n","protected":false},"author":5,"featured_media":0,"comment_status":"closed","ping_status":"open","sticky":false,"template":"","format":"standard","meta":{"footnotes":"","_links_to":"","_links_to_target":""},"categories":[2],"tags":[],"class_list":["post-949","post","type-post","status-publish","format-standard","hentry","category-sindmoveis"],"yoast_head":"<!-- This site is optimized with the Yoast SEO plugin v27.0 - https:\/\/yoast.com\/product\/yoast-seo-wordpress\/ -->\n<title>Sindm\u00f3veis y Movergs donan autom\u00f3vil para la Brigada Militar - Sindm\u00f3veis-RS<\/title>\n<meta name=\"robots\" content=\"index, follow, max-snippet:-1, max-image-preview:large, max-video-preview:-1\" \/>\n<link rel=\"canonical\" href=\"https:\/\/www.sindmoveis.com.br\/es\/sindmoveis-e-movergs-doam-automovel-para-a-brigada-militar\/\" \/>\n<meta property=\"og:locale\" content=\"es_ES\" \/>\n<meta property=\"og:type\" content=\"article\" \/>\n<meta property=\"og:title\" content=\"Sindm\u00f3veis y Movergs donan autom\u00f3vil para la Brigada Militar - Sindm\u00f3veis-RS\" \/>\n<meta property=\"og:description\" content=\"La Asociaci\u00f3n de las Industrias de Muebles de Rio Grande do Sul (Movergs) y el Sindicato de las Industrias del Mobiliario de Bento Gon\u00e7alves (Sindm\u00f3veis), oficializaron en la ma\u00f1ana del... Leia mais &raquo;\" \/>\n<meta property=\"og:url\" content=\"https:\/\/www.sindmoveis.com.br\/es\/sindmoveis-e-movergs-doam-automovel-para-a-brigada-militar\/\" \/>\n<meta property=\"og:site_name\" content=\"Sindm\u00f3veis-RS\" \/>\n<meta property=\"article:published_time\" content=\"2012-10-05T03:00:00+00:00\" \/>\n<meta property=\"article:modified_time\" content=\"2021-05-26T13:24:52+00:00\" \/>\n<meta name=\"author\" content=\"Imprensa Sindm\u00f3veis\" \/>\n<meta name=\"twitter:card\" content=\"summary_large_image\" \/>\n<meta name=\"twitter:label1\" content=\"Escrito por\" \/>\n\t<meta name=\"twitter:data1\" content=\"Imprensa Sindm\u00f3veis\" \/>\n\t<meta name=\"twitter:label2\" content=\"Tiempo de lectura\" \/>\n\t<meta name=\"twitter:data2\" content=\"2 minutos\" \/>\n<script type=\"application\/ld+json\" class=\"yoast-schema-graph\">{\"@context\":\"https:\/\/schema.org\",\"@graph\":[{\"@type\":\"Article\",\"@id\":\"https:\/\/www.sindmoveis.com.br\/es\/sindmoveis-e-movergs-doam-automovel-para-a-brigada-militar\/#article\",\"isPartOf\":{\"@id\":\"https:\/\/www.sindmoveis.com.br\/es\/sindmoveis-e-movergs-doam-automovel-para-a-brigada-militar\/\"},\"author\":{\"name\":\"Imprensa Sindm\u00f3veis\",\"@id\":\"https:\/\/www.sindmoveis.com.br\/es\/#\/schema\/person\/16d379542db1950a17fe188179340d57\"},\"headline\":\"Sindm\u00f3veis y Movergs donan autom\u00f3vil para la Brigada Militar\",\"datePublished\":\"2012-10-05T03:00:00+00:00\",\"dateModified\":\"2021-05-26T13:24:52+00:00\",\"mainEntityOfPage\":{\"@id\":\"https:\/\/www.sindmoveis.com.br\/es\/sindmoveis-e-movergs-doam-automovel-para-a-brigada-militar\/\"},\"wordCount\":420,\"articleSection\":[\"Sindm\u00f3veis\"],\"inLanguage\":\"es\"},{\"@type\":\"WebPage\",\"@id\":\"https:\/\/www.sindmoveis.com.br\/es\/sindmoveis-e-movergs-doam-automovel-para-a-brigada-militar\/\",\"url\":\"https:\/\/www.sindmoveis.com.br\/es\/sindmoveis-e-movergs-doam-automovel-para-a-brigada-militar\/\",\"name\":\"Sindm\u00f3veis y Movergs donan autom\u00f3vil para la Brigada Militar - Sindm\u00f3veis-RS\",\"isPartOf\":{\"@id\":\"https:\/\/www.sindmoveis.com.br\/es\/#website\"},\"datePublished\":\"2012-10-05T03:00:00+00:00\",\"dateModified\":\"2021-05-26T13:24:52+00:00\",\"author\":{\"@id\":\"https:\/\/www.sindmoveis.com.br\/es\/#\/schema\/person\/16d379542db1950a17fe188179340d57\"},\"inLanguage\":\"es\",\"potentialAction\":[{\"@type\":\"ReadAction\",\"target\":[\"https:\/\/www.sindmoveis.com.br\/es\/sindmoveis-e-movergs-doam-automovel-para-a-brigada-militar\/\"]}]},{\"@type\":\"WebSite\",\"@id\":\"https:\/\/www.sindmoveis.com.br\/es\/#website\",\"url\":\"https:\/\/www.sindmoveis.com.br\/es\/\",\"name\":\"Sindm\u00f3veis-RS\",\"description\":\"\",\"potentialAction\":[{\"@type\":\"SearchAction\",\"target\":{\"@type\":\"EntryPoint\",\"urlTemplate\":\"https:\/\/www.sindmoveis.com.br\/es\/?s={search_term_string}\"},\"query-input\":{\"@type\":\"PropertyValueSpecification\",\"valueRequired\":true,\"valueName\":\"search_term_string\"}}],\"inLanguage\":\"es\"},{\"@type\":\"Person\",\"@id\":\"https:\/\/www.sindmoveis.com.br\/es\/#\/schema\/person\/16d379542db1950a17fe188179340d57\",\"name\":\"Imprensa Sindm\u00f3veis\",\"image\":{\"@type\":\"ImageObject\",\"inLanguage\":\"es\",\"@id\":\"https:\/\/www.sindmoveis.com.br\/es\/#\/schema\/person\/image\/\",\"url\":\"https:\/\/secure.gravatar.com\/avatar\/4973e2e2c2a0cb5db30b0c7b770041b8e33d048a16b695a1f99c042449d4bfaf?s=96&d=mm&r=g\",\"contentUrl\":\"https:\/\/secure.gravatar.com\/avatar\/4973e2e2c2a0cb5db30b0c7b770041b8e33d048a16b695a1f99c042449d4bfaf?s=96&d=mm&r=g\",\"caption\":\"Imprensa Sindm\u00f3veis\"},\"url\":\"https:\/\/www.sindmoveis.com.br\/es\/author\/ana\/\"}]}<\/script>\n<!-- \/ Yoast SEO plugin. -->","yoast_head_json":{"title":"Sindm\u00f3veis y Movergs donan autom\u00f3vil para la Brigada Militar - Sindm\u00f3veis-RS","robots":{"index":"index","follow":"follow","max-snippet":"max-snippet:-1","max-image-preview":"max-image-preview:large","max-video-preview":"max-video-preview:-1"},"canonical":"https:\/\/www.sindmoveis.com.br\/es\/sindmoveis-e-movergs-doam-automovel-para-a-brigada-militar\/","og_locale":"es_ES","og_type":"article","og_title":"Sindm\u00f3veis y Movergs donan autom\u00f3vil para la Brigada Militar - Sindm\u00f3veis-RS","og_description":"La Asociaci\u00f3n de las Industrias de Muebles de Rio Grande do Sul (Movergs) y el Sindicato de las Industrias del Mobiliario de Bento Gon\u00e7alves (Sindm\u00f3veis), oficializaron en la ma\u00f1ana del... Leia mais &raquo;","og_url":"https:\/\/www.sindmoveis.com.br\/es\/sindmoveis-e-movergs-doam-automovel-para-a-brigada-militar\/","og_site_name":"Sindm\u00f3veis-RS","article_published_time":"2012-10-05T03:00:00+00:00","article_modified_time":"2021-05-26T13:24:52+00:00","author":"Imprensa Sindm\u00f3veis","twitter_card":"summary_large_image","twitter_misc":{"Escrito por":"Imprensa Sindm\u00f3veis","Tiempo de lectura":"2 minutos"},"schema":{"@context":"https:\/\/schema.org","@graph":[{"@type":"Article","@id":"https:\/\/www.sindmoveis.com.br\/es\/sindmoveis-e-movergs-doam-automovel-para-a-brigada-militar\/#article","isPartOf":{"@id":"https:\/\/www.sindmoveis.com.br\/es\/sindmoveis-e-movergs-doam-automovel-para-a-brigada-militar\/"},"author":{"name":"Imprensa Sindm\u00f3veis","@id":"https:\/\/www.sindmoveis.com.br\/es\/#\/schema\/person\/16d379542db1950a17fe188179340d57"},"headline":"Sindm\u00f3veis y Movergs donan autom\u00f3vil para la Brigada Militar","datePublished":"2012-10-05T03:00:00+00:00","dateModified":"2021-05-26T13:24:52+00:00","mainEntityOfPage":{"@id":"https:\/\/www.sindmoveis.com.br\/es\/sindmoveis-e-movergs-doam-automovel-para-a-brigada-militar\/"},"wordCount":420,"articleSection":["Sindm\u00f3veis"],"inLanguage":"es"},{"@type":"WebPage","@id":"https:\/\/www.sindmoveis.com.br\/es\/sindmoveis-e-movergs-doam-automovel-para-a-brigada-militar\/","url":"https:\/\/www.sindmoveis.com.br\/es\/sindmoveis-e-movergs-doam-automovel-para-a-brigada-militar\/","name":"Sindm\u00f3veis y Movergs donan autom\u00f3vil para la Brigada Militar - Sindm\u00f3veis-RS","isPartOf":{"@id":"https:\/\/www.sindmoveis.com.br\/es\/#website"},"datePublished":"2012-10-05T03:00:00+00:00","dateModified":"2021-05-26T13:24:52+00:00","author":{"@id":"https:\/\/www.sindmoveis.com.br\/es\/#\/schema\/person\/16d379542db1950a17fe188179340d57"},"inLanguage":"es","potentialAction":[{"@type":"ReadAction","target":["https:\/\/www.sindmoveis.com.br\/es\/sindmoveis-e-movergs-doam-automovel-para-a-brigada-militar\/"]}]},{"@type":"WebSite","@id":"https:\/\/www.sindmoveis.com.br\/es\/#website","url":"https:\/\/www.sindmoveis.com.br\/es\/","name":"Sindm\u00f3veis-RS","description":"","potentialAction":[{"@type":"SearchAction","target":{"@type":"EntryPoint","urlTemplate":"https:\/\/www.sindmoveis.com.br\/es\/?s={search_term_string}"},"query-input":{"@type":"PropertyValueSpecification","valueRequired":true,"valueName":"search_term_string"}}],"inLanguage":"es"},{"@type":"Person","@id":"https:\/\/www.sindmoveis.com.br\/es\/#\/schema\/person\/16d379542db1950a17fe188179340d57","name":"Imprensa Sindm\u00f3veis","image":{"@type":"ImageObject","inLanguage":"es","@id":"https:\/\/www.sindmoveis.com.br\/es\/#\/schema\/person\/image\/","url":"https:\/\/secure.gravatar.com\/avatar\/4973e2e2c2a0cb5db30b0c7b770041b8e33d048a16b695a1f99c042449d4bfaf?s=96&d=mm&r=g","contentUrl":"https:\/\/secure.gravatar.com\/avatar\/4973e2e2c2a0cb5db30b0c7b770041b8e33d048a16b695a1f99c042449d4bfaf?s=96&d=mm&r=g","caption":"Imprensa Sindm\u00f3veis"},"url":"https:\/\/www.sindmoveis.com.br\/es\/author\/ana\/"}]}},"_links":{"self":[{"href":"https:\/\/www.sindmoveis.com.br\/es\/wp-json\/wp\/v2\/posts\/949","targetHints":{"allow":["GET"]}}],"collection":[{"href":"https:\/\/www.sindmoveis.com.br\/es\/wp-json\/wp\/v2\/posts"}],"about":[{"href":"https:\/\/www.sindmoveis.com.br\/es\/wp-json\/wp\/v2\/types\/post"}],"author":[{"embeddable":true,"href":"https:\/\/www.sindmoveis.com.br\/es\/wp-json\/wp\/v2\/users\/5"}],"replies":[{"embeddable":true,"href":"https:\/\/www.sindmoveis.com.br\/es\/wp-json\/wp\/v2\/comments?post=949"}],"version-history":[{"count":2,"href":"https:\/\/www.sindmoveis.com.br\/es\/wp-json\/wp\/v2\/posts\/949\/revisions"}],"predecessor-version":[{"id":3243,"href":"https:\/\/www.sindmoveis.com.br\/es\/wp-json\/wp\/v2\/posts\/949\/revisions\/3243"}],"wp:attachment":[{"href":"https:\/\/www.sindmoveis.com.br\/es\/wp-json\/wp\/v2\/media?parent=949"}],"wp:term":[{"taxonomy":"category","embeddable":true,"href":"https:\/\/www.sindmoveis.com.br\/es\/wp-json\/wp\/v2\/categories?post=949"},{"taxonomy":"post_tag","embeddable":true,"href":"https:\/\/www.sindmoveis.com.br\/es\/wp-json\/wp\/v2\/tags?post=949"}],"curies":[{"name":"wp","href":"https:\/\/api.w.org\/{rel}","templated":true}]}}