{"id":948,"date":"2012-10-04T00:00:00","date_gmt":"2012-10-04T03:00:00","guid":{"rendered":"http:\/\/sindmoveis.com.br\/imprensa\/noticias\/orchestra-brasil-presente-na-intermob-istambul\/"},"modified":"2021-05-26T10:28:39","modified_gmt":"2021-05-26T13:28:39","slug":"orchestra-brasil-presente-na-intermob-istambul","status":"publish","type":"post","link":"https:\/\/www.sindmoveis.com.br\/es\/orchestra-brasil-presente-na-intermob-istambul\/","title":{"rendered":"Orchestra Brasil presente en Intermob Istambul"},"content":{"rendered":"<p>\u00a0<br \/>\nDe 13 a 17 de octubre, el proyecto Orchestra Brasil de incentivo a las exportaciones, promovido por el Sindicato de las Industrias del Mobiliario de Bento Gon\u00e7alves (Sindm\u00f3veis) y la Agencia Brasile\u00f1a de Promoci\u00f3n de Exportaciones e Inversiones (Apex-Brasil), estar\u00e1 presente en la 15\u00aa Intermob Estambul \u2013 feria de muebles, accesorios, productos forestales y tecnolog\u00eda para la industria del mobiliario. Esta es la primera participaci\u00f3n en el evento, que es realizado anualmente y, en 2011, tuvo 741 expositores de 23 pa\u00edses, y la presencia de 53 mil visitantes.\u00a0<br \/>\n\u00a0<br \/>\nEl proyecto Orchestra Brasil tendr\u00e1 un stand institucional, donde tambi\u00e9n ser\u00e1n expuestos, colas, adhesivos e hilos con resina de la marca Kolafit, una de las 90 proveedoras de la industria del mueble participantes de la iniciativa. La empresa es pionera en la fabricaci\u00f3n de productos para empalmar \u00a0l\u00e1minas de madera. Cuenta con un parque industrial de aproximadamente 5.000m\u00b2, entre matriz y filial. Kolafit es asidua participante de ferias en los mercados objetivos del proyecto Orchestra, en b\u00fasqueda de nuevos clientes en las principales productoras de muebles del mundo.\u00a0<br \/>\n\u00a0<br \/>\nLa industria del mobiliario turca est\u00e1 formada principalmente por empresas de peque\u00f1o porte, como ocurre en Brasil. Son cerca de 35.000 fabricantes, que emplean 150 mil personas, observando que apenas 150 compa\u00f1\u00edas tienen en su cuadro m\u00e1s de 100 empleados. La producci\u00f3n de muebles inici\u00f3 una fuerte recuperaci\u00f3n en 2011, despu\u00e9s de la crisis que afect\u00f3 la manufactura del pa\u00eds entre 2009 y 2010. El valor de la producci\u00f3n de muebles en 2009 fue de aproximadamente U$ 4.200 millones, poco m\u00e1s de 50% de la brasile\u00f1a.\u00a0<br \/>\n\u00a0<br \/>\nPa\u00eds de religi\u00e3o predominantemente mu\u00e7ulmana, a Turquia \u00e9 a 16\u00aa maior economia do mundo, com uma popula\u00e7\u00e3o de 80 milh\u00f5es de habitantes. O PIB per capita atingiu em 2011 US$ 14,5 mil, colocando o pa\u00eds na 65\u00ba coloca\u00e7\u00e3o, \u00e0 frente do Brasil, que foi o 76\u00ba colocado. A economia turca deve crescer cerca de 4% ao ano nos pr\u00f3ximos cinco anos. \u00a0Embora tenha baixa participa\u00e7\u00e3o entre os destinos dos segmentos integrantes do projeto Orchestra Brasil, a taxa m\u00e9dia de crescimento geral \u00e9 bastante alta (mais de 60% nos \u00faltimos seis anos) e a Turquia vem ampliando sua participa\u00e7\u00e3o na pauta brasileira, principalmente no segmento de assess\u00f3rios e componentes.<br \/>\n\u00a0<br \/>\nPa\u00eds de religi\u00f3n predominantemente musulmana, Turqu\u00eda es la 16\u00aa mayor econom\u00eda del mundo, con una poblaci\u00f3n de 80 millones de habitantes. El PIB alcanz\u00f3 en 2011 U$ 14.500, colocando el pa\u00eds en la 65\u00aa colocaci\u00f3n, al frente de Brasil, que fue el 76\u00b0 colocado. La econom\u00eda turca debe crecer alrededor de 4% al a\u00f1o en los pr\u00f3ximos cinco a\u00f1os. Aunque su presencia entre los destinos de los segmentos integrantes del proyecto Orchestra Brasil sea baja, la tasa promedio de crecimiento general es bastante alta (m\u00e1s de 60% en los \u00faltimos seis a\u00f1os) y Turqu\u00eda est\u00e1 ampliando su participaci\u00f3n en la pauta brasile\u00f1a, principalmente en el segmento de accesorios y componentes.<br \/>\n\u00a0<br \/>\nEl proyecto Orchestra Brasil existe desde el a\u00f1o de 2003 y promueve la inserci\u00f3n competitiva de proveedoras del sector del mobiliario en el mercado internacional de forma sostenible. Ello se logra por medio del apoyo estrat\u00e9gico y acciones comerciales como el Proyecto Comprador, Proyecto Vendedor, misiones comerciales, empresariales y participaci\u00f3n en ferias de diversos pa\u00edses. Forman parte de la iniciativa cerca de 90 fabricantes. Los ocho mercados prioritarios en 2012 son Argentina, Chile, Colombia, Estados Unidos, M\u00e9xico, Paraguay, Per\u00fa y Uruguay. Sud\u00e1frica, Canad\u00e1 y Turqu\u00eda tambi\u00e9n est\u00e1n incluidos en las acciones del proyecto, en \u00e1mbito secundario.\u00a0<br \/>\n\u00a0<\/p>\n","protected":false},"excerpt":{"rendered":"<p>\u00a0 De 13 a 17 de octubre, el proyecto Orchestra Brasil de incentivo a las exportaciones, promovido por el Sindicato de las Industrias del Mobiliario de Bento Gon\u00e7alves (Sindm\u00f3veis) y&#8230;  <a class=\"excerpt-read-more\" href=\"https:\/\/www.sindmoveis.com.br\/es\/orchestra-brasil-presente-na-intermob-istambul\/\" title=\"Read Orchestra Brasil presente en Intermob Istambul\">Leia mais &raquo;<\/a><\/p>\n","protected":false},"author":5,"featured_media":0,"comment_status":"closed","ping_status":"open","sticky":false,"template":"","format":"standard","meta":{"footnotes":"","_links_to":"","_links_to_target":""},"categories":[22,2],"tags":[],"class_list":["post-948","post","type-post","status-publish","format-standard","hentry","category-proyecto-orchestra-brasil","category-sindmoveis"],"yoast_head":"<!-- This site is optimized with the Yoast SEO plugin v27.0 - https:\/\/yoast.com\/product\/yoast-seo-wordpress\/ -->\n<title>Orchestra Brasil presente en Intermob Istambul - Sindm\u00f3veis-RS<\/title>\n<meta name=\"robots\" content=\"index, follow, max-snippet:-1, max-image-preview:large, max-video-preview:-1\" \/>\n<link rel=\"canonical\" href=\"https:\/\/www.sindmoveis.com.br\/es\/orchestra-brasil-presente-na-intermob-istambul\/\" \/>\n<meta property=\"og:locale\" content=\"es_ES\" \/>\n<meta property=\"og:type\" content=\"article\" \/>\n<meta property=\"og:title\" content=\"Orchestra Brasil presente en Intermob Istambul - Sindm\u00f3veis-RS\" \/>\n<meta property=\"og:description\" content=\"\u00a0 De 13 a 17 de octubre, el proyecto Orchestra Brasil de incentivo a las exportaciones, promovido por el Sindicato de las Industrias del Mobiliario de Bento Gon\u00e7alves (Sindm\u00f3veis) y... Leia mais &raquo;\" \/>\n<meta property=\"og:url\" content=\"https:\/\/www.sindmoveis.com.br\/es\/orchestra-brasil-presente-na-intermob-istambul\/\" \/>\n<meta property=\"og:site_name\" content=\"Sindm\u00f3veis-RS\" \/>\n<meta property=\"article:published_time\" content=\"2012-10-04T03:00:00+00:00\" \/>\n<meta property=\"article:modified_time\" content=\"2021-05-26T13:28:39+00:00\" \/>\n<meta name=\"author\" content=\"Imprensa Sindm\u00f3veis\" \/>\n<meta name=\"twitter:card\" content=\"summary_large_image\" \/>\n<meta name=\"twitter:label1\" content=\"Escrito por\" \/>\n\t<meta name=\"twitter:data1\" content=\"Imprensa Sindm\u00f3veis\" \/>\n\t<meta name=\"twitter:label2\" content=\"Tiempo de lectura\" \/>\n\t<meta name=\"twitter:data2\" content=\"3 minutos\" \/>\n<script type=\"application\/ld+json\" class=\"yoast-schema-graph\">{\"@context\":\"https:\/\/schema.org\",\"@graph\":[{\"@type\":\"Article\",\"@id\":\"https:\/\/www.sindmoveis.com.br\/es\/orchestra-brasil-presente-na-intermob-istambul\/#article\",\"isPartOf\":{\"@id\":\"https:\/\/www.sindmoveis.com.br\/es\/orchestra-brasil-presente-na-intermob-istambul\/\"},\"author\":{\"name\":\"Imprensa Sindm\u00f3veis\",\"@id\":\"https:\/\/www.sindmoveis.com.br\/es\/#\/schema\/person\/16d379542db1950a17fe188179340d57\"},\"headline\":\"Orchestra Brasil presente en Intermob Istambul\",\"datePublished\":\"2012-10-04T03:00:00+00:00\",\"dateModified\":\"2021-05-26T13:28:39+00:00\",\"mainEntityOfPage\":{\"@id\":\"https:\/\/www.sindmoveis.com.br\/es\/orchestra-brasil-presente-na-intermob-istambul\/\"},\"wordCount\":601,\"articleSection\":[\"Proyecto Orchestra Brasil\",\"Sindm\u00f3veis\"],\"inLanguage\":\"es\"},{\"@type\":\"WebPage\",\"@id\":\"https:\/\/www.sindmoveis.com.br\/es\/orchestra-brasil-presente-na-intermob-istambul\/\",\"url\":\"https:\/\/www.sindmoveis.com.br\/es\/orchestra-brasil-presente-na-intermob-istambul\/\",\"name\":\"Orchestra Brasil presente en Intermob Istambul - Sindm\u00f3veis-RS\",\"isPartOf\":{\"@id\":\"https:\/\/www.sindmoveis.com.br\/es\/#website\"},\"datePublished\":\"2012-10-04T03:00:00+00:00\",\"dateModified\":\"2021-05-26T13:28:39+00:00\",\"author\":{\"@id\":\"https:\/\/www.sindmoveis.com.br\/es\/#\/schema\/person\/16d379542db1950a17fe188179340d57\"},\"inLanguage\":\"es\",\"potentialAction\":[{\"@type\":\"ReadAction\",\"target\":[\"https:\/\/www.sindmoveis.com.br\/es\/orchestra-brasil-presente-na-intermob-istambul\/\"]}]},{\"@type\":\"WebSite\",\"@id\":\"https:\/\/www.sindmoveis.com.br\/es\/#website\",\"url\":\"https:\/\/www.sindmoveis.com.br\/es\/\",\"name\":\"Sindm\u00f3veis-RS\",\"description\":\"\",\"potentialAction\":[{\"@type\":\"SearchAction\",\"target\":{\"@type\":\"EntryPoint\",\"urlTemplate\":\"https:\/\/www.sindmoveis.com.br\/es\/?s={search_term_string}\"},\"query-input\":{\"@type\":\"PropertyValueSpecification\",\"valueRequired\":true,\"valueName\":\"search_term_string\"}}],\"inLanguage\":\"es\"},{\"@type\":\"Person\",\"@id\":\"https:\/\/www.sindmoveis.com.br\/es\/#\/schema\/person\/16d379542db1950a17fe188179340d57\",\"name\":\"Imprensa Sindm\u00f3veis\",\"image\":{\"@type\":\"ImageObject\",\"inLanguage\":\"es\",\"@id\":\"https:\/\/www.sindmoveis.com.br\/es\/#\/schema\/person\/image\/\",\"url\":\"https:\/\/secure.gravatar.com\/avatar\/4973e2e2c2a0cb5db30b0c7b770041b8e33d048a16b695a1f99c042449d4bfaf?s=96&d=mm&r=g\",\"contentUrl\":\"https:\/\/secure.gravatar.com\/avatar\/4973e2e2c2a0cb5db30b0c7b770041b8e33d048a16b695a1f99c042449d4bfaf?s=96&d=mm&r=g\",\"caption\":\"Imprensa Sindm\u00f3veis\"},\"url\":\"https:\/\/www.sindmoveis.com.br\/es\/author\/ana\/\"}]}<\/script>\n<!-- \/ Yoast SEO plugin. -->","yoast_head_json":{"title":"Orchestra Brasil presente en Intermob Istambul - Sindm\u00f3veis-RS","robots":{"index":"index","follow":"follow","max-snippet":"max-snippet:-1","max-image-preview":"max-image-preview:large","max-video-preview":"max-video-preview:-1"},"canonical":"https:\/\/www.sindmoveis.com.br\/es\/orchestra-brasil-presente-na-intermob-istambul\/","og_locale":"es_ES","og_type":"article","og_title":"Orchestra Brasil presente en Intermob Istambul - Sindm\u00f3veis-RS","og_description":"\u00a0 De 13 a 17 de octubre, el proyecto Orchestra Brasil de incentivo a las exportaciones, promovido por el Sindicato de las Industrias del Mobiliario de Bento Gon\u00e7alves (Sindm\u00f3veis) y... Leia mais &raquo;","og_url":"https:\/\/www.sindmoveis.com.br\/es\/orchestra-brasil-presente-na-intermob-istambul\/","og_site_name":"Sindm\u00f3veis-RS","article_published_time":"2012-10-04T03:00:00+00:00","article_modified_time":"2021-05-26T13:28:39+00:00","author":"Imprensa Sindm\u00f3veis","twitter_card":"summary_large_image","twitter_misc":{"Escrito por":"Imprensa Sindm\u00f3veis","Tiempo de lectura":"3 minutos"},"schema":{"@context":"https:\/\/schema.org","@graph":[{"@type":"Article","@id":"https:\/\/www.sindmoveis.com.br\/es\/orchestra-brasil-presente-na-intermob-istambul\/#article","isPartOf":{"@id":"https:\/\/www.sindmoveis.com.br\/es\/orchestra-brasil-presente-na-intermob-istambul\/"},"author":{"name":"Imprensa Sindm\u00f3veis","@id":"https:\/\/www.sindmoveis.com.br\/es\/#\/schema\/person\/16d379542db1950a17fe188179340d57"},"headline":"Orchestra Brasil presente en Intermob Istambul","datePublished":"2012-10-04T03:00:00+00:00","dateModified":"2021-05-26T13:28:39+00:00","mainEntityOfPage":{"@id":"https:\/\/www.sindmoveis.com.br\/es\/orchestra-brasil-presente-na-intermob-istambul\/"},"wordCount":601,"articleSection":["Proyecto Orchestra Brasil","Sindm\u00f3veis"],"inLanguage":"es"},{"@type":"WebPage","@id":"https:\/\/www.sindmoveis.com.br\/es\/orchestra-brasil-presente-na-intermob-istambul\/","url":"https:\/\/www.sindmoveis.com.br\/es\/orchestra-brasil-presente-na-intermob-istambul\/","name":"Orchestra Brasil presente en Intermob Istambul - Sindm\u00f3veis-RS","isPartOf":{"@id":"https:\/\/www.sindmoveis.com.br\/es\/#website"},"datePublished":"2012-10-04T03:00:00+00:00","dateModified":"2021-05-26T13:28:39+00:00","author":{"@id":"https:\/\/www.sindmoveis.com.br\/es\/#\/schema\/person\/16d379542db1950a17fe188179340d57"},"inLanguage":"es","potentialAction":[{"@type":"ReadAction","target":["https:\/\/www.sindmoveis.com.br\/es\/orchestra-brasil-presente-na-intermob-istambul\/"]}]},{"@type":"WebSite","@id":"https:\/\/www.sindmoveis.com.br\/es\/#website","url":"https:\/\/www.sindmoveis.com.br\/es\/","name":"Sindm\u00f3veis-RS","description":"","potentialAction":[{"@type":"SearchAction","target":{"@type":"EntryPoint","urlTemplate":"https:\/\/www.sindmoveis.com.br\/es\/?s={search_term_string}"},"query-input":{"@type":"PropertyValueSpecification","valueRequired":true,"valueName":"search_term_string"}}],"inLanguage":"es"},{"@type":"Person","@id":"https:\/\/www.sindmoveis.com.br\/es\/#\/schema\/person\/16d379542db1950a17fe188179340d57","name":"Imprensa Sindm\u00f3veis","image":{"@type":"ImageObject","inLanguage":"es","@id":"https:\/\/www.sindmoveis.com.br\/es\/#\/schema\/person\/image\/","url":"https:\/\/secure.gravatar.com\/avatar\/4973e2e2c2a0cb5db30b0c7b770041b8e33d048a16b695a1f99c042449d4bfaf?s=96&d=mm&r=g","contentUrl":"https:\/\/secure.gravatar.com\/avatar\/4973e2e2c2a0cb5db30b0c7b770041b8e33d048a16b695a1f99c042449d4bfaf?s=96&d=mm&r=g","caption":"Imprensa Sindm\u00f3veis"},"url":"https:\/\/www.sindmoveis.com.br\/es\/author\/ana\/"}]}},"_links":{"self":[{"href":"https:\/\/www.sindmoveis.com.br\/es\/wp-json\/wp\/v2\/posts\/948","targetHints":{"allow":["GET"]}}],"collection":[{"href":"https:\/\/www.sindmoveis.com.br\/es\/wp-json\/wp\/v2\/posts"}],"about":[{"href":"https:\/\/www.sindmoveis.com.br\/es\/wp-json\/wp\/v2\/types\/post"}],"author":[{"embeddable":true,"href":"https:\/\/www.sindmoveis.com.br\/es\/wp-json\/wp\/v2\/users\/5"}],"replies":[{"embeddable":true,"href":"https:\/\/www.sindmoveis.com.br\/es\/wp-json\/wp\/v2\/comments?post=948"}],"version-history":[{"count":2,"href":"https:\/\/www.sindmoveis.com.br\/es\/wp-json\/wp\/v2\/posts\/948\/revisions"}],"predecessor-version":[{"id":3242,"href":"https:\/\/www.sindmoveis.com.br\/es\/wp-json\/wp\/v2\/posts\/948\/revisions\/3242"}],"wp:attachment":[{"href":"https:\/\/www.sindmoveis.com.br\/es\/wp-json\/wp\/v2\/media?parent=948"}],"wp:term":[{"taxonomy":"category","embeddable":true,"href":"https:\/\/www.sindmoveis.com.br\/es\/wp-json\/wp\/v2\/categories?post=948"},{"taxonomy":"post_tag","embeddable":true,"href":"https:\/\/www.sindmoveis.com.br\/es\/wp-json\/wp\/v2\/tags?post=948"}],"curies":[{"name":"wp","href":"https:\/\/api.w.org\/{rel}","templated":true}]}}