{"id":946,"date":"2012-09-28T00:00:00","date_gmt":"2012-09-28T03:00:00","guid":{"rendered":"http:\/\/sindmoveis.com.br\/imprensa\/noticias\/sindmoveis-promove-visita-tecnica-ao-porto-de-rio-grande\/"},"modified":"2021-05-26T10:24:53","modified_gmt":"2021-05-26T13:24:53","slug":"sindmoveis-promove-visita-tecnica-ao-porto-de-rio-grande","status":"publish","type":"post","link":"https:\/\/www.sindmoveis.com.br\/es\/sindmoveis-promove-visita-tecnica-ao-porto-de-rio-grande\/","title":{"rendered":"Sindm\u00f3veis promueve visita t\u00e9cnica al puerto de Rio Grande"},"content":{"rendered":"<p>El Comit\u00e9 de Log\u00edstica del Sindicato de las Industrias del Mobiliario de Bento Gon\u00e7alves (Sindm\u00f3veis), con apoyo de la Asociaci\u00f3n de las Empresas de Muebles del Estado de Rio Grande do Sul (Movergs) y del Terminal de Contenedores (Tecon) de Rio Grande do Sul, est\u00e1 organizando una visita t\u00e9cnica para conocer la estructura del referido terminal. La programaci\u00f3n es dirigida a las empresas fabricantes de muebles del polo de Bento Gon\u00e7alves y ocurrir\u00e1 el d\u00eda 10 de noviembre, con salida de esta ciudad a las 6 de la ma\u00f1ana y regreso previsto a las 23 horas.<br \/>\n\u00a0<br \/>\nEse proyecto es realizado por Sindm\u00f3veis desde 2010 y ya llev\u00f3 tambi\u00e9n las empresas asociadas al Tecon de Imbituba, en el estado de Santa Catarina, el cual volver\u00e1 a ser visitado el pr\u00f3ximo a\u00f1o. El objetivo es propagar el conocimiento sobre las estructuras portuarias y divulgar las \u00faltimas modernizaciones del puerto de R\u00edo Grande, adem\u00e1s de aproximar Tecon (terminal de contenedores) a la industria del mobiliario, en vista de que diversas empresas \u00a0utilizan sus servicios.<br \/>\n\u00a0<br \/>\nLas empresas interesadas en participar deben confirmar presencia hasta el d\u00eda 2 de noviembre, con Muriel Santarossa por el tel\u00e9fono 54-2102-6800 o e-mail muriel@sindmoveis.com.br\u00a0<\/p>\n","protected":false},"excerpt":{"rendered":"<p>El Comit\u00e9 de Log\u00edstica del Sindicato de las Industrias del Mobiliario de Bento Gon\u00e7alves (Sindm\u00f3veis), con apoyo de la Asociaci\u00f3n de las Empresas de Muebles del Estado de Rio Grande&#8230;  <a class=\"excerpt-read-more\" href=\"https:\/\/www.sindmoveis.com.br\/es\/sindmoveis-promove-visita-tecnica-ao-porto-de-rio-grande\/\" title=\"Read Sindm\u00f3veis promueve visita t\u00e9cnica al puerto de Rio Grande\">Leia mais &raquo;<\/a><\/p>\n","protected":false},"author":5,"featured_media":0,"comment_status":"closed","ping_status":"open","sticky":false,"template":"","format":"standard","meta":{"footnotes":"","_links_to":"","_links_to_target":""},"categories":[2],"tags":[],"class_list":["post-946","post","type-post","status-publish","format-standard","hentry","category-sindmoveis"],"yoast_head":"<!-- This site is optimized with the Yoast SEO plugin v27.0 - https:\/\/yoast.com\/product\/yoast-seo-wordpress\/ -->\n<title>Sindm\u00f3veis promueve visita t\u00e9cnica al puerto de Rio Grande - Sindm\u00f3veis-RS<\/title>\n<meta name=\"robots\" content=\"index, follow, max-snippet:-1, max-image-preview:large, max-video-preview:-1\" \/>\n<link rel=\"canonical\" href=\"https:\/\/www.sindmoveis.com.br\/es\/sindmoveis-promove-visita-tecnica-ao-porto-de-rio-grande\/\" \/>\n<meta property=\"og:locale\" content=\"es_ES\" \/>\n<meta property=\"og:type\" content=\"article\" \/>\n<meta property=\"og:title\" content=\"Sindm\u00f3veis promueve visita t\u00e9cnica al puerto de Rio Grande - Sindm\u00f3veis-RS\" \/>\n<meta property=\"og:description\" content=\"El Comit\u00e9 de Log\u00edstica del Sindicato de las Industrias del Mobiliario de Bento Gon\u00e7alves (Sindm\u00f3veis), con apoyo de la Asociaci\u00f3n de las Empresas de Muebles del Estado de Rio Grande... Leia mais &raquo;\" \/>\n<meta property=\"og:url\" content=\"https:\/\/www.sindmoveis.com.br\/es\/sindmoveis-promove-visita-tecnica-ao-porto-de-rio-grande\/\" \/>\n<meta property=\"og:site_name\" content=\"Sindm\u00f3veis-RS\" \/>\n<meta property=\"article:published_time\" content=\"2012-09-28T03:00:00+00:00\" \/>\n<meta property=\"article:modified_time\" content=\"2021-05-26T13:24:53+00:00\" \/>\n<meta name=\"author\" content=\"Imprensa Sindm\u00f3veis\" \/>\n<meta name=\"twitter:card\" content=\"summary_large_image\" \/>\n<meta name=\"twitter:label1\" content=\"Escrito por\" \/>\n\t<meta name=\"twitter:data1\" content=\"Imprensa Sindm\u00f3veis\" \/>\n\t<meta name=\"twitter:label2\" content=\"Tiempo de lectura\" \/>\n\t<meta name=\"twitter:data2\" content=\"1 minuto\" \/>\n<script type=\"application\/ld+json\" class=\"yoast-schema-graph\">{\"@context\":\"https:\/\/schema.org\",\"@graph\":[{\"@type\":\"Article\",\"@id\":\"https:\/\/www.sindmoveis.com.br\/es\/sindmoveis-promove-visita-tecnica-ao-porto-de-rio-grande\/#article\",\"isPartOf\":{\"@id\":\"https:\/\/www.sindmoveis.com.br\/es\/sindmoveis-promove-visita-tecnica-ao-porto-de-rio-grande\/\"},\"author\":{\"name\":\"Imprensa Sindm\u00f3veis\",\"@id\":\"https:\/\/www.sindmoveis.com.br\/es\/#\/schema\/person\/16d379542db1950a17fe188179340d57\"},\"headline\":\"Sindm\u00f3veis promueve visita t\u00e9cnica al puerto de Rio Grande\",\"datePublished\":\"2012-09-28T03:00:00+00:00\",\"dateModified\":\"2021-05-26T13:24:53+00:00\",\"mainEntityOfPage\":{\"@id\":\"https:\/\/www.sindmoveis.com.br\/es\/sindmoveis-promove-visita-tecnica-ao-porto-de-rio-grande\/\"},\"wordCount\":222,\"articleSection\":[\"Sindm\u00f3veis\"],\"inLanguage\":\"es\"},{\"@type\":\"WebPage\",\"@id\":\"https:\/\/www.sindmoveis.com.br\/es\/sindmoveis-promove-visita-tecnica-ao-porto-de-rio-grande\/\",\"url\":\"https:\/\/www.sindmoveis.com.br\/es\/sindmoveis-promove-visita-tecnica-ao-porto-de-rio-grande\/\",\"name\":\"Sindm\u00f3veis promueve visita t\u00e9cnica al puerto de Rio Grande - Sindm\u00f3veis-RS\",\"isPartOf\":{\"@id\":\"https:\/\/www.sindmoveis.com.br\/es\/#website\"},\"datePublished\":\"2012-09-28T03:00:00+00:00\",\"dateModified\":\"2021-05-26T13:24:53+00:00\",\"author\":{\"@id\":\"https:\/\/www.sindmoveis.com.br\/es\/#\/schema\/person\/16d379542db1950a17fe188179340d57\"},\"inLanguage\":\"es\",\"potentialAction\":[{\"@type\":\"ReadAction\",\"target\":[\"https:\/\/www.sindmoveis.com.br\/es\/sindmoveis-promove-visita-tecnica-ao-porto-de-rio-grande\/\"]}]},{\"@type\":\"WebSite\",\"@id\":\"https:\/\/www.sindmoveis.com.br\/es\/#website\",\"url\":\"https:\/\/www.sindmoveis.com.br\/es\/\",\"name\":\"Sindm\u00f3veis-RS\",\"description\":\"\",\"potentialAction\":[{\"@type\":\"SearchAction\",\"target\":{\"@type\":\"EntryPoint\",\"urlTemplate\":\"https:\/\/www.sindmoveis.com.br\/es\/?s={search_term_string}\"},\"query-input\":{\"@type\":\"PropertyValueSpecification\",\"valueRequired\":true,\"valueName\":\"search_term_string\"}}],\"inLanguage\":\"es\"},{\"@type\":\"Person\",\"@id\":\"https:\/\/www.sindmoveis.com.br\/es\/#\/schema\/person\/16d379542db1950a17fe188179340d57\",\"name\":\"Imprensa Sindm\u00f3veis\",\"image\":{\"@type\":\"ImageObject\",\"inLanguage\":\"es\",\"@id\":\"https:\/\/www.sindmoveis.com.br\/es\/#\/schema\/person\/image\/\",\"url\":\"https:\/\/secure.gravatar.com\/avatar\/4973e2e2c2a0cb5db30b0c7b770041b8e33d048a16b695a1f99c042449d4bfaf?s=96&d=mm&r=g\",\"contentUrl\":\"https:\/\/secure.gravatar.com\/avatar\/4973e2e2c2a0cb5db30b0c7b770041b8e33d048a16b695a1f99c042449d4bfaf?s=96&d=mm&r=g\",\"caption\":\"Imprensa Sindm\u00f3veis\"},\"url\":\"https:\/\/www.sindmoveis.com.br\/es\/author\/ana\/\"}]}<\/script>\n<!-- \/ Yoast SEO plugin. -->","yoast_head_json":{"title":"Sindm\u00f3veis promueve visita t\u00e9cnica al puerto de Rio Grande - Sindm\u00f3veis-RS","robots":{"index":"index","follow":"follow","max-snippet":"max-snippet:-1","max-image-preview":"max-image-preview:large","max-video-preview":"max-video-preview:-1"},"canonical":"https:\/\/www.sindmoveis.com.br\/es\/sindmoveis-promove-visita-tecnica-ao-porto-de-rio-grande\/","og_locale":"es_ES","og_type":"article","og_title":"Sindm\u00f3veis promueve visita t\u00e9cnica al puerto de Rio Grande - Sindm\u00f3veis-RS","og_description":"El Comit\u00e9 de Log\u00edstica del Sindicato de las Industrias del Mobiliario de Bento Gon\u00e7alves (Sindm\u00f3veis), con apoyo de la Asociaci\u00f3n de las Empresas de Muebles del Estado de Rio Grande... Leia mais &raquo;","og_url":"https:\/\/www.sindmoveis.com.br\/es\/sindmoveis-promove-visita-tecnica-ao-porto-de-rio-grande\/","og_site_name":"Sindm\u00f3veis-RS","article_published_time":"2012-09-28T03:00:00+00:00","article_modified_time":"2021-05-26T13:24:53+00:00","author":"Imprensa Sindm\u00f3veis","twitter_card":"summary_large_image","twitter_misc":{"Escrito por":"Imprensa Sindm\u00f3veis","Tiempo de lectura":"1 minuto"},"schema":{"@context":"https:\/\/schema.org","@graph":[{"@type":"Article","@id":"https:\/\/www.sindmoveis.com.br\/es\/sindmoveis-promove-visita-tecnica-ao-porto-de-rio-grande\/#article","isPartOf":{"@id":"https:\/\/www.sindmoveis.com.br\/es\/sindmoveis-promove-visita-tecnica-ao-porto-de-rio-grande\/"},"author":{"name":"Imprensa Sindm\u00f3veis","@id":"https:\/\/www.sindmoveis.com.br\/es\/#\/schema\/person\/16d379542db1950a17fe188179340d57"},"headline":"Sindm\u00f3veis promueve visita t\u00e9cnica al puerto de Rio Grande","datePublished":"2012-09-28T03:00:00+00:00","dateModified":"2021-05-26T13:24:53+00:00","mainEntityOfPage":{"@id":"https:\/\/www.sindmoveis.com.br\/es\/sindmoveis-promove-visita-tecnica-ao-porto-de-rio-grande\/"},"wordCount":222,"articleSection":["Sindm\u00f3veis"],"inLanguage":"es"},{"@type":"WebPage","@id":"https:\/\/www.sindmoveis.com.br\/es\/sindmoveis-promove-visita-tecnica-ao-porto-de-rio-grande\/","url":"https:\/\/www.sindmoveis.com.br\/es\/sindmoveis-promove-visita-tecnica-ao-porto-de-rio-grande\/","name":"Sindm\u00f3veis promueve visita t\u00e9cnica al puerto de Rio Grande - Sindm\u00f3veis-RS","isPartOf":{"@id":"https:\/\/www.sindmoveis.com.br\/es\/#website"},"datePublished":"2012-09-28T03:00:00+00:00","dateModified":"2021-05-26T13:24:53+00:00","author":{"@id":"https:\/\/www.sindmoveis.com.br\/es\/#\/schema\/person\/16d379542db1950a17fe188179340d57"},"inLanguage":"es","potentialAction":[{"@type":"ReadAction","target":["https:\/\/www.sindmoveis.com.br\/es\/sindmoveis-promove-visita-tecnica-ao-porto-de-rio-grande\/"]}]},{"@type":"WebSite","@id":"https:\/\/www.sindmoveis.com.br\/es\/#website","url":"https:\/\/www.sindmoveis.com.br\/es\/","name":"Sindm\u00f3veis-RS","description":"","potentialAction":[{"@type":"SearchAction","target":{"@type":"EntryPoint","urlTemplate":"https:\/\/www.sindmoveis.com.br\/es\/?s={search_term_string}"},"query-input":{"@type":"PropertyValueSpecification","valueRequired":true,"valueName":"search_term_string"}}],"inLanguage":"es"},{"@type":"Person","@id":"https:\/\/www.sindmoveis.com.br\/es\/#\/schema\/person\/16d379542db1950a17fe188179340d57","name":"Imprensa Sindm\u00f3veis","image":{"@type":"ImageObject","inLanguage":"es","@id":"https:\/\/www.sindmoveis.com.br\/es\/#\/schema\/person\/image\/","url":"https:\/\/secure.gravatar.com\/avatar\/4973e2e2c2a0cb5db30b0c7b770041b8e33d048a16b695a1f99c042449d4bfaf?s=96&d=mm&r=g","contentUrl":"https:\/\/secure.gravatar.com\/avatar\/4973e2e2c2a0cb5db30b0c7b770041b8e33d048a16b695a1f99c042449d4bfaf?s=96&d=mm&r=g","caption":"Imprensa Sindm\u00f3veis"},"url":"https:\/\/www.sindmoveis.com.br\/es\/author\/ana\/"}]}},"_links":{"self":[{"href":"https:\/\/www.sindmoveis.com.br\/es\/wp-json\/wp\/v2\/posts\/946","targetHints":{"allow":["GET"]}}],"collection":[{"href":"https:\/\/www.sindmoveis.com.br\/es\/wp-json\/wp\/v2\/posts"}],"about":[{"href":"https:\/\/www.sindmoveis.com.br\/es\/wp-json\/wp\/v2\/types\/post"}],"author":[{"embeddable":true,"href":"https:\/\/www.sindmoveis.com.br\/es\/wp-json\/wp\/v2\/users\/5"}],"replies":[{"embeddable":true,"href":"https:\/\/www.sindmoveis.com.br\/es\/wp-json\/wp\/v2\/comments?post=946"}],"version-history":[{"count":2,"href":"https:\/\/www.sindmoveis.com.br\/es\/wp-json\/wp\/v2\/posts\/946\/revisions"}],"predecessor-version":[{"id":3241,"href":"https:\/\/www.sindmoveis.com.br\/es\/wp-json\/wp\/v2\/posts\/946\/revisions\/3241"}],"wp:attachment":[{"href":"https:\/\/www.sindmoveis.com.br\/es\/wp-json\/wp\/v2\/media?parent=946"}],"wp:term":[{"taxonomy":"category","embeddable":true,"href":"https:\/\/www.sindmoveis.com.br\/es\/wp-json\/wp\/v2\/categories?post=946"},{"taxonomy":"post_tag","embeddable":true,"href":"https:\/\/www.sindmoveis.com.br\/es\/wp-json\/wp\/v2\/tags?post=946"}],"curies":[{"name":"wp","href":"https:\/\/api.w.org\/{rel}","templated":true}]}}