{"id":944,"date":"2012-09-28T00:00:00","date_gmt":"2012-09-28T03:00:00","guid":{"rendered":"http:\/\/sindmoveis.com.br\/imprensa\/noticias\/estudios-de-bento-presentes-na-bienal-brasileira-do-design\/"},"modified":"2021-05-26T10:24:53","modified_gmt":"2021-05-26T13:24:53","slug":"estudios-de-bento-presentes-na-bienal-brasileira-do-design","status":"publish","type":"post","link":"https:\/\/www.sindmoveis.com.br\/es\/estudios-de-bento-presentes-na-bienal-brasileira-do-design\/","title":{"rendered":"Estudios de Bento Gon\u00e7alves presentes en Bienal Brasile\u00f1a de Dise\u00f1o"},"content":{"rendered":"<p>\u00a0<br \/>\nDe 19 a 28 de octubre, el Sindicato de las Industrias del Mobiliario de Bento Gon\u00e7alves promueve en Belo Horizonte la muestra Generaci\u00f3n Casa Brasil, con la participaci\u00f3n de 21 dise\u00f1adores<br \/>\n\u00a0<br \/>\nM\u00e1s de 20 dise\u00f1adores participantes del proyecto Orchestra Brasil de incentivo a las exportaciones, realizado por el Sindicato de las Industrias del Mobiliario de Bento Gon\u00e7alves \u2013 Sindm\u00f3veis, en conjunto con la Agencia de Promoci\u00f3n de Exportaciones e Inversiones (Apex-Brasil), estar\u00e1n presentes en la 4\u00aa Bienal Brasile\u00f1a de Dise\u00f1o 2012 a trav\u00e9s de la muestra Generaci\u00f3n Casa Brasil. De 19 a 28 de octubre, profesionales que ya participaron de Casa Brasil creando productos para empresas expositoras, participando en el concurso Sal\u00e3o Design o integrando los proyectos especiales de la feria, presentar\u00e1n creaciones en el Museo de Minas y Metales, en la ciudad de Belo Horizonte, capital del estado de Minas Gerais.<br \/>\n\u00a0<br \/>\nLa muestra tendr\u00e1 como tem\u00e1tica la paleta de colores del Cuaderno Inspiraci\u00f3n Brasil +B, de la Asociaci\u00f3n Brasile\u00f1a de Estilistas (Abest). Los estudios de dise\u00f1o de Bento Gon\u00e7alves Projeto3 y UNT Design est\u00e1n entre los 21 estudios participantes. Projeto3 participa de la iniciativa con la mesa Luana, desarrollada en 2012 y \u00a0destinada a los consumidores de \u00a0la Clase C. Daniel Camera, responsable por la realizaci\u00f3n del producto explica que el uso del color es determinante para la valoraci\u00f3n del dise\u00f1o, puesto que deja en evidencia los detalles trabajados que hacen que un mueble producido en escala industrial, deje la impresi\u00f3n de ser un mueble artesanal. \u201cLa mesa es fabricada en 1,2m\u00b2 de MDF, siendo desarmable y teniendo como gran diferencial la tecnolog\u00eda del mecanizado\u201d, especifica Camera.<br \/>\n\u00a0<br \/>\nYa UNT Design va a exponer dos productos, como lo son, el banco Infinito, de 2007, \u00a0creado para ambientes de estar, cuyo concepto es la simplicidad formal y la caracterizaci\u00f3n del propio s\u00edmbolo matem\u00e1tico del infinito y el sill\u00f3n Shell, por su vez, \u00a0inspirado en formas de la naturaleza, con la base en fibra de vidrio, \u00a0acabado alto brillo y tapizado con tela de estampa geom\u00e9trica, que le confieren un aire retro vinculado a formas org\u00e1nicas. El producto fue concebido el a\u00f1o pasado y producido por la empresa M\u00f3veis Daf.<br \/>\n\u00a0<br \/>\nLa participaci\u00f3n en la Bienal Brasile\u00f1a de Dise\u00f1o es m\u00e1s una acci\u00f3n de promoci\u00f3n comercial del proyecto Orchestra Brasil. Adem\u00e1s de la muestra Generaci\u00f3n Casa Brasil, el proyecto traer\u00e1 para el evento tres periodistas latinoamericanos, como una forma de posicionar el dise\u00f1o brasile\u00f1o en ese mercado. Igualmente, durante la bienal, Apex-Brasil promover\u00e1 un seminario para valorar la exposici\u00f3n de los dise\u00f1adores del proyecto. \u201cLa iniciativa integra nuestro esfuerzos permanentes para potenciar el uso del dise\u00f1o como herramienta de competitividad de la industria, garantizando la permanencia de las empresas brasile\u00f1as en el mercado global\u201d, afirma la presidente de Sindm\u00f3veis, C\u00e1tia Scarton.<br \/>\n\u00a0<br \/>\nLa muestra Generaci\u00f3n Casa Brasil incluye, a\u00fan m\u00e1s, productos firmados por los dise\u00f1adores Bernardo Senna, Carlos Alcantarino, Em2 Design, Estudiobola, Eulalia Anselmo, Faro Design, Fix Design, Flavia Pagotti Silva, Girona Design, Heloisa Crocco, Lattoog Design, Llus\u00e1 Marcenaria, Luiz Pedrazzi, Mameluca Design, MartonMarton, Oficina Ethos, Porfirio Valladares, Projeto3 Design, Regis Padilha Designer, Tina e Lui y UNT Design. M\u00e1s informaciones pueden obtenidas en el sitio web www.bienalbrasileiradedesign.com.br<br \/>\n\u00a0<\/p>\n","protected":false},"excerpt":{"rendered":"<p>\u00a0 De 19 a 28 de octubre, el Sindicato de las Industrias del Mobiliario de Bento Gon\u00e7alves promueve en Belo Horizonte la muestra Generaci\u00f3n Casa Brasil, con la participaci\u00f3n de&#8230;  <a class=\"excerpt-read-more\" href=\"https:\/\/www.sindmoveis.com.br\/es\/estudios-de-bento-presentes-na-bienal-brasileira-do-design\/\" title=\"Read Estudios de Bento Gon\u00e7alves presentes en Bienal Brasile\u00f1a de Dise\u00f1o\">Leia mais &raquo;<\/a><\/p>\n","protected":false},"author":5,"featured_media":0,"comment_status":"closed","ping_status":"open","sticky":false,"template":"","format":"standard","meta":{"footnotes":"","_links_to":"","_links_to_target":""},"categories":[2],"tags":[],"class_list":["post-944","post","type-post","status-publish","format-standard","hentry","category-sindmoveis"],"yoast_head":"<!-- This site is optimized with the Yoast SEO plugin v27.0 - https:\/\/yoast.com\/product\/yoast-seo-wordpress\/ -->\n<title>Estudios de Bento Gon\u00e7alves presentes en Bienal Brasile\u00f1a de Dise\u00f1o - Sindm\u00f3veis-RS<\/title>\n<meta name=\"robots\" content=\"index, follow, max-snippet:-1, max-image-preview:large, max-video-preview:-1\" \/>\n<link rel=\"canonical\" href=\"https:\/\/www.sindmoveis.com.br\/es\/estudios-de-bento-presentes-na-bienal-brasileira-do-design\/\" \/>\n<meta property=\"og:locale\" content=\"es_ES\" \/>\n<meta property=\"og:type\" content=\"article\" \/>\n<meta property=\"og:title\" content=\"Estudios de Bento Gon\u00e7alves presentes en Bienal Brasile\u00f1a de Dise\u00f1o - Sindm\u00f3veis-RS\" \/>\n<meta property=\"og:description\" content=\"\u00a0 De 19 a 28 de octubre, el Sindicato de las Industrias del Mobiliario de Bento Gon\u00e7alves promueve en Belo Horizonte la muestra Generaci\u00f3n Casa Brasil, con la participaci\u00f3n de... Leia mais &raquo;\" \/>\n<meta property=\"og:url\" content=\"https:\/\/www.sindmoveis.com.br\/es\/estudios-de-bento-presentes-na-bienal-brasileira-do-design\/\" \/>\n<meta property=\"og:site_name\" content=\"Sindm\u00f3veis-RS\" \/>\n<meta property=\"article:published_time\" content=\"2012-09-28T03:00:00+00:00\" \/>\n<meta property=\"article:modified_time\" content=\"2021-05-26T13:24:53+00:00\" \/>\n<meta name=\"author\" content=\"Imprensa Sindm\u00f3veis\" \/>\n<meta name=\"twitter:card\" content=\"summary_large_image\" \/>\n<meta name=\"twitter:label1\" content=\"Escrito por\" \/>\n\t<meta name=\"twitter:data1\" content=\"Imprensa Sindm\u00f3veis\" \/>\n\t<meta name=\"twitter:label2\" content=\"Tiempo de lectura\" \/>\n\t<meta name=\"twitter:data2\" content=\"3 minutos\" \/>\n<script type=\"application\/ld+json\" class=\"yoast-schema-graph\">{\"@context\":\"https:\/\/schema.org\",\"@graph\":[{\"@type\":\"Article\",\"@id\":\"https:\/\/www.sindmoveis.com.br\/es\/estudios-de-bento-presentes-na-bienal-brasileira-do-design\/#article\",\"isPartOf\":{\"@id\":\"https:\/\/www.sindmoveis.com.br\/es\/estudios-de-bento-presentes-na-bienal-brasileira-do-design\/\"},\"author\":{\"name\":\"Imprensa Sindm\u00f3veis\",\"@id\":\"https:\/\/www.sindmoveis.com.br\/es\/#\/schema\/person\/16d379542db1950a17fe188179340d57\"},\"headline\":\"Estudios de Bento Gon\u00e7alves presentes en Bienal Brasile\u00f1a de Dise\u00f1o\",\"datePublished\":\"2012-09-28T03:00:00+00:00\",\"dateModified\":\"2021-05-26T13:24:53+00:00\",\"mainEntityOfPage\":{\"@id\":\"https:\/\/www.sindmoveis.com.br\/es\/estudios-de-bento-presentes-na-bienal-brasileira-do-design\/\"},\"wordCount\":585,\"articleSection\":[\"Sindm\u00f3veis\"],\"inLanguage\":\"es\"},{\"@type\":\"WebPage\",\"@id\":\"https:\/\/www.sindmoveis.com.br\/es\/estudios-de-bento-presentes-na-bienal-brasileira-do-design\/\",\"url\":\"https:\/\/www.sindmoveis.com.br\/es\/estudios-de-bento-presentes-na-bienal-brasileira-do-design\/\",\"name\":\"Estudios de Bento Gon\u00e7alves presentes en Bienal Brasile\u00f1a de Dise\u00f1o - Sindm\u00f3veis-RS\",\"isPartOf\":{\"@id\":\"https:\/\/www.sindmoveis.com.br\/es\/#website\"},\"datePublished\":\"2012-09-28T03:00:00+00:00\",\"dateModified\":\"2021-05-26T13:24:53+00:00\",\"author\":{\"@id\":\"https:\/\/www.sindmoveis.com.br\/es\/#\/schema\/person\/16d379542db1950a17fe188179340d57\"},\"inLanguage\":\"es\",\"potentialAction\":[{\"@type\":\"ReadAction\",\"target\":[\"https:\/\/www.sindmoveis.com.br\/es\/estudios-de-bento-presentes-na-bienal-brasileira-do-design\/\"]}]},{\"@type\":\"WebSite\",\"@id\":\"https:\/\/www.sindmoveis.com.br\/es\/#website\",\"url\":\"https:\/\/www.sindmoveis.com.br\/es\/\",\"name\":\"Sindm\u00f3veis-RS\",\"description\":\"\",\"potentialAction\":[{\"@type\":\"SearchAction\",\"target\":{\"@type\":\"EntryPoint\",\"urlTemplate\":\"https:\/\/www.sindmoveis.com.br\/es\/?s={search_term_string}\"},\"query-input\":{\"@type\":\"PropertyValueSpecification\",\"valueRequired\":true,\"valueName\":\"search_term_string\"}}],\"inLanguage\":\"es\"},{\"@type\":\"Person\",\"@id\":\"https:\/\/www.sindmoveis.com.br\/es\/#\/schema\/person\/16d379542db1950a17fe188179340d57\",\"name\":\"Imprensa Sindm\u00f3veis\",\"image\":{\"@type\":\"ImageObject\",\"inLanguage\":\"es\",\"@id\":\"https:\/\/www.sindmoveis.com.br\/es\/#\/schema\/person\/image\/\",\"url\":\"https:\/\/secure.gravatar.com\/avatar\/4973e2e2c2a0cb5db30b0c7b770041b8e33d048a16b695a1f99c042449d4bfaf?s=96&d=mm&r=g\",\"contentUrl\":\"https:\/\/secure.gravatar.com\/avatar\/4973e2e2c2a0cb5db30b0c7b770041b8e33d048a16b695a1f99c042449d4bfaf?s=96&d=mm&r=g\",\"caption\":\"Imprensa Sindm\u00f3veis\"},\"url\":\"https:\/\/www.sindmoveis.com.br\/es\/author\/ana\/\"}]}<\/script>\n<!-- \/ Yoast SEO plugin. -->","yoast_head_json":{"title":"Estudios de Bento Gon\u00e7alves presentes en Bienal Brasile\u00f1a de Dise\u00f1o - Sindm\u00f3veis-RS","robots":{"index":"index","follow":"follow","max-snippet":"max-snippet:-1","max-image-preview":"max-image-preview:large","max-video-preview":"max-video-preview:-1"},"canonical":"https:\/\/www.sindmoveis.com.br\/es\/estudios-de-bento-presentes-na-bienal-brasileira-do-design\/","og_locale":"es_ES","og_type":"article","og_title":"Estudios de Bento Gon\u00e7alves presentes en Bienal Brasile\u00f1a de Dise\u00f1o - Sindm\u00f3veis-RS","og_description":"\u00a0 De 19 a 28 de octubre, el Sindicato de las Industrias del Mobiliario de Bento Gon\u00e7alves promueve en Belo Horizonte la muestra Generaci\u00f3n Casa Brasil, con la participaci\u00f3n de... Leia mais &raquo;","og_url":"https:\/\/www.sindmoveis.com.br\/es\/estudios-de-bento-presentes-na-bienal-brasileira-do-design\/","og_site_name":"Sindm\u00f3veis-RS","article_published_time":"2012-09-28T03:00:00+00:00","article_modified_time":"2021-05-26T13:24:53+00:00","author":"Imprensa Sindm\u00f3veis","twitter_card":"summary_large_image","twitter_misc":{"Escrito por":"Imprensa Sindm\u00f3veis","Tiempo de lectura":"3 minutos"},"schema":{"@context":"https:\/\/schema.org","@graph":[{"@type":"Article","@id":"https:\/\/www.sindmoveis.com.br\/es\/estudios-de-bento-presentes-na-bienal-brasileira-do-design\/#article","isPartOf":{"@id":"https:\/\/www.sindmoveis.com.br\/es\/estudios-de-bento-presentes-na-bienal-brasileira-do-design\/"},"author":{"name":"Imprensa Sindm\u00f3veis","@id":"https:\/\/www.sindmoveis.com.br\/es\/#\/schema\/person\/16d379542db1950a17fe188179340d57"},"headline":"Estudios de Bento Gon\u00e7alves presentes en Bienal Brasile\u00f1a de Dise\u00f1o","datePublished":"2012-09-28T03:00:00+00:00","dateModified":"2021-05-26T13:24:53+00:00","mainEntityOfPage":{"@id":"https:\/\/www.sindmoveis.com.br\/es\/estudios-de-bento-presentes-na-bienal-brasileira-do-design\/"},"wordCount":585,"articleSection":["Sindm\u00f3veis"],"inLanguage":"es"},{"@type":"WebPage","@id":"https:\/\/www.sindmoveis.com.br\/es\/estudios-de-bento-presentes-na-bienal-brasileira-do-design\/","url":"https:\/\/www.sindmoveis.com.br\/es\/estudios-de-bento-presentes-na-bienal-brasileira-do-design\/","name":"Estudios de Bento Gon\u00e7alves presentes en Bienal Brasile\u00f1a de Dise\u00f1o - Sindm\u00f3veis-RS","isPartOf":{"@id":"https:\/\/www.sindmoveis.com.br\/es\/#website"},"datePublished":"2012-09-28T03:00:00+00:00","dateModified":"2021-05-26T13:24:53+00:00","author":{"@id":"https:\/\/www.sindmoveis.com.br\/es\/#\/schema\/person\/16d379542db1950a17fe188179340d57"},"inLanguage":"es","potentialAction":[{"@type":"ReadAction","target":["https:\/\/www.sindmoveis.com.br\/es\/estudios-de-bento-presentes-na-bienal-brasileira-do-design\/"]}]},{"@type":"WebSite","@id":"https:\/\/www.sindmoveis.com.br\/es\/#website","url":"https:\/\/www.sindmoveis.com.br\/es\/","name":"Sindm\u00f3veis-RS","description":"","potentialAction":[{"@type":"SearchAction","target":{"@type":"EntryPoint","urlTemplate":"https:\/\/www.sindmoveis.com.br\/es\/?s={search_term_string}"},"query-input":{"@type":"PropertyValueSpecification","valueRequired":true,"valueName":"search_term_string"}}],"inLanguage":"es"},{"@type":"Person","@id":"https:\/\/www.sindmoveis.com.br\/es\/#\/schema\/person\/16d379542db1950a17fe188179340d57","name":"Imprensa Sindm\u00f3veis","image":{"@type":"ImageObject","inLanguage":"es","@id":"https:\/\/www.sindmoveis.com.br\/es\/#\/schema\/person\/image\/","url":"https:\/\/secure.gravatar.com\/avatar\/4973e2e2c2a0cb5db30b0c7b770041b8e33d048a16b695a1f99c042449d4bfaf?s=96&d=mm&r=g","contentUrl":"https:\/\/secure.gravatar.com\/avatar\/4973e2e2c2a0cb5db30b0c7b770041b8e33d048a16b695a1f99c042449d4bfaf?s=96&d=mm&r=g","caption":"Imprensa Sindm\u00f3veis"},"url":"https:\/\/www.sindmoveis.com.br\/es\/author\/ana\/"}]}},"_links":{"self":[{"href":"https:\/\/www.sindmoveis.com.br\/es\/wp-json\/wp\/v2\/posts\/944","targetHints":{"allow":["GET"]}}],"collection":[{"href":"https:\/\/www.sindmoveis.com.br\/es\/wp-json\/wp\/v2\/posts"}],"about":[{"href":"https:\/\/www.sindmoveis.com.br\/es\/wp-json\/wp\/v2\/types\/post"}],"author":[{"embeddable":true,"href":"https:\/\/www.sindmoveis.com.br\/es\/wp-json\/wp\/v2\/users\/5"}],"replies":[{"embeddable":true,"href":"https:\/\/www.sindmoveis.com.br\/es\/wp-json\/wp\/v2\/comments?post=944"}],"version-history":[{"count":2,"href":"https:\/\/www.sindmoveis.com.br\/es\/wp-json\/wp\/v2\/posts\/944\/revisions"}],"predecessor-version":[{"id":3239,"href":"https:\/\/www.sindmoveis.com.br\/es\/wp-json\/wp\/v2\/posts\/944\/revisions\/3239"}],"wp:attachment":[{"href":"https:\/\/www.sindmoveis.com.br\/es\/wp-json\/wp\/v2\/media?parent=944"}],"wp:term":[{"taxonomy":"category","embeddable":true,"href":"https:\/\/www.sindmoveis.com.br\/es\/wp-json\/wp\/v2\/categories?post=944"},{"taxonomy":"post_tag","embeddable":true,"href":"https:\/\/www.sindmoveis.com.br\/es\/wp-json\/wp\/v2\/tags?post=944"}],"curies":[{"name":"wp","href":"https:\/\/api.w.org\/{rel}","templated":true}]}}