{"id":943,"date":"2012-09-25T00:00:00","date_gmt":"2012-09-25T03:00:00","guid":{"rendered":"http:\/\/sindmoveis.com.br\/imprensa\/noticias\/america-latina-consolida-se-como-principal-compradora-dos-moveis-de-bento-goncalves\/"},"modified":"2021-05-26T10:24:53","modified_gmt":"2021-05-26T13:24:53","slug":"america-latina-consolida-se-como-principal-compradora-dos-moveis-de-bento-goncalves","status":"publish","type":"post","link":"https:\/\/www.sindmoveis.com.br\/es\/america-latina-consolida-se-como-principal-compradora-dos-moveis-de-bento-goncalves\/","title":{"rendered":"Am\u00e9rica Latina se consolida como principal compradora de los muebles de Bento Gon\u00e7alves"},"content":{"rendered":"<p>\u00a0<br \/>\nSolamente \u00a0Uruguay tuvo 63% de crecimiento en la participaci\u00f3n de mercado entre enero y agosto<br \/>\n\u00a0<br \/>\nEn 2012, Am\u00e9rica Latina est\u00e1 consolid\u00e1ndose como principal destino de las exportaciones para las empresas fabricantes de muebles asociadas al Sindicato de las Industrias del Sindicato de las Industrias del Mobiliario de Bento Gon\u00e7alves \u00a0(Sindm\u00f3veis). El crecimiento econ\u00f3mico de los pa\u00edses de la regi\u00f3n, con incremento de renta de la poblaci\u00f3n, fortalecimiento de la construcci\u00f3n civil y una mayor apertura comercial de esos mercados emergentes, trajo como resultado nuevas oportunidades de negocios para el polo del mobiliario.<br \/>\n\u00a0<br \/>\nEl desempe\u00f1o de las exportaciones en el transcurso del a\u00f1o, siempre superior al estado como un todo, atesta que la industria del mueble de Bento Gon\u00e7alves, se ha adaptado a la nueva realidad del mercado latinoamericano y comprendido el perfil de ese consumidor. De enero a agosto, las exportaciones del polo crecieron 9,9% en comparaci\u00f3n al mismo per\u00edodo de 2011. El resultado es superior al de R\u00edo Grande do Sul, cuyo crecimiento fue de 4,5% y de Brasil, que tuvo una disminuci\u00f3n de 6% de enero a agosto de 2012.<br \/>\n\u00a0<br \/>\nLos cinco mayores importadores de muebles de las fabricantes del polo de Bento Gon\u00e7alves em 2012 son latinoamericanas. Pertenece a Colombia el liderazgo de ese ranking, que recibe 15,34% de las exportaciones del polo, seguido por Uruguay (12,78%), Chile (11,83%), Per\u00fa (9,49%) y Argentina (6,39%). El mejor crecimiento en el per\u00edodo de enero a agosto fue verificado en Uruguay, con 63% de incremento ante el a\u00f1o anterior.<br \/>\n\u00a0<br \/>\nPara el director Internacional de Movelsul Brasil, C\u00e9sar Boeira Nepomuceno, las dificultades comerciales con Argentina llevaron varias industrias exportadores a focalizar sus exportaciones para el mercado uruguayo, en funci\u00f3n de la proximidad geogr\u00e1fica. \u201cLa ventaja de la venta en Am\u00e9rica Latina es que, en su gran mayor\u00eda, son pocas las adaptaciones necesarias con relaci\u00f3n a los productos consumidos en el mercado interno\u201d eval\u00faa.<br \/>\n\u00a0<br \/>\nLos muebles en MDP para dormitorios representan la mayor parcela de las ventas en Am\u00e9rica Latina, mientras en Europa y Estados Unidos \u2013 antiguos destinos de los muebles del polo \u2013 la preferencia era por muebles de madera maciza con formas y colores tradicionales. El consejero de Sindm\u00f3veis, Rogerio Francio, explica que la industria tuvo que pasar por adaptaciones para obtener aceptaci\u00f3n en los nuevos mercados, donde existe una demanda mayor por muebles de patr\u00f3n m\u00e1s llamativo, como caoba y tabaco. En lo que respecta a medidas, fueron necesarias adecuaciones, teniendo en vista que los inmuebles en Europa y Estados Unidos son mayores. \u201cLa cuesti\u00f3n del plazo de pago es otro punto importante, pues Am\u00e9rica Latina todav\u00eda no tiene una buena clasificaci\u00f3n en lo que concierne al cr\u00e9dito y precisamos mucho de ello para impulsar las ventas\u201d, resalta.\u00a0<br \/>\n\u00a0<br \/>\nPerfil de consumo en Am\u00e9rica Latina<\/p>\n<p>\u00a0 \u00a0 \u00a0Pa\u00eds \u00a0 \u00a0 \u00a0 \u00a0 \u00a0 \u00a0 \u00a0 \u00a0\u00a0\u00a0 \u00a0 \u00a0 \u00a0 \u00a0 \u00a0\u00a0<br \/>\n\u00a0 \u00a0 \u00a0 \u00a0 \u00a0 \u00a0 \u00a0 \u00a0 \u00a0 \u00a0 \u00a0 \u00a0Tipo de mueble importado de Bento Gon\u00e7alves\u00a0 \u00a0 \u00a0 \u00a0 \u00a0 \u00a0 \u00a0 \u00a0 \u00a0 \u00a0 \u00a0 \u00a0 \u00a0 \u00a0 \u00a0 \u00a0 \u00a0 \u00a0 \u00a0 \u00a0 \u00a0 \u00a0<\/p>\n<p>Argentina<br \/>\nMuebles de madera para cuartos de dormir (camas, armarios y estanter\u00edas); otros muebles de madera, como estanter\u00edas, armarios y mesas;<\/p>\n<p>Bolivia<br \/>\nMuebles de madera para cuartos de dormir (camas, armarios y estanter\u00edas);<\/p>\n<p>Chile<br \/>\nMuebles de madera para cuartos de dormir (camas, armarios y estanter\u00edas); otros muebles de madera, como estanter\u00edas, armarios y mesas; muebles de madera para cocinas, como mesas y armarios;<\/p>\n<p>Colombia<br \/>\nMuebles de metal (mesas, estanter\u00edas y armarios y cocinas de metal);<\/p>\n<p>Cuba<br \/>\nMuebles de madera, como estanter\u00edas, armarios y mesas;<\/p>\n<p>Ecuador<br \/>\nMuebles de madera para cuartos de dormir (camas, armarios y estanter\u00edas); Otros muebles de madera, como estanter\u00edas, armarios y mesas;<\/p>\n<p>Panam\u00e1<br \/>\nMuebles de madera, como estanter\u00edas, armarios y mesas;<\/p>\n<p>Paraguay<br \/>\nMuebles de madera para cuartos de dormir (camas, armarios y estanter\u00edas); muebles de madera para oficinas, como mesas, estaciones de trabajo y mostradores;<\/p>\n<p>Per\u00fa<br \/>\nMuebles de madera para cuartos de dormir (camas, armarios y estanter\u00edas); otros muebles de madera, como estanter\u00edas, armarios y mesas;<\/p>\n<p>Uruguay<br \/>\nMuebles de madera para cuartos de dormir (camas, armarios y estanter\u00edas); muebles de madera para cocinas, como mesas y armarios; otros muebles de metal, como mesas, estanter\u00edas y armarios;<\/p>\n<p>Venezuela<br \/>\nMuebles de madera para cuartos de dormir (camas, armarios y estanter\u00edas).<\/p>\n<p>\u00a0<\/p>\n","protected":false},"excerpt":{"rendered":"<p>\u00a0 Solamente \u00a0Uruguay tuvo 63% de crecimiento en la participaci\u00f3n de mercado entre enero y agosto \u00a0 En 2012, Am\u00e9rica Latina est\u00e1 consolid\u00e1ndose como principal destino de las exportaciones para&#8230;  <a class=\"excerpt-read-more\" href=\"https:\/\/www.sindmoveis.com.br\/es\/america-latina-consolida-se-como-principal-compradora-dos-moveis-de-bento-goncalves\/\" title=\"Read Am\u00e9rica Latina se consolida como principal compradora de los muebles de Bento Gon\u00e7alves\">Leia mais &raquo;<\/a><\/p>\n","protected":false},"author":5,"featured_media":0,"comment_status":"closed","ping_status":"open","sticky":false,"template":"","format":"standard","meta":{"footnotes":"","_links_to":"","_links_to_target":""},"categories":[2],"tags":[],"class_list":["post-943","post","type-post","status-publish","format-standard","hentry","category-sindmoveis"],"yoast_head":"<!-- This site is optimized with the Yoast SEO plugin v27.0 - https:\/\/yoast.com\/product\/yoast-seo-wordpress\/ -->\n<title>Am\u00e9rica Latina se consolida como principal compradora de los muebles de Bento Gon\u00e7alves - Sindm\u00f3veis-RS<\/title>\n<meta name=\"robots\" content=\"index, follow, max-snippet:-1, max-image-preview:large, max-video-preview:-1\" \/>\n<link rel=\"canonical\" href=\"https:\/\/www.sindmoveis.com.br\/es\/america-latina-consolida-se-como-principal-compradora-dos-moveis-de-bento-goncalves\/\" \/>\n<meta property=\"og:locale\" content=\"es_ES\" \/>\n<meta property=\"og:type\" content=\"article\" \/>\n<meta property=\"og:title\" content=\"Am\u00e9rica Latina se consolida como principal compradora de los muebles de Bento Gon\u00e7alves - Sindm\u00f3veis-RS\" \/>\n<meta property=\"og:description\" content=\"\u00a0 Solamente \u00a0Uruguay tuvo 63% de crecimiento en la participaci\u00f3n de mercado entre enero y agosto \u00a0 En 2012, Am\u00e9rica Latina est\u00e1 consolid\u00e1ndose como principal destino de las exportaciones para... Leia mais &raquo;\" \/>\n<meta property=\"og:url\" content=\"https:\/\/www.sindmoveis.com.br\/es\/america-latina-consolida-se-como-principal-compradora-dos-moveis-de-bento-goncalves\/\" \/>\n<meta property=\"og:site_name\" content=\"Sindm\u00f3veis-RS\" \/>\n<meta property=\"article:published_time\" content=\"2012-09-25T03:00:00+00:00\" \/>\n<meta property=\"article:modified_time\" content=\"2021-05-26T13:24:53+00:00\" \/>\n<meta name=\"author\" content=\"Imprensa Sindm\u00f3veis\" \/>\n<meta name=\"twitter:card\" content=\"summary_large_image\" \/>\n<meta name=\"twitter:label1\" content=\"Escrito por\" \/>\n\t<meta name=\"twitter:data1\" content=\"Imprensa Sindm\u00f3veis\" \/>\n\t<meta name=\"twitter:label2\" content=\"Tiempo de lectura\" \/>\n\t<meta name=\"twitter:data2\" content=\"4 minutos\" \/>\n<script type=\"application\/ld+json\" class=\"yoast-schema-graph\">{\"@context\":\"https:\/\/schema.org\",\"@graph\":[{\"@type\":\"Article\",\"@id\":\"https:\/\/www.sindmoveis.com.br\/es\/america-latina-consolida-se-como-principal-compradora-dos-moveis-de-bento-goncalves\/#article\",\"isPartOf\":{\"@id\":\"https:\/\/www.sindmoveis.com.br\/es\/america-latina-consolida-se-como-principal-compradora-dos-moveis-de-bento-goncalves\/\"},\"author\":{\"name\":\"Imprensa Sindm\u00f3veis\",\"@id\":\"https:\/\/www.sindmoveis.com.br\/es\/#\/schema\/person\/16d379542db1950a17fe188179340d57\"},\"headline\":\"Am\u00e9rica Latina se consolida como principal compradora de los muebles de Bento Gon\u00e7alves\",\"datePublished\":\"2012-09-25T03:00:00+00:00\",\"dateModified\":\"2021-05-26T13:24:53+00:00\",\"mainEntityOfPage\":{\"@id\":\"https:\/\/www.sindmoveis.com.br\/es\/america-latina-consolida-se-como-principal-compradora-dos-moveis-de-bento-goncalves\/\"},\"wordCount\":720,\"articleSection\":[\"Sindm\u00f3veis\"],\"inLanguage\":\"es\"},{\"@type\":\"WebPage\",\"@id\":\"https:\/\/www.sindmoveis.com.br\/es\/america-latina-consolida-se-como-principal-compradora-dos-moveis-de-bento-goncalves\/\",\"url\":\"https:\/\/www.sindmoveis.com.br\/es\/america-latina-consolida-se-como-principal-compradora-dos-moveis-de-bento-goncalves\/\",\"name\":\"Am\u00e9rica Latina se consolida como principal compradora de los muebles de Bento Gon\u00e7alves - Sindm\u00f3veis-RS\",\"isPartOf\":{\"@id\":\"https:\/\/www.sindmoveis.com.br\/es\/#website\"},\"datePublished\":\"2012-09-25T03:00:00+00:00\",\"dateModified\":\"2021-05-26T13:24:53+00:00\",\"author\":{\"@id\":\"https:\/\/www.sindmoveis.com.br\/es\/#\/schema\/person\/16d379542db1950a17fe188179340d57\"},\"inLanguage\":\"es\",\"potentialAction\":[{\"@type\":\"ReadAction\",\"target\":[\"https:\/\/www.sindmoveis.com.br\/es\/america-latina-consolida-se-como-principal-compradora-dos-moveis-de-bento-goncalves\/\"]}]},{\"@type\":\"WebSite\",\"@id\":\"https:\/\/www.sindmoveis.com.br\/es\/#website\",\"url\":\"https:\/\/www.sindmoveis.com.br\/es\/\",\"name\":\"Sindm\u00f3veis-RS\",\"description\":\"\",\"potentialAction\":[{\"@type\":\"SearchAction\",\"target\":{\"@type\":\"EntryPoint\",\"urlTemplate\":\"https:\/\/www.sindmoveis.com.br\/es\/?s={search_term_string}\"},\"query-input\":{\"@type\":\"PropertyValueSpecification\",\"valueRequired\":true,\"valueName\":\"search_term_string\"}}],\"inLanguage\":\"es\"},{\"@type\":\"Person\",\"@id\":\"https:\/\/www.sindmoveis.com.br\/es\/#\/schema\/person\/16d379542db1950a17fe188179340d57\",\"name\":\"Imprensa Sindm\u00f3veis\",\"image\":{\"@type\":\"ImageObject\",\"inLanguage\":\"es\",\"@id\":\"https:\/\/www.sindmoveis.com.br\/es\/#\/schema\/person\/image\/\",\"url\":\"https:\/\/secure.gravatar.com\/avatar\/4973e2e2c2a0cb5db30b0c7b770041b8e33d048a16b695a1f99c042449d4bfaf?s=96&d=mm&r=g\",\"contentUrl\":\"https:\/\/secure.gravatar.com\/avatar\/4973e2e2c2a0cb5db30b0c7b770041b8e33d048a16b695a1f99c042449d4bfaf?s=96&d=mm&r=g\",\"caption\":\"Imprensa Sindm\u00f3veis\"},\"url\":\"https:\/\/www.sindmoveis.com.br\/es\/author\/ana\/\"}]}<\/script>\n<!-- \/ Yoast SEO plugin. -->","yoast_head_json":{"title":"Am\u00e9rica Latina se consolida como principal compradora de los muebles de Bento Gon\u00e7alves - Sindm\u00f3veis-RS","robots":{"index":"index","follow":"follow","max-snippet":"max-snippet:-1","max-image-preview":"max-image-preview:large","max-video-preview":"max-video-preview:-1"},"canonical":"https:\/\/www.sindmoveis.com.br\/es\/america-latina-consolida-se-como-principal-compradora-dos-moveis-de-bento-goncalves\/","og_locale":"es_ES","og_type":"article","og_title":"Am\u00e9rica Latina se consolida como principal compradora de los muebles de Bento Gon\u00e7alves - Sindm\u00f3veis-RS","og_description":"\u00a0 Solamente \u00a0Uruguay tuvo 63% de crecimiento en la participaci\u00f3n de mercado entre enero y agosto \u00a0 En 2012, Am\u00e9rica Latina est\u00e1 consolid\u00e1ndose como principal destino de las exportaciones para... Leia mais &raquo;","og_url":"https:\/\/www.sindmoveis.com.br\/es\/america-latina-consolida-se-como-principal-compradora-dos-moveis-de-bento-goncalves\/","og_site_name":"Sindm\u00f3veis-RS","article_published_time":"2012-09-25T03:00:00+00:00","article_modified_time":"2021-05-26T13:24:53+00:00","author":"Imprensa Sindm\u00f3veis","twitter_card":"summary_large_image","twitter_misc":{"Escrito por":"Imprensa Sindm\u00f3veis","Tiempo de lectura":"4 minutos"},"schema":{"@context":"https:\/\/schema.org","@graph":[{"@type":"Article","@id":"https:\/\/www.sindmoveis.com.br\/es\/america-latina-consolida-se-como-principal-compradora-dos-moveis-de-bento-goncalves\/#article","isPartOf":{"@id":"https:\/\/www.sindmoveis.com.br\/es\/america-latina-consolida-se-como-principal-compradora-dos-moveis-de-bento-goncalves\/"},"author":{"name":"Imprensa Sindm\u00f3veis","@id":"https:\/\/www.sindmoveis.com.br\/es\/#\/schema\/person\/16d379542db1950a17fe188179340d57"},"headline":"Am\u00e9rica Latina se consolida como principal compradora de los muebles de Bento Gon\u00e7alves","datePublished":"2012-09-25T03:00:00+00:00","dateModified":"2021-05-26T13:24:53+00:00","mainEntityOfPage":{"@id":"https:\/\/www.sindmoveis.com.br\/es\/america-latina-consolida-se-como-principal-compradora-dos-moveis-de-bento-goncalves\/"},"wordCount":720,"articleSection":["Sindm\u00f3veis"],"inLanguage":"es"},{"@type":"WebPage","@id":"https:\/\/www.sindmoveis.com.br\/es\/america-latina-consolida-se-como-principal-compradora-dos-moveis-de-bento-goncalves\/","url":"https:\/\/www.sindmoveis.com.br\/es\/america-latina-consolida-se-como-principal-compradora-dos-moveis-de-bento-goncalves\/","name":"Am\u00e9rica Latina se consolida como principal compradora de los muebles de Bento Gon\u00e7alves - Sindm\u00f3veis-RS","isPartOf":{"@id":"https:\/\/www.sindmoveis.com.br\/es\/#website"},"datePublished":"2012-09-25T03:00:00+00:00","dateModified":"2021-05-26T13:24:53+00:00","author":{"@id":"https:\/\/www.sindmoveis.com.br\/es\/#\/schema\/person\/16d379542db1950a17fe188179340d57"},"inLanguage":"es","potentialAction":[{"@type":"ReadAction","target":["https:\/\/www.sindmoveis.com.br\/es\/america-latina-consolida-se-como-principal-compradora-dos-moveis-de-bento-goncalves\/"]}]},{"@type":"WebSite","@id":"https:\/\/www.sindmoveis.com.br\/es\/#website","url":"https:\/\/www.sindmoveis.com.br\/es\/","name":"Sindm\u00f3veis-RS","description":"","potentialAction":[{"@type":"SearchAction","target":{"@type":"EntryPoint","urlTemplate":"https:\/\/www.sindmoveis.com.br\/es\/?s={search_term_string}"},"query-input":{"@type":"PropertyValueSpecification","valueRequired":true,"valueName":"search_term_string"}}],"inLanguage":"es"},{"@type":"Person","@id":"https:\/\/www.sindmoveis.com.br\/es\/#\/schema\/person\/16d379542db1950a17fe188179340d57","name":"Imprensa Sindm\u00f3veis","image":{"@type":"ImageObject","inLanguage":"es","@id":"https:\/\/www.sindmoveis.com.br\/es\/#\/schema\/person\/image\/","url":"https:\/\/secure.gravatar.com\/avatar\/4973e2e2c2a0cb5db30b0c7b770041b8e33d048a16b695a1f99c042449d4bfaf?s=96&d=mm&r=g","contentUrl":"https:\/\/secure.gravatar.com\/avatar\/4973e2e2c2a0cb5db30b0c7b770041b8e33d048a16b695a1f99c042449d4bfaf?s=96&d=mm&r=g","caption":"Imprensa Sindm\u00f3veis"},"url":"https:\/\/www.sindmoveis.com.br\/es\/author\/ana\/"}]}},"_links":{"self":[{"href":"https:\/\/www.sindmoveis.com.br\/es\/wp-json\/wp\/v2\/posts\/943","targetHints":{"allow":["GET"]}}],"collection":[{"href":"https:\/\/www.sindmoveis.com.br\/es\/wp-json\/wp\/v2\/posts"}],"about":[{"href":"https:\/\/www.sindmoveis.com.br\/es\/wp-json\/wp\/v2\/types\/post"}],"author":[{"embeddable":true,"href":"https:\/\/www.sindmoveis.com.br\/es\/wp-json\/wp\/v2\/users\/5"}],"replies":[{"embeddable":true,"href":"https:\/\/www.sindmoveis.com.br\/es\/wp-json\/wp\/v2\/comments?post=943"}],"version-history":[{"count":2,"href":"https:\/\/www.sindmoveis.com.br\/es\/wp-json\/wp\/v2\/posts\/943\/revisions"}],"predecessor-version":[{"id":3238,"href":"https:\/\/www.sindmoveis.com.br\/es\/wp-json\/wp\/v2\/posts\/943\/revisions\/3238"}],"wp:attachment":[{"href":"https:\/\/www.sindmoveis.com.br\/es\/wp-json\/wp\/v2\/media?parent=943"}],"wp:term":[{"taxonomy":"category","embeddable":true,"href":"https:\/\/www.sindmoveis.com.br\/es\/wp-json\/wp\/v2\/categories?post=943"},{"taxonomy":"post_tag","embeddable":true,"href":"https:\/\/www.sindmoveis.com.br\/es\/wp-json\/wp\/v2\/tags?post=943"}],"curies":[{"name":"wp","href":"https:\/\/api.w.org\/{rel}","templated":true}]}}