{"id":941,"date":"2012-09-19T00:00:00","date_gmt":"2012-09-19T03:00:00","guid":{"rendered":"http:\/\/sindmoveis.com.br\/imprensa\/noticias\/crescem-exportacoes-brasileiras-de-insumos-para-moveis\/"},"modified":"2021-05-26T10:30:06","modified_gmt":"2021-05-26T13:30:06","slug":"crescem-exportacoes-brasileiras-de-insumos-para-moveis","status":"publish","type":"post","link":"https:\/\/www.sindmoveis.com.br\/es\/crescem-exportacoes-brasileiras-de-insumos-para-moveis\/","title":{"rendered":"Crecen exportaciones brasile\u00f1as de insumos para muebles"},"content":{"rendered":"<p>Empresas asociadas a Orchestra Brasil tuvieron crecimiento de 15,4% entre enero y agosto de este a\u00f1o con relaci\u00f3n a 2011<br \/>\n\u00a0<br \/>\nLas exportaciones de las empresas participantes del Proyecto Orchestra Brasil, una asociaci\u00f3n entre el Sindicato de las Industrias del Mobiliario de Bento Gon\u00e7alves \u2013 Sindm\u00f3veis y la Agencia Brasile\u00f1a de \u00a0Promoci\u00f3n de Exportaciones e Inversiones \u2013 APEX-Brasil, crecieron 15,4% entre enero y agosto de este a\u00f1o si comparadas al mismo per\u00edodo de 2011. El principal destino fue el mercado norteamericano, que present\u00f3 crecimiento de 50% frente a 2011.<br \/>\n\u00a0<br \/>\nAlgumas justificativas para este incremento est\u00e3o nas diversas a\u00e7\u00f5es desenvolvidas em solo americano pelo Orchestra Brasil. A participa\u00e7\u00e3o das empresas na feira IWF &#8211; Atlanta e KBIS \u2013 Chicago, al\u00e9m de iniciativas como o Showroom no Centro de Neg\u00f3cios da Apex em Miami e o evento F\u00f3rmula Indy \u2013 Etapa Sonoma, fortaleceram a presen\u00e7a neste mercado.<br \/>\n\u00a0<br \/>\nAlgunas justificativas para este incremento est\u00e1n en las diversas acciones desarrolladas en suelo americano por el proyecto Orchestra Brasil. La participaci\u00f3n de las empresas en la feria IWF \u2013 Atlanta y KBIS \u2013 Chicago, adem\u00e1s de iniciativas como el Showroom en el Centro de Negocios de Apex en Miami y el evento F\u00f3rmula Indy \u2013 Etapa Sonoma, fortalecieron la presencia en este mercado.<br \/>\n\u00a0<br \/>\nCon la crisis econ\u00f3mica instalada en el mercado europeo, los pa\u00edses latinoamericanos est\u00e1n destac\u00e1ndose como los principales destinos de los productos brasile\u00f1os entre enero y agosto de este a\u00f1o. Chile, Per\u00fa, Colombia, M\u00e9xico y Paraguay tuvieron crecimientos de 79%, 66,5%, 32,2%, 33,1% y 5,*% respectivamente.\u00a0<br \/>\n\u00a0<br \/>\nEn el mes de agosto, las barreras comerciales argentinas a los productos brasile\u00f1os comenzaron a dar se\u00f1ales de ablandamiento. En comparaci\u00f3n a julio, el crecimiento en las exportaciones fue de 57,7%. Ya con relaci\u00f3n a agosto de 2011, fue verificado un aumento de 16,7% en el volumen exportado.\u00a0<\/p>\n","protected":false},"excerpt":{"rendered":"<p>Empresas asociadas a Orchestra Brasil tuvieron crecimiento de 15,4% entre enero y agosto de este a\u00f1o con relaci\u00f3n a 2011 \u00a0 Las exportaciones de las empresas participantes del Proyecto Orchestra&#8230;  <a class=\"excerpt-read-more\" href=\"https:\/\/www.sindmoveis.com.br\/es\/crescem-exportacoes-brasileiras-de-insumos-para-moveis\/\" title=\"Read Crecen exportaciones brasile\u00f1as de insumos para muebles\">Leia mais &raquo;<\/a><\/p>\n","protected":false},"author":5,"featured_media":0,"comment_status":"closed","ping_status":"open","sticky":false,"template":"","format":"standard","meta":{"footnotes":"","_links_to":"","_links_to_target":""},"categories":[11,2],"tags":[],"class_list":["post-941","post","type-post","status-publish","format-standard","hentry","category-exportaciones","category-sindmoveis"],"yoast_head":"<!-- This site is optimized with the Yoast SEO plugin v27.0 - https:\/\/yoast.com\/product\/yoast-seo-wordpress\/ -->\n<title>Crecen exportaciones brasile\u00f1as de insumos para muebles - Sindm\u00f3veis-RS<\/title>\n<meta name=\"robots\" content=\"index, follow, max-snippet:-1, max-image-preview:large, max-video-preview:-1\" \/>\n<link rel=\"canonical\" href=\"https:\/\/www.sindmoveis.com.br\/es\/crescem-exportacoes-brasileiras-de-insumos-para-moveis\/\" \/>\n<meta property=\"og:locale\" content=\"es_ES\" \/>\n<meta property=\"og:type\" content=\"article\" \/>\n<meta property=\"og:title\" content=\"Crecen exportaciones brasile\u00f1as de insumos para muebles - Sindm\u00f3veis-RS\" \/>\n<meta property=\"og:description\" content=\"Empresas asociadas a Orchestra Brasil tuvieron crecimiento de 15,4% entre enero y agosto de este a\u00f1o con relaci\u00f3n a 2011 \u00a0 Las exportaciones de las empresas participantes del Proyecto Orchestra... Leia mais &raquo;\" \/>\n<meta property=\"og:url\" content=\"https:\/\/www.sindmoveis.com.br\/es\/crescem-exportacoes-brasileiras-de-insumos-para-moveis\/\" \/>\n<meta property=\"og:site_name\" content=\"Sindm\u00f3veis-RS\" \/>\n<meta property=\"article:published_time\" content=\"2012-09-19T03:00:00+00:00\" \/>\n<meta property=\"article:modified_time\" content=\"2021-05-26T13:30:06+00:00\" \/>\n<meta name=\"author\" content=\"Imprensa Sindm\u00f3veis\" \/>\n<meta name=\"twitter:card\" content=\"summary_large_image\" \/>\n<meta name=\"twitter:label1\" content=\"Escrito por\" \/>\n\t<meta name=\"twitter:data1\" content=\"Imprensa Sindm\u00f3veis\" \/>\n\t<meta name=\"twitter:label2\" content=\"Tiempo de lectura\" \/>\n\t<meta name=\"twitter:data2\" content=\"2 minutos\" \/>\n<script type=\"application\/ld+json\" class=\"yoast-schema-graph\">{\"@context\":\"https:\/\/schema.org\",\"@graph\":[{\"@type\":\"Article\",\"@id\":\"https:\/\/www.sindmoveis.com.br\/es\/crescem-exportacoes-brasileiras-de-insumos-para-moveis\/#article\",\"isPartOf\":{\"@id\":\"https:\/\/www.sindmoveis.com.br\/es\/crescem-exportacoes-brasileiras-de-insumos-para-moveis\/\"},\"author\":{\"name\":\"Imprensa Sindm\u00f3veis\",\"@id\":\"https:\/\/www.sindmoveis.com.br\/es\/#\/schema\/person\/16d379542db1950a17fe188179340d57\"},\"headline\":\"Crecen exportaciones brasile\u00f1as de insumos para muebles\",\"datePublished\":\"2012-09-19T03:00:00+00:00\",\"dateModified\":\"2021-05-26T13:30:06+00:00\",\"mainEntityOfPage\":{\"@id\":\"https:\/\/www.sindmoveis.com.br\/es\/crescem-exportacoes-brasileiras-de-insumos-para-moveis\/\"},\"wordCount\":318,\"articleSection\":[\"Exportaciones\",\"Sindm\u00f3veis\"],\"inLanguage\":\"es\"},{\"@type\":\"WebPage\",\"@id\":\"https:\/\/www.sindmoveis.com.br\/es\/crescem-exportacoes-brasileiras-de-insumos-para-moveis\/\",\"url\":\"https:\/\/www.sindmoveis.com.br\/es\/crescem-exportacoes-brasileiras-de-insumos-para-moveis\/\",\"name\":\"Crecen exportaciones brasile\u00f1as de insumos para muebles - Sindm\u00f3veis-RS\",\"isPartOf\":{\"@id\":\"https:\/\/www.sindmoveis.com.br\/es\/#website\"},\"datePublished\":\"2012-09-19T03:00:00+00:00\",\"dateModified\":\"2021-05-26T13:30:06+00:00\",\"author\":{\"@id\":\"https:\/\/www.sindmoveis.com.br\/es\/#\/schema\/person\/16d379542db1950a17fe188179340d57\"},\"inLanguage\":\"es\",\"potentialAction\":[{\"@type\":\"ReadAction\",\"target\":[\"https:\/\/www.sindmoveis.com.br\/es\/crescem-exportacoes-brasileiras-de-insumos-para-moveis\/\"]}]},{\"@type\":\"WebSite\",\"@id\":\"https:\/\/www.sindmoveis.com.br\/es\/#website\",\"url\":\"https:\/\/www.sindmoveis.com.br\/es\/\",\"name\":\"Sindm\u00f3veis-RS\",\"description\":\"\",\"potentialAction\":[{\"@type\":\"SearchAction\",\"target\":{\"@type\":\"EntryPoint\",\"urlTemplate\":\"https:\/\/www.sindmoveis.com.br\/es\/?s={search_term_string}\"},\"query-input\":{\"@type\":\"PropertyValueSpecification\",\"valueRequired\":true,\"valueName\":\"search_term_string\"}}],\"inLanguage\":\"es\"},{\"@type\":\"Person\",\"@id\":\"https:\/\/www.sindmoveis.com.br\/es\/#\/schema\/person\/16d379542db1950a17fe188179340d57\",\"name\":\"Imprensa Sindm\u00f3veis\",\"image\":{\"@type\":\"ImageObject\",\"inLanguage\":\"es\",\"@id\":\"https:\/\/www.sindmoveis.com.br\/es\/#\/schema\/person\/image\/\",\"url\":\"https:\/\/secure.gravatar.com\/avatar\/4973e2e2c2a0cb5db30b0c7b770041b8e33d048a16b695a1f99c042449d4bfaf?s=96&d=mm&r=g\",\"contentUrl\":\"https:\/\/secure.gravatar.com\/avatar\/4973e2e2c2a0cb5db30b0c7b770041b8e33d048a16b695a1f99c042449d4bfaf?s=96&d=mm&r=g\",\"caption\":\"Imprensa Sindm\u00f3veis\"},\"url\":\"https:\/\/www.sindmoveis.com.br\/es\/author\/ana\/\"}]}<\/script>\n<!-- \/ Yoast SEO plugin. -->","yoast_head_json":{"title":"Crecen exportaciones brasile\u00f1as de insumos para muebles - Sindm\u00f3veis-RS","robots":{"index":"index","follow":"follow","max-snippet":"max-snippet:-1","max-image-preview":"max-image-preview:large","max-video-preview":"max-video-preview:-1"},"canonical":"https:\/\/www.sindmoveis.com.br\/es\/crescem-exportacoes-brasileiras-de-insumos-para-moveis\/","og_locale":"es_ES","og_type":"article","og_title":"Crecen exportaciones brasile\u00f1as de insumos para muebles - Sindm\u00f3veis-RS","og_description":"Empresas asociadas a Orchestra Brasil tuvieron crecimiento de 15,4% entre enero y agosto de este a\u00f1o con relaci\u00f3n a 2011 \u00a0 Las exportaciones de las empresas participantes del Proyecto Orchestra... Leia mais &raquo;","og_url":"https:\/\/www.sindmoveis.com.br\/es\/crescem-exportacoes-brasileiras-de-insumos-para-moveis\/","og_site_name":"Sindm\u00f3veis-RS","article_published_time":"2012-09-19T03:00:00+00:00","article_modified_time":"2021-05-26T13:30:06+00:00","author":"Imprensa Sindm\u00f3veis","twitter_card":"summary_large_image","twitter_misc":{"Escrito por":"Imprensa Sindm\u00f3veis","Tiempo de lectura":"2 minutos"},"schema":{"@context":"https:\/\/schema.org","@graph":[{"@type":"Article","@id":"https:\/\/www.sindmoveis.com.br\/es\/crescem-exportacoes-brasileiras-de-insumos-para-moveis\/#article","isPartOf":{"@id":"https:\/\/www.sindmoveis.com.br\/es\/crescem-exportacoes-brasileiras-de-insumos-para-moveis\/"},"author":{"name":"Imprensa Sindm\u00f3veis","@id":"https:\/\/www.sindmoveis.com.br\/es\/#\/schema\/person\/16d379542db1950a17fe188179340d57"},"headline":"Crecen exportaciones brasile\u00f1as de insumos para muebles","datePublished":"2012-09-19T03:00:00+00:00","dateModified":"2021-05-26T13:30:06+00:00","mainEntityOfPage":{"@id":"https:\/\/www.sindmoveis.com.br\/es\/crescem-exportacoes-brasileiras-de-insumos-para-moveis\/"},"wordCount":318,"articleSection":["Exportaciones","Sindm\u00f3veis"],"inLanguage":"es"},{"@type":"WebPage","@id":"https:\/\/www.sindmoveis.com.br\/es\/crescem-exportacoes-brasileiras-de-insumos-para-moveis\/","url":"https:\/\/www.sindmoveis.com.br\/es\/crescem-exportacoes-brasileiras-de-insumos-para-moveis\/","name":"Crecen exportaciones brasile\u00f1as de insumos para muebles - Sindm\u00f3veis-RS","isPartOf":{"@id":"https:\/\/www.sindmoveis.com.br\/es\/#website"},"datePublished":"2012-09-19T03:00:00+00:00","dateModified":"2021-05-26T13:30:06+00:00","author":{"@id":"https:\/\/www.sindmoveis.com.br\/es\/#\/schema\/person\/16d379542db1950a17fe188179340d57"},"inLanguage":"es","potentialAction":[{"@type":"ReadAction","target":["https:\/\/www.sindmoveis.com.br\/es\/crescem-exportacoes-brasileiras-de-insumos-para-moveis\/"]}]},{"@type":"WebSite","@id":"https:\/\/www.sindmoveis.com.br\/es\/#website","url":"https:\/\/www.sindmoveis.com.br\/es\/","name":"Sindm\u00f3veis-RS","description":"","potentialAction":[{"@type":"SearchAction","target":{"@type":"EntryPoint","urlTemplate":"https:\/\/www.sindmoveis.com.br\/es\/?s={search_term_string}"},"query-input":{"@type":"PropertyValueSpecification","valueRequired":true,"valueName":"search_term_string"}}],"inLanguage":"es"},{"@type":"Person","@id":"https:\/\/www.sindmoveis.com.br\/es\/#\/schema\/person\/16d379542db1950a17fe188179340d57","name":"Imprensa Sindm\u00f3veis","image":{"@type":"ImageObject","inLanguage":"es","@id":"https:\/\/www.sindmoveis.com.br\/es\/#\/schema\/person\/image\/","url":"https:\/\/secure.gravatar.com\/avatar\/4973e2e2c2a0cb5db30b0c7b770041b8e33d048a16b695a1f99c042449d4bfaf?s=96&d=mm&r=g","contentUrl":"https:\/\/secure.gravatar.com\/avatar\/4973e2e2c2a0cb5db30b0c7b770041b8e33d048a16b695a1f99c042449d4bfaf?s=96&d=mm&r=g","caption":"Imprensa Sindm\u00f3veis"},"url":"https:\/\/www.sindmoveis.com.br\/es\/author\/ana\/"}]}},"_links":{"self":[{"href":"https:\/\/www.sindmoveis.com.br\/es\/wp-json\/wp\/v2\/posts\/941","targetHints":{"allow":["GET"]}}],"collection":[{"href":"https:\/\/www.sindmoveis.com.br\/es\/wp-json\/wp\/v2\/posts"}],"about":[{"href":"https:\/\/www.sindmoveis.com.br\/es\/wp-json\/wp\/v2\/types\/post"}],"author":[{"embeddable":true,"href":"https:\/\/www.sindmoveis.com.br\/es\/wp-json\/wp\/v2\/users\/5"}],"replies":[{"embeddable":true,"href":"https:\/\/www.sindmoveis.com.br\/es\/wp-json\/wp\/v2\/comments?post=941"}],"version-history":[{"count":2,"href":"https:\/\/www.sindmoveis.com.br\/es\/wp-json\/wp\/v2\/posts\/941\/revisions"}],"predecessor-version":[{"id":3236,"href":"https:\/\/www.sindmoveis.com.br\/es\/wp-json\/wp\/v2\/posts\/941\/revisions\/3236"}],"wp:attachment":[{"href":"https:\/\/www.sindmoveis.com.br\/es\/wp-json\/wp\/v2\/media?parent=941"}],"wp:term":[{"taxonomy":"category","embeddable":true,"href":"https:\/\/www.sindmoveis.com.br\/es\/wp-json\/wp\/v2\/categories?post=941"},{"taxonomy":"post_tag","embeddable":true,"href":"https:\/\/www.sindmoveis.com.br\/es\/wp-json\/wp\/v2\/tags?post=941"}],"curies":[{"name":"wp","href":"https:\/\/api.w.org\/{rel}","templated":true}]}}