{"id":937,"date":"2012-09-10T00:00:00","date_gmt":"2012-09-10T03:00:00","guid":{"rendered":"http:\/\/sindmoveis.com.br\/imprensa\/noticias\/custos-logisticos-preocupam-setor-moveleiro\/"},"modified":"2021-05-26T10:24:53","modified_gmt":"2021-05-26T13:24:53","slug":"custos-logisticos-preocupam-setor-moveleiro","status":"publish","type":"post","link":"https:\/\/www.sindmoveis.com.br\/es\/custos-logisticos-preocupam-setor-moveleiro\/","title":{"rendered":"Costos de log\u00edstica preocupan sector del mobiliario"},"content":{"rendered":"<p>\u00a0<br \/>\nComit\u00e9 de Log\u00edstica Sindm\u00f3veis\/Movergs re\u00fane asociados para discutir las ventajas del transporte mar\u00edtimo en la costa brasile\u00f1a como alternativa al flete por la red viaria<br \/>\n\u00a0<br \/>\nCon la creciente demanda por muebles en los estados del Norte y Nordeste, muchas industrias del polo del mobiliario de Bento Gon\u00e7alves, ya tienen en esas regiones sus destinos estrat\u00e9gicos. Sin embargo, las largas distancias entre f\u00e1brica y cliente colocan la log\u00edstica como punto crucial para que se mantenga la competitividad del sector. El reajuste promedio de 50% en el flete por la red viaria despu\u00e9s de la reglamentaci\u00f3n de la Ley de los Conductores de Cami\u00f3n, est\u00e1 llevando las empresas a buscar alternativas para una entrega menos onerosa. Esta semana, el Comit\u00e9 de Log\u00edstica del Sindicato de las Industrias del Mobiliario de Bento Gon\u00e7alves (Sindm\u00f3veis) y de la Asociaci\u00f3n de las Industrias de Muebles del Estado de R\u00edo Grande do Sul (Movergs) promovi\u00f3 reuni\u00f3n entre el Terminal de Contenedores de R\u00edo Grande (Tecon) y representantes de la industria local para divulgar el servicio de cabotaje \u2013 transporte mar\u00edtimo en la costa brasile\u00f1a.\u00a0<br \/>\n\u00a0<br \/>\nEl cabotaje es desconocido para la mayor\u00eda de las empresas del polo del mobiliario de Bento Gon\u00e7alves, pero puede representar una alternativa para las f\u00e1bricas. Actualmente, las operadoras que parten del puerto de R\u00edo Grande tienen l\u00edneas para Manaos y Recife, con desplazamiento de aproximadamente 20 d\u00edas de puerto a puerto. El per\u00edodo es considerado razonable, teniendo en vista que las remesas por empresas transportadoras llevan entre 15 y 20 d\u00edas, sin embargo, con la aprobaci\u00f3n de la Ley de los Conductores de Cami\u00f3n, que restringe la jornada de trabajo, los plazos de entrega deben ser m\u00e1s largos. Con relaci\u00f3n a costos, el transporte mar\u00edtimo en la costa brasile\u00f1a puede ser hasta 40% m\u00e1s barato que el \u00a0transporte por la red viaria, con un riesgo inferior de aver\u00edas o \u00a0robo de cargas. Adicionalmente, por ocasionar menos emisi\u00f3n de sustancias contaminantes, \u00a0implica una reducci\u00f3n de los impactos ambientales.<br \/>\n\u00a0<br \/>\nPor otro lado las ventajas financieras de ese servicio son mejor percibidas en la remesa de cargas cerradas, lo que no corresponde a la realidad del sector del mobiliario de Bento Gon\u00e7alves, que trabaja con peque\u00f1os lotes generalmente producidos post venta. Contra ese escenario, las operadoras de barcos de cabotaje ofrecen la posibilidad de entrega de cargas fraccionadas o \u00a0la intermediaci\u00f3n de prestadores de servicio para separaci\u00f3n \u00a0y destinaci\u00f3n final de la carga. \u201cLa industria del mobiliario de Bento Gon\u00e7alves lleg\u00f3 a un nivel de tecnolog\u00eda y calidad que coloca la log\u00edstica como un diferencial. A pesar de toda la reducci\u00f3n de costo, la principal ventaja del cabotaje es la calidad\u201d, afirma el director comercial de Tecon, Thierry R\u00edos.<br \/>\n\u00a0<\/p>\n","protected":false},"excerpt":{"rendered":"<p>\u00a0 Comit\u00e9 de Log\u00edstica Sindm\u00f3veis\/Movergs re\u00fane asociados para discutir las ventajas del transporte mar\u00edtimo en la costa brasile\u00f1a como alternativa al flete por la red viaria \u00a0 Con la creciente&#8230;  <a class=\"excerpt-read-more\" href=\"https:\/\/www.sindmoveis.com.br\/es\/custos-logisticos-preocupam-setor-moveleiro\/\" title=\"Read Costos de log\u00edstica preocupan sector del mobiliario\">Leia mais &raquo;<\/a><\/p>\n","protected":false},"author":5,"featured_media":0,"comment_status":"closed","ping_status":"open","sticky":false,"template":"","format":"standard","meta":{"footnotes":"","_links_to":"","_links_to_target":""},"categories":[2],"tags":[],"class_list":["post-937","post","type-post","status-publish","format-standard","hentry","category-sindmoveis"],"yoast_head":"<!-- This site is optimized with the Yoast SEO plugin v27.0 - https:\/\/yoast.com\/product\/yoast-seo-wordpress\/ -->\n<title>Costos de log\u00edstica preocupan sector del mobiliario - Sindm\u00f3veis-RS<\/title>\n<meta name=\"robots\" content=\"index, follow, max-snippet:-1, max-image-preview:large, max-video-preview:-1\" \/>\n<link rel=\"canonical\" href=\"https:\/\/www.sindmoveis.com.br\/es\/custos-logisticos-preocupam-setor-moveleiro\/\" \/>\n<meta property=\"og:locale\" content=\"es_ES\" \/>\n<meta property=\"og:type\" content=\"article\" \/>\n<meta property=\"og:title\" content=\"Costos de log\u00edstica preocupan sector del mobiliario - Sindm\u00f3veis-RS\" \/>\n<meta property=\"og:description\" content=\"\u00a0 Comit\u00e9 de Log\u00edstica Sindm\u00f3veis\/Movergs re\u00fane asociados para discutir las ventajas del transporte mar\u00edtimo en la costa brasile\u00f1a como alternativa al flete por la red viaria \u00a0 Con la creciente... Leia mais &raquo;\" \/>\n<meta property=\"og:url\" content=\"https:\/\/www.sindmoveis.com.br\/es\/custos-logisticos-preocupam-setor-moveleiro\/\" \/>\n<meta property=\"og:site_name\" content=\"Sindm\u00f3veis-RS\" \/>\n<meta property=\"article:published_time\" content=\"2012-09-10T03:00:00+00:00\" \/>\n<meta property=\"article:modified_time\" content=\"2021-05-26T13:24:53+00:00\" \/>\n<meta name=\"author\" content=\"Imprensa Sindm\u00f3veis\" \/>\n<meta name=\"twitter:card\" content=\"summary_large_image\" \/>\n<meta name=\"twitter:label1\" content=\"Escrito por\" \/>\n\t<meta name=\"twitter:data1\" content=\"Imprensa Sindm\u00f3veis\" \/>\n\t<meta name=\"twitter:label2\" content=\"Tiempo de lectura\" \/>\n\t<meta name=\"twitter:data2\" content=\"2 minutos\" \/>\n<script type=\"application\/ld+json\" class=\"yoast-schema-graph\">{\"@context\":\"https:\/\/schema.org\",\"@graph\":[{\"@type\":\"Article\",\"@id\":\"https:\/\/www.sindmoveis.com.br\/es\/custos-logisticos-preocupam-setor-moveleiro\/#article\",\"isPartOf\":{\"@id\":\"https:\/\/www.sindmoveis.com.br\/es\/custos-logisticos-preocupam-setor-moveleiro\/\"},\"author\":{\"name\":\"Imprensa Sindm\u00f3veis\",\"@id\":\"https:\/\/www.sindmoveis.com.br\/es\/#\/schema\/person\/16d379542db1950a17fe188179340d57\"},\"headline\":\"Costos de log\u00edstica preocupan sector del mobiliario\",\"datePublished\":\"2012-09-10T03:00:00+00:00\",\"dateModified\":\"2021-05-26T13:24:53+00:00\",\"mainEntityOfPage\":{\"@id\":\"https:\/\/www.sindmoveis.com.br\/es\/custos-logisticos-preocupam-setor-moveleiro\/\"},\"wordCount\":496,\"articleSection\":[\"Sindm\u00f3veis\"],\"inLanguage\":\"es\"},{\"@type\":\"WebPage\",\"@id\":\"https:\/\/www.sindmoveis.com.br\/es\/custos-logisticos-preocupam-setor-moveleiro\/\",\"url\":\"https:\/\/www.sindmoveis.com.br\/es\/custos-logisticos-preocupam-setor-moveleiro\/\",\"name\":\"Costos de log\u00edstica preocupan sector del mobiliario - Sindm\u00f3veis-RS\",\"isPartOf\":{\"@id\":\"https:\/\/www.sindmoveis.com.br\/es\/#website\"},\"datePublished\":\"2012-09-10T03:00:00+00:00\",\"dateModified\":\"2021-05-26T13:24:53+00:00\",\"author\":{\"@id\":\"https:\/\/www.sindmoveis.com.br\/es\/#\/schema\/person\/16d379542db1950a17fe188179340d57\"},\"inLanguage\":\"es\",\"potentialAction\":[{\"@type\":\"ReadAction\",\"target\":[\"https:\/\/www.sindmoveis.com.br\/es\/custos-logisticos-preocupam-setor-moveleiro\/\"]}]},{\"@type\":\"WebSite\",\"@id\":\"https:\/\/www.sindmoveis.com.br\/es\/#website\",\"url\":\"https:\/\/www.sindmoveis.com.br\/es\/\",\"name\":\"Sindm\u00f3veis-RS\",\"description\":\"\",\"potentialAction\":[{\"@type\":\"SearchAction\",\"target\":{\"@type\":\"EntryPoint\",\"urlTemplate\":\"https:\/\/www.sindmoveis.com.br\/es\/?s={search_term_string}\"},\"query-input\":{\"@type\":\"PropertyValueSpecification\",\"valueRequired\":true,\"valueName\":\"search_term_string\"}}],\"inLanguage\":\"es\"},{\"@type\":\"Person\",\"@id\":\"https:\/\/www.sindmoveis.com.br\/es\/#\/schema\/person\/16d379542db1950a17fe188179340d57\",\"name\":\"Imprensa Sindm\u00f3veis\",\"image\":{\"@type\":\"ImageObject\",\"inLanguage\":\"es\",\"@id\":\"https:\/\/www.sindmoveis.com.br\/es\/#\/schema\/person\/image\/\",\"url\":\"https:\/\/secure.gravatar.com\/avatar\/4973e2e2c2a0cb5db30b0c7b770041b8e33d048a16b695a1f99c042449d4bfaf?s=96&d=mm&r=g\",\"contentUrl\":\"https:\/\/secure.gravatar.com\/avatar\/4973e2e2c2a0cb5db30b0c7b770041b8e33d048a16b695a1f99c042449d4bfaf?s=96&d=mm&r=g\",\"caption\":\"Imprensa Sindm\u00f3veis\"},\"url\":\"https:\/\/www.sindmoveis.com.br\/es\/author\/ana\/\"}]}<\/script>\n<!-- \/ Yoast SEO plugin. -->","yoast_head_json":{"title":"Costos de log\u00edstica preocupan sector del mobiliario - Sindm\u00f3veis-RS","robots":{"index":"index","follow":"follow","max-snippet":"max-snippet:-1","max-image-preview":"max-image-preview:large","max-video-preview":"max-video-preview:-1"},"canonical":"https:\/\/www.sindmoveis.com.br\/es\/custos-logisticos-preocupam-setor-moveleiro\/","og_locale":"es_ES","og_type":"article","og_title":"Costos de log\u00edstica preocupan sector del mobiliario - Sindm\u00f3veis-RS","og_description":"\u00a0 Comit\u00e9 de Log\u00edstica Sindm\u00f3veis\/Movergs re\u00fane asociados para discutir las ventajas del transporte mar\u00edtimo en la costa brasile\u00f1a como alternativa al flete por la red viaria \u00a0 Con la creciente... Leia mais &raquo;","og_url":"https:\/\/www.sindmoveis.com.br\/es\/custos-logisticos-preocupam-setor-moveleiro\/","og_site_name":"Sindm\u00f3veis-RS","article_published_time":"2012-09-10T03:00:00+00:00","article_modified_time":"2021-05-26T13:24:53+00:00","author":"Imprensa Sindm\u00f3veis","twitter_card":"summary_large_image","twitter_misc":{"Escrito por":"Imprensa Sindm\u00f3veis","Tiempo de lectura":"2 minutos"},"schema":{"@context":"https:\/\/schema.org","@graph":[{"@type":"Article","@id":"https:\/\/www.sindmoveis.com.br\/es\/custos-logisticos-preocupam-setor-moveleiro\/#article","isPartOf":{"@id":"https:\/\/www.sindmoveis.com.br\/es\/custos-logisticos-preocupam-setor-moveleiro\/"},"author":{"name":"Imprensa Sindm\u00f3veis","@id":"https:\/\/www.sindmoveis.com.br\/es\/#\/schema\/person\/16d379542db1950a17fe188179340d57"},"headline":"Costos de log\u00edstica preocupan sector del mobiliario","datePublished":"2012-09-10T03:00:00+00:00","dateModified":"2021-05-26T13:24:53+00:00","mainEntityOfPage":{"@id":"https:\/\/www.sindmoveis.com.br\/es\/custos-logisticos-preocupam-setor-moveleiro\/"},"wordCount":496,"articleSection":["Sindm\u00f3veis"],"inLanguage":"es"},{"@type":"WebPage","@id":"https:\/\/www.sindmoveis.com.br\/es\/custos-logisticos-preocupam-setor-moveleiro\/","url":"https:\/\/www.sindmoveis.com.br\/es\/custos-logisticos-preocupam-setor-moveleiro\/","name":"Costos de log\u00edstica preocupan sector del mobiliario - Sindm\u00f3veis-RS","isPartOf":{"@id":"https:\/\/www.sindmoveis.com.br\/es\/#website"},"datePublished":"2012-09-10T03:00:00+00:00","dateModified":"2021-05-26T13:24:53+00:00","author":{"@id":"https:\/\/www.sindmoveis.com.br\/es\/#\/schema\/person\/16d379542db1950a17fe188179340d57"},"inLanguage":"es","potentialAction":[{"@type":"ReadAction","target":["https:\/\/www.sindmoveis.com.br\/es\/custos-logisticos-preocupam-setor-moveleiro\/"]}]},{"@type":"WebSite","@id":"https:\/\/www.sindmoveis.com.br\/es\/#website","url":"https:\/\/www.sindmoveis.com.br\/es\/","name":"Sindm\u00f3veis-RS","description":"","potentialAction":[{"@type":"SearchAction","target":{"@type":"EntryPoint","urlTemplate":"https:\/\/www.sindmoveis.com.br\/es\/?s={search_term_string}"},"query-input":{"@type":"PropertyValueSpecification","valueRequired":true,"valueName":"search_term_string"}}],"inLanguage":"es"},{"@type":"Person","@id":"https:\/\/www.sindmoveis.com.br\/es\/#\/schema\/person\/16d379542db1950a17fe188179340d57","name":"Imprensa Sindm\u00f3veis","image":{"@type":"ImageObject","inLanguage":"es","@id":"https:\/\/www.sindmoveis.com.br\/es\/#\/schema\/person\/image\/","url":"https:\/\/secure.gravatar.com\/avatar\/4973e2e2c2a0cb5db30b0c7b770041b8e33d048a16b695a1f99c042449d4bfaf?s=96&d=mm&r=g","contentUrl":"https:\/\/secure.gravatar.com\/avatar\/4973e2e2c2a0cb5db30b0c7b770041b8e33d048a16b695a1f99c042449d4bfaf?s=96&d=mm&r=g","caption":"Imprensa Sindm\u00f3veis"},"url":"https:\/\/www.sindmoveis.com.br\/es\/author\/ana\/"}]}},"_links":{"self":[{"href":"https:\/\/www.sindmoveis.com.br\/es\/wp-json\/wp\/v2\/posts\/937","targetHints":{"allow":["GET"]}}],"collection":[{"href":"https:\/\/www.sindmoveis.com.br\/es\/wp-json\/wp\/v2\/posts"}],"about":[{"href":"https:\/\/www.sindmoveis.com.br\/es\/wp-json\/wp\/v2\/types\/post"}],"author":[{"embeddable":true,"href":"https:\/\/www.sindmoveis.com.br\/es\/wp-json\/wp\/v2\/users\/5"}],"replies":[{"embeddable":true,"href":"https:\/\/www.sindmoveis.com.br\/es\/wp-json\/wp\/v2\/comments?post=937"}],"version-history":[{"count":2,"href":"https:\/\/www.sindmoveis.com.br\/es\/wp-json\/wp\/v2\/posts\/937\/revisions"}],"predecessor-version":[{"id":3234,"href":"https:\/\/www.sindmoveis.com.br\/es\/wp-json\/wp\/v2\/posts\/937\/revisions\/3234"}],"wp:attachment":[{"href":"https:\/\/www.sindmoveis.com.br\/es\/wp-json\/wp\/v2\/media?parent=937"}],"wp:term":[{"taxonomy":"category","embeddable":true,"href":"https:\/\/www.sindmoveis.com.br\/es\/wp-json\/wp\/v2\/categories?post=937"},{"taxonomy":"post_tag","embeddable":true,"href":"https:\/\/www.sindmoveis.com.br\/es\/wp-json\/wp\/v2\/tags?post=937"}],"curies":[{"name":"wp","href":"https:\/\/api.w.org\/{rel}","templated":true}]}}