{"id":936,"date":"2012-09-06T00:00:00","date_gmt":"2012-09-06T03:00:00","guid":{"rendered":"http:\/\/sindmoveis.com.br\/imprensa\/noticias\/orchestra-brasil-na-expo-ferretera-guadalajara\/"},"modified":"2021-05-26T10:28:40","modified_gmt":"2021-05-26T13:28:40","slug":"orchestra-brasil-na-expo-ferretera-guadalajara","status":"publish","type":"post","link":"https:\/\/www.sindmoveis.com.br\/es\/orchestra-brasil-na-expo-ferretera-guadalajara\/","title":{"rendered":"Orchestra Brasil en Expo Ferretera Guadalajara"},"content":{"rendered":"<p>\u00a0<br \/>\nLas empresas Base Home Solutions, Kolafit, Reval Aramados y Zimaq van a exponer sus lanzamientos en la feria Expo Nacional Ferretera de Guadalajara, M\u00e9xico. Esta es la primera participaci\u00f3n del proyecto en este evento, cuya \u00faltima edici\u00f3n, realizada el a\u00f1o pasado, cont\u00f3 con m\u00e1s de 1.300 empresas expositoras y 80 mil visitantes. \u00a0Realizada de 6 a 8 de septiembre, la feria reunir\u00e1 industrias de los sectores de ferreter\u00eda, el\u00e9ctrico y de la construcci\u00f3n. Para el proyecto Orchestra Brasil, este destino es estrat\u00e9gico y est\u00e1 entre los mercados preferenciales definidos para el a\u00f1o de 2012, puesto que el pa\u00eds es uno de los 10 mayores importadores mundiales de los productos fabricados por las empresas participantes y tambi\u00e9n uno de los 10 principales destinos de los productos brasile\u00f1os. La industria mexicana se destaca en el comercio internacional de muebles, por ser la mayor exportadora de Am\u00e9rica Latina y la sexta del mundo, con m\u00e1s de U$ 4.800 millones exportados el a\u00f1o pasado.\u00a0<br \/>\n\u00a0<\/p>\n","protected":false},"excerpt":{"rendered":"<p>\u00a0 Las empresas Base Home Solutions, Kolafit, Reval Aramados y Zimaq van a exponer sus lanzamientos en la feria Expo Nacional Ferretera de Guadalajara, M\u00e9xico. Esta es la primera participaci\u00f3n&#8230;  <a class=\"excerpt-read-more\" href=\"https:\/\/www.sindmoveis.com.br\/es\/orchestra-brasil-na-expo-ferretera-guadalajara\/\" title=\"Read Orchestra Brasil en Expo Ferretera Guadalajara\">Leia mais &raquo;<\/a><\/p>\n","protected":false},"author":5,"featured_media":0,"comment_status":"closed","ping_status":"open","sticky":false,"template":"","format":"standard","meta":{"footnotes":"","_links_to":"","_links_to_target":""},"categories":[22,2],"tags":[],"class_list":["post-936","post","type-post","status-publish","format-standard","hentry","category-proyecto-orchestra-brasil","category-sindmoveis"],"yoast_head":"<!-- This site is optimized with the Yoast SEO plugin v27.0 - https:\/\/yoast.com\/product\/yoast-seo-wordpress\/ -->\n<title>Orchestra Brasil en Expo Ferretera Guadalajara - Sindm\u00f3veis-RS<\/title>\n<meta name=\"robots\" content=\"index, follow, max-snippet:-1, max-image-preview:large, max-video-preview:-1\" \/>\n<link rel=\"canonical\" href=\"https:\/\/www.sindmoveis.com.br\/es\/orchestra-brasil-na-expo-ferretera-guadalajara\/\" \/>\n<meta property=\"og:locale\" content=\"es_ES\" \/>\n<meta property=\"og:type\" content=\"article\" \/>\n<meta property=\"og:title\" content=\"Orchestra Brasil en Expo Ferretera Guadalajara - Sindm\u00f3veis-RS\" \/>\n<meta property=\"og:description\" content=\"\u00a0 Las empresas Base Home Solutions, Kolafit, Reval Aramados y Zimaq van a exponer sus lanzamientos en la feria Expo Nacional Ferretera de Guadalajara, M\u00e9xico. Esta es la primera participaci\u00f3n... Leia mais &raquo;\" \/>\n<meta property=\"og:url\" content=\"https:\/\/www.sindmoveis.com.br\/es\/orchestra-brasil-na-expo-ferretera-guadalajara\/\" \/>\n<meta property=\"og:site_name\" content=\"Sindm\u00f3veis-RS\" \/>\n<meta property=\"article:published_time\" content=\"2012-09-06T03:00:00+00:00\" \/>\n<meta property=\"article:modified_time\" content=\"2021-05-26T13:28:40+00:00\" \/>\n<meta name=\"author\" content=\"Imprensa Sindm\u00f3veis\" \/>\n<meta name=\"twitter:card\" content=\"summary_large_image\" \/>\n<meta name=\"twitter:label1\" content=\"Escrito por\" \/>\n\t<meta name=\"twitter:data1\" content=\"Imprensa Sindm\u00f3veis\" \/>\n\t<meta name=\"twitter:label2\" content=\"Tiempo de lectura\" \/>\n\t<meta name=\"twitter:data2\" content=\"1 minuto\" \/>\n<script type=\"application\/ld+json\" class=\"yoast-schema-graph\">{\"@context\":\"https:\/\/schema.org\",\"@graph\":[{\"@type\":\"Article\",\"@id\":\"https:\/\/www.sindmoveis.com.br\/es\/orchestra-brasil-na-expo-ferretera-guadalajara\/#article\",\"isPartOf\":{\"@id\":\"https:\/\/www.sindmoveis.com.br\/es\/orchestra-brasil-na-expo-ferretera-guadalajara\/\"},\"author\":{\"name\":\"Imprensa Sindm\u00f3veis\",\"@id\":\"https:\/\/www.sindmoveis.com.br\/es\/#\/schema\/person\/16d379542db1950a17fe188179340d57\"},\"headline\":\"Orchestra Brasil en Expo Ferretera Guadalajara\",\"datePublished\":\"2012-09-06T03:00:00+00:00\",\"dateModified\":\"2021-05-26T13:28:40+00:00\",\"mainEntityOfPage\":{\"@id\":\"https:\/\/www.sindmoveis.com.br\/es\/orchestra-brasil-na-expo-ferretera-guadalajara\/\"},\"wordCount\":174,\"articleSection\":[\"Proyecto Orchestra Brasil\",\"Sindm\u00f3veis\"],\"inLanguage\":\"es\"},{\"@type\":\"WebPage\",\"@id\":\"https:\/\/www.sindmoveis.com.br\/es\/orchestra-brasil-na-expo-ferretera-guadalajara\/\",\"url\":\"https:\/\/www.sindmoveis.com.br\/es\/orchestra-brasil-na-expo-ferretera-guadalajara\/\",\"name\":\"Orchestra Brasil en Expo Ferretera Guadalajara - Sindm\u00f3veis-RS\",\"isPartOf\":{\"@id\":\"https:\/\/www.sindmoveis.com.br\/es\/#website\"},\"datePublished\":\"2012-09-06T03:00:00+00:00\",\"dateModified\":\"2021-05-26T13:28:40+00:00\",\"author\":{\"@id\":\"https:\/\/www.sindmoveis.com.br\/es\/#\/schema\/person\/16d379542db1950a17fe188179340d57\"},\"inLanguage\":\"es\",\"potentialAction\":[{\"@type\":\"ReadAction\",\"target\":[\"https:\/\/www.sindmoveis.com.br\/es\/orchestra-brasil-na-expo-ferretera-guadalajara\/\"]}]},{\"@type\":\"WebSite\",\"@id\":\"https:\/\/www.sindmoveis.com.br\/es\/#website\",\"url\":\"https:\/\/www.sindmoveis.com.br\/es\/\",\"name\":\"Sindm\u00f3veis-RS\",\"description\":\"\",\"potentialAction\":[{\"@type\":\"SearchAction\",\"target\":{\"@type\":\"EntryPoint\",\"urlTemplate\":\"https:\/\/www.sindmoveis.com.br\/es\/?s={search_term_string}\"},\"query-input\":{\"@type\":\"PropertyValueSpecification\",\"valueRequired\":true,\"valueName\":\"search_term_string\"}}],\"inLanguage\":\"es\"},{\"@type\":\"Person\",\"@id\":\"https:\/\/www.sindmoveis.com.br\/es\/#\/schema\/person\/16d379542db1950a17fe188179340d57\",\"name\":\"Imprensa Sindm\u00f3veis\",\"image\":{\"@type\":\"ImageObject\",\"inLanguage\":\"es\",\"@id\":\"https:\/\/www.sindmoveis.com.br\/es\/#\/schema\/person\/image\/\",\"url\":\"https:\/\/secure.gravatar.com\/avatar\/4973e2e2c2a0cb5db30b0c7b770041b8e33d048a16b695a1f99c042449d4bfaf?s=96&d=mm&r=g\",\"contentUrl\":\"https:\/\/secure.gravatar.com\/avatar\/4973e2e2c2a0cb5db30b0c7b770041b8e33d048a16b695a1f99c042449d4bfaf?s=96&d=mm&r=g\",\"caption\":\"Imprensa Sindm\u00f3veis\"},\"url\":\"https:\/\/www.sindmoveis.com.br\/es\/author\/ana\/\"}]}<\/script>\n<!-- \/ Yoast SEO plugin. -->","yoast_head_json":{"title":"Orchestra Brasil en Expo Ferretera Guadalajara - Sindm\u00f3veis-RS","robots":{"index":"index","follow":"follow","max-snippet":"max-snippet:-1","max-image-preview":"max-image-preview:large","max-video-preview":"max-video-preview:-1"},"canonical":"https:\/\/www.sindmoveis.com.br\/es\/orchestra-brasil-na-expo-ferretera-guadalajara\/","og_locale":"es_ES","og_type":"article","og_title":"Orchestra Brasil en Expo Ferretera Guadalajara - Sindm\u00f3veis-RS","og_description":"\u00a0 Las empresas Base Home Solutions, Kolafit, Reval Aramados y Zimaq van a exponer sus lanzamientos en la feria Expo Nacional Ferretera de Guadalajara, M\u00e9xico. Esta es la primera participaci\u00f3n... Leia mais &raquo;","og_url":"https:\/\/www.sindmoveis.com.br\/es\/orchestra-brasil-na-expo-ferretera-guadalajara\/","og_site_name":"Sindm\u00f3veis-RS","article_published_time":"2012-09-06T03:00:00+00:00","article_modified_time":"2021-05-26T13:28:40+00:00","author":"Imprensa Sindm\u00f3veis","twitter_card":"summary_large_image","twitter_misc":{"Escrito por":"Imprensa Sindm\u00f3veis","Tiempo de lectura":"1 minuto"},"schema":{"@context":"https:\/\/schema.org","@graph":[{"@type":"Article","@id":"https:\/\/www.sindmoveis.com.br\/es\/orchestra-brasil-na-expo-ferretera-guadalajara\/#article","isPartOf":{"@id":"https:\/\/www.sindmoveis.com.br\/es\/orchestra-brasil-na-expo-ferretera-guadalajara\/"},"author":{"name":"Imprensa Sindm\u00f3veis","@id":"https:\/\/www.sindmoveis.com.br\/es\/#\/schema\/person\/16d379542db1950a17fe188179340d57"},"headline":"Orchestra Brasil en Expo Ferretera Guadalajara","datePublished":"2012-09-06T03:00:00+00:00","dateModified":"2021-05-26T13:28:40+00:00","mainEntityOfPage":{"@id":"https:\/\/www.sindmoveis.com.br\/es\/orchestra-brasil-na-expo-ferretera-guadalajara\/"},"wordCount":174,"articleSection":["Proyecto Orchestra Brasil","Sindm\u00f3veis"],"inLanguage":"es"},{"@type":"WebPage","@id":"https:\/\/www.sindmoveis.com.br\/es\/orchestra-brasil-na-expo-ferretera-guadalajara\/","url":"https:\/\/www.sindmoveis.com.br\/es\/orchestra-brasil-na-expo-ferretera-guadalajara\/","name":"Orchestra Brasil en Expo Ferretera Guadalajara - Sindm\u00f3veis-RS","isPartOf":{"@id":"https:\/\/www.sindmoveis.com.br\/es\/#website"},"datePublished":"2012-09-06T03:00:00+00:00","dateModified":"2021-05-26T13:28:40+00:00","author":{"@id":"https:\/\/www.sindmoveis.com.br\/es\/#\/schema\/person\/16d379542db1950a17fe188179340d57"},"inLanguage":"es","potentialAction":[{"@type":"ReadAction","target":["https:\/\/www.sindmoveis.com.br\/es\/orchestra-brasil-na-expo-ferretera-guadalajara\/"]}]},{"@type":"WebSite","@id":"https:\/\/www.sindmoveis.com.br\/es\/#website","url":"https:\/\/www.sindmoveis.com.br\/es\/","name":"Sindm\u00f3veis-RS","description":"","potentialAction":[{"@type":"SearchAction","target":{"@type":"EntryPoint","urlTemplate":"https:\/\/www.sindmoveis.com.br\/es\/?s={search_term_string}"},"query-input":{"@type":"PropertyValueSpecification","valueRequired":true,"valueName":"search_term_string"}}],"inLanguage":"es"},{"@type":"Person","@id":"https:\/\/www.sindmoveis.com.br\/es\/#\/schema\/person\/16d379542db1950a17fe188179340d57","name":"Imprensa Sindm\u00f3veis","image":{"@type":"ImageObject","inLanguage":"es","@id":"https:\/\/www.sindmoveis.com.br\/es\/#\/schema\/person\/image\/","url":"https:\/\/secure.gravatar.com\/avatar\/4973e2e2c2a0cb5db30b0c7b770041b8e33d048a16b695a1f99c042449d4bfaf?s=96&d=mm&r=g","contentUrl":"https:\/\/secure.gravatar.com\/avatar\/4973e2e2c2a0cb5db30b0c7b770041b8e33d048a16b695a1f99c042449d4bfaf?s=96&d=mm&r=g","caption":"Imprensa Sindm\u00f3veis"},"url":"https:\/\/www.sindmoveis.com.br\/es\/author\/ana\/"}]}},"_links":{"self":[{"href":"https:\/\/www.sindmoveis.com.br\/es\/wp-json\/wp\/v2\/posts\/936","targetHints":{"allow":["GET"]}}],"collection":[{"href":"https:\/\/www.sindmoveis.com.br\/es\/wp-json\/wp\/v2\/posts"}],"about":[{"href":"https:\/\/www.sindmoveis.com.br\/es\/wp-json\/wp\/v2\/types\/post"}],"author":[{"embeddable":true,"href":"https:\/\/www.sindmoveis.com.br\/es\/wp-json\/wp\/v2\/users\/5"}],"replies":[{"embeddable":true,"href":"https:\/\/www.sindmoveis.com.br\/es\/wp-json\/wp\/v2\/comments?post=936"}],"version-history":[{"count":2,"href":"https:\/\/www.sindmoveis.com.br\/es\/wp-json\/wp\/v2\/posts\/936\/revisions"}],"predecessor-version":[{"id":3233,"href":"https:\/\/www.sindmoveis.com.br\/es\/wp-json\/wp\/v2\/posts\/936\/revisions\/3233"}],"wp:attachment":[{"href":"https:\/\/www.sindmoveis.com.br\/es\/wp-json\/wp\/v2\/media?parent=936"}],"wp:term":[{"taxonomy":"category","embeddable":true,"href":"https:\/\/www.sindmoveis.com.br\/es\/wp-json\/wp\/v2\/categories?post=936"},{"taxonomy":"post_tag","embeddable":true,"href":"https:\/\/www.sindmoveis.com.br\/es\/wp-json\/wp\/v2\/tags?post=936"}],"curies":[{"name":"wp","href":"https:\/\/api.w.org\/{rel}","templated":true}]}}