{"id":929,"date":"2012-08-20T00:00:00","date_gmt":"2012-08-20T03:00:00","guid":{"rendered":"http:\/\/sindmoveis.com.br\/imprensa\/noticias\/casa-brasil-valoriza-o-artesanato-da-serra-gaucha\/"},"modified":"2021-05-26T10:24:53","modified_gmt":"2021-05-26T13:24:53","slug":"casa-brasil-valoriza-o-artesanato-da-serra-gaucha","status":"publish","type":"post","link":"https:\/\/www.sindmoveis.com.br\/es\/casa-brasil-valoriza-o-artesanato-da-serra-gaucha\/","title":{"rendered":"Casa Brasil valora la artesan\u00eda de la Sierra Gaucha"},"content":{"rendered":"<p>Talleres con artesanos dan partida al proyecto que resultar\u00e1 en una l\u00ednea de objetos decorativos para cocina, con lanzamiento en Casa Brasil 2013<br \/>\n\u00a0<br \/>\nA lo largo de la \u00faltima semana, empez\u00f3 a tomar forma la asociaci\u00f3n entre el Sindicato de las Industrias del Mobiliario de Bento Gon\u00e7alves \u2013 Sindm\u00f3veis, y la Secretar\u00eda Municipal de Turismo \u00a0&#8211; Semtur, para el rescate y la valoraci\u00f3n de la artesan\u00eda local. De 13 a 17 de agosto, el dise\u00f1ador Renato Imbroisi y el par de arquitectas Tina Moura y Lui Lo Pumo, recorrieron las comunidades del interior de Bento Gon\u00e7alves realizando los primeros talleres con artesanos y artistas pl\u00e1sticos para la creaci\u00f3n de una colecci\u00f3n de piezas decorativas que ser\u00e1 lanzada en Casa Brasil 2013, de 13 a 16 de agosto del pr\u00f3ximo a\u00f1o.\u00a0<br \/>\nEl proyecto va a unir t\u00e9cnicas y materiales tradicionales a un dise\u00f1o contempor\u00e1neo y sofisticado. Los responsables por la ejecuci\u00f3n del proyecto y realizaci\u00f3n de los talleres son las arquitectas Tina Moura y Lui Lo Pumo (LT Arquitectura e Design), integrantes de la curadur\u00eda de Casa Brasil, y el dise\u00f1ador carioca Renato Imbroisi. Desde hace dos meses, el tr\u00edo est\u00e1 investigando materias primas tradicionales en la artesan\u00eda de la Sierra Gaucha e identificando artesanos con inter\u00e9s en desarrollar una l\u00ednea de objetos con dise\u00f1o exclusivo y elementos de la cultura regional.<br \/>\nTodos los distritos fueron visitados para la definici\u00f3n de las piezas de la colecci\u00f3n, las cuales ser\u00e1n creadas a partir de t\u00e9cnicas de cester\u00eda (mimbre, fibras), tejedura manual, crochet, bordado y carpinter\u00eda. La programaci\u00f3n incluy\u00f3 tambi\u00e9n un taller de gastronom\u00eda con chefs de cocina, con el intuito de inspirar a los artesanos a elaborar creaciones dentro de la tem\u00e1tica del vino y la culinaria.<\/p>\n","protected":false},"excerpt":{"rendered":"<p>Talleres con artesanos dan partida al proyecto que resultar\u00e1 en una l\u00ednea de objetos decorativos para cocina, con lanzamiento en Casa Brasil 2013 \u00a0 A lo largo de la \u00faltima&#8230;  <a class=\"excerpt-read-more\" href=\"https:\/\/www.sindmoveis.com.br\/es\/casa-brasil-valoriza-o-artesanato-da-serra-gaucha\/\" title=\"Read Casa Brasil valora la artesan\u00eda de la Sierra Gaucha\">Leia mais &raquo;<\/a><\/p>\n","protected":false},"author":5,"featured_media":0,"comment_status":"closed","ping_status":"open","sticky":false,"template":"","format":"standard","meta":{"footnotes":"","_links_to":"","_links_to_target":""},"categories":[2],"tags":[],"class_list":["post-929","post","type-post","status-publish","format-standard","hentry","category-sindmoveis"],"yoast_head":"<!-- This site is optimized with the Yoast SEO plugin v27.0 - https:\/\/yoast.com\/product\/yoast-seo-wordpress\/ -->\n<title>Casa Brasil valora la artesan\u00eda de la Sierra Gaucha - Sindm\u00f3veis-RS<\/title>\n<meta name=\"robots\" content=\"index, follow, max-snippet:-1, max-image-preview:large, max-video-preview:-1\" \/>\n<link rel=\"canonical\" href=\"https:\/\/www.sindmoveis.com.br\/es\/casa-brasil-valoriza-o-artesanato-da-serra-gaucha\/\" \/>\n<meta property=\"og:locale\" content=\"es_ES\" \/>\n<meta property=\"og:type\" content=\"article\" \/>\n<meta property=\"og:title\" content=\"Casa Brasil valora la artesan\u00eda de la Sierra Gaucha - Sindm\u00f3veis-RS\" \/>\n<meta property=\"og:description\" content=\"Talleres con artesanos dan partida al proyecto que resultar\u00e1 en una l\u00ednea de objetos decorativos para cocina, con lanzamiento en Casa Brasil 2013 \u00a0 A lo largo de la \u00faltima... Leia mais &raquo;\" \/>\n<meta property=\"og:url\" content=\"https:\/\/www.sindmoveis.com.br\/es\/casa-brasil-valoriza-o-artesanato-da-serra-gaucha\/\" \/>\n<meta property=\"og:site_name\" content=\"Sindm\u00f3veis-RS\" \/>\n<meta property=\"article:published_time\" content=\"2012-08-20T03:00:00+00:00\" \/>\n<meta property=\"article:modified_time\" content=\"2021-05-26T13:24:53+00:00\" \/>\n<meta name=\"author\" content=\"Imprensa Sindm\u00f3veis\" \/>\n<meta name=\"twitter:card\" content=\"summary_large_image\" \/>\n<meta name=\"twitter:label1\" content=\"Escrito por\" \/>\n\t<meta name=\"twitter:data1\" content=\"Imprensa Sindm\u00f3veis\" \/>\n\t<meta name=\"twitter:label2\" content=\"Tiempo de lectura\" \/>\n\t<meta name=\"twitter:data2\" content=\"2 minutos\" \/>\n<script type=\"application\/ld+json\" class=\"yoast-schema-graph\">{\"@context\":\"https:\/\/schema.org\",\"@graph\":[{\"@type\":\"Article\",\"@id\":\"https:\/\/www.sindmoveis.com.br\/es\/casa-brasil-valoriza-o-artesanato-da-serra-gaucha\/#article\",\"isPartOf\":{\"@id\":\"https:\/\/www.sindmoveis.com.br\/es\/casa-brasil-valoriza-o-artesanato-da-serra-gaucha\/\"},\"author\":{\"name\":\"Imprensa Sindm\u00f3veis\",\"@id\":\"https:\/\/www.sindmoveis.com.br\/es\/#\/schema\/person\/16d379542db1950a17fe188179340d57\"},\"headline\":\"Casa Brasil valora la artesan\u00eda de la Sierra Gaucha\",\"datePublished\":\"2012-08-20T03:00:00+00:00\",\"dateModified\":\"2021-05-26T13:24:53+00:00\",\"mainEntityOfPage\":{\"@id\":\"https:\/\/www.sindmoveis.com.br\/es\/casa-brasil-valoriza-o-artesanato-da-serra-gaucha\/\"},\"wordCount\":324,\"articleSection\":[\"Sindm\u00f3veis\"],\"inLanguage\":\"es\"},{\"@type\":\"WebPage\",\"@id\":\"https:\/\/www.sindmoveis.com.br\/es\/casa-brasil-valoriza-o-artesanato-da-serra-gaucha\/\",\"url\":\"https:\/\/www.sindmoveis.com.br\/es\/casa-brasil-valoriza-o-artesanato-da-serra-gaucha\/\",\"name\":\"Casa Brasil valora la artesan\u00eda de la Sierra Gaucha - Sindm\u00f3veis-RS\",\"isPartOf\":{\"@id\":\"https:\/\/www.sindmoveis.com.br\/es\/#website\"},\"datePublished\":\"2012-08-20T03:00:00+00:00\",\"dateModified\":\"2021-05-26T13:24:53+00:00\",\"author\":{\"@id\":\"https:\/\/www.sindmoveis.com.br\/es\/#\/schema\/person\/16d379542db1950a17fe188179340d57\"},\"inLanguage\":\"es\",\"potentialAction\":[{\"@type\":\"ReadAction\",\"target\":[\"https:\/\/www.sindmoveis.com.br\/es\/casa-brasil-valoriza-o-artesanato-da-serra-gaucha\/\"]}]},{\"@type\":\"WebSite\",\"@id\":\"https:\/\/www.sindmoveis.com.br\/es\/#website\",\"url\":\"https:\/\/www.sindmoveis.com.br\/es\/\",\"name\":\"Sindm\u00f3veis-RS\",\"description\":\"\",\"potentialAction\":[{\"@type\":\"SearchAction\",\"target\":{\"@type\":\"EntryPoint\",\"urlTemplate\":\"https:\/\/www.sindmoveis.com.br\/es\/?s={search_term_string}\"},\"query-input\":{\"@type\":\"PropertyValueSpecification\",\"valueRequired\":true,\"valueName\":\"search_term_string\"}}],\"inLanguage\":\"es\"},{\"@type\":\"Person\",\"@id\":\"https:\/\/www.sindmoveis.com.br\/es\/#\/schema\/person\/16d379542db1950a17fe188179340d57\",\"name\":\"Imprensa Sindm\u00f3veis\",\"image\":{\"@type\":\"ImageObject\",\"inLanguage\":\"es\",\"@id\":\"https:\/\/www.sindmoveis.com.br\/es\/#\/schema\/person\/image\/\",\"url\":\"https:\/\/secure.gravatar.com\/avatar\/4973e2e2c2a0cb5db30b0c7b770041b8e33d048a16b695a1f99c042449d4bfaf?s=96&d=mm&r=g\",\"contentUrl\":\"https:\/\/secure.gravatar.com\/avatar\/4973e2e2c2a0cb5db30b0c7b770041b8e33d048a16b695a1f99c042449d4bfaf?s=96&d=mm&r=g\",\"caption\":\"Imprensa Sindm\u00f3veis\"},\"url\":\"https:\/\/www.sindmoveis.com.br\/es\/author\/ana\/\"}]}<\/script>\n<!-- \/ Yoast SEO plugin. -->","yoast_head_json":{"title":"Casa Brasil valora la artesan\u00eda de la Sierra Gaucha - Sindm\u00f3veis-RS","robots":{"index":"index","follow":"follow","max-snippet":"max-snippet:-1","max-image-preview":"max-image-preview:large","max-video-preview":"max-video-preview:-1"},"canonical":"https:\/\/www.sindmoveis.com.br\/es\/casa-brasil-valoriza-o-artesanato-da-serra-gaucha\/","og_locale":"es_ES","og_type":"article","og_title":"Casa Brasil valora la artesan\u00eda de la Sierra Gaucha - Sindm\u00f3veis-RS","og_description":"Talleres con artesanos dan partida al proyecto que resultar\u00e1 en una l\u00ednea de objetos decorativos para cocina, con lanzamiento en Casa Brasil 2013 \u00a0 A lo largo de la \u00faltima... Leia mais &raquo;","og_url":"https:\/\/www.sindmoveis.com.br\/es\/casa-brasil-valoriza-o-artesanato-da-serra-gaucha\/","og_site_name":"Sindm\u00f3veis-RS","article_published_time":"2012-08-20T03:00:00+00:00","article_modified_time":"2021-05-26T13:24:53+00:00","author":"Imprensa Sindm\u00f3veis","twitter_card":"summary_large_image","twitter_misc":{"Escrito por":"Imprensa Sindm\u00f3veis","Tiempo de lectura":"2 minutos"},"schema":{"@context":"https:\/\/schema.org","@graph":[{"@type":"Article","@id":"https:\/\/www.sindmoveis.com.br\/es\/casa-brasil-valoriza-o-artesanato-da-serra-gaucha\/#article","isPartOf":{"@id":"https:\/\/www.sindmoveis.com.br\/es\/casa-brasil-valoriza-o-artesanato-da-serra-gaucha\/"},"author":{"name":"Imprensa Sindm\u00f3veis","@id":"https:\/\/www.sindmoveis.com.br\/es\/#\/schema\/person\/16d379542db1950a17fe188179340d57"},"headline":"Casa Brasil valora la artesan\u00eda de la Sierra Gaucha","datePublished":"2012-08-20T03:00:00+00:00","dateModified":"2021-05-26T13:24:53+00:00","mainEntityOfPage":{"@id":"https:\/\/www.sindmoveis.com.br\/es\/casa-brasil-valoriza-o-artesanato-da-serra-gaucha\/"},"wordCount":324,"articleSection":["Sindm\u00f3veis"],"inLanguage":"es"},{"@type":"WebPage","@id":"https:\/\/www.sindmoveis.com.br\/es\/casa-brasil-valoriza-o-artesanato-da-serra-gaucha\/","url":"https:\/\/www.sindmoveis.com.br\/es\/casa-brasil-valoriza-o-artesanato-da-serra-gaucha\/","name":"Casa Brasil valora la artesan\u00eda de la Sierra Gaucha - Sindm\u00f3veis-RS","isPartOf":{"@id":"https:\/\/www.sindmoveis.com.br\/es\/#website"},"datePublished":"2012-08-20T03:00:00+00:00","dateModified":"2021-05-26T13:24:53+00:00","author":{"@id":"https:\/\/www.sindmoveis.com.br\/es\/#\/schema\/person\/16d379542db1950a17fe188179340d57"},"inLanguage":"es","potentialAction":[{"@type":"ReadAction","target":["https:\/\/www.sindmoveis.com.br\/es\/casa-brasil-valoriza-o-artesanato-da-serra-gaucha\/"]}]},{"@type":"WebSite","@id":"https:\/\/www.sindmoveis.com.br\/es\/#website","url":"https:\/\/www.sindmoveis.com.br\/es\/","name":"Sindm\u00f3veis-RS","description":"","potentialAction":[{"@type":"SearchAction","target":{"@type":"EntryPoint","urlTemplate":"https:\/\/www.sindmoveis.com.br\/es\/?s={search_term_string}"},"query-input":{"@type":"PropertyValueSpecification","valueRequired":true,"valueName":"search_term_string"}}],"inLanguage":"es"},{"@type":"Person","@id":"https:\/\/www.sindmoveis.com.br\/es\/#\/schema\/person\/16d379542db1950a17fe188179340d57","name":"Imprensa Sindm\u00f3veis","image":{"@type":"ImageObject","inLanguage":"es","@id":"https:\/\/www.sindmoveis.com.br\/es\/#\/schema\/person\/image\/","url":"https:\/\/secure.gravatar.com\/avatar\/4973e2e2c2a0cb5db30b0c7b770041b8e33d048a16b695a1f99c042449d4bfaf?s=96&d=mm&r=g","contentUrl":"https:\/\/secure.gravatar.com\/avatar\/4973e2e2c2a0cb5db30b0c7b770041b8e33d048a16b695a1f99c042449d4bfaf?s=96&d=mm&r=g","caption":"Imprensa Sindm\u00f3veis"},"url":"https:\/\/www.sindmoveis.com.br\/es\/author\/ana\/"}]}},"_links":{"self":[{"href":"https:\/\/www.sindmoveis.com.br\/es\/wp-json\/wp\/v2\/posts\/929","targetHints":{"allow":["GET"]}}],"collection":[{"href":"https:\/\/www.sindmoveis.com.br\/es\/wp-json\/wp\/v2\/posts"}],"about":[{"href":"https:\/\/www.sindmoveis.com.br\/es\/wp-json\/wp\/v2\/types\/post"}],"author":[{"embeddable":true,"href":"https:\/\/www.sindmoveis.com.br\/es\/wp-json\/wp\/v2\/users\/5"}],"replies":[{"embeddable":true,"href":"https:\/\/www.sindmoveis.com.br\/es\/wp-json\/wp\/v2\/comments?post=929"}],"version-history":[{"count":2,"href":"https:\/\/www.sindmoveis.com.br\/es\/wp-json\/wp\/v2\/posts\/929\/revisions"}],"predecessor-version":[{"id":3228,"href":"https:\/\/www.sindmoveis.com.br\/es\/wp-json\/wp\/v2\/posts\/929\/revisions\/3228"}],"wp:attachment":[{"href":"https:\/\/www.sindmoveis.com.br\/es\/wp-json\/wp\/v2\/media?parent=929"}],"wp:term":[{"taxonomy":"category","embeddable":true,"href":"https:\/\/www.sindmoveis.com.br\/es\/wp-json\/wp\/v2\/categories?post=929"},{"taxonomy":"post_tag","embeddable":true,"href":"https:\/\/www.sindmoveis.com.br\/es\/wp-json\/wp\/v2\/tags?post=929"}],"curies":[{"name":"wp","href":"https:\/\/api.w.org\/{rel}","templated":true}]}}