{"id":926,"date":"2012-09-14T00:00:00","date_gmt":"2012-09-14T03:00:00","guid":{"rendered":"http:\/\/sindmoveis.com.br\/imprensa\/noticias\/preparativos-para-a-casa-brasil-2013-movimentam-a-serra-gaucha\/"},"modified":"2021-05-26T10:24:53","modified_gmt":"2021-05-26T13:24:53","slug":"preparativos-para-a-casa-brasil-2013-movimentam-a-serra-gaucha","status":"publish","type":"post","link":"https:\/\/www.sindmoveis.com.br\/es\/preparativos-para-a-casa-brasil-2013-movimentam-a-serra-gaucha\/","title":{"rendered":"Preparativos para  Casa Brasil 2013 movilizan la sierra gaucha"},"content":{"rendered":"<p>\u00a0<br \/>\n\u00a0<br \/>\nFaltando menos de un a\u00f1o para la feria, Sindm\u00f3veis desarrolla acciones de incentivo al dise\u00f1o<br \/>\n\u00a0<br \/>\nSi depende de Casa Brasil 2013, una de las mayores ferias de dise\u00f1o y negocios de Am\u00e9rica Latina, el dise\u00f1o brasile\u00f1o va a proseguir en el camino del crecimiento, tanto en negocios como en valoraci\u00f3n. Faltando menos de un a\u00f1o para la pr\u00f3xima edici\u00f3n, los preparativos ya est\u00e1n a todo vapor. El Sindicato de las Industrias del Mobiliario de Bento Gon\u00e7alves \u2013 Sindm\u00f3veis, organizador y promotor del evento, est\u00e1 desarrollando una serie de actividades para consolidar esta feria \u00a0como referencia en Brasil en lo que a dise\u00f1o respecta, y \u00a0como una importante aliada para el fomento de la econom\u00eda local.<br \/>\n\u00a0<br \/>\n\u00a0<br \/>\nUna de estas iniciativas, en asociaci\u00f3n con las arquitectas Tina y Lui Lo Pumo, curadoras de Casa Brasil, y con el dise\u00f1ador Renato Imbroisi, est\u00e1 promoviendo junto a los artesanos de la regi\u00f3n diversos talleres para la producci\u00f3n de piezas contempor\u00e1neas con materiales t\u00edpicos del lugar. Las piezas ser\u00e1n fabricadas durante los pr\u00f3ximos meses y ser\u00e1n lanzadas en agosto durante la realizaci\u00f3n de la feria.<br \/>\n\u00a0<br \/>\nAdem\u00e1s de incentivar la producci\u00f3n de dise\u00f1o y productos in\u00e9ditos con valor agregado, Casa Brasil tambi\u00e9n invierte en la capacitaci\u00f3n de los profesionales que trabajar\u00e1n para este p\u00fablico cada vez m\u00e1s exigente. En la \u00faltima semana de agosto, la feria dio su apoyo al evento Portal Luxo Brasil, que por su vez realiz\u00f3 un Meeting volcado a los consumidores y profesionales del segmento de alto nivel.<br \/>\n\u00a0<br \/>\nPrueba de esta consolidaci\u00f3n de Casa Brasil como importante espacio para promoci\u00f3n del dise\u00f1o, es el hecho de grandes empresas del sector del mobiliario estar ya confirmando presencia en el evento, que espera superar los n\u00fameros de las ediciones anteriores, cuando espec\u00edficamente en las \u00faltimas tres, hubo la presencia de m\u00e1s de 50 mil visitantes y la realizaci\u00f3n de negocios que alcanzaron un valor de R$ 500 millones.<br \/>\n\u00a0<\/p>\n","protected":false},"excerpt":{"rendered":"<p>\u00a0 \u00a0 Faltando menos de un a\u00f1o para la feria, Sindm\u00f3veis desarrolla acciones de incentivo al dise\u00f1o \u00a0 Si depende de Casa Brasil 2013, una de las mayores ferias de&#8230;  <a class=\"excerpt-read-more\" href=\"https:\/\/www.sindmoveis.com.br\/es\/preparativos-para-a-casa-brasil-2013-movimentam-a-serra-gaucha\/\" title=\"Read Preparativos para  Casa Brasil 2013 movilizan la sierra gaucha\">Leia mais &raquo;<\/a><\/p>\n","protected":false},"author":5,"featured_media":0,"comment_status":"closed","ping_status":"open","sticky":false,"template":"","format":"standard","meta":{"footnotes":"","_links_to":"","_links_to_target":""},"categories":[2],"tags":[],"class_list":["post-926","post","type-post","status-publish","format-standard","hentry","category-sindmoveis"],"yoast_head":"<!-- This site is optimized with the Yoast SEO plugin v27.0 - https:\/\/yoast.com\/product\/yoast-seo-wordpress\/ -->\n<title>Preparativos para Casa Brasil 2013 movilizan la sierra gaucha - Sindm\u00f3veis-RS<\/title>\n<meta name=\"robots\" content=\"index, follow, max-snippet:-1, max-image-preview:large, max-video-preview:-1\" \/>\n<link rel=\"canonical\" href=\"https:\/\/www.sindmoveis.com.br\/es\/preparativos-para-a-casa-brasil-2013-movimentam-a-serra-gaucha\/\" \/>\n<meta property=\"og:locale\" content=\"es_ES\" \/>\n<meta property=\"og:type\" content=\"article\" \/>\n<meta property=\"og:title\" content=\"Preparativos para Casa Brasil 2013 movilizan la sierra gaucha - Sindm\u00f3veis-RS\" \/>\n<meta property=\"og:description\" content=\"\u00a0 \u00a0 Faltando menos de un a\u00f1o para la feria, Sindm\u00f3veis desarrolla acciones de incentivo al dise\u00f1o \u00a0 Si depende de Casa Brasil 2013, una de las mayores ferias de... Leia mais &raquo;\" \/>\n<meta property=\"og:url\" content=\"https:\/\/www.sindmoveis.com.br\/es\/preparativos-para-a-casa-brasil-2013-movimentam-a-serra-gaucha\/\" \/>\n<meta property=\"og:site_name\" content=\"Sindm\u00f3veis-RS\" \/>\n<meta property=\"article:published_time\" content=\"2012-09-14T03:00:00+00:00\" \/>\n<meta property=\"article:modified_time\" content=\"2021-05-26T13:24:53+00:00\" \/>\n<meta name=\"author\" content=\"Imprensa Sindm\u00f3veis\" \/>\n<meta name=\"twitter:card\" content=\"summary_large_image\" \/>\n<meta name=\"twitter:label1\" content=\"Escrito por\" \/>\n\t<meta name=\"twitter:data1\" content=\"Imprensa Sindm\u00f3veis\" \/>\n\t<meta name=\"twitter:label2\" content=\"Tiempo de lectura\" \/>\n\t<meta name=\"twitter:data2\" content=\"2 minutos\" \/>\n<script type=\"application\/ld+json\" class=\"yoast-schema-graph\">{\"@context\":\"https:\/\/schema.org\",\"@graph\":[{\"@type\":\"Article\",\"@id\":\"https:\/\/www.sindmoveis.com.br\/es\/preparativos-para-a-casa-brasil-2013-movimentam-a-serra-gaucha\/#article\",\"isPartOf\":{\"@id\":\"https:\/\/www.sindmoveis.com.br\/es\/preparativos-para-a-casa-brasil-2013-movimentam-a-serra-gaucha\/\"},\"author\":{\"name\":\"Imprensa Sindm\u00f3veis\",\"@id\":\"https:\/\/www.sindmoveis.com.br\/es\/#\/schema\/person\/16d379542db1950a17fe188179340d57\"},\"headline\":\"Preparativos para Casa Brasil 2013 movilizan la sierra gaucha\",\"datePublished\":\"2012-09-14T03:00:00+00:00\",\"dateModified\":\"2021-05-26T13:24:53+00:00\",\"mainEntityOfPage\":{\"@id\":\"https:\/\/www.sindmoveis.com.br\/es\/preparativos-para-a-casa-brasil-2013-movimentam-a-serra-gaucha\/\"},\"wordCount\":360,\"articleSection\":[\"Sindm\u00f3veis\"],\"inLanguage\":\"es\"},{\"@type\":\"WebPage\",\"@id\":\"https:\/\/www.sindmoveis.com.br\/es\/preparativos-para-a-casa-brasil-2013-movimentam-a-serra-gaucha\/\",\"url\":\"https:\/\/www.sindmoveis.com.br\/es\/preparativos-para-a-casa-brasil-2013-movimentam-a-serra-gaucha\/\",\"name\":\"Preparativos para Casa Brasil 2013 movilizan la sierra gaucha - Sindm\u00f3veis-RS\",\"isPartOf\":{\"@id\":\"https:\/\/www.sindmoveis.com.br\/es\/#website\"},\"datePublished\":\"2012-09-14T03:00:00+00:00\",\"dateModified\":\"2021-05-26T13:24:53+00:00\",\"author\":{\"@id\":\"https:\/\/www.sindmoveis.com.br\/es\/#\/schema\/person\/16d379542db1950a17fe188179340d57\"},\"inLanguage\":\"es\",\"potentialAction\":[{\"@type\":\"ReadAction\",\"target\":[\"https:\/\/www.sindmoveis.com.br\/es\/preparativos-para-a-casa-brasil-2013-movimentam-a-serra-gaucha\/\"]}]},{\"@type\":\"WebSite\",\"@id\":\"https:\/\/www.sindmoveis.com.br\/es\/#website\",\"url\":\"https:\/\/www.sindmoveis.com.br\/es\/\",\"name\":\"Sindm\u00f3veis-RS\",\"description\":\"\",\"potentialAction\":[{\"@type\":\"SearchAction\",\"target\":{\"@type\":\"EntryPoint\",\"urlTemplate\":\"https:\/\/www.sindmoveis.com.br\/es\/?s={search_term_string}\"},\"query-input\":{\"@type\":\"PropertyValueSpecification\",\"valueRequired\":true,\"valueName\":\"search_term_string\"}}],\"inLanguage\":\"es\"},{\"@type\":\"Person\",\"@id\":\"https:\/\/www.sindmoveis.com.br\/es\/#\/schema\/person\/16d379542db1950a17fe188179340d57\",\"name\":\"Imprensa Sindm\u00f3veis\",\"image\":{\"@type\":\"ImageObject\",\"inLanguage\":\"es\",\"@id\":\"https:\/\/www.sindmoveis.com.br\/es\/#\/schema\/person\/image\/\",\"url\":\"https:\/\/secure.gravatar.com\/avatar\/4973e2e2c2a0cb5db30b0c7b770041b8e33d048a16b695a1f99c042449d4bfaf?s=96&d=mm&r=g\",\"contentUrl\":\"https:\/\/secure.gravatar.com\/avatar\/4973e2e2c2a0cb5db30b0c7b770041b8e33d048a16b695a1f99c042449d4bfaf?s=96&d=mm&r=g\",\"caption\":\"Imprensa Sindm\u00f3veis\"},\"url\":\"https:\/\/www.sindmoveis.com.br\/es\/author\/ana\/\"}]}<\/script>\n<!-- \/ Yoast SEO plugin. -->","yoast_head_json":{"title":"Preparativos para Casa Brasil 2013 movilizan la sierra gaucha - Sindm\u00f3veis-RS","robots":{"index":"index","follow":"follow","max-snippet":"max-snippet:-1","max-image-preview":"max-image-preview:large","max-video-preview":"max-video-preview:-1"},"canonical":"https:\/\/www.sindmoveis.com.br\/es\/preparativos-para-a-casa-brasil-2013-movimentam-a-serra-gaucha\/","og_locale":"es_ES","og_type":"article","og_title":"Preparativos para Casa Brasil 2013 movilizan la sierra gaucha - Sindm\u00f3veis-RS","og_description":"\u00a0 \u00a0 Faltando menos de un a\u00f1o para la feria, Sindm\u00f3veis desarrolla acciones de incentivo al dise\u00f1o \u00a0 Si depende de Casa Brasil 2013, una de las mayores ferias de... Leia mais &raquo;","og_url":"https:\/\/www.sindmoveis.com.br\/es\/preparativos-para-a-casa-brasil-2013-movimentam-a-serra-gaucha\/","og_site_name":"Sindm\u00f3veis-RS","article_published_time":"2012-09-14T03:00:00+00:00","article_modified_time":"2021-05-26T13:24:53+00:00","author":"Imprensa Sindm\u00f3veis","twitter_card":"summary_large_image","twitter_misc":{"Escrito por":"Imprensa Sindm\u00f3veis","Tiempo de lectura":"2 minutos"},"schema":{"@context":"https:\/\/schema.org","@graph":[{"@type":"Article","@id":"https:\/\/www.sindmoveis.com.br\/es\/preparativos-para-a-casa-brasil-2013-movimentam-a-serra-gaucha\/#article","isPartOf":{"@id":"https:\/\/www.sindmoveis.com.br\/es\/preparativos-para-a-casa-brasil-2013-movimentam-a-serra-gaucha\/"},"author":{"name":"Imprensa Sindm\u00f3veis","@id":"https:\/\/www.sindmoveis.com.br\/es\/#\/schema\/person\/16d379542db1950a17fe188179340d57"},"headline":"Preparativos para Casa Brasil 2013 movilizan la sierra gaucha","datePublished":"2012-09-14T03:00:00+00:00","dateModified":"2021-05-26T13:24:53+00:00","mainEntityOfPage":{"@id":"https:\/\/www.sindmoveis.com.br\/es\/preparativos-para-a-casa-brasil-2013-movimentam-a-serra-gaucha\/"},"wordCount":360,"articleSection":["Sindm\u00f3veis"],"inLanguage":"es"},{"@type":"WebPage","@id":"https:\/\/www.sindmoveis.com.br\/es\/preparativos-para-a-casa-brasil-2013-movimentam-a-serra-gaucha\/","url":"https:\/\/www.sindmoveis.com.br\/es\/preparativos-para-a-casa-brasil-2013-movimentam-a-serra-gaucha\/","name":"Preparativos para Casa Brasil 2013 movilizan la sierra gaucha - Sindm\u00f3veis-RS","isPartOf":{"@id":"https:\/\/www.sindmoveis.com.br\/es\/#website"},"datePublished":"2012-09-14T03:00:00+00:00","dateModified":"2021-05-26T13:24:53+00:00","author":{"@id":"https:\/\/www.sindmoveis.com.br\/es\/#\/schema\/person\/16d379542db1950a17fe188179340d57"},"inLanguage":"es","potentialAction":[{"@type":"ReadAction","target":["https:\/\/www.sindmoveis.com.br\/es\/preparativos-para-a-casa-brasil-2013-movimentam-a-serra-gaucha\/"]}]},{"@type":"WebSite","@id":"https:\/\/www.sindmoveis.com.br\/es\/#website","url":"https:\/\/www.sindmoveis.com.br\/es\/","name":"Sindm\u00f3veis-RS","description":"","potentialAction":[{"@type":"SearchAction","target":{"@type":"EntryPoint","urlTemplate":"https:\/\/www.sindmoveis.com.br\/es\/?s={search_term_string}"},"query-input":{"@type":"PropertyValueSpecification","valueRequired":true,"valueName":"search_term_string"}}],"inLanguage":"es"},{"@type":"Person","@id":"https:\/\/www.sindmoveis.com.br\/es\/#\/schema\/person\/16d379542db1950a17fe188179340d57","name":"Imprensa Sindm\u00f3veis","image":{"@type":"ImageObject","inLanguage":"es","@id":"https:\/\/www.sindmoveis.com.br\/es\/#\/schema\/person\/image\/","url":"https:\/\/secure.gravatar.com\/avatar\/4973e2e2c2a0cb5db30b0c7b770041b8e33d048a16b695a1f99c042449d4bfaf?s=96&d=mm&r=g","contentUrl":"https:\/\/secure.gravatar.com\/avatar\/4973e2e2c2a0cb5db30b0c7b770041b8e33d048a16b695a1f99c042449d4bfaf?s=96&d=mm&r=g","caption":"Imprensa Sindm\u00f3veis"},"url":"https:\/\/www.sindmoveis.com.br\/es\/author\/ana\/"}]}},"_links":{"self":[{"href":"https:\/\/www.sindmoveis.com.br\/es\/wp-json\/wp\/v2\/posts\/926","targetHints":{"allow":["GET"]}}],"collection":[{"href":"https:\/\/www.sindmoveis.com.br\/es\/wp-json\/wp\/v2\/posts"}],"about":[{"href":"https:\/\/www.sindmoveis.com.br\/es\/wp-json\/wp\/v2\/types\/post"}],"author":[{"embeddable":true,"href":"https:\/\/www.sindmoveis.com.br\/es\/wp-json\/wp\/v2\/users\/5"}],"replies":[{"embeddable":true,"href":"https:\/\/www.sindmoveis.com.br\/es\/wp-json\/wp\/v2\/comments?post=926"}],"version-history":[{"count":2,"href":"https:\/\/www.sindmoveis.com.br\/es\/wp-json\/wp\/v2\/posts\/926\/revisions"}],"predecessor-version":[{"id":3227,"href":"https:\/\/www.sindmoveis.com.br\/es\/wp-json\/wp\/v2\/posts\/926\/revisions\/3227"}],"wp:attachment":[{"href":"https:\/\/www.sindmoveis.com.br\/es\/wp-json\/wp\/v2\/media?parent=926"}],"wp:term":[{"taxonomy":"category","embeddable":true,"href":"https:\/\/www.sindmoveis.com.br\/es\/wp-json\/wp\/v2\/categories?post=926"},{"taxonomy":"post_tag","embeddable":true,"href":"https:\/\/www.sindmoveis.com.br\/es\/wp-json\/wp\/v2\/tags?post=926"}],"curies":[{"name":"wp","href":"https:\/\/api.w.org\/{rel}","templated":true}]}}