{"id":925,"date":"2012-09-11T00:00:00","date_gmt":"2012-09-11T03:00:00","guid":{"rendered":"http:\/\/sindmoveis.com.br\/imprensa\/noticias\/entidades-estaduais-recebem-diretoria-da-casa-brasil\/"},"modified":"2021-05-26T10:24:53","modified_gmt":"2021-05-26T13:24:53","slug":"entidades-estaduais-recebem-diretoria-da-casa-brasil","status":"publish","type":"post","link":"https:\/\/www.sindmoveis.com.br\/es\/entidades-estaduais-recebem-diretoria-da-casa-brasil\/","title":{"rendered":"Entidades del estado  de Rio Grande do Sul reciben directorio de Casa Brasil"},"content":{"rendered":"<p>Una comitiva del Sindicato de las Industrias del Mobiliario de Bento Gon\u00e7alves \u2013 Sindm\u00f3veis, formada por la presidente C\u00e1tia Scarton y por las arquitectas y curadoras de Casa Brasil, Tina y Lui Lo Pumo, cumplir\u00e1 agenda em Porto Alegre, el mi\u00e9rcoles 12. Bento Gon\u00e7alves, principal polo del mobiliario del pa\u00eds y responsable por 8% de la producci\u00f3n nacional, representa 40% de la facturaci\u00f3n de la industria de muebles de R\u00edo Grande do Sul.\u00a0<br \/>\n\u00a0<br \/>\nEl objetivo de los encuentros es presentar los detalles de la pr\u00f3xima edici\u00f3n de Casa Brasil, que ocurre en agosto de 2013. La programaci\u00f3n incluye audiencias con el secretario Mauro Knijnik y con los presidentes de las asociaciones de clase Federasul y FIERGS, Ricardo Russowski y Jos\u00e9 Heitor Muller, respectivamente.<br \/>\n\u00a0<br \/>\nCasa Brasil, una de las principales ferias de dise\u00f1o y negocios de Am\u00e9rica Latina, sucede a cada dos a\u00f1os en Bento Gon\u00e7alves. En 2013, la feria se realiza por la cuarta vez y, en la \u00faltima, en 2011, recibi\u00f3 m\u00e1s de 20 mil visitantes y 180 expositores de 14 pa\u00edses. Se estima que en un horizonte de 12 meses, la feria tuvo un giro de aproximadamente R$ 200 millones en negocios.<\/p>\n","protected":false},"excerpt":{"rendered":"<p>Una comitiva del Sindicato de las Industrias del Mobiliario de Bento Gon\u00e7alves \u2013 Sindm\u00f3veis, formada por la presidente C\u00e1tia Scarton y por las arquitectas y curadoras de Casa Brasil, Tina&#8230;  <a class=\"excerpt-read-more\" href=\"https:\/\/www.sindmoveis.com.br\/es\/entidades-estaduais-recebem-diretoria-da-casa-brasil\/\" title=\"Read Entidades del estado  de Rio Grande do Sul reciben directorio de Casa Brasil\">Leia mais &raquo;<\/a><\/p>\n","protected":false},"author":5,"featured_media":0,"comment_status":"closed","ping_status":"open","sticky":false,"template":"","format":"standard","meta":{"footnotes":"","_links_to":"","_links_to_target":""},"categories":[2],"tags":[],"class_list":["post-925","post","type-post","status-publish","format-standard","hentry","category-sindmoveis"],"yoast_head":"<!-- This site is optimized with the Yoast SEO plugin v27.0 - https:\/\/yoast.com\/product\/yoast-seo-wordpress\/ -->\n<title>Entidades del estado de Rio Grande do Sul reciben directorio de Casa Brasil - Sindm\u00f3veis-RS<\/title>\n<meta name=\"robots\" content=\"index, follow, max-snippet:-1, max-image-preview:large, max-video-preview:-1\" \/>\n<link rel=\"canonical\" href=\"https:\/\/www.sindmoveis.com.br\/es\/entidades-estaduais-recebem-diretoria-da-casa-brasil\/\" \/>\n<meta property=\"og:locale\" content=\"es_ES\" \/>\n<meta property=\"og:type\" content=\"article\" \/>\n<meta property=\"og:title\" content=\"Entidades del estado de Rio Grande do Sul reciben directorio de Casa Brasil - Sindm\u00f3veis-RS\" \/>\n<meta property=\"og:description\" content=\"Una comitiva del Sindicato de las Industrias del Mobiliario de Bento Gon\u00e7alves \u2013 Sindm\u00f3veis, formada por la presidente C\u00e1tia Scarton y por las arquitectas y curadoras de Casa Brasil, Tina... Leia mais &raquo;\" \/>\n<meta property=\"og:url\" content=\"https:\/\/www.sindmoveis.com.br\/es\/entidades-estaduais-recebem-diretoria-da-casa-brasil\/\" \/>\n<meta property=\"og:site_name\" content=\"Sindm\u00f3veis-RS\" \/>\n<meta property=\"article:published_time\" content=\"2012-09-11T03:00:00+00:00\" \/>\n<meta property=\"article:modified_time\" content=\"2021-05-26T13:24:53+00:00\" \/>\n<meta name=\"author\" content=\"Imprensa Sindm\u00f3veis\" \/>\n<meta name=\"twitter:card\" content=\"summary_large_image\" \/>\n<meta name=\"twitter:label1\" content=\"Escrito por\" \/>\n\t<meta name=\"twitter:data1\" content=\"Imprensa Sindm\u00f3veis\" \/>\n\t<meta name=\"twitter:label2\" content=\"Tiempo de lectura\" \/>\n\t<meta name=\"twitter:data2\" content=\"1 minuto\" \/>\n<script type=\"application\/ld+json\" class=\"yoast-schema-graph\">{\"@context\":\"https:\/\/schema.org\",\"@graph\":[{\"@type\":\"Article\",\"@id\":\"https:\/\/www.sindmoveis.com.br\/es\/entidades-estaduais-recebem-diretoria-da-casa-brasil\/#article\",\"isPartOf\":{\"@id\":\"https:\/\/www.sindmoveis.com.br\/es\/entidades-estaduais-recebem-diretoria-da-casa-brasil\/\"},\"author\":{\"name\":\"Imprensa Sindm\u00f3veis\",\"@id\":\"https:\/\/www.sindmoveis.com.br\/es\/#\/schema\/person\/16d379542db1950a17fe188179340d57\"},\"headline\":\"Entidades del estado de Rio Grande do Sul reciben directorio de Casa Brasil\",\"datePublished\":\"2012-09-11T03:00:00+00:00\",\"dateModified\":\"2021-05-26T13:24:53+00:00\",\"mainEntityOfPage\":{\"@id\":\"https:\/\/www.sindmoveis.com.br\/es\/entidades-estaduais-recebem-diretoria-da-casa-brasil\/\"},\"wordCount\":213,\"articleSection\":[\"Sindm\u00f3veis\"],\"inLanguage\":\"es\"},{\"@type\":\"WebPage\",\"@id\":\"https:\/\/www.sindmoveis.com.br\/es\/entidades-estaduais-recebem-diretoria-da-casa-brasil\/\",\"url\":\"https:\/\/www.sindmoveis.com.br\/es\/entidades-estaduais-recebem-diretoria-da-casa-brasil\/\",\"name\":\"Entidades del estado de Rio Grande do Sul reciben directorio de Casa Brasil - Sindm\u00f3veis-RS\",\"isPartOf\":{\"@id\":\"https:\/\/www.sindmoveis.com.br\/es\/#website\"},\"datePublished\":\"2012-09-11T03:00:00+00:00\",\"dateModified\":\"2021-05-26T13:24:53+00:00\",\"author\":{\"@id\":\"https:\/\/www.sindmoveis.com.br\/es\/#\/schema\/person\/16d379542db1950a17fe188179340d57\"},\"inLanguage\":\"es\",\"potentialAction\":[{\"@type\":\"ReadAction\",\"target\":[\"https:\/\/www.sindmoveis.com.br\/es\/entidades-estaduais-recebem-diretoria-da-casa-brasil\/\"]}]},{\"@type\":\"WebSite\",\"@id\":\"https:\/\/www.sindmoveis.com.br\/es\/#website\",\"url\":\"https:\/\/www.sindmoveis.com.br\/es\/\",\"name\":\"Sindm\u00f3veis-RS\",\"description\":\"\",\"potentialAction\":[{\"@type\":\"SearchAction\",\"target\":{\"@type\":\"EntryPoint\",\"urlTemplate\":\"https:\/\/www.sindmoveis.com.br\/es\/?s={search_term_string}\"},\"query-input\":{\"@type\":\"PropertyValueSpecification\",\"valueRequired\":true,\"valueName\":\"search_term_string\"}}],\"inLanguage\":\"es\"},{\"@type\":\"Person\",\"@id\":\"https:\/\/www.sindmoveis.com.br\/es\/#\/schema\/person\/16d379542db1950a17fe188179340d57\",\"name\":\"Imprensa Sindm\u00f3veis\",\"image\":{\"@type\":\"ImageObject\",\"inLanguage\":\"es\",\"@id\":\"https:\/\/www.sindmoveis.com.br\/es\/#\/schema\/person\/image\/\",\"url\":\"https:\/\/secure.gravatar.com\/avatar\/4973e2e2c2a0cb5db30b0c7b770041b8e33d048a16b695a1f99c042449d4bfaf?s=96&d=mm&r=g\",\"contentUrl\":\"https:\/\/secure.gravatar.com\/avatar\/4973e2e2c2a0cb5db30b0c7b770041b8e33d048a16b695a1f99c042449d4bfaf?s=96&d=mm&r=g\",\"caption\":\"Imprensa Sindm\u00f3veis\"},\"url\":\"https:\/\/www.sindmoveis.com.br\/es\/author\/ana\/\"}]}<\/script>\n<!-- \/ Yoast SEO plugin. -->","yoast_head_json":{"title":"Entidades del estado de Rio Grande do Sul reciben directorio de Casa Brasil - Sindm\u00f3veis-RS","robots":{"index":"index","follow":"follow","max-snippet":"max-snippet:-1","max-image-preview":"max-image-preview:large","max-video-preview":"max-video-preview:-1"},"canonical":"https:\/\/www.sindmoveis.com.br\/es\/entidades-estaduais-recebem-diretoria-da-casa-brasil\/","og_locale":"es_ES","og_type":"article","og_title":"Entidades del estado de Rio Grande do Sul reciben directorio de Casa Brasil - Sindm\u00f3veis-RS","og_description":"Una comitiva del Sindicato de las Industrias del Mobiliario de Bento Gon\u00e7alves \u2013 Sindm\u00f3veis, formada por la presidente C\u00e1tia Scarton y por las arquitectas y curadoras de Casa Brasil, Tina... Leia mais &raquo;","og_url":"https:\/\/www.sindmoveis.com.br\/es\/entidades-estaduais-recebem-diretoria-da-casa-brasil\/","og_site_name":"Sindm\u00f3veis-RS","article_published_time":"2012-09-11T03:00:00+00:00","article_modified_time":"2021-05-26T13:24:53+00:00","author":"Imprensa Sindm\u00f3veis","twitter_card":"summary_large_image","twitter_misc":{"Escrito por":"Imprensa Sindm\u00f3veis","Tiempo de lectura":"1 minuto"},"schema":{"@context":"https:\/\/schema.org","@graph":[{"@type":"Article","@id":"https:\/\/www.sindmoveis.com.br\/es\/entidades-estaduais-recebem-diretoria-da-casa-brasil\/#article","isPartOf":{"@id":"https:\/\/www.sindmoveis.com.br\/es\/entidades-estaduais-recebem-diretoria-da-casa-brasil\/"},"author":{"name":"Imprensa Sindm\u00f3veis","@id":"https:\/\/www.sindmoveis.com.br\/es\/#\/schema\/person\/16d379542db1950a17fe188179340d57"},"headline":"Entidades del estado de Rio Grande do Sul reciben directorio de Casa Brasil","datePublished":"2012-09-11T03:00:00+00:00","dateModified":"2021-05-26T13:24:53+00:00","mainEntityOfPage":{"@id":"https:\/\/www.sindmoveis.com.br\/es\/entidades-estaduais-recebem-diretoria-da-casa-brasil\/"},"wordCount":213,"articleSection":["Sindm\u00f3veis"],"inLanguage":"es"},{"@type":"WebPage","@id":"https:\/\/www.sindmoveis.com.br\/es\/entidades-estaduais-recebem-diretoria-da-casa-brasil\/","url":"https:\/\/www.sindmoveis.com.br\/es\/entidades-estaduais-recebem-diretoria-da-casa-brasil\/","name":"Entidades del estado de Rio Grande do Sul reciben directorio de Casa Brasil - Sindm\u00f3veis-RS","isPartOf":{"@id":"https:\/\/www.sindmoveis.com.br\/es\/#website"},"datePublished":"2012-09-11T03:00:00+00:00","dateModified":"2021-05-26T13:24:53+00:00","author":{"@id":"https:\/\/www.sindmoveis.com.br\/es\/#\/schema\/person\/16d379542db1950a17fe188179340d57"},"inLanguage":"es","potentialAction":[{"@type":"ReadAction","target":["https:\/\/www.sindmoveis.com.br\/es\/entidades-estaduais-recebem-diretoria-da-casa-brasil\/"]}]},{"@type":"WebSite","@id":"https:\/\/www.sindmoveis.com.br\/es\/#website","url":"https:\/\/www.sindmoveis.com.br\/es\/","name":"Sindm\u00f3veis-RS","description":"","potentialAction":[{"@type":"SearchAction","target":{"@type":"EntryPoint","urlTemplate":"https:\/\/www.sindmoveis.com.br\/es\/?s={search_term_string}"},"query-input":{"@type":"PropertyValueSpecification","valueRequired":true,"valueName":"search_term_string"}}],"inLanguage":"es"},{"@type":"Person","@id":"https:\/\/www.sindmoveis.com.br\/es\/#\/schema\/person\/16d379542db1950a17fe188179340d57","name":"Imprensa Sindm\u00f3veis","image":{"@type":"ImageObject","inLanguage":"es","@id":"https:\/\/www.sindmoveis.com.br\/es\/#\/schema\/person\/image\/","url":"https:\/\/secure.gravatar.com\/avatar\/4973e2e2c2a0cb5db30b0c7b770041b8e33d048a16b695a1f99c042449d4bfaf?s=96&d=mm&r=g","contentUrl":"https:\/\/secure.gravatar.com\/avatar\/4973e2e2c2a0cb5db30b0c7b770041b8e33d048a16b695a1f99c042449d4bfaf?s=96&d=mm&r=g","caption":"Imprensa Sindm\u00f3veis"},"url":"https:\/\/www.sindmoveis.com.br\/es\/author\/ana\/"}]}},"_links":{"self":[{"href":"https:\/\/www.sindmoveis.com.br\/es\/wp-json\/wp\/v2\/posts\/925","targetHints":{"allow":["GET"]}}],"collection":[{"href":"https:\/\/www.sindmoveis.com.br\/es\/wp-json\/wp\/v2\/posts"}],"about":[{"href":"https:\/\/www.sindmoveis.com.br\/es\/wp-json\/wp\/v2\/types\/post"}],"author":[{"embeddable":true,"href":"https:\/\/www.sindmoveis.com.br\/es\/wp-json\/wp\/v2\/users\/5"}],"replies":[{"embeddable":true,"href":"https:\/\/www.sindmoveis.com.br\/es\/wp-json\/wp\/v2\/comments?post=925"}],"version-history":[{"count":2,"href":"https:\/\/www.sindmoveis.com.br\/es\/wp-json\/wp\/v2\/posts\/925\/revisions"}],"predecessor-version":[{"id":3226,"href":"https:\/\/www.sindmoveis.com.br\/es\/wp-json\/wp\/v2\/posts\/925\/revisions\/3226"}],"wp:attachment":[{"href":"https:\/\/www.sindmoveis.com.br\/es\/wp-json\/wp\/v2\/media?parent=925"}],"wp:term":[{"taxonomy":"category","embeddable":true,"href":"https:\/\/www.sindmoveis.com.br\/es\/wp-json\/wp\/v2\/categories?post=925"},{"taxonomy":"post_tag","embeddable":true,"href":"https:\/\/www.sindmoveis.com.br\/es\/wp-json\/wp\/v2\/tags?post=925"}],"curies":[{"name":"wp","href":"https:\/\/api.w.org\/{rel}","templated":true}]}}