{"id":922,"date":"2012-07-19T00:00:00","date_gmt":"2012-07-19T03:00:00","guid":{"rendered":"http:\/\/sindmoveis.com.br\/imprensa\/noticias\/novas-empresas-aderem-ao-projeto-orchestra-brasil\/"},"modified":"2021-05-26T10:28:40","modified_gmt":"2021-05-26T13:28:40","slug":"novas-empresas-aderem-ao-projeto-orchestra-brasil","status":"publish","type":"post","link":"https:\/\/www.sindmoveis.com.br\/es\/novas-empresas-aderem-ao-projeto-orchestra-brasil\/","title":{"rendered":"Nuevas empresas adhieren al Proyecto Orchestra Brasil"},"content":{"rendered":"<p>Proveedoras del sector dl mobiliario quieren aumentar \u00a0negocios \u00a0en el mercado externo\u00a0<br \/>\n\u00a0<br \/>\nSiete empresas productoras de insumos, accesorios y tecnolog\u00edas para el sector del mobiliario ingresaron en el Proyecto Orchestra Brasil \u2013 programa de incentivo a las exportaciones del Sindicato de las Industrias del Mobiliario de Bento Gon\u00e7alves \u2013 Sindm\u00f3veis y la Agencia de Promoci\u00f3n de Exportaciones e Inversiones \u2013 Apex-Brasil, en el transcurso del a\u00f1o: Adami (fabricante de componentes); Base Componentes (fabricante de accesorios); Lamiecco ( fabricante de acabados); Maquinapack (fabricante de tecnolog\u00edas); Neo Componentes (fabricante de accesorios); Inmes (fabricante de tecnolog\u00edas); y Soprano (fabricante de accesorios). Con ello, el n\u00famero de integrantes del proyecto de incentivo a las exportaciones de proveedores de la industria del mobiliario ya llega a 89 \u2013 65 empresas y 24 dise\u00f1adores, quienes pasaron a integrar la iniciativa este a\u00f1o.<br \/>\nCon la adhesi\u00f3n al Orchestra, Soprano Electrometal\u00fargica e Hidr\u00e1ulica, con sede en la ciudad de Farroupilha, R\u00edo Grande do Sul, \u00a0pretende fortalecer su presencia en el exterior a trav\u00e9s de la participaci\u00f3n en ferias. El coordinador de Exportaci\u00f3n de la divisi\u00f3n de Construcci\u00f3n Civil, Anderson Onzi, explica que la empresa ya est\u00e1 presente en pa\u00edses de Am\u00e9rica Latina y Europa, pero apenas espor\u00e1dicamente participaba de ferias y eventos. El fortalecimiento en mercados africanos es uno de los objetivos de la empresa, que tiene como producto principal en las exportaciones las cerraduras y bisagras para instalaci\u00f3n completa de puertas. \u201cTendremos la oportunidad de abrir nuevos mercados y fortalecer la marca donde ya estamos. Hoy, el volumen exportado est\u00e1 en torno de 5% de la producci\u00f3n, pero nos gustar\u00eda alcanzar entre 10 \u00f3 15% en los pr\u00f3ximos dos a\u00f1os\u201d, proyecta. \u00a0<br \/>\nEl Proyecto Orchestra Brasil \u2013 una asociaci\u00f3n entre el Sindicato de las Industrias del Mobiliario de Bento Gon\u00e7alves \u2013 Sindm\u00f3veis y la Agencia de Promoci\u00f3n de Exportaciones e Inversiones \u2013 Apex-Brasil, existe desde 2003 y promueve la inserci\u00f3n competitiva de proveedoras del sector del mobiliario en el mercado internacional de forma sostenible. A\u00fan en 2012, el proyecto tendr\u00e1 participaci\u00f3n en las ferias ForM\u00f3bile, Tecno Mueble (Guadalajara), IWF (Atlanta), Expo Ferretera (Guadalajara), Intermob Estambul (Turqu\u00eda), Fenafor Per\u00fa (Lima), Roadshow \u00a0Mercosul, Design Miami y en el Centro de Negocios de Apex-Brasil en Miami.<\/p>\n","protected":false},"excerpt":{"rendered":"<p>Proveedoras del sector dl mobiliario quieren aumentar \u00a0negocios \u00a0en el mercado externo\u00a0 \u00a0 Siete empresas productoras de insumos, accesorios y tecnolog\u00edas para el sector del mobiliario ingresaron en el Proyecto&#8230;  <a class=\"excerpt-read-more\" href=\"https:\/\/www.sindmoveis.com.br\/es\/novas-empresas-aderem-ao-projeto-orchestra-brasil\/\" title=\"Read Nuevas empresas adhieren al Proyecto Orchestra Brasil\">Leia mais &raquo;<\/a><\/p>\n","protected":false},"author":5,"featured_media":0,"comment_status":"closed","ping_status":"open","sticky":false,"template":"","format":"standard","meta":{"footnotes":"","_links_to":"","_links_to_target":""},"categories":[22,2],"tags":[],"class_list":["post-922","post","type-post","status-publish","format-standard","hentry","category-proyecto-orchestra-brasil","category-sindmoveis"],"yoast_head":"<!-- This site is optimized with the Yoast SEO plugin v27.0 - https:\/\/yoast.com\/product\/yoast-seo-wordpress\/ -->\n<title>Nuevas empresas adhieren al Proyecto Orchestra Brasil - Sindm\u00f3veis-RS<\/title>\n<meta name=\"robots\" content=\"index, follow, max-snippet:-1, max-image-preview:large, max-video-preview:-1\" \/>\n<link rel=\"canonical\" href=\"https:\/\/www.sindmoveis.com.br\/es\/novas-empresas-aderem-ao-projeto-orchestra-brasil\/\" \/>\n<meta property=\"og:locale\" content=\"es_ES\" \/>\n<meta property=\"og:type\" content=\"article\" \/>\n<meta property=\"og:title\" content=\"Nuevas empresas adhieren al Proyecto Orchestra Brasil - Sindm\u00f3veis-RS\" \/>\n<meta property=\"og:description\" content=\"Proveedoras del sector dl mobiliario quieren aumentar \u00a0negocios \u00a0en el mercado externo\u00a0 \u00a0 Siete empresas productoras de insumos, accesorios y tecnolog\u00edas para el sector del mobiliario ingresaron en el Proyecto... Leia mais &raquo;\" \/>\n<meta property=\"og:url\" content=\"https:\/\/www.sindmoveis.com.br\/es\/novas-empresas-aderem-ao-projeto-orchestra-brasil\/\" \/>\n<meta property=\"og:site_name\" content=\"Sindm\u00f3veis-RS\" \/>\n<meta property=\"article:published_time\" content=\"2012-07-19T03:00:00+00:00\" \/>\n<meta property=\"article:modified_time\" content=\"2021-05-26T13:28:40+00:00\" \/>\n<meta name=\"author\" content=\"Imprensa Sindm\u00f3veis\" \/>\n<meta name=\"twitter:card\" content=\"summary_large_image\" \/>\n<meta name=\"twitter:label1\" content=\"Escrito por\" \/>\n\t<meta name=\"twitter:data1\" content=\"Imprensa Sindm\u00f3veis\" \/>\n\t<meta name=\"twitter:label2\" content=\"Tiempo de lectura\" \/>\n\t<meta name=\"twitter:data2\" content=\"2 minutos\" \/>\n<script type=\"application\/ld+json\" class=\"yoast-schema-graph\">{\"@context\":\"https:\/\/schema.org\",\"@graph\":[{\"@type\":\"Article\",\"@id\":\"https:\/\/www.sindmoveis.com.br\/es\/novas-empresas-aderem-ao-projeto-orchestra-brasil\/#article\",\"isPartOf\":{\"@id\":\"https:\/\/www.sindmoveis.com.br\/es\/novas-empresas-aderem-ao-projeto-orchestra-brasil\/\"},\"author\":{\"name\":\"Imprensa Sindm\u00f3veis\",\"@id\":\"https:\/\/www.sindmoveis.com.br\/es\/#\/schema\/person\/16d379542db1950a17fe188179340d57\"},\"headline\":\"Nuevas empresas adhieren al Proyecto Orchestra Brasil\",\"datePublished\":\"2012-07-19T03:00:00+00:00\",\"dateModified\":\"2021-05-26T13:28:40+00:00\",\"mainEntityOfPage\":{\"@id\":\"https:\/\/www.sindmoveis.com.br\/es\/novas-empresas-aderem-ao-projeto-orchestra-brasil\/\"},\"wordCount\":391,\"articleSection\":[\"Proyecto Orchestra Brasil\",\"Sindm\u00f3veis\"],\"inLanguage\":\"es\"},{\"@type\":\"WebPage\",\"@id\":\"https:\/\/www.sindmoveis.com.br\/es\/novas-empresas-aderem-ao-projeto-orchestra-brasil\/\",\"url\":\"https:\/\/www.sindmoveis.com.br\/es\/novas-empresas-aderem-ao-projeto-orchestra-brasil\/\",\"name\":\"Nuevas empresas adhieren al Proyecto Orchestra Brasil - Sindm\u00f3veis-RS\",\"isPartOf\":{\"@id\":\"https:\/\/www.sindmoveis.com.br\/es\/#website\"},\"datePublished\":\"2012-07-19T03:00:00+00:00\",\"dateModified\":\"2021-05-26T13:28:40+00:00\",\"author\":{\"@id\":\"https:\/\/www.sindmoveis.com.br\/es\/#\/schema\/person\/16d379542db1950a17fe188179340d57\"},\"inLanguage\":\"es\",\"potentialAction\":[{\"@type\":\"ReadAction\",\"target\":[\"https:\/\/www.sindmoveis.com.br\/es\/novas-empresas-aderem-ao-projeto-orchestra-brasil\/\"]}]},{\"@type\":\"WebSite\",\"@id\":\"https:\/\/www.sindmoveis.com.br\/es\/#website\",\"url\":\"https:\/\/www.sindmoveis.com.br\/es\/\",\"name\":\"Sindm\u00f3veis-RS\",\"description\":\"\",\"potentialAction\":[{\"@type\":\"SearchAction\",\"target\":{\"@type\":\"EntryPoint\",\"urlTemplate\":\"https:\/\/www.sindmoveis.com.br\/es\/?s={search_term_string}\"},\"query-input\":{\"@type\":\"PropertyValueSpecification\",\"valueRequired\":true,\"valueName\":\"search_term_string\"}}],\"inLanguage\":\"es\"},{\"@type\":\"Person\",\"@id\":\"https:\/\/www.sindmoveis.com.br\/es\/#\/schema\/person\/16d379542db1950a17fe188179340d57\",\"name\":\"Imprensa Sindm\u00f3veis\",\"image\":{\"@type\":\"ImageObject\",\"inLanguage\":\"es\",\"@id\":\"https:\/\/www.sindmoveis.com.br\/es\/#\/schema\/person\/image\/\",\"url\":\"https:\/\/secure.gravatar.com\/avatar\/4973e2e2c2a0cb5db30b0c7b770041b8e33d048a16b695a1f99c042449d4bfaf?s=96&d=mm&r=g\",\"contentUrl\":\"https:\/\/secure.gravatar.com\/avatar\/4973e2e2c2a0cb5db30b0c7b770041b8e33d048a16b695a1f99c042449d4bfaf?s=96&d=mm&r=g\",\"caption\":\"Imprensa Sindm\u00f3veis\"},\"url\":\"https:\/\/www.sindmoveis.com.br\/es\/author\/ana\/\"}]}<\/script>\n<!-- \/ Yoast SEO plugin. -->","yoast_head_json":{"title":"Nuevas empresas adhieren al Proyecto Orchestra Brasil - Sindm\u00f3veis-RS","robots":{"index":"index","follow":"follow","max-snippet":"max-snippet:-1","max-image-preview":"max-image-preview:large","max-video-preview":"max-video-preview:-1"},"canonical":"https:\/\/www.sindmoveis.com.br\/es\/novas-empresas-aderem-ao-projeto-orchestra-brasil\/","og_locale":"es_ES","og_type":"article","og_title":"Nuevas empresas adhieren al Proyecto Orchestra Brasil - Sindm\u00f3veis-RS","og_description":"Proveedoras del sector dl mobiliario quieren aumentar \u00a0negocios \u00a0en el mercado externo\u00a0 \u00a0 Siete empresas productoras de insumos, accesorios y tecnolog\u00edas para el sector del mobiliario ingresaron en el Proyecto... Leia mais &raquo;","og_url":"https:\/\/www.sindmoveis.com.br\/es\/novas-empresas-aderem-ao-projeto-orchestra-brasil\/","og_site_name":"Sindm\u00f3veis-RS","article_published_time":"2012-07-19T03:00:00+00:00","article_modified_time":"2021-05-26T13:28:40+00:00","author":"Imprensa Sindm\u00f3veis","twitter_card":"summary_large_image","twitter_misc":{"Escrito por":"Imprensa Sindm\u00f3veis","Tiempo de lectura":"2 minutos"},"schema":{"@context":"https:\/\/schema.org","@graph":[{"@type":"Article","@id":"https:\/\/www.sindmoveis.com.br\/es\/novas-empresas-aderem-ao-projeto-orchestra-brasil\/#article","isPartOf":{"@id":"https:\/\/www.sindmoveis.com.br\/es\/novas-empresas-aderem-ao-projeto-orchestra-brasil\/"},"author":{"name":"Imprensa Sindm\u00f3veis","@id":"https:\/\/www.sindmoveis.com.br\/es\/#\/schema\/person\/16d379542db1950a17fe188179340d57"},"headline":"Nuevas empresas adhieren al Proyecto Orchestra Brasil","datePublished":"2012-07-19T03:00:00+00:00","dateModified":"2021-05-26T13:28:40+00:00","mainEntityOfPage":{"@id":"https:\/\/www.sindmoveis.com.br\/es\/novas-empresas-aderem-ao-projeto-orchestra-brasil\/"},"wordCount":391,"articleSection":["Proyecto Orchestra Brasil","Sindm\u00f3veis"],"inLanguage":"es"},{"@type":"WebPage","@id":"https:\/\/www.sindmoveis.com.br\/es\/novas-empresas-aderem-ao-projeto-orchestra-brasil\/","url":"https:\/\/www.sindmoveis.com.br\/es\/novas-empresas-aderem-ao-projeto-orchestra-brasil\/","name":"Nuevas empresas adhieren al Proyecto Orchestra Brasil - Sindm\u00f3veis-RS","isPartOf":{"@id":"https:\/\/www.sindmoveis.com.br\/es\/#website"},"datePublished":"2012-07-19T03:00:00+00:00","dateModified":"2021-05-26T13:28:40+00:00","author":{"@id":"https:\/\/www.sindmoveis.com.br\/es\/#\/schema\/person\/16d379542db1950a17fe188179340d57"},"inLanguage":"es","potentialAction":[{"@type":"ReadAction","target":["https:\/\/www.sindmoveis.com.br\/es\/novas-empresas-aderem-ao-projeto-orchestra-brasil\/"]}]},{"@type":"WebSite","@id":"https:\/\/www.sindmoveis.com.br\/es\/#website","url":"https:\/\/www.sindmoveis.com.br\/es\/","name":"Sindm\u00f3veis-RS","description":"","potentialAction":[{"@type":"SearchAction","target":{"@type":"EntryPoint","urlTemplate":"https:\/\/www.sindmoveis.com.br\/es\/?s={search_term_string}"},"query-input":{"@type":"PropertyValueSpecification","valueRequired":true,"valueName":"search_term_string"}}],"inLanguage":"es"},{"@type":"Person","@id":"https:\/\/www.sindmoveis.com.br\/es\/#\/schema\/person\/16d379542db1950a17fe188179340d57","name":"Imprensa Sindm\u00f3veis","image":{"@type":"ImageObject","inLanguage":"es","@id":"https:\/\/www.sindmoveis.com.br\/es\/#\/schema\/person\/image\/","url":"https:\/\/secure.gravatar.com\/avatar\/4973e2e2c2a0cb5db30b0c7b770041b8e33d048a16b695a1f99c042449d4bfaf?s=96&d=mm&r=g","contentUrl":"https:\/\/secure.gravatar.com\/avatar\/4973e2e2c2a0cb5db30b0c7b770041b8e33d048a16b695a1f99c042449d4bfaf?s=96&d=mm&r=g","caption":"Imprensa Sindm\u00f3veis"},"url":"https:\/\/www.sindmoveis.com.br\/es\/author\/ana\/"}]}},"_links":{"self":[{"href":"https:\/\/www.sindmoveis.com.br\/es\/wp-json\/wp\/v2\/posts\/922","targetHints":{"allow":["GET"]}}],"collection":[{"href":"https:\/\/www.sindmoveis.com.br\/es\/wp-json\/wp\/v2\/posts"}],"about":[{"href":"https:\/\/www.sindmoveis.com.br\/es\/wp-json\/wp\/v2\/types\/post"}],"author":[{"embeddable":true,"href":"https:\/\/www.sindmoveis.com.br\/es\/wp-json\/wp\/v2\/users\/5"}],"replies":[{"embeddable":true,"href":"https:\/\/www.sindmoveis.com.br\/es\/wp-json\/wp\/v2\/comments?post=922"}],"version-history":[{"count":2,"href":"https:\/\/www.sindmoveis.com.br\/es\/wp-json\/wp\/v2\/posts\/922\/revisions"}],"predecessor-version":[{"id":3223,"href":"https:\/\/www.sindmoveis.com.br\/es\/wp-json\/wp\/v2\/posts\/922\/revisions\/3223"}],"wp:attachment":[{"href":"https:\/\/www.sindmoveis.com.br\/es\/wp-json\/wp\/v2\/media?parent=922"}],"wp:term":[{"taxonomy":"category","embeddable":true,"href":"https:\/\/www.sindmoveis.com.br\/es\/wp-json\/wp\/v2\/categories?post=922"},{"taxonomy":"post_tag","embeddable":true,"href":"https:\/\/www.sindmoveis.com.br\/es\/wp-json\/wp\/v2\/tags?post=922"}],"curies":[{"name":"wp","href":"https:\/\/api.w.org\/{rel}","templated":true}]}}