{"id":921,"date":"2012-07-18T00:00:00","date_gmt":"2012-07-18T03:00:00","guid":{"rendered":"http:\/\/sindmoveis.com.br\/imprensa\/noticias\/grandes-do-setor-tem-presenca-garantida-na-casa-brasil-2013\/"},"modified":"2021-05-26T10:24:54","modified_gmt":"2021-05-26T13:24:54","slug":"grandes-do-setor-tem-presenca-garantida-na-casa-brasil-2013","status":"publish","type":"post","link":"https:\/\/www.sindmoveis.com.br\/es\/grandes-do-setor-tem-presenca-garantida-na-casa-brasil-2013\/","title":{"rendered":"Grandes del sector tienen presencia garantizada en Casa Brasil 2013"},"content":{"rendered":"<p>\u00a0<br \/>\nAunque falta m\u00e1s de un a\u00f1o, expositores ya est\u00e1n garantizando su espacio en Casa Brasil 2013 \u2013 mayor feria de dise\u00f1o y negocios de Am\u00e9rica Latina, que ocurre en agosto del pr\u00f3ximo a\u00f1o en Bento Gon\u00e7alves. Empresas como Bertolini, Tramontina, Cinex, Bartzen, Schuster y M\u00f3veis Carraro est\u00e1n con presencia confirmada en la pr\u00f3xima edici\u00f3n del evento.<br \/>\nRealizada por el Sindicato de las Industrias del Mobiliario de Bento Gon\u00e7alves \u2013 Sindm\u00f3veis, Casa Brasil se afirma como inspiradora de un movimiento por la valoraci\u00f3n del dise\u00f1o brasile\u00f1o. Al provocar la convergencia entre dise\u00f1adores, fabricantes y propietarios de tiendas en una exposici\u00f3n de productos contempor\u00e1neos de alto nivel, se consolida como referencia \u00fanica para el dise\u00f1o de muebles, accesorios, iluminaci\u00f3n y utilidades dom\u00e9sticas en Am\u00e9rica Latina.<br \/>\nLa feria se realiza a cada dos a\u00f1os en la ciudad de Bento Gon\u00e7alves y, en la tercera edici\u00f3n, en 2011, cont\u00f3 con la participaci\u00f3n de 180 expositores y 20.500 visitantes de 14 pa\u00edses, generando en un horizonte de 12 meses facturaci\u00f3n de R$ 200 millones en negocios.<br \/>\n\u00a0<\/p>\n","protected":false},"excerpt":{"rendered":"<p>\u00a0 Aunque falta m\u00e1s de un a\u00f1o, expositores ya est\u00e1n garantizando su espacio en Casa Brasil 2013 \u2013 mayor feria de dise\u00f1o y negocios de Am\u00e9rica Latina, que ocurre en&#8230;  <a class=\"excerpt-read-more\" href=\"https:\/\/www.sindmoveis.com.br\/es\/grandes-do-setor-tem-presenca-garantida-na-casa-brasil-2013\/\" title=\"Read Grandes del sector tienen presencia garantizada en Casa Brasil 2013\">Leia mais &raquo;<\/a><\/p>\n","protected":false},"author":5,"featured_media":0,"comment_status":"closed","ping_status":"open","sticky":false,"template":"","format":"standard","meta":{"footnotes":"","_links_to":"","_links_to_target":""},"categories":[2],"tags":[],"class_list":["post-921","post","type-post","status-publish","format-standard","hentry","category-sindmoveis"],"yoast_head":"<!-- This site is optimized with the Yoast SEO plugin v27.0 - https:\/\/yoast.com\/product\/yoast-seo-wordpress\/ -->\n<title>Grandes del sector tienen presencia garantizada en Casa Brasil 2013 - Sindm\u00f3veis-RS<\/title>\n<meta name=\"robots\" content=\"index, follow, max-snippet:-1, max-image-preview:large, max-video-preview:-1\" \/>\n<link rel=\"canonical\" href=\"https:\/\/www.sindmoveis.com.br\/es\/grandes-do-setor-tem-presenca-garantida-na-casa-brasil-2013\/\" \/>\n<meta property=\"og:locale\" content=\"es_ES\" \/>\n<meta property=\"og:type\" content=\"article\" \/>\n<meta property=\"og:title\" content=\"Grandes del sector tienen presencia garantizada en Casa Brasil 2013 - Sindm\u00f3veis-RS\" \/>\n<meta property=\"og:description\" content=\"\u00a0 Aunque falta m\u00e1s de un a\u00f1o, expositores ya est\u00e1n garantizando su espacio en Casa Brasil 2013 \u2013 mayor feria de dise\u00f1o y negocios de Am\u00e9rica Latina, que ocurre en... Leia mais &raquo;\" \/>\n<meta property=\"og:url\" content=\"https:\/\/www.sindmoveis.com.br\/es\/grandes-do-setor-tem-presenca-garantida-na-casa-brasil-2013\/\" \/>\n<meta property=\"og:site_name\" content=\"Sindm\u00f3veis-RS\" \/>\n<meta property=\"article:published_time\" content=\"2012-07-18T03:00:00+00:00\" \/>\n<meta property=\"article:modified_time\" content=\"2021-05-26T13:24:54+00:00\" \/>\n<meta name=\"author\" content=\"Imprensa Sindm\u00f3veis\" \/>\n<meta name=\"twitter:card\" content=\"summary_large_image\" \/>\n<meta name=\"twitter:label1\" content=\"Escrito por\" \/>\n\t<meta name=\"twitter:data1\" content=\"Imprensa Sindm\u00f3veis\" \/>\n\t<meta name=\"twitter:label2\" content=\"Tiempo de lectura\" \/>\n\t<meta name=\"twitter:data2\" content=\"1 minuto\" \/>\n<script type=\"application\/ld+json\" class=\"yoast-schema-graph\">{\"@context\":\"https:\/\/schema.org\",\"@graph\":[{\"@type\":\"Article\",\"@id\":\"https:\/\/www.sindmoveis.com.br\/es\/grandes-do-setor-tem-presenca-garantida-na-casa-brasil-2013\/#article\",\"isPartOf\":{\"@id\":\"https:\/\/www.sindmoveis.com.br\/es\/grandes-do-setor-tem-presenca-garantida-na-casa-brasil-2013\/\"},\"author\":{\"name\":\"Imprensa Sindm\u00f3veis\",\"@id\":\"https:\/\/www.sindmoveis.com.br\/es\/#\/schema\/person\/16d379542db1950a17fe188179340d57\"},\"headline\":\"Grandes del sector tienen presencia garantizada en Casa Brasil 2013\",\"datePublished\":\"2012-07-18T03:00:00+00:00\",\"dateModified\":\"2021-05-26T13:24:54+00:00\",\"mainEntityOfPage\":{\"@id\":\"https:\/\/www.sindmoveis.com.br\/es\/grandes-do-setor-tem-presenca-garantida-na-casa-brasil-2013\/\"},\"wordCount\":201,\"articleSection\":[\"Sindm\u00f3veis\"],\"inLanguage\":\"es\"},{\"@type\":\"WebPage\",\"@id\":\"https:\/\/www.sindmoveis.com.br\/es\/grandes-do-setor-tem-presenca-garantida-na-casa-brasil-2013\/\",\"url\":\"https:\/\/www.sindmoveis.com.br\/es\/grandes-do-setor-tem-presenca-garantida-na-casa-brasil-2013\/\",\"name\":\"Grandes del sector tienen presencia garantizada en Casa Brasil 2013 - Sindm\u00f3veis-RS\",\"isPartOf\":{\"@id\":\"https:\/\/www.sindmoveis.com.br\/es\/#website\"},\"datePublished\":\"2012-07-18T03:00:00+00:00\",\"dateModified\":\"2021-05-26T13:24:54+00:00\",\"author\":{\"@id\":\"https:\/\/www.sindmoveis.com.br\/es\/#\/schema\/person\/16d379542db1950a17fe188179340d57\"},\"inLanguage\":\"es\",\"potentialAction\":[{\"@type\":\"ReadAction\",\"target\":[\"https:\/\/www.sindmoveis.com.br\/es\/grandes-do-setor-tem-presenca-garantida-na-casa-brasil-2013\/\"]}]},{\"@type\":\"WebSite\",\"@id\":\"https:\/\/www.sindmoveis.com.br\/es\/#website\",\"url\":\"https:\/\/www.sindmoveis.com.br\/es\/\",\"name\":\"Sindm\u00f3veis-RS\",\"description\":\"\",\"potentialAction\":[{\"@type\":\"SearchAction\",\"target\":{\"@type\":\"EntryPoint\",\"urlTemplate\":\"https:\/\/www.sindmoveis.com.br\/es\/?s={search_term_string}\"},\"query-input\":{\"@type\":\"PropertyValueSpecification\",\"valueRequired\":true,\"valueName\":\"search_term_string\"}}],\"inLanguage\":\"es\"},{\"@type\":\"Person\",\"@id\":\"https:\/\/www.sindmoveis.com.br\/es\/#\/schema\/person\/16d379542db1950a17fe188179340d57\",\"name\":\"Imprensa Sindm\u00f3veis\",\"image\":{\"@type\":\"ImageObject\",\"inLanguage\":\"es\",\"@id\":\"https:\/\/www.sindmoveis.com.br\/es\/#\/schema\/person\/image\/\",\"url\":\"https:\/\/secure.gravatar.com\/avatar\/4973e2e2c2a0cb5db30b0c7b770041b8e33d048a16b695a1f99c042449d4bfaf?s=96&d=mm&r=g\",\"contentUrl\":\"https:\/\/secure.gravatar.com\/avatar\/4973e2e2c2a0cb5db30b0c7b770041b8e33d048a16b695a1f99c042449d4bfaf?s=96&d=mm&r=g\",\"caption\":\"Imprensa Sindm\u00f3veis\"},\"url\":\"https:\/\/www.sindmoveis.com.br\/es\/author\/ana\/\"}]}<\/script>\n<!-- \/ Yoast SEO plugin. -->","yoast_head_json":{"title":"Grandes del sector tienen presencia garantizada en Casa Brasil 2013 - Sindm\u00f3veis-RS","robots":{"index":"index","follow":"follow","max-snippet":"max-snippet:-1","max-image-preview":"max-image-preview:large","max-video-preview":"max-video-preview:-1"},"canonical":"https:\/\/www.sindmoveis.com.br\/es\/grandes-do-setor-tem-presenca-garantida-na-casa-brasil-2013\/","og_locale":"es_ES","og_type":"article","og_title":"Grandes del sector tienen presencia garantizada en Casa Brasil 2013 - Sindm\u00f3veis-RS","og_description":"\u00a0 Aunque falta m\u00e1s de un a\u00f1o, expositores ya est\u00e1n garantizando su espacio en Casa Brasil 2013 \u2013 mayor feria de dise\u00f1o y negocios de Am\u00e9rica Latina, que ocurre en... Leia mais &raquo;","og_url":"https:\/\/www.sindmoveis.com.br\/es\/grandes-do-setor-tem-presenca-garantida-na-casa-brasil-2013\/","og_site_name":"Sindm\u00f3veis-RS","article_published_time":"2012-07-18T03:00:00+00:00","article_modified_time":"2021-05-26T13:24:54+00:00","author":"Imprensa Sindm\u00f3veis","twitter_card":"summary_large_image","twitter_misc":{"Escrito por":"Imprensa Sindm\u00f3veis","Tiempo de lectura":"1 minuto"},"schema":{"@context":"https:\/\/schema.org","@graph":[{"@type":"Article","@id":"https:\/\/www.sindmoveis.com.br\/es\/grandes-do-setor-tem-presenca-garantida-na-casa-brasil-2013\/#article","isPartOf":{"@id":"https:\/\/www.sindmoveis.com.br\/es\/grandes-do-setor-tem-presenca-garantida-na-casa-brasil-2013\/"},"author":{"name":"Imprensa Sindm\u00f3veis","@id":"https:\/\/www.sindmoveis.com.br\/es\/#\/schema\/person\/16d379542db1950a17fe188179340d57"},"headline":"Grandes del sector tienen presencia garantizada en Casa Brasil 2013","datePublished":"2012-07-18T03:00:00+00:00","dateModified":"2021-05-26T13:24:54+00:00","mainEntityOfPage":{"@id":"https:\/\/www.sindmoveis.com.br\/es\/grandes-do-setor-tem-presenca-garantida-na-casa-brasil-2013\/"},"wordCount":201,"articleSection":["Sindm\u00f3veis"],"inLanguage":"es"},{"@type":"WebPage","@id":"https:\/\/www.sindmoveis.com.br\/es\/grandes-do-setor-tem-presenca-garantida-na-casa-brasil-2013\/","url":"https:\/\/www.sindmoveis.com.br\/es\/grandes-do-setor-tem-presenca-garantida-na-casa-brasil-2013\/","name":"Grandes del sector tienen presencia garantizada en Casa Brasil 2013 - Sindm\u00f3veis-RS","isPartOf":{"@id":"https:\/\/www.sindmoveis.com.br\/es\/#website"},"datePublished":"2012-07-18T03:00:00+00:00","dateModified":"2021-05-26T13:24:54+00:00","author":{"@id":"https:\/\/www.sindmoveis.com.br\/es\/#\/schema\/person\/16d379542db1950a17fe188179340d57"},"inLanguage":"es","potentialAction":[{"@type":"ReadAction","target":["https:\/\/www.sindmoveis.com.br\/es\/grandes-do-setor-tem-presenca-garantida-na-casa-brasil-2013\/"]}]},{"@type":"WebSite","@id":"https:\/\/www.sindmoveis.com.br\/es\/#website","url":"https:\/\/www.sindmoveis.com.br\/es\/","name":"Sindm\u00f3veis-RS","description":"","potentialAction":[{"@type":"SearchAction","target":{"@type":"EntryPoint","urlTemplate":"https:\/\/www.sindmoveis.com.br\/es\/?s={search_term_string}"},"query-input":{"@type":"PropertyValueSpecification","valueRequired":true,"valueName":"search_term_string"}}],"inLanguage":"es"},{"@type":"Person","@id":"https:\/\/www.sindmoveis.com.br\/es\/#\/schema\/person\/16d379542db1950a17fe188179340d57","name":"Imprensa Sindm\u00f3veis","image":{"@type":"ImageObject","inLanguage":"es","@id":"https:\/\/www.sindmoveis.com.br\/es\/#\/schema\/person\/image\/","url":"https:\/\/secure.gravatar.com\/avatar\/4973e2e2c2a0cb5db30b0c7b770041b8e33d048a16b695a1f99c042449d4bfaf?s=96&d=mm&r=g","contentUrl":"https:\/\/secure.gravatar.com\/avatar\/4973e2e2c2a0cb5db30b0c7b770041b8e33d048a16b695a1f99c042449d4bfaf?s=96&d=mm&r=g","caption":"Imprensa Sindm\u00f3veis"},"url":"https:\/\/www.sindmoveis.com.br\/es\/author\/ana\/"}]}},"_links":{"self":[{"href":"https:\/\/www.sindmoveis.com.br\/es\/wp-json\/wp\/v2\/posts\/921","targetHints":{"allow":["GET"]}}],"collection":[{"href":"https:\/\/www.sindmoveis.com.br\/es\/wp-json\/wp\/v2\/posts"}],"about":[{"href":"https:\/\/www.sindmoveis.com.br\/es\/wp-json\/wp\/v2\/types\/post"}],"author":[{"embeddable":true,"href":"https:\/\/www.sindmoveis.com.br\/es\/wp-json\/wp\/v2\/users\/5"}],"replies":[{"embeddable":true,"href":"https:\/\/www.sindmoveis.com.br\/es\/wp-json\/wp\/v2\/comments?post=921"}],"version-history":[{"count":2,"href":"https:\/\/www.sindmoveis.com.br\/es\/wp-json\/wp\/v2\/posts\/921\/revisions"}],"predecessor-version":[{"id":3222,"href":"https:\/\/www.sindmoveis.com.br\/es\/wp-json\/wp\/v2\/posts\/921\/revisions\/3222"}],"wp:attachment":[{"href":"https:\/\/www.sindmoveis.com.br\/es\/wp-json\/wp\/v2\/media?parent=921"}],"wp:term":[{"taxonomy":"category","embeddable":true,"href":"https:\/\/www.sindmoveis.com.br\/es\/wp-json\/wp\/v2\/categories?post=921"},{"taxonomy":"post_tag","embeddable":true,"href":"https:\/\/www.sindmoveis.com.br\/es\/wp-json\/wp\/v2\/tags?post=921"}],"curies":[{"name":"wp","href":"https:\/\/api.w.org\/{rel}","templated":true}]}}