{"id":919,"date":"2012-07-12T00:00:00","date_gmt":"2012-07-12T03:00:00","guid":{"rendered":"http:\/\/sindmoveis.com.br\/imprensa\/noticias\/exportacoes-de-moveleiros-de-bento-goncalves-tem-melhor-mes-desde-outubro-de-2008\/"},"modified":"2021-05-26T10:30:06","modified_gmt":"2021-05-26T13:30:06","slug":"exportacoes-de-moveleiros-de-bento-goncalves-tem-melhor-mes-desde-outubro-de-2008","status":"publish","type":"post","link":"https:\/\/www.sindmoveis.com.br\/es\/exportacoes-de-moveleiros-de-bento-goncalves-tem-melhor-mes-desde-outubro-de-2008\/","title":{"rendered":"Exportaciones de fabricantes de muebles de Bento Gon\u00e7alves tienen mejor mes desde octubre de 2008"},"content":{"rendered":"<p>\u00a0<br \/>\nMes de junio present\u00f3 crecimiento de 28,2% en las exportaciones con relaci\u00f3n al mismo per\u00edodo del a\u00f1o pasado<br \/>\nEl polo del mobiliario de Bento Gon\u00e7alves registr\u00f3 en el mes de junio un acrecentamiento de 28,2% en las exportaciones con relaci\u00f3n al mismo per\u00edodo de 2011. El valor fue de U$ 6,7 millones, mejor resultado desde octubre de 2008, cuando tuvo inicio la crisis econ\u00f3mica mundial. En el semestre, el aumento verificado fue de 6,6% frente al mismo per\u00edodo del a\u00f1o pasado. El valor exportado lleg\u00f3 a U$ 28,8 millones. Los principales destinos fueron los pa\u00edses de Am\u00e9rica Latina y del continente africano. Los n\u00fameros alcanzados por las industrias de Bento Gon\u00e7alves van en una direcci\u00f3n positiva, diferente de lo ocurrido con las industrias del mobiliario de R\u00edo Grande do Sul y de Brasil como un todo, que tuvieron, respectivamente, descensos de 0,6% y 7,9% en las exportaciones con relaci\u00f3n al primer semestre de 2011.<br \/>\n\u00a0<\/p>\n","protected":false},"excerpt":{"rendered":"<p>\u00a0 Mes de junio present\u00f3 crecimiento de 28,2% en las exportaciones con relaci\u00f3n al mismo per\u00edodo del a\u00f1o pasado El polo del mobiliario de Bento Gon\u00e7alves registr\u00f3 en el mes&#8230;  <a class=\"excerpt-read-more\" href=\"https:\/\/www.sindmoveis.com.br\/es\/exportacoes-de-moveleiros-de-bento-goncalves-tem-melhor-mes-desde-outubro-de-2008\/\" title=\"Read Exportaciones de fabricantes de muebles de Bento Gon\u00e7alves tienen mejor mes desde octubre de 2008\">Leia mais &raquo;<\/a><\/p>\n","protected":false},"author":5,"featured_media":0,"comment_status":"closed","ping_status":"open","sticky":false,"template":"","format":"standard","meta":{"footnotes":"","_links_to":"","_links_to_target":""},"categories":[11,2],"tags":[],"class_list":["post-919","post","type-post","status-publish","format-standard","hentry","category-exportaciones","category-sindmoveis"],"yoast_head":"<!-- This site is optimized with the Yoast SEO plugin v27.0 - https:\/\/yoast.com\/product\/yoast-seo-wordpress\/ -->\n<title>Exportaciones de fabricantes de muebles de Bento Gon\u00e7alves tienen mejor mes desde octubre de 2008 - Sindm\u00f3veis-RS<\/title>\n<meta name=\"robots\" content=\"index, follow, max-snippet:-1, max-image-preview:large, max-video-preview:-1\" \/>\n<link rel=\"canonical\" href=\"https:\/\/www.sindmoveis.com.br\/es\/exportacoes-de-moveleiros-de-bento-goncalves-tem-melhor-mes-desde-outubro-de-2008\/\" \/>\n<meta property=\"og:locale\" content=\"es_ES\" \/>\n<meta property=\"og:type\" content=\"article\" \/>\n<meta property=\"og:title\" content=\"Exportaciones de fabricantes de muebles de Bento Gon\u00e7alves tienen mejor mes desde octubre de 2008 - Sindm\u00f3veis-RS\" \/>\n<meta property=\"og:description\" content=\"\u00a0 Mes de junio present\u00f3 crecimiento de 28,2% en las exportaciones con relaci\u00f3n al mismo per\u00edodo del a\u00f1o pasado El polo del mobiliario de Bento Gon\u00e7alves registr\u00f3 en el mes... Leia mais &raquo;\" \/>\n<meta property=\"og:url\" content=\"https:\/\/www.sindmoveis.com.br\/es\/exportacoes-de-moveleiros-de-bento-goncalves-tem-melhor-mes-desde-outubro-de-2008\/\" \/>\n<meta property=\"og:site_name\" content=\"Sindm\u00f3veis-RS\" \/>\n<meta property=\"article:published_time\" content=\"2012-07-12T03:00:00+00:00\" \/>\n<meta property=\"article:modified_time\" content=\"2021-05-26T13:30:06+00:00\" \/>\n<meta name=\"author\" content=\"Imprensa Sindm\u00f3veis\" \/>\n<meta name=\"twitter:card\" content=\"summary_large_image\" \/>\n<meta name=\"twitter:label1\" content=\"Escrito por\" \/>\n\t<meta name=\"twitter:data1\" content=\"Imprensa Sindm\u00f3veis\" \/>\n\t<meta name=\"twitter:label2\" content=\"Tiempo de lectura\" \/>\n\t<meta name=\"twitter:data2\" content=\"1 minuto\" \/>\n<script type=\"application\/ld+json\" class=\"yoast-schema-graph\">{\"@context\":\"https:\/\/schema.org\",\"@graph\":[{\"@type\":\"Article\",\"@id\":\"https:\/\/www.sindmoveis.com.br\/es\/exportacoes-de-moveleiros-de-bento-goncalves-tem-melhor-mes-desde-outubro-de-2008\/#article\",\"isPartOf\":{\"@id\":\"https:\/\/www.sindmoveis.com.br\/es\/exportacoes-de-moveleiros-de-bento-goncalves-tem-melhor-mes-desde-outubro-de-2008\/\"},\"author\":{\"name\":\"Imprensa Sindm\u00f3veis\",\"@id\":\"https:\/\/www.sindmoveis.com.br\/es\/#\/schema\/person\/16d379542db1950a17fe188179340d57\"},\"headline\":\"Exportaciones de fabricantes de muebles de Bento Gon\u00e7alves tienen mejor mes desde octubre de 2008\",\"datePublished\":\"2012-07-12T03:00:00+00:00\",\"dateModified\":\"2021-05-26T13:30:06+00:00\",\"mainEntityOfPage\":{\"@id\":\"https:\/\/www.sindmoveis.com.br\/es\/exportacoes-de-moveleiros-de-bento-goncalves-tem-melhor-mes-desde-outubro-de-2008\/\"},\"wordCount\":175,\"articleSection\":[\"Exportaciones\",\"Sindm\u00f3veis\"],\"inLanguage\":\"es\"},{\"@type\":\"WebPage\",\"@id\":\"https:\/\/www.sindmoveis.com.br\/es\/exportacoes-de-moveleiros-de-bento-goncalves-tem-melhor-mes-desde-outubro-de-2008\/\",\"url\":\"https:\/\/www.sindmoveis.com.br\/es\/exportacoes-de-moveleiros-de-bento-goncalves-tem-melhor-mes-desde-outubro-de-2008\/\",\"name\":\"Exportaciones de fabricantes de muebles de Bento Gon\u00e7alves tienen mejor mes desde octubre de 2008 - Sindm\u00f3veis-RS\",\"isPartOf\":{\"@id\":\"https:\/\/www.sindmoveis.com.br\/es\/#website\"},\"datePublished\":\"2012-07-12T03:00:00+00:00\",\"dateModified\":\"2021-05-26T13:30:06+00:00\",\"author\":{\"@id\":\"https:\/\/www.sindmoveis.com.br\/es\/#\/schema\/person\/16d379542db1950a17fe188179340d57\"},\"inLanguage\":\"es\",\"potentialAction\":[{\"@type\":\"ReadAction\",\"target\":[\"https:\/\/www.sindmoveis.com.br\/es\/exportacoes-de-moveleiros-de-bento-goncalves-tem-melhor-mes-desde-outubro-de-2008\/\"]}]},{\"@type\":\"WebSite\",\"@id\":\"https:\/\/www.sindmoveis.com.br\/es\/#website\",\"url\":\"https:\/\/www.sindmoveis.com.br\/es\/\",\"name\":\"Sindm\u00f3veis-RS\",\"description\":\"\",\"potentialAction\":[{\"@type\":\"SearchAction\",\"target\":{\"@type\":\"EntryPoint\",\"urlTemplate\":\"https:\/\/www.sindmoveis.com.br\/es\/?s={search_term_string}\"},\"query-input\":{\"@type\":\"PropertyValueSpecification\",\"valueRequired\":true,\"valueName\":\"search_term_string\"}}],\"inLanguage\":\"es\"},{\"@type\":\"Person\",\"@id\":\"https:\/\/www.sindmoveis.com.br\/es\/#\/schema\/person\/16d379542db1950a17fe188179340d57\",\"name\":\"Imprensa Sindm\u00f3veis\",\"image\":{\"@type\":\"ImageObject\",\"inLanguage\":\"es\",\"@id\":\"https:\/\/www.sindmoveis.com.br\/es\/#\/schema\/person\/image\/\",\"url\":\"https:\/\/secure.gravatar.com\/avatar\/4973e2e2c2a0cb5db30b0c7b770041b8e33d048a16b695a1f99c042449d4bfaf?s=96&d=mm&r=g\",\"contentUrl\":\"https:\/\/secure.gravatar.com\/avatar\/4973e2e2c2a0cb5db30b0c7b770041b8e33d048a16b695a1f99c042449d4bfaf?s=96&d=mm&r=g\",\"caption\":\"Imprensa Sindm\u00f3veis\"},\"url\":\"https:\/\/www.sindmoveis.com.br\/es\/author\/ana\/\"}]}<\/script>\n<!-- \/ Yoast SEO plugin. -->","yoast_head_json":{"title":"Exportaciones de fabricantes de muebles de Bento Gon\u00e7alves tienen mejor mes desde octubre de 2008 - Sindm\u00f3veis-RS","robots":{"index":"index","follow":"follow","max-snippet":"max-snippet:-1","max-image-preview":"max-image-preview:large","max-video-preview":"max-video-preview:-1"},"canonical":"https:\/\/www.sindmoveis.com.br\/es\/exportacoes-de-moveleiros-de-bento-goncalves-tem-melhor-mes-desde-outubro-de-2008\/","og_locale":"es_ES","og_type":"article","og_title":"Exportaciones de fabricantes de muebles de Bento Gon\u00e7alves tienen mejor mes desde octubre de 2008 - Sindm\u00f3veis-RS","og_description":"\u00a0 Mes de junio present\u00f3 crecimiento de 28,2% en las exportaciones con relaci\u00f3n al mismo per\u00edodo del a\u00f1o pasado El polo del mobiliario de Bento Gon\u00e7alves registr\u00f3 en el mes... Leia mais &raquo;","og_url":"https:\/\/www.sindmoveis.com.br\/es\/exportacoes-de-moveleiros-de-bento-goncalves-tem-melhor-mes-desde-outubro-de-2008\/","og_site_name":"Sindm\u00f3veis-RS","article_published_time":"2012-07-12T03:00:00+00:00","article_modified_time":"2021-05-26T13:30:06+00:00","author":"Imprensa Sindm\u00f3veis","twitter_card":"summary_large_image","twitter_misc":{"Escrito por":"Imprensa Sindm\u00f3veis","Tiempo de lectura":"1 minuto"},"schema":{"@context":"https:\/\/schema.org","@graph":[{"@type":"Article","@id":"https:\/\/www.sindmoveis.com.br\/es\/exportacoes-de-moveleiros-de-bento-goncalves-tem-melhor-mes-desde-outubro-de-2008\/#article","isPartOf":{"@id":"https:\/\/www.sindmoveis.com.br\/es\/exportacoes-de-moveleiros-de-bento-goncalves-tem-melhor-mes-desde-outubro-de-2008\/"},"author":{"name":"Imprensa Sindm\u00f3veis","@id":"https:\/\/www.sindmoveis.com.br\/es\/#\/schema\/person\/16d379542db1950a17fe188179340d57"},"headline":"Exportaciones de fabricantes de muebles de Bento Gon\u00e7alves tienen mejor mes desde octubre de 2008","datePublished":"2012-07-12T03:00:00+00:00","dateModified":"2021-05-26T13:30:06+00:00","mainEntityOfPage":{"@id":"https:\/\/www.sindmoveis.com.br\/es\/exportacoes-de-moveleiros-de-bento-goncalves-tem-melhor-mes-desde-outubro-de-2008\/"},"wordCount":175,"articleSection":["Exportaciones","Sindm\u00f3veis"],"inLanguage":"es"},{"@type":"WebPage","@id":"https:\/\/www.sindmoveis.com.br\/es\/exportacoes-de-moveleiros-de-bento-goncalves-tem-melhor-mes-desde-outubro-de-2008\/","url":"https:\/\/www.sindmoveis.com.br\/es\/exportacoes-de-moveleiros-de-bento-goncalves-tem-melhor-mes-desde-outubro-de-2008\/","name":"Exportaciones de fabricantes de muebles de Bento Gon\u00e7alves tienen mejor mes desde octubre de 2008 - Sindm\u00f3veis-RS","isPartOf":{"@id":"https:\/\/www.sindmoveis.com.br\/es\/#website"},"datePublished":"2012-07-12T03:00:00+00:00","dateModified":"2021-05-26T13:30:06+00:00","author":{"@id":"https:\/\/www.sindmoveis.com.br\/es\/#\/schema\/person\/16d379542db1950a17fe188179340d57"},"inLanguage":"es","potentialAction":[{"@type":"ReadAction","target":["https:\/\/www.sindmoveis.com.br\/es\/exportacoes-de-moveleiros-de-bento-goncalves-tem-melhor-mes-desde-outubro-de-2008\/"]}]},{"@type":"WebSite","@id":"https:\/\/www.sindmoveis.com.br\/es\/#website","url":"https:\/\/www.sindmoveis.com.br\/es\/","name":"Sindm\u00f3veis-RS","description":"","potentialAction":[{"@type":"SearchAction","target":{"@type":"EntryPoint","urlTemplate":"https:\/\/www.sindmoveis.com.br\/es\/?s={search_term_string}"},"query-input":{"@type":"PropertyValueSpecification","valueRequired":true,"valueName":"search_term_string"}}],"inLanguage":"es"},{"@type":"Person","@id":"https:\/\/www.sindmoveis.com.br\/es\/#\/schema\/person\/16d379542db1950a17fe188179340d57","name":"Imprensa Sindm\u00f3veis","image":{"@type":"ImageObject","inLanguage":"es","@id":"https:\/\/www.sindmoveis.com.br\/es\/#\/schema\/person\/image\/","url":"https:\/\/secure.gravatar.com\/avatar\/4973e2e2c2a0cb5db30b0c7b770041b8e33d048a16b695a1f99c042449d4bfaf?s=96&d=mm&r=g","contentUrl":"https:\/\/secure.gravatar.com\/avatar\/4973e2e2c2a0cb5db30b0c7b770041b8e33d048a16b695a1f99c042449d4bfaf?s=96&d=mm&r=g","caption":"Imprensa Sindm\u00f3veis"},"url":"https:\/\/www.sindmoveis.com.br\/es\/author\/ana\/"}]}},"_links":{"self":[{"href":"https:\/\/www.sindmoveis.com.br\/es\/wp-json\/wp\/v2\/posts\/919","targetHints":{"allow":["GET"]}}],"collection":[{"href":"https:\/\/www.sindmoveis.com.br\/es\/wp-json\/wp\/v2\/posts"}],"about":[{"href":"https:\/\/www.sindmoveis.com.br\/es\/wp-json\/wp\/v2\/types\/post"}],"author":[{"embeddable":true,"href":"https:\/\/www.sindmoveis.com.br\/es\/wp-json\/wp\/v2\/users\/5"}],"replies":[{"embeddable":true,"href":"https:\/\/www.sindmoveis.com.br\/es\/wp-json\/wp\/v2\/comments?post=919"}],"version-history":[{"count":2,"href":"https:\/\/www.sindmoveis.com.br\/es\/wp-json\/wp\/v2\/posts\/919\/revisions"}],"predecessor-version":[{"id":3221,"href":"https:\/\/www.sindmoveis.com.br\/es\/wp-json\/wp\/v2\/posts\/919\/revisions\/3221"}],"wp:attachment":[{"href":"https:\/\/www.sindmoveis.com.br\/es\/wp-json\/wp\/v2\/media?parent=919"}],"wp:term":[{"taxonomy":"category","embeddable":true,"href":"https:\/\/www.sindmoveis.com.br\/es\/wp-json\/wp\/v2\/categories?post=919"},{"taxonomy":"post_tag","embeddable":true,"href":"https:\/\/www.sindmoveis.com.br\/es\/wp-json\/wp\/v2\/tags?post=919"}],"curies":[{"name":"wp","href":"https:\/\/api.w.org\/{rel}","templated":true}]}}