{"id":918,"date":"2012-07-12T00:00:00","date_gmt":"2012-07-12T03:00:00","guid":{"rendered":"http:\/\/sindmoveis.com.br\/imprensa\/noticias\/sindmoveis-coordena-projeto-comprador-na-formobile\/"},"modified":"2021-05-26T10:24:54","modified_gmt":"2021-05-26T13:24:54","slug":"sindmoveis-coordena-projeto-comprador-na-formobile","status":"publish","type":"post","link":"https:\/\/www.sindmoveis.com.br\/es\/sindmoveis-coordena-projeto-comprador-na-formobile\/","title":{"rendered":"Sindm\u00f3veis coordina Proyecto Comprador en ForM\u00f3bile"},"content":{"rendered":"<p>\u00a0<br \/>\nEn la segunda edici\u00f3n, rondas de negocios ser\u00e1n conducidas por el equipo del Proyecto Orchestra Brasil<br \/>\nCon coordinaci\u00f3n del Proyecto Orchestra Brasil, del Sindicato de las Industrias del Mobiliario de Bento Gon\u00e7alves \u2013 Sindm\u00f3veis, 15 invitados de pa\u00edses de Am\u00e9rica Latina tendr\u00e1n la oportunidad de negociar con las principales empresas brasile\u00f1as fabricantes de m\u00e1quinas, materias primas, herrajes y accesorios para el sector del mobiliario en la 5\u00aa Feria Internacional de Proveedores de la Industria de Madera y Muebles (ForM\u00f3bile). El Proyecto Comprador de ForM\u00f3bile llega a su segunda edici\u00f3n con expectativa de alcanzar US$ 5 millones en negocios generados.<br \/>\nLas rondas entre los importadores y las empresas inscritas ocurrir\u00e1n los d\u00edas 25 y 26 de julio, en el stand del Proyecto Orchestra Brasil (Calle O). Participar\u00e1n compradores de pa\u00edses como Per\u00fa, Colombia, Venezuela, Uruguay, Paraguay, Argentina, Rep\u00fablica Dominicana y Bolivia, adem\u00e1s de dos periodistas internacionales procedentes de M\u00e9xico y Colombia, \u00a0quienes vienen como invitados del Proyecto Orchestra Brasil. Ser\u00e1n aproximadamente 100 reuniones con duraci\u00f3n de 20 minutos cada entre importadores y 20 empresas de segmentos variados, como productos qu\u00edmicos, acabados, accesorios y tecnolog\u00eda. El equipo de Sindm\u00f3veis acompa\u00f1ar\u00e1 las negociaciones, garantizando el mejor aprovechamiento del tiempo disponible.<br \/>\nEl Proyeto Orchestra Brasil \u2013 una asociaci\u00f3n entre el Sindicato de las Industrias del Mobiliario de Bento Gon\u00e7alves \u2013 Sindm\u00f3veis y la Agencia de Promoci\u00f3n de Exportaciones e Inversiones \u2013 Apex-Brasil, data de 2003 y promueve la inserci\u00f3n competitiva de proveedoras del sector del mobiliario en el mercado internacional, de forma sostenible. Adem\u00e1s de ForM\u00f3bile, de 24 a 27 de julio, en 2012 el proyecto tendr\u00e1 participaci\u00f3n en las ferias Tecnomueble (Guadalajara), IWF (Atlanta), Expo Ferretera (Guadalajara), Intermob Istambul, Fenazfor Per\u00fa (Lima), Roadshow Mercosul, Design Miami y en el Centro9 de Negocios de Apex-Brasil en Miami.<br \/>\n\u00a0<br \/>\n\u00a0<\/p>\n","protected":false},"excerpt":{"rendered":"<p>\u00a0 En la segunda edici\u00f3n, rondas de negocios ser\u00e1n conducidas por el equipo del Proyecto Orchestra Brasil Con coordinaci\u00f3n del Proyecto Orchestra Brasil, del Sindicato de las Industrias del Mobiliario&#8230;  <a class=\"excerpt-read-more\" href=\"https:\/\/www.sindmoveis.com.br\/es\/sindmoveis-coordena-projeto-comprador-na-formobile\/\" title=\"Read Sindm\u00f3veis coordina Proyecto Comprador en ForM\u00f3bile\">Leia mais &raquo;<\/a><\/p>\n","protected":false},"author":5,"featured_media":0,"comment_status":"closed","ping_status":"open","sticky":false,"template":"","format":"standard","meta":{"footnotes":"","_links_to":"","_links_to_target":""},"categories":[2],"tags":[],"class_list":["post-918","post","type-post","status-publish","format-standard","hentry","category-sindmoveis"],"yoast_head":"<!-- This site is optimized with the Yoast SEO plugin v27.0 - https:\/\/yoast.com\/product\/yoast-seo-wordpress\/ -->\n<title>Sindm\u00f3veis coordina Proyecto Comprador en ForM\u00f3bile - Sindm\u00f3veis-RS<\/title>\n<meta name=\"robots\" content=\"index, follow, max-snippet:-1, max-image-preview:large, max-video-preview:-1\" \/>\n<link rel=\"canonical\" href=\"https:\/\/www.sindmoveis.com.br\/es\/sindmoveis-coordena-projeto-comprador-na-formobile\/\" \/>\n<meta property=\"og:locale\" content=\"es_ES\" \/>\n<meta property=\"og:type\" content=\"article\" \/>\n<meta property=\"og:title\" content=\"Sindm\u00f3veis coordina Proyecto Comprador en ForM\u00f3bile - Sindm\u00f3veis-RS\" \/>\n<meta property=\"og:description\" content=\"\u00a0 En la segunda edici\u00f3n, rondas de negocios ser\u00e1n conducidas por el equipo del Proyecto Orchestra Brasil Con coordinaci\u00f3n del Proyecto Orchestra Brasil, del Sindicato de las Industrias del Mobiliario... Leia mais &raquo;\" \/>\n<meta property=\"og:url\" content=\"https:\/\/www.sindmoveis.com.br\/es\/sindmoveis-coordena-projeto-comprador-na-formobile\/\" \/>\n<meta property=\"og:site_name\" content=\"Sindm\u00f3veis-RS\" \/>\n<meta property=\"article:published_time\" content=\"2012-07-12T03:00:00+00:00\" \/>\n<meta property=\"article:modified_time\" content=\"2021-05-26T13:24:54+00:00\" \/>\n<meta name=\"author\" content=\"Imprensa Sindm\u00f3veis\" \/>\n<meta name=\"twitter:card\" content=\"summary_large_image\" \/>\n<meta name=\"twitter:label1\" content=\"Escrito por\" \/>\n\t<meta name=\"twitter:data1\" content=\"Imprensa Sindm\u00f3veis\" \/>\n\t<meta name=\"twitter:label2\" content=\"Tiempo de lectura\" \/>\n\t<meta name=\"twitter:data2\" content=\"2 minutos\" \/>\n<script type=\"application\/ld+json\" class=\"yoast-schema-graph\">{\"@context\":\"https:\/\/schema.org\",\"@graph\":[{\"@type\":\"Article\",\"@id\":\"https:\/\/www.sindmoveis.com.br\/es\/sindmoveis-coordena-projeto-comprador-na-formobile\/#article\",\"isPartOf\":{\"@id\":\"https:\/\/www.sindmoveis.com.br\/es\/sindmoveis-coordena-projeto-comprador-na-formobile\/\"},\"author\":{\"name\":\"Imprensa Sindm\u00f3veis\",\"@id\":\"https:\/\/www.sindmoveis.com.br\/es\/#\/schema\/person\/16d379542db1950a17fe188179340d57\"},\"headline\":\"Sindm\u00f3veis coordina Proyecto Comprador en ForM\u00f3bile\",\"datePublished\":\"2012-07-12T03:00:00+00:00\",\"dateModified\":\"2021-05-26T13:24:54+00:00\",\"mainEntityOfPage\":{\"@id\":\"https:\/\/www.sindmoveis.com.br\/es\/sindmoveis-coordena-projeto-comprador-na-formobile\/\"},\"wordCount\":319,\"articleSection\":[\"Sindm\u00f3veis\"],\"inLanguage\":\"es\"},{\"@type\":\"WebPage\",\"@id\":\"https:\/\/www.sindmoveis.com.br\/es\/sindmoveis-coordena-projeto-comprador-na-formobile\/\",\"url\":\"https:\/\/www.sindmoveis.com.br\/es\/sindmoveis-coordena-projeto-comprador-na-formobile\/\",\"name\":\"Sindm\u00f3veis coordina Proyecto Comprador en ForM\u00f3bile - Sindm\u00f3veis-RS\",\"isPartOf\":{\"@id\":\"https:\/\/www.sindmoveis.com.br\/es\/#website\"},\"datePublished\":\"2012-07-12T03:00:00+00:00\",\"dateModified\":\"2021-05-26T13:24:54+00:00\",\"author\":{\"@id\":\"https:\/\/www.sindmoveis.com.br\/es\/#\/schema\/person\/16d379542db1950a17fe188179340d57\"},\"inLanguage\":\"es\",\"potentialAction\":[{\"@type\":\"ReadAction\",\"target\":[\"https:\/\/www.sindmoveis.com.br\/es\/sindmoveis-coordena-projeto-comprador-na-formobile\/\"]}]},{\"@type\":\"WebSite\",\"@id\":\"https:\/\/www.sindmoveis.com.br\/es\/#website\",\"url\":\"https:\/\/www.sindmoveis.com.br\/es\/\",\"name\":\"Sindm\u00f3veis-RS\",\"description\":\"\",\"potentialAction\":[{\"@type\":\"SearchAction\",\"target\":{\"@type\":\"EntryPoint\",\"urlTemplate\":\"https:\/\/www.sindmoveis.com.br\/es\/?s={search_term_string}\"},\"query-input\":{\"@type\":\"PropertyValueSpecification\",\"valueRequired\":true,\"valueName\":\"search_term_string\"}}],\"inLanguage\":\"es\"},{\"@type\":\"Person\",\"@id\":\"https:\/\/www.sindmoveis.com.br\/es\/#\/schema\/person\/16d379542db1950a17fe188179340d57\",\"name\":\"Imprensa Sindm\u00f3veis\",\"image\":{\"@type\":\"ImageObject\",\"inLanguage\":\"es\",\"@id\":\"https:\/\/www.sindmoveis.com.br\/es\/#\/schema\/person\/image\/\",\"url\":\"https:\/\/secure.gravatar.com\/avatar\/4973e2e2c2a0cb5db30b0c7b770041b8e33d048a16b695a1f99c042449d4bfaf?s=96&d=mm&r=g\",\"contentUrl\":\"https:\/\/secure.gravatar.com\/avatar\/4973e2e2c2a0cb5db30b0c7b770041b8e33d048a16b695a1f99c042449d4bfaf?s=96&d=mm&r=g\",\"caption\":\"Imprensa Sindm\u00f3veis\"},\"url\":\"https:\/\/www.sindmoveis.com.br\/es\/author\/ana\/\"}]}<\/script>\n<!-- \/ Yoast SEO plugin. -->","yoast_head_json":{"title":"Sindm\u00f3veis coordina Proyecto Comprador en ForM\u00f3bile - Sindm\u00f3veis-RS","robots":{"index":"index","follow":"follow","max-snippet":"max-snippet:-1","max-image-preview":"max-image-preview:large","max-video-preview":"max-video-preview:-1"},"canonical":"https:\/\/www.sindmoveis.com.br\/es\/sindmoveis-coordena-projeto-comprador-na-formobile\/","og_locale":"es_ES","og_type":"article","og_title":"Sindm\u00f3veis coordina Proyecto Comprador en ForM\u00f3bile - Sindm\u00f3veis-RS","og_description":"\u00a0 En la segunda edici\u00f3n, rondas de negocios ser\u00e1n conducidas por el equipo del Proyecto Orchestra Brasil Con coordinaci\u00f3n del Proyecto Orchestra Brasil, del Sindicato de las Industrias del Mobiliario... Leia mais &raquo;","og_url":"https:\/\/www.sindmoveis.com.br\/es\/sindmoveis-coordena-projeto-comprador-na-formobile\/","og_site_name":"Sindm\u00f3veis-RS","article_published_time":"2012-07-12T03:00:00+00:00","article_modified_time":"2021-05-26T13:24:54+00:00","author":"Imprensa Sindm\u00f3veis","twitter_card":"summary_large_image","twitter_misc":{"Escrito por":"Imprensa Sindm\u00f3veis","Tiempo de lectura":"2 minutos"},"schema":{"@context":"https:\/\/schema.org","@graph":[{"@type":"Article","@id":"https:\/\/www.sindmoveis.com.br\/es\/sindmoveis-coordena-projeto-comprador-na-formobile\/#article","isPartOf":{"@id":"https:\/\/www.sindmoveis.com.br\/es\/sindmoveis-coordena-projeto-comprador-na-formobile\/"},"author":{"name":"Imprensa Sindm\u00f3veis","@id":"https:\/\/www.sindmoveis.com.br\/es\/#\/schema\/person\/16d379542db1950a17fe188179340d57"},"headline":"Sindm\u00f3veis coordina Proyecto Comprador en ForM\u00f3bile","datePublished":"2012-07-12T03:00:00+00:00","dateModified":"2021-05-26T13:24:54+00:00","mainEntityOfPage":{"@id":"https:\/\/www.sindmoveis.com.br\/es\/sindmoveis-coordena-projeto-comprador-na-formobile\/"},"wordCount":319,"articleSection":["Sindm\u00f3veis"],"inLanguage":"es"},{"@type":"WebPage","@id":"https:\/\/www.sindmoveis.com.br\/es\/sindmoveis-coordena-projeto-comprador-na-formobile\/","url":"https:\/\/www.sindmoveis.com.br\/es\/sindmoveis-coordena-projeto-comprador-na-formobile\/","name":"Sindm\u00f3veis coordina Proyecto Comprador en ForM\u00f3bile - Sindm\u00f3veis-RS","isPartOf":{"@id":"https:\/\/www.sindmoveis.com.br\/es\/#website"},"datePublished":"2012-07-12T03:00:00+00:00","dateModified":"2021-05-26T13:24:54+00:00","author":{"@id":"https:\/\/www.sindmoveis.com.br\/es\/#\/schema\/person\/16d379542db1950a17fe188179340d57"},"inLanguage":"es","potentialAction":[{"@type":"ReadAction","target":["https:\/\/www.sindmoveis.com.br\/es\/sindmoveis-coordena-projeto-comprador-na-formobile\/"]}]},{"@type":"WebSite","@id":"https:\/\/www.sindmoveis.com.br\/es\/#website","url":"https:\/\/www.sindmoveis.com.br\/es\/","name":"Sindm\u00f3veis-RS","description":"","potentialAction":[{"@type":"SearchAction","target":{"@type":"EntryPoint","urlTemplate":"https:\/\/www.sindmoveis.com.br\/es\/?s={search_term_string}"},"query-input":{"@type":"PropertyValueSpecification","valueRequired":true,"valueName":"search_term_string"}}],"inLanguage":"es"},{"@type":"Person","@id":"https:\/\/www.sindmoveis.com.br\/es\/#\/schema\/person\/16d379542db1950a17fe188179340d57","name":"Imprensa Sindm\u00f3veis","image":{"@type":"ImageObject","inLanguage":"es","@id":"https:\/\/www.sindmoveis.com.br\/es\/#\/schema\/person\/image\/","url":"https:\/\/secure.gravatar.com\/avatar\/4973e2e2c2a0cb5db30b0c7b770041b8e33d048a16b695a1f99c042449d4bfaf?s=96&d=mm&r=g","contentUrl":"https:\/\/secure.gravatar.com\/avatar\/4973e2e2c2a0cb5db30b0c7b770041b8e33d048a16b695a1f99c042449d4bfaf?s=96&d=mm&r=g","caption":"Imprensa Sindm\u00f3veis"},"url":"https:\/\/www.sindmoveis.com.br\/es\/author\/ana\/"}]}},"_links":{"self":[{"href":"https:\/\/www.sindmoveis.com.br\/es\/wp-json\/wp\/v2\/posts\/918","targetHints":{"allow":["GET"]}}],"collection":[{"href":"https:\/\/www.sindmoveis.com.br\/es\/wp-json\/wp\/v2\/posts"}],"about":[{"href":"https:\/\/www.sindmoveis.com.br\/es\/wp-json\/wp\/v2\/types\/post"}],"author":[{"embeddable":true,"href":"https:\/\/www.sindmoveis.com.br\/es\/wp-json\/wp\/v2\/users\/5"}],"replies":[{"embeddable":true,"href":"https:\/\/www.sindmoveis.com.br\/es\/wp-json\/wp\/v2\/comments?post=918"}],"version-history":[{"count":2,"href":"https:\/\/www.sindmoveis.com.br\/es\/wp-json\/wp\/v2\/posts\/918\/revisions"}],"predecessor-version":[{"id":3220,"href":"https:\/\/www.sindmoveis.com.br\/es\/wp-json\/wp\/v2\/posts\/918\/revisions\/3220"}],"wp:attachment":[{"href":"https:\/\/www.sindmoveis.com.br\/es\/wp-json\/wp\/v2\/media?parent=918"}],"wp:term":[{"taxonomy":"category","embeddable":true,"href":"https:\/\/www.sindmoveis.com.br\/es\/wp-json\/wp\/v2\/categories?post=918"},{"taxonomy":"post_tag","embeddable":true,"href":"https:\/\/www.sindmoveis.com.br\/es\/wp-json\/wp\/v2\/tags?post=918"}],"curies":[{"name":"wp","href":"https:\/\/api.w.org\/{rel}","templated":true}]}}