{"id":916,"date":"2012-07-05T00:00:00","date_gmt":"2012-07-05T03:00:00","guid":{"rendered":"http:\/\/sindmoveis.com.br\/imprensa\/noticias\/sindmoveis-e-fimma-brasil-equipam-novo-alojamento-dos-bombeiros\/"},"modified":"2021-05-26T10:24:54","modified_gmt":"2021-05-26T13:24:54","slug":"sindmoveis-e-fimma-brasil-equipam-novo-alojamento-dos-bombeiros","status":"publish","type":"post","link":"https:\/\/www.sindmoveis.com.br\/es\/sindmoveis-e-fimma-brasil-equipam-novo-alojamento-dos-bombeiros\/","title":{"rendered":"Sindm\u00f3veis  y Fimma Brasil equipan nuevo alojamiento de los bomberos"},"content":{"rendered":"<p>\u00a0<br \/>\nEl Sindicato de las Industrias del Mobiliario de Bento Gon\u00e7alves \u2013 Sindm\u00f3veis y Fimma Brasil \u2013 Feria Internacional de M\u00e1quinas, Materias Primas y Accesorios para la Industria del Mobiliario, oficializaron, el \u00faltimo mi\u00e9rcoles, d\u00eda 4, la donaci\u00f3n de mobiliario y utensilios para el nuevo alojamiento del Cuerpo de Bomberos del municipio. Fueron entregados un juego de sof\u00e1s, juegos cama y electrodom\u00e9sticos, adem\u00e1s de una cocina completa y comedor.<br \/>\nLa estructura ser\u00e1 utilizada por el efectivo de los bomberos y 30 alumnos del Curso de Formaci\u00f3n de Bombero Militar que tendr\u00e1 inicio a\u00fan en el transcurso de este a\u00f1o. La iniciativa viene como una retribuci\u00f3n a los servicios prestados por la corporaci\u00f3n en las ferias del mobiliario realizadas en Bento Gon\u00e7alves: Casa Brasil, Movelsul Brasil y Fimma Brasil. El director de Infraestructura de Movelsul Brasil 2012, Marcos Pilotti, reconoci\u00f3 el apoyo de los bomberos a los eventos que mueven la econom\u00eda local y destac\u00f3 la relevancia de una estructura f\u00edsica adecuada para la formaci\u00f3n de nuevos soldados: \u201cQue esos 30 h\u00e9roes formados aqu\u00ed puedan dejar su marca en la comunidad, salvando muchas vidas\u201d, destac\u00f3.<br \/>\nEl comandante del Cuerpo de Bomberos de Bento Gon\u00e7alves, capit\u00e1n Sandro Carlos Gon\u00e7alves da Silva, resalt\u00f3 que la corporaci\u00f3n no tendr\u00eda condiciones de revitalizar su estructura sin el auxilio financiero de las entidades y ferias locales. \u201cCon ello, podremos prestar un servicio de la mejor calidad, buscando siempre la eficiencia en el atendimiento\u201d, afirm\u00f3.\u00a0<br \/>\n\u00a0<br \/>\n\u00a0<\/p>\n","protected":false},"excerpt":{"rendered":"<p>\u00a0 El Sindicato de las Industrias del Mobiliario de Bento Gon\u00e7alves \u2013 Sindm\u00f3veis y Fimma Brasil \u2013 Feria Internacional de M\u00e1quinas, Materias Primas y Accesorios para la Industria del Mobiliario,&#8230;  <a class=\"excerpt-read-more\" href=\"https:\/\/www.sindmoveis.com.br\/es\/sindmoveis-e-fimma-brasil-equipam-novo-alojamento-dos-bombeiros\/\" title=\"Read Sindm\u00f3veis  y Fimma Brasil equipan nuevo alojamiento de los bomberos\">Leia mais &raquo;<\/a><\/p>\n","protected":false},"author":5,"featured_media":0,"comment_status":"closed","ping_status":"open","sticky":false,"template":"","format":"standard","meta":{"footnotes":"","_links_to":"","_links_to_target":""},"categories":[2],"tags":[],"class_list":["post-916","post","type-post","status-publish","format-standard","hentry","category-sindmoveis"],"yoast_head":"<!-- This site is optimized with the Yoast SEO plugin v27.0 - https:\/\/yoast.com\/product\/yoast-seo-wordpress\/ -->\n<title>Sindm\u00f3veis y Fimma Brasil equipan nuevo alojamiento de los bomberos - Sindm\u00f3veis-RS<\/title>\n<meta name=\"robots\" content=\"index, follow, max-snippet:-1, max-image-preview:large, max-video-preview:-1\" \/>\n<link rel=\"canonical\" href=\"https:\/\/www.sindmoveis.com.br\/es\/sindmoveis-e-fimma-brasil-equipam-novo-alojamento-dos-bombeiros\/\" \/>\n<meta property=\"og:locale\" content=\"es_ES\" \/>\n<meta property=\"og:type\" content=\"article\" \/>\n<meta property=\"og:title\" content=\"Sindm\u00f3veis y Fimma Brasil equipan nuevo alojamiento de los bomberos - Sindm\u00f3veis-RS\" \/>\n<meta property=\"og:description\" content=\"\u00a0 El Sindicato de las Industrias del Mobiliario de Bento Gon\u00e7alves \u2013 Sindm\u00f3veis y Fimma Brasil \u2013 Feria Internacional de M\u00e1quinas, Materias Primas y Accesorios para la Industria del Mobiliario,... Leia mais &raquo;\" \/>\n<meta property=\"og:url\" content=\"https:\/\/www.sindmoveis.com.br\/es\/sindmoveis-e-fimma-brasil-equipam-novo-alojamento-dos-bombeiros\/\" \/>\n<meta property=\"og:site_name\" content=\"Sindm\u00f3veis-RS\" \/>\n<meta property=\"article:published_time\" content=\"2012-07-05T03:00:00+00:00\" \/>\n<meta property=\"article:modified_time\" content=\"2021-05-26T13:24:54+00:00\" \/>\n<meta name=\"author\" content=\"Imprensa Sindm\u00f3veis\" \/>\n<meta name=\"twitter:card\" content=\"summary_large_image\" \/>\n<meta name=\"twitter:label1\" content=\"Escrito por\" \/>\n\t<meta name=\"twitter:data1\" content=\"Imprensa Sindm\u00f3veis\" \/>\n\t<meta name=\"twitter:label2\" content=\"Tiempo de lectura\" \/>\n\t<meta name=\"twitter:data2\" content=\"1 minuto\" \/>\n<script type=\"application\/ld+json\" class=\"yoast-schema-graph\">{\"@context\":\"https:\/\/schema.org\",\"@graph\":[{\"@type\":\"Article\",\"@id\":\"https:\/\/www.sindmoveis.com.br\/es\/sindmoveis-e-fimma-brasil-equipam-novo-alojamento-dos-bombeiros\/#article\",\"isPartOf\":{\"@id\":\"https:\/\/www.sindmoveis.com.br\/es\/sindmoveis-e-fimma-brasil-equipam-novo-alojamento-dos-bombeiros\/\"},\"author\":{\"name\":\"Imprensa Sindm\u00f3veis\",\"@id\":\"https:\/\/www.sindmoveis.com.br\/es\/#\/schema\/person\/16d379542db1950a17fe188179340d57\"},\"headline\":\"Sindm\u00f3veis y Fimma Brasil equipan nuevo alojamiento de los bomberos\",\"datePublished\":\"2012-07-05T03:00:00+00:00\",\"dateModified\":\"2021-05-26T13:24:54+00:00\",\"mainEntityOfPage\":{\"@id\":\"https:\/\/www.sindmoveis.com.br\/es\/sindmoveis-e-fimma-brasil-equipam-novo-alojamento-dos-bombeiros\/\"},\"wordCount\":266,\"articleSection\":[\"Sindm\u00f3veis\"],\"inLanguage\":\"es\"},{\"@type\":\"WebPage\",\"@id\":\"https:\/\/www.sindmoveis.com.br\/es\/sindmoveis-e-fimma-brasil-equipam-novo-alojamento-dos-bombeiros\/\",\"url\":\"https:\/\/www.sindmoveis.com.br\/es\/sindmoveis-e-fimma-brasil-equipam-novo-alojamento-dos-bombeiros\/\",\"name\":\"Sindm\u00f3veis y Fimma Brasil equipan nuevo alojamiento de los bomberos - Sindm\u00f3veis-RS\",\"isPartOf\":{\"@id\":\"https:\/\/www.sindmoveis.com.br\/es\/#website\"},\"datePublished\":\"2012-07-05T03:00:00+00:00\",\"dateModified\":\"2021-05-26T13:24:54+00:00\",\"author\":{\"@id\":\"https:\/\/www.sindmoveis.com.br\/es\/#\/schema\/person\/16d379542db1950a17fe188179340d57\"},\"inLanguage\":\"es\",\"potentialAction\":[{\"@type\":\"ReadAction\",\"target\":[\"https:\/\/www.sindmoveis.com.br\/es\/sindmoveis-e-fimma-brasil-equipam-novo-alojamento-dos-bombeiros\/\"]}]},{\"@type\":\"WebSite\",\"@id\":\"https:\/\/www.sindmoveis.com.br\/es\/#website\",\"url\":\"https:\/\/www.sindmoveis.com.br\/es\/\",\"name\":\"Sindm\u00f3veis-RS\",\"description\":\"\",\"potentialAction\":[{\"@type\":\"SearchAction\",\"target\":{\"@type\":\"EntryPoint\",\"urlTemplate\":\"https:\/\/www.sindmoveis.com.br\/es\/?s={search_term_string}\"},\"query-input\":{\"@type\":\"PropertyValueSpecification\",\"valueRequired\":true,\"valueName\":\"search_term_string\"}}],\"inLanguage\":\"es\"},{\"@type\":\"Person\",\"@id\":\"https:\/\/www.sindmoveis.com.br\/es\/#\/schema\/person\/16d379542db1950a17fe188179340d57\",\"name\":\"Imprensa Sindm\u00f3veis\",\"image\":{\"@type\":\"ImageObject\",\"inLanguage\":\"es\",\"@id\":\"https:\/\/www.sindmoveis.com.br\/es\/#\/schema\/person\/image\/\",\"url\":\"https:\/\/secure.gravatar.com\/avatar\/4973e2e2c2a0cb5db30b0c7b770041b8e33d048a16b695a1f99c042449d4bfaf?s=96&d=mm&r=g\",\"contentUrl\":\"https:\/\/secure.gravatar.com\/avatar\/4973e2e2c2a0cb5db30b0c7b770041b8e33d048a16b695a1f99c042449d4bfaf?s=96&d=mm&r=g\",\"caption\":\"Imprensa Sindm\u00f3veis\"},\"url\":\"https:\/\/www.sindmoveis.com.br\/es\/author\/ana\/\"}]}<\/script>\n<!-- \/ Yoast SEO plugin. -->","yoast_head_json":{"title":"Sindm\u00f3veis y Fimma Brasil equipan nuevo alojamiento de los bomberos - Sindm\u00f3veis-RS","robots":{"index":"index","follow":"follow","max-snippet":"max-snippet:-1","max-image-preview":"max-image-preview:large","max-video-preview":"max-video-preview:-1"},"canonical":"https:\/\/www.sindmoveis.com.br\/es\/sindmoveis-e-fimma-brasil-equipam-novo-alojamento-dos-bombeiros\/","og_locale":"es_ES","og_type":"article","og_title":"Sindm\u00f3veis y Fimma Brasil equipan nuevo alojamiento de los bomberos - Sindm\u00f3veis-RS","og_description":"\u00a0 El Sindicato de las Industrias del Mobiliario de Bento Gon\u00e7alves \u2013 Sindm\u00f3veis y Fimma Brasil \u2013 Feria Internacional de M\u00e1quinas, Materias Primas y Accesorios para la Industria del Mobiliario,... Leia mais &raquo;","og_url":"https:\/\/www.sindmoveis.com.br\/es\/sindmoveis-e-fimma-brasil-equipam-novo-alojamento-dos-bombeiros\/","og_site_name":"Sindm\u00f3veis-RS","article_published_time":"2012-07-05T03:00:00+00:00","article_modified_time":"2021-05-26T13:24:54+00:00","author":"Imprensa Sindm\u00f3veis","twitter_card":"summary_large_image","twitter_misc":{"Escrito por":"Imprensa Sindm\u00f3veis","Tiempo de lectura":"1 minuto"},"schema":{"@context":"https:\/\/schema.org","@graph":[{"@type":"Article","@id":"https:\/\/www.sindmoveis.com.br\/es\/sindmoveis-e-fimma-brasil-equipam-novo-alojamento-dos-bombeiros\/#article","isPartOf":{"@id":"https:\/\/www.sindmoveis.com.br\/es\/sindmoveis-e-fimma-brasil-equipam-novo-alojamento-dos-bombeiros\/"},"author":{"name":"Imprensa Sindm\u00f3veis","@id":"https:\/\/www.sindmoveis.com.br\/es\/#\/schema\/person\/16d379542db1950a17fe188179340d57"},"headline":"Sindm\u00f3veis y Fimma Brasil equipan nuevo alojamiento de los bomberos","datePublished":"2012-07-05T03:00:00+00:00","dateModified":"2021-05-26T13:24:54+00:00","mainEntityOfPage":{"@id":"https:\/\/www.sindmoveis.com.br\/es\/sindmoveis-e-fimma-brasil-equipam-novo-alojamento-dos-bombeiros\/"},"wordCount":266,"articleSection":["Sindm\u00f3veis"],"inLanguage":"es"},{"@type":"WebPage","@id":"https:\/\/www.sindmoveis.com.br\/es\/sindmoveis-e-fimma-brasil-equipam-novo-alojamento-dos-bombeiros\/","url":"https:\/\/www.sindmoveis.com.br\/es\/sindmoveis-e-fimma-brasil-equipam-novo-alojamento-dos-bombeiros\/","name":"Sindm\u00f3veis y Fimma Brasil equipan nuevo alojamiento de los bomberos - Sindm\u00f3veis-RS","isPartOf":{"@id":"https:\/\/www.sindmoveis.com.br\/es\/#website"},"datePublished":"2012-07-05T03:00:00+00:00","dateModified":"2021-05-26T13:24:54+00:00","author":{"@id":"https:\/\/www.sindmoveis.com.br\/es\/#\/schema\/person\/16d379542db1950a17fe188179340d57"},"inLanguage":"es","potentialAction":[{"@type":"ReadAction","target":["https:\/\/www.sindmoveis.com.br\/es\/sindmoveis-e-fimma-brasil-equipam-novo-alojamento-dos-bombeiros\/"]}]},{"@type":"WebSite","@id":"https:\/\/www.sindmoveis.com.br\/es\/#website","url":"https:\/\/www.sindmoveis.com.br\/es\/","name":"Sindm\u00f3veis-RS","description":"","potentialAction":[{"@type":"SearchAction","target":{"@type":"EntryPoint","urlTemplate":"https:\/\/www.sindmoveis.com.br\/es\/?s={search_term_string}"},"query-input":{"@type":"PropertyValueSpecification","valueRequired":true,"valueName":"search_term_string"}}],"inLanguage":"es"},{"@type":"Person","@id":"https:\/\/www.sindmoveis.com.br\/es\/#\/schema\/person\/16d379542db1950a17fe188179340d57","name":"Imprensa Sindm\u00f3veis","image":{"@type":"ImageObject","inLanguage":"es","@id":"https:\/\/www.sindmoveis.com.br\/es\/#\/schema\/person\/image\/","url":"https:\/\/secure.gravatar.com\/avatar\/4973e2e2c2a0cb5db30b0c7b770041b8e33d048a16b695a1f99c042449d4bfaf?s=96&d=mm&r=g","contentUrl":"https:\/\/secure.gravatar.com\/avatar\/4973e2e2c2a0cb5db30b0c7b770041b8e33d048a16b695a1f99c042449d4bfaf?s=96&d=mm&r=g","caption":"Imprensa Sindm\u00f3veis"},"url":"https:\/\/www.sindmoveis.com.br\/es\/author\/ana\/"}]}},"_links":{"self":[{"href":"https:\/\/www.sindmoveis.com.br\/es\/wp-json\/wp\/v2\/posts\/916","targetHints":{"allow":["GET"]}}],"collection":[{"href":"https:\/\/www.sindmoveis.com.br\/es\/wp-json\/wp\/v2\/posts"}],"about":[{"href":"https:\/\/www.sindmoveis.com.br\/es\/wp-json\/wp\/v2\/types\/post"}],"author":[{"embeddable":true,"href":"https:\/\/www.sindmoveis.com.br\/es\/wp-json\/wp\/v2\/users\/5"}],"replies":[{"embeddable":true,"href":"https:\/\/www.sindmoveis.com.br\/es\/wp-json\/wp\/v2\/comments?post=916"}],"version-history":[{"count":2,"href":"https:\/\/www.sindmoveis.com.br\/es\/wp-json\/wp\/v2\/posts\/916\/revisions"}],"predecessor-version":[{"id":3219,"href":"https:\/\/www.sindmoveis.com.br\/es\/wp-json\/wp\/v2\/posts\/916\/revisions\/3219"}],"wp:attachment":[{"href":"https:\/\/www.sindmoveis.com.br\/es\/wp-json\/wp\/v2\/media?parent=916"}],"wp:term":[{"taxonomy":"category","embeddable":true,"href":"https:\/\/www.sindmoveis.com.br\/es\/wp-json\/wp\/v2\/categories?post=916"},{"taxonomy":"post_tag","embeddable":true,"href":"https:\/\/www.sindmoveis.com.br\/es\/wp-json\/wp\/v2\/tags?post=916"}],"curies":[{"name":"wp","href":"https:\/\/api.w.org\/{rel}","templated":true}]}}