{"id":915,"date":"2012-07-03T00:00:00","date_gmt":"2012-07-03T03:00:00","guid":{"rendered":"http:\/\/sindmoveis.com.br\/imprensa\/noticias\/setor-moveleiro-e-um-dos-quatro-mais-atrativos-para-o-mercado-internacional\/"},"modified":"2021-05-26T10:24:54","modified_gmt":"2021-05-26T13:24:54","slug":"setor-moveleiro-e-um-dos-quatro-mais-atrativos-para-o-mercado-internacional","status":"publish","type":"post","link":"https:\/\/www.sindmoveis.com.br\/es\/setor-moveleiro-e-um-dos-quatro-mais-atrativos-para-o-mercado-internacional\/","title":{"rendered":"Sector del mobiliario es uno de los cuatro m\u00e1s atractivos para el mercado internacional"},"content":{"rendered":"<p>\u00a0<br \/>\nEl mercado de muebles est\u00e1 entre los cuatro m\u00e1s promisores de las ventas al por menor en Brasil, seg\u00fan reciente ranking elaborado por la consultor\u00eda americana A. T. Kearney, con base en observaciones de inversionistas extranjeros. El volumen de ventas de muebles y electrodom\u00e9sticos al por menor present\u00f3 un crecimiento de 16,6% en 2011, ante 6,7% \u00a0de las ventas al por menor \u00a0en general; y consolid\u00f3 un aumento de 15% en el volumen de ventas en el primer cuadrimestre de 2012 con relaci\u00f3n al a\u00f1o pasado.<br \/>\n\u00a0<br \/>\nEl mismo estudio apunt\u00f3 a Brasil por el segundo a\u00f1o consecutivo, como el principal mercado en desarrollo para inversiones internacionales en las ventas al por menor. El volumen de ventas en el comercio brasile\u00f1o \u00a0creci\u00f3 9,2% en el primer cuadrimestre de este a\u00f1o comparado al mismo per\u00edodo del a\u00f1o pasado. En los \u00faltimos cinco a\u00f1os ese \u00edndice ha venido presentando crecimiento promedio de aproximadamente 8%. Estos datos comprueban el buen momento del mercado nacional tomando en cuenta variantes macroecon\u00f3micas y tambi\u00e9n datos sectoriales y de las empresas.<br \/>\n\u00a0<br \/>\nY el futuro parece ser a\u00fan m\u00e1s promisor. De acuerdo con estudio encomendado por el Sindicato de las Industrias del Mobiliario de Bento Gon\u00e7alves al Instituto Data Popular, la nueva clase media brasile\u00f1a, formada por cerca de 100 millones de habitantes, fue responsable por el giro de un bill\u00f3n de reales y por el gasto de 19. 400 millones de reales en la compra de muebles en 2011. Con base en estos datos Movelsul Brasil, mayor feria de muebles de Am\u00e9rica Latina, consider\u00f3 este nuevo retrato de la sociedad para focalizar la edici\u00f3n de este a\u00f1o. Y es justamente para este p\u00fablico, que el Gobierno Federal lanz\u00f3 en el mes de mayo una l\u00ednea de financiaci\u00f3n exclusiva destinada a la compra de muebles y electrodom\u00e9sticos de la l\u00ednea blanca, especialmente para los participantes del Programa Minha Casa, Minha Vida ( Mi Casa, Mi Vida). Fueron colocados a disposici\u00f3n R$ 2 mil millones y el programa prev\u00e9 plazos e intereses especiales, variando de 1% a 2% al mes, con pago en hasta 48 meses.<br \/>\n\u00a0<\/p>\n","protected":false},"excerpt":{"rendered":"<p>\u00a0 El mercado de muebles est\u00e1 entre los cuatro m\u00e1s promisores de las ventas al por menor en Brasil, seg\u00fan reciente ranking elaborado por la consultor\u00eda americana A. T. Kearney,&#8230;  <a class=\"excerpt-read-more\" href=\"https:\/\/www.sindmoveis.com.br\/es\/setor-moveleiro-e-um-dos-quatro-mais-atrativos-para-o-mercado-internacional\/\" title=\"Read Sector del mobiliario es uno de los cuatro m\u00e1s atractivos para el mercado internacional\">Leia mais &raquo;<\/a><\/p>\n","protected":false},"author":5,"featured_media":0,"comment_status":"closed","ping_status":"open","sticky":false,"template":"","format":"standard","meta":{"footnotes":"","_links_to":"","_links_to_target":""},"categories":[2],"tags":[],"class_list":["post-915","post","type-post","status-publish","format-standard","hentry","category-sindmoveis"],"yoast_head":"<!-- This site is optimized with the Yoast SEO plugin v27.0 - https:\/\/yoast.com\/product\/yoast-seo-wordpress\/ -->\n<title>Sector del mobiliario es uno de los cuatro m\u00e1s atractivos para el mercado internacional - Sindm\u00f3veis-RS<\/title>\n<meta name=\"robots\" content=\"index, follow, max-snippet:-1, max-image-preview:large, max-video-preview:-1\" \/>\n<link rel=\"canonical\" href=\"https:\/\/www.sindmoveis.com.br\/es\/setor-moveleiro-e-um-dos-quatro-mais-atrativos-para-o-mercado-internacional\/\" \/>\n<meta property=\"og:locale\" content=\"es_ES\" \/>\n<meta property=\"og:type\" content=\"article\" \/>\n<meta property=\"og:title\" content=\"Sector del mobiliario es uno de los cuatro m\u00e1s atractivos para el mercado internacional - Sindm\u00f3veis-RS\" \/>\n<meta property=\"og:description\" content=\"\u00a0 El mercado de muebles est\u00e1 entre los cuatro m\u00e1s promisores de las ventas al por menor en Brasil, seg\u00fan reciente ranking elaborado por la consultor\u00eda americana A. T. Kearney,... Leia mais &raquo;\" \/>\n<meta property=\"og:url\" content=\"https:\/\/www.sindmoveis.com.br\/es\/setor-moveleiro-e-um-dos-quatro-mais-atrativos-para-o-mercado-internacional\/\" \/>\n<meta property=\"og:site_name\" content=\"Sindm\u00f3veis-RS\" \/>\n<meta property=\"article:published_time\" content=\"2012-07-03T03:00:00+00:00\" \/>\n<meta property=\"article:modified_time\" content=\"2021-05-26T13:24:54+00:00\" \/>\n<meta name=\"author\" content=\"Imprensa Sindm\u00f3veis\" \/>\n<meta name=\"twitter:card\" content=\"summary_large_image\" \/>\n<meta name=\"twitter:label1\" content=\"Escrito por\" \/>\n\t<meta name=\"twitter:data1\" content=\"Imprensa Sindm\u00f3veis\" \/>\n\t<meta name=\"twitter:label2\" content=\"Tiempo de lectura\" \/>\n\t<meta name=\"twitter:data2\" content=\"2 minutos\" \/>\n<script type=\"application\/ld+json\" class=\"yoast-schema-graph\">{\"@context\":\"https:\/\/schema.org\",\"@graph\":[{\"@type\":\"Article\",\"@id\":\"https:\/\/www.sindmoveis.com.br\/es\/setor-moveleiro-e-um-dos-quatro-mais-atrativos-para-o-mercado-internacional\/#article\",\"isPartOf\":{\"@id\":\"https:\/\/www.sindmoveis.com.br\/es\/setor-moveleiro-e-um-dos-quatro-mais-atrativos-para-o-mercado-internacional\/\"},\"author\":{\"name\":\"Imprensa Sindm\u00f3veis\",\"@id\":\"https:\/\/www.sindmoveis.com.br\/es\/#\/schema\/person\/16d379542db1950a17fe188179340d57\"},\"headline\":\"Sector del mobiliario es uno de los cuatro m\u00e1s atractivos para el mercado internacional\",\"datePublished\":\"2012-07-03T03:00:00+00:00\",\"dateModified\":\"2021-05-26T13:24:54+00:00\",\"mainEntityOfPage\":{\"@id\":\"https:\/\/www.sindmoveis.com.br\/es\/setor-moveleiro-e-um-dos-quatro-mais-atrativos-para-o-mercado-internacional\/\"},\"wordCount\":373,\"articleSection\":[\"Sindm\u00f3veis\"],\"inLanguage\":\"es\"},{\"@type\":\"WebPage\",\"@id\":\"https:\/\/www.sindmoveis.com.br\/es\/setor-moveleiro-e-um-dos-quatro-mais-atrativos-para-o-mercado-internacional\/\",\"url\":\"https:\/\/www.sindmoveis.com.br\/es\/setor-moveleiro-e-um-dos-quatro-mais-atrativos-para-o-mercado-internacional\/\",\"name\":\"Sector del mobiliario es uno de los cuatro m\u00e1s atractivos para el mercado internacional - Sindm\u00f3veis-RS\",\"isPartOf\":{\"@id\":\"https:\/\/www.sindmoveis.com.br\/es\/#website\"},\"datePublished\":\"2012-07-03T03:00:00+00:00\",\"dateModified\":\"2021-05-26T13:24:54+00:00\",\"author\":{\"@id\":\"https:\/\/www.sindmoveis.com.br\/es\/#\/schema\/person\/16d379542db1950a17fe188179340d57\"},\"inLanguage\":\"es\",\"potentialAction\":[{\"@type\":\"ReadAction\",\"target\":[\"https:\/\/www.sindmoveis.com.br\/es\/setor-moveleiro-e-um-dos-quatro-mais-atrativos-para-o-mercado-internacional\/\"]}]},{\"@type\":\"WebSite\",\"@id\":\"https:\/\/www.sindmoveis.com.br\/es\/#website\",\"url\":\"https:\/\/www.sindmoveis.com.br\/es\/\",\"name\":\"Sindm\u00f3veis-RS\",\"description\":\"\",\"potentialAction\":[{\"@type\":\"SearchAction\",\"target\":{\"@type\":\"EntryPoint\",\"urlTemplate\":\"https:\/\/www.sindmoveis.com.br\/es\/?s={search_term_string}\"},\"query-input\":{\"@type\":\"PropertyValueSpecification\",\"valueRequired\":true,\"valueName\":\"search_term_string\"}}],\"inLanguage\":\"es\"},{\"@type\":\"Person\",\"@id\":\"https:\/\/www.sindmoveis.com.br\/es\/#\/schema\/person\/16d379542db1950a17fe188179340d57\",\"name\":\"Imprensa Sindm\u00f3veis\",\"image\":{\"@type\":\"ImageObject\",\"inLanguage\":\"es\",\"@id\":\"https:\/\/www.sindmoveis.com.br\/es\/#\/schema\/person\/image\/\",\"url\":\"https:\/\/secure.gravatar.com\/avatar\/4973e2e2c2a0cb5db30b0c7b770041b8e33d048a16b695a1f99c042449d4bfaf?s=96&d=mm&r=g\",\"contentUrl\":\"https:\/\/secure.gravatar.com\/avatar\/4973e2e2c2a0cb5db30b0c7b770041b8e33d048a16b695a1f99c042449d4bfaf?s=96&d=mm&r=g\",\"caption\":\"Imprensa Sindm\u00f3veis\"},\"url\":\"https:\/\/www.sindmoveis.com.br\/es\/author\/ana\/\"}]}<\/script>\n<!-- \/ Yoast SEO plugin. -->","yoast_head_json":{"title":"Sector del mobiliario es uno de los cuatro m\u00e1s atractivos para el mercado internacional - Sindm\u00f3veis-RS","robots":{"index":"index","follow":"follow","max-snippet":"max-snippet:-1","max-image-preview":"max-image-preview:large","max-video-preview":"max-video-preview:-1"},"canonical":"https:\/\/www.sindmoveis.com.br\/es\/setor-moveleiro-e-um-dos-quatro-mais-atrativos-para-o-mercado-internacional\/","og_locale":"es_ES","og_type":"article","og_title":"Sector del mobiliario es uno de los cuatro m\u00e1s atractivos para el mercado internacional - Sindm\u00f3veis-RS","og_description":"\u00a0 El mercado de muebles est\u00e1 entre los cuatro m\u00e1s promisores de las ventas al por menor en Brasil, seg\u00fan reciente ranking elaborado por la consultor\u00eda americana A. T. Kearney,... Leia mais &raquo;","og_url":"https:\/\/www.sindmoveis.com.br\/es\/setor-moveleiro-e-um-dos-quatro-mais-atrativos-para-o-mercado-internacional\/","og_site_name":"Sindm\u00f3veis-RS","article_published_time":"2012-07-03T03:00:00+00:00","article_modified_time":"2021-05-26T13:24:54+00:00","author":"Imprensa Sindm\u00f3veis","twitter_card":"summary_large_image","twitter_misc":{"Escrito por":"Imprensa Sindm\u00f3veis","Tiempo de lectura":"2 minutos"},"schema":{"@context":"https:\/\/schema.org","@graph":[{"@type":"Article","@id":"https:\/\/www.sindmoveis.com.br\/es\/setor-moveleiro-e-um-dos-quatro-mais-atrativos-para-o-mercado-internacional\/#article","isPartOf":{"@id":"https:\/\/www.sindmoveis.com.br\/es\/setor-moveleiro-e-um-dos-quatro-mais-atrativos-para-o-mercado-internacional\/"},"author":{"name":"Imprensa Sindm\u00f3veis","@id":"https:\/\/www.sindmoveis.com.br\/es\/#\/schema\/person\/16d379542db1950a17fe188179340d57"},"headline":"Sector del mobiliario es uno de los cuatro m\u00e1s atractivos para el mercado internacional","datePublished":"2012-07-03T03:00:00+00:00","dateModified":"2021-05-26T13:24:54+00:00","mainEntityOfPage":{"@id":"https:\/\/www.sindmoveis.com.br\/es\/setor-moveleiro-e-um-dos-quatro-mais-atrativos-para-o-mercado-internacional\/"},"wordCount":373,"articleSection":["Sindm\u00f3veis"],"inLanguage":"es"},{"@type":"WebPage","@id":"https:\/\/www.sindmoveis.com.br\/es\/setor-moveleiro-e-um-dos-quatro-mais-atrativos-para-o-mercado-internacional\/","url":"https:\/\/www.sindmoveis.com.br\/es\/setor-moveleiro-e-um-dos-quatro-mais-atrativos-para-o-mercado-internacional\/","name":"Sector del mobiliario es uno de los cuatro m\u00e1s atractivos para el mercado internacional - Sindm\u00f3veis-RS","isPartOf":{"@id":"https:\/\/www.sindmoveis.com.br\/es\/#website"},"datePublished":"2012-07-03T03:00:00+00:00","dateModified":"2021-05-26T13:24:54+00:00","author":{"@id":"https:\/\/www.sindmoveis.com.br\/es\/#\/schema\/person\/16d379542db1950a17fe188179340d57"},"inLanguage":"es","potentialAction":[{"@type":"ReadAction","target":["https:\/\/www.sindmoveis.com.br\/es\/setor-moveleiro-e-um-dos-quatro-mais-atrativos-para-o-mercado-internacional\/"]}]},{"@type":"WebSite","@id":"https:\/\/www.sindmoveis.com.br\/es\/#website","url":"https:\/\/www.sindmoveis.com.br\/es\/","name":"Sindm\u00f3veis-RS","description":"","potentialAction":[{"@type":"SearchAction","target":{"@type":"EntryPoint","urlTemplate":"https:\/\/www.sindmoveis.com.br\/es\/?s={search_term_string}"},"query-input":{"@type":"PropertyValueSpecification","valueRequired":true,"valueName":"search_term_string"}}],"inLanguage":"es"},{"@type":"Person","@id":"https:\/\/www.sindmoveis.com.br\/es\/#\/schema\/person\/16d379542db1950a17fe188179340d57","name":"Imprensa Sindm\u00f3veis","image":{"@type":"ImageObject","inLanguage":"es","@id":"https:\/\/www.sindmoveis.com.br\/es\/#\/schema\/person\/image\/","url":"https:\/\/secure.gravatar.com\/avatar\/4973e2e2c2a0cb5db30b0c7b770041b8e33d048a16b695a1f99c042449d4bfaf?s=96&d=mm&r=g","contentUrl":"https:\/\/secure.gravatar.com\/avatar\/4973e2e2c2a0cb5db30b0c7b770041b8e33d048a16b695a1f99c042449d4bfaf?s=96&d=mm&r=g","caption":"Imprensa Sindm\u00f3veis"},"url":"https:\/\/www.sindmoveis.com.br\/es\/author\/ana\/"}]}},"_links":{"self":[{"href":"https:\/\/www.sindmoveis.com.br\/es\/wp-json\/wp\/v2\/posts\/915","targetHints":{"allow":["GET"]}}],"collection":[{"href":"https:\/\/www.sindmoveis.com.br\/es\/wp-json\/wp\/v2\/posts"}],"about":[{"href":"https:\/\/www.sindmoveis.com.br\/es\/wp-json\/wp\/v2\/types\/post"}],"author":[{"embeddable":true,"href":"https:\/\/www.sindmoveis.com.br\/es\/wp-json\/wp\/v2\/users\/5"}],"replies":[{"embeddable":true,"href":"https:\/\/www.sindmoveis.com.br\/es\/wp-json\/wp\/v2\/comments?post=915"}],"version-history":[{"count":2,"href":"https:\/\/www.sindmoveis.com.br\/es\/wp-json\/wp\/v2\/posts\/915\/revisions"}],"predecessor-version":[{"id":3218,"href":"https:\/\/www.sindmoveis.com.br\/es\/wp-json\/wp\/v2\/posts\/915\/revisions\/3218"}],"wp:attachment":[{"href":"https:\/\/www.sindmoveis.com.br\/es\/wp-json\/wp\/v2\/media?parent=915"}],"wp:term":[{"taxonomy":"category","embeddable":true,"href":"https:\/\/www.sindmoveis.com.br\/es\/wp-json\/wp\/v2\/categories?post=915"},{"taxonomy":"post_tag","embeddable":true,"href":"https:\/\/www.sindmoveis.com.br\/es\/wp-json\/wp\/v2\/tags?post=915"}],"curies":[{"name":"wp","href":"https:\/\/api.w.org\/{rel}","templated":true}]}}