{"id":914,"date":"2012-07-03T00:00:00","date_gmt":"2012-07-03T03:00:00","guid":{"rendered":"http:\/\/sindmoveis.com.br\/imprensa\/noticias\/isencao-do-ipi-para-moveis-segue-ate-setembro\/"},"modified":"2021-05-26T10:24:54","modified_gmt":"2021-05-26T13:24:54","slug":"isencao-do-ipi-para-moveis-segue-ate-setembro","status":"publish","type":"post","link":"https:\/\/www.sindmoveis.com.br\/es\/isencao-do-ipi-para-moveis-segue-ate-setembro\/","title":{"rendered":"Exenci\u00f3n del Impuesto sobre Productos Industrializados &#8211; IPI para muebles sigue hasta septiembre"},"content":{"rendered":"<p>Anuncio fue hecho a trav\u00e9s de edici\u00f3n extra del Diario Oficial publicada el viernes, d\u00eda 29 de junio<br \/>\nEl polo del mobiliario de Bento Gon\u00e7alves conmemora la prorrogaci\u00f3n por m\u00e1s tres meses de la exenci\u00f3n del Impuesto sobre Productos Industrializados (IPI) vigente sobre muebles. El anuncio fue hecho en edici\u00f3n extra del Diario oficial de la Uni\u00f3n publicada el d\u00eda viernes 29 de junio, v\u00edspera \u00a0del plazo final del beneficio, previsto por el decreto 7.705\/2012 y que fue anunciado en marzo, el primer d\u00eda de Movelsul Brasil 2012.<br \/>\nV\u00e1lida hasta 30 de septiembre, la exenci\u00f3n de la al\u00edcuota \u2013 que era de 5% &#8211; vale tambi\u00e9n para laminados, papel de pared y luminarias. Los datos parciales de abril y mayo \u2013 dos primeros meses de vigencia de la exenci\u00f3n \u2013 mostraron un crecimiento de 8% en la facturaci\u00f3n del polo de Bento Gon\u00e7alves, en comparaci\u00f3n con el mismo per\u00edodo de 2011. Solamente en mayo, la facturaci\u00f3n fue de R$ 213,11 millones, lo que signific\u00f3 un crecimiento nominal de 10,7% con relaci\u00f3n al mismo mes del a\u00f1o pasado. Los datos de junio a\u00fan no est\u00e1n disponibles.<br \/>\nPara C\u00e1tia Scarton, presidente de Sindm\u00f3veis, la reducci\u00f3n del citado Impuesto sobre Productos Industrializados \u2013 IPI, posibilit\u00f3 el crecimiento del sector del mobiliario superando las adversidades del momento econ\u00f3mico percibidas en otros segmentos de la industria. \u201cLa prorrogaci\u00f3n es decisiva para que podamos continuar contribuyendo con la generaci\u00f3n de empleos y renta, \u00a0acompa\u00f1ando la creciente demanda de la poblaci\u00f3n por muebles, comprobada por el crecimiento de las ventas al por menor, y tambi\u00e9n como una forma de poder competir con los importados\u201d, concluye.<\/p>\n","protected":false},"excerpt":{"rendered":"<p>Anuncio fue hecho a trav\u00e9s de edici\u00f3n extra del Diario Oficial publicada el viernes, d\u00eda 29 de junio El polo del mobiliario de Bento Gon\u00e7alves conmemora la prorrogaci\u00f3n por m\u00e1s&#8230;  <a class=\"excerpt-read-more\" href=\"https:\/\/www.sindmoveis.com.br\/es\/isencao-do-ipi-para-moveis-segue-ate-setembro\/\" title=\"Read Exenci\u00f3n del Impuesto sobre Productos Industrializados &#8211; IPI para muebles sigue hasta septiembre\">Leia mais &raquo;<\/a><\/p>\n","protected":false},"author":5,"featured_media":0,"comment_status":"closed","ping_status":"open","sticky":false,"template":"","format":"standard","meta":{"footnotes":"","_links_to":"","_links_to_target":""},"categories":[2],"tags":[],"class_list":["post-914","post","type-post","status-publish","format-standard","hentry","category-sindmoveis"],"yoast_head":"<!-- This site is optimized with the Yoast SEO plugin v27.0 - https:\/\/yoast.com\/product\/yoast-seo-wordpress\/ -->\n<title>Exenci\u00f3n del Impuesto sobre Productos Industrializados - IPI para muebles sigue hasta septiembre - Sindm\u00f3veis-RS<\/title>\n<meta name=\"robots\" content=\"index, follow, max-snippet:-1, max-image-preview:large, max-video-preview:-1\" \/>\n<link rel=\"canonical\" href=\"https:\/\/www.sindmoveis.com.br\/es\/isencao-do-ipi-para-moveis-segue-ate-setembro\/\" \/>\n<meta property=\"og:locale\" content=\"es_ES\" \/>\n<meta property=\"og:type\" content=\"article\" \/>\n<meta property=\"og:title\" content=\"Exenci\u00f3n del Impuesto sobre Productos Industrializados - IPI para muebles sigue hasta septiembre - Sindm\u00f3veis-RS\" \/>\n<meta property=\"og:description\" content=\"Anuncio fue hecho a trav\u00e9s de edici\u00f3n extra del Diario Oficial publicada el viernes, d\u00eda 29 de junio El polo del mobiliario de Bento Gon\u00e7alves conmemora la prorrogaci\u00f3n por m\u00e1s... Leia mais &raquo;\" \/>\n<meta property=\"og:url\" content=\"https:\/\/www.sindmoveis.com.br\/es\/isencao-do-ipi-para-moveis-segue-ate-setembro\/\" \/>\n<meta property=\"og:site_name\" content=\"Sindm\u00f3veis-RS\" \/>\n<meta property=\"article:published_time\" content=\"2012-07-03T03:00:00+00:00\" \/>\n<meta property=\"article:modified_time\" content=\"2021-05-26T13:24:54+00:00\" \/>\n<meta name=\"author\" content=\"Imprensa Sindm\u00f3veis\" \/>\n<meta name=\"twitter:card\" content=\"summary_large_image\" \/>\n<meta name=\"twitter:label1\" content=\"Escrito por\" \/>\n\t<meta name=\"twitter:data1\" content=\"Imprensa Sindm\u00f3veis\" \/>\n\t<meta name=\"twitter:label2\" content=\"Tiempo de lectura\" \/>\n\t<meta name=\"twitter:data2\" content=\"1 minuto\" \/>\n<script type=\"application\/ld+json\" class=\"yoast-schema-graph\">{\"@context\":\"https:\/\/schema.org\",\"@graph\":[{\"@type\":\"Article\",\"@id\":\"https:\/\/www.sindmoveis.com.br\/es\/isencao-do-ipi-para-moveis-segue-ate-setembro\/#article\",\"isPartOf\":{\"@id\":\"https:\/\/www.sindmoveis.com.br\/es\/isencao-do-ipi-para-moveis-segue-ate-setembro\/\"},\"author\":{\"name\":\"Imprensa Sindm\u00f3veis\",\"@id\":\"https:\/\/www.sindmoveis.com.br\/es\/#\/schema\/person\/16d379542db1950a17fe188179340d57\"},\"headline\":\"Exenci\u00f3n del Impuesto sobre Productos Industrializados &#8211; IPI para muebles sigue hasta septiembre\",\"datePublished\":\"2012-07-03T03:00:00+00:00\",\"dateModified\":\"2021-05-26T13:24:54+00:00\",\"mainEntityOfPage\":{\"@id\":\"https:\/\/www.sindmoveis.com.br\/es\/isencao-do-ipi-para-moveis-segue-ate-setembro\/\"},\"wordCount\":303,\"articleSection\":[\"Sindm\u00f3veis\"],\"inLanguage\":\"es\"},{\"@type\":\"WebPage\",\"@id\":\"https:\/\/www.sindmoveis.com.br\/es\/isencao-do-ipi-para-moveis-segue-ate-setembro\/\",\"url\":\"https:\/\/www.sindmoveis.com.br\/es\/isencao-do-ipi-para-moveis-segue-ate-setembro\/\",\"name\":\"Exenci\u00f3n del Impuesto sobre Productos Industrializados - IPI para muebles sigue hasta septiembre - Sindm\u00f3veis-RS\",\"isPartOf\":{\"@id\":\"https:\/\/www.sindmoveis.com.br\/es\/#website\"},\"datePublished\":\"2012-07-03T03:00:00+00:00\",\"dateModified\":\"2021-05-26T13:24:54+00:00\",\"author\":{\"@id\":\"https:\/\/www.sindmoveis.com.br\/es\/#\/schema\/person\/16d379542db1950a17fe188179340d57\"},\"inLanguage\":\"es\",\"potentialAction\":[{\"@type\":\"ReadAction\",\"target\":[\"https:\/\/www.sindmoveis.com.br\/es\/isencao-do-ipi-para-moveis-segue-ate-setembro\/\"]}]},{\"@type\":\"WebSite\",\"@id\":\"https:\/\/www.sindmoveis.com.br\/es\/#website\",\"url\":\"https:\/\/www.sindmoveis.com.br\/es\/\",\"name\":\"Sindm\u00f3veis-RS\",\"description\":\"\",\"potentialAction\":[{\"@type\":\"SearchAction\",\"target\":{\"@type\":\"EntryPoint\",\"urlTemplate\":\"https:\/\/www.sindmoveis.com.br\/es\/?s={search_term_string}\"},\"query-input\":{\"@type\":\"PropertyValueSpecification\",\"valueRequired\":true,\"valueName\":\"search_term_string\"}}],\"inLanguage\":\"es\"},{\"@type\":\"Person\",\"@id\":\"https:\/\/www.sindmoveis.com.br\/es\/#\/schema\/person\/16d379542db1950a17fe188179340d57\",\"name\":\"Imprensa Sindm\u00f3veis\",\"image\":{\"@type\":\"ImageObject\",\"inLanguage\":\"es\",\"@id\":\"https:\/\/www.sindmoveis.com.br\/es\/#\/schema\/person\/image\/\",\"url\":\"https:\/\/secure.gravatar.com\/avatar\/4973e2e2c2a0cb5db30b0c7b770041b8e33d048a16b695a1f99c042449d4bfaf?s=96&d=mm&r=g\",\"contentUrl\":\"https:\/\/secure.gravatar.com\/avatar\/4973e2e2c2a0cb5db30b0c7b770041b8e33d048a16b695a1f99c042449d4bfaf?s=96&d=mm&r=g\",\"caption\":\"Imprensa Sindm\u00f3veis\"},\"url\":\"https:\/\/www.sindmoveis.com.br\/es\/author\/ana\/\"}]}<\/script>\n<!-- \/ Yoast SEO plugin. -->","yoast_head_json":{"title":"Exenci\u00f3n del Impuesto sobre Productos Industrializados - IPI para muebles sigue hasta septiembre - Sindm\u00f3veis-RS","robots":{"index":"index","follow":"follow","max-snippet":"max-snippet:-1","max-image-preview":"max-image-preview:large","max-video-preview":"max-video-preview:-1"},"canonical":"https:\/\/www.sindmoveis.com.br\/es\/isencao-do-ipi-para-moveis-segue-ate-setembro\/","og_locale":"es_ES","og_type":"article","og_title":"Exenci\u00f3n del Impuesto sobre Productos Industrializados - IPI para muebles sigue hasta septiembre - Sindm\u00f3veis-RS","og_description":"Anuncio fue hecho a trav\u00e9s de edici\u00f3n extra del Diario Oficial publicada el viernes, d\u00eda 29 de junio El polo del mobiliario de Bento Gon\u00e7alves conmemora la prorrogaci\u00f3n por m\u00e1s... Leia mais &raquo;","og_url":"https:\/\/www.sindmoveis.com.br\/es\/isencao-do-ipi-para-moveis-segue-ate-setembro\/","og_site_name":"Sindm\u00f3veis-RS","article_published_time":"2012-07-03T03:00:00+00:00","article_modified_time":"2021-05-26T13:24:54+00:00","author":"Imprensa Sindm\u00f3veis","twitter_card":"summary_large_image","twitter_misc":{"Escrito por":"Imprensa Sindm\u00f3veis","Tiempo de lectura":"1 minuto"},"schema":{"@context":"https:\/\/schema.org","@graph":[{"@type":"Article","@id":"https:\/\/www.sindmoveis.com.br\/es\/isencao-do-ipi-para-moveis-segue-ate-setembro\/#article","isPartOf":{"@id":"https:\/\/www.sindmoveis.com.br\/es\/isencao-do-ipi-para-moveis-segue-ate-setembro\/"},"author":{"name":"Imprensa Sindm\u00f3veis","@id":"https:\/\/www.sindmoveis.com.br\/es\/#\/schema\/person\/16d379542db1950a17fe188179340d57"},"headline":"Exenci\u00f3n del Impuesto sobre Productos Industrializados &#8211; IPI para muebles sigue hasta septiembre","datePublished":"2012-07-03T03:00:00+00:00","dateModified":"2021-05-26T13:24:54+00:00","mainEntityOfPage":{"@id":"https:\/\/www.sindmoveis.com.br\/es\/isencao-do-ipi-para-moveis-segue-ate-setembro\/"},"wordCount":303,"articleSection":["Sindm\u00f3veis"],"inLanguage":"es"},{"@type":"WebPage","@id":"https:\/\/www.sindmoveis.com.br\/es\/isencao-do-ipi-para-moveis-segue-ate-setembro\/","url":"https:\/\/www.sindmoveis.com.br\/es\/isencao-do-ipi-para-moveis-segue-ate-setembro\/","name":"Exenci\u00f3n del Impuesto sobre Productos Industrializados - IPI para muebles sigue hasta septiembre - Sindm\u00f3veis-RS","isPartOf":{"@id":"https:\/\/www.sindmoveis.com.br\/es\/#website"},"datePublished":"2012-07-03T03:00:00+00:00","dateModified":"2021-05-26T13:24:54+00:00","author":{"@id":"https:\/\/www.sindmoveis.com.br\/es\/#\/schema\/person\/16d379542db1950a17fe188179340d57"},"inLanguage":"es","potentialAction":[{"@type":"ReadAction","target":["https:\/\/www.sindmoveis.com.br\/es\/isencao-do-ipi-para-moveis-segue-ate-setembro\/"]}]},{"@type":"WebSite","@id":"https:\/\/www.sindmoveis.com.br\/es\/#website","url":"https:\/\/www.sindmoveis.com.br\/es\/","name":"Sindm\u00f3veis-RS","description":"","potentialAction":[{"@type":"SearchAction","target":{"@type":"EntryPoint","urlTemplate":"https:\/\/www.sindmoveis.com.br\/es\/?s={search_term_string}"},"query-input":{"@type":"PropertyValueSpecification","valueRequired":true,"valueName":"search_term_string"}}],"inLanguage":"es"},{"@type":"Person","@id":"https:\/\/www.sindmoveis.com.br\/es\/#\/schema\/person\/16d379542db1950a17fe188179340d57","name":"Imprensa Sindm\u00f3veis","image":{"@type":"ImageObject","inLanguage":"es","@id":"https:\/\/www.sindmoveis.com.br\/es\/#\/schema\/person\/image\/","url":"https:\/\/secure.gravatar.com\/avatar\/4973e2e2c2a0cb5db30b0c7b770041b8e33d048a16b695a1f99c042449d4bfaf?s=96&d=mm&r=g","contentUrl":"https:\/\/secure.gravatar.com\/avatar\/4973e2e2c2a0cb5db30b0c7b770041b8e33d048a16b695a1f99c042449d4bfaf?s=96&d=mm&r=g","caption":"Imprensa Sindm\u00f3veis"},"url":"https:\/\/www.sindmoveis.com.br\/es\/author\/ana\/"}]}},"_links":{"self":[{"href":"https:\/\/www.sindmoveis.com.br\/es\/wp-json\/wp\/v2\/posts\/914","targetHints":{"allow":["GET"]}}],"collection":[{"href":"https:\/\/www.sindmoveis.com.br\/es\/wp-json\/wp\/v2\/posts"}],"about":[{"href":"https:\/\/www.sindmoveis.com.br\/es\/wp-json\/wp\/v2\/types\/post"}],"author":[{"embeddable":true,"href":"https:\/\/www.sindmoveis.com.br\/es\/wp-json\/wp\/v2\/users\/5"}],"replies":[{"embeddable":true,"href":"https:\/\/www.sindmoveis.com.br\/es\/wp-json\/wp\/v2\/comments?post=914"}],"version-history":[{"count":2,"href":"https:\/\/www.sindmoveis.com.br\/es\/wp-json\/wp\/v2\/posts\/914\/revisions"}],"predecessor-version":[{"id":3217,"href":"https:\/\/www.sindmoveis.com.br\/es\/wp-json\/wp\/v2\/posts\/914\/revisions\/3217"}],"wp:attachment":[{"href":"https:\/\/www.sindmoveis.com.br\/es\/wp-json\/wp\/v2\/media?parent=914"}],"wp:term":[{"taxonomy":"category","embeddable":true,"href":"https:\/\/www.sindmoveis.com.br\/es\/wp-json\/wp\/v2\/categories?post=914"},{"taxonomy":"post_tag","embeddable":true,"href":"https:\/\/www.sindmoveis.com.br\/es\/wp-json\/wp\/v2\/tags?post=914"}],"curies":[{"name":"wp","href":"https:\/\/api.w.org\/{rel}","templated":true}]}}