{"id":913,"date":"2012-06-29T00:00:00","date_gmt":"2012-06-29T03:00:00","guid":{"rendered":"http:\/\/sindmoveis.com.br\/imprensa\/noticias\/visitantes-e-expositores-aprovam-mudancas-na-movelsul-brasil-2012\/"},"modified":"2021-05-26T10:31:44","modified_gmt":"2021-05-26T13:31:44","slug":"visitantes-e-expositores-aprovam-mudancas-na-movelsul-brasil-2012","status":"publish","type":"post","link":"https:\/\/www.sindmoveis.com.br\/es\/visitantes-e-expositores-aprovam-mudancas-na-movelsul-brasil-2012\/","title":{"rendered":"Visitantes e expositores aprueban cambios en Movelsul Brasil 2012"},"content":{"rendered":"<p>\u00a0<br \/>\n\u00a0<br \/>\nEncuesta apunt\u00f3 alto \u00edndice de satisfacci\u00f3n con la focalizaci\u00f3n \u00a0del evento en la clase C y segmentaci\u00f3n de los \u00a0stands por tipo de producto<br \/>\nTres meses despu\u00e9s de la realizaci\u00f3n de Movelsul Brasil 2012, el Sindicato de las Industrias del Mobiliario de Bento Gon\u00e7alves \u2013 Sindm\u00f3veis, entidad promotora de la mayor feria de muebles de Am\u00e9rica Latina, finalmente puede conmemorar el \u00e9xito del evento con el aval de la encuesta de satisfacci\u00f3n realizada con visitantes y expositores. La evaluaci\u00f3n de las personas consultadas fue positiva para las dos grandes apuestas de la feria en su 18\u00aa edici\u00f3n: focalizaci\u00f3n en la nueva clase media y segmentaci\u00f3n de los stands por tipo de producto.<br \/>\nEstructurado desde 2010 por el directorio de Movelsul Brasil, el proceso de direccionamiento de la feria para la nueva clase media brasile\u00f1a tuvo inicio con la contrataci\u00f3n del Instituto Data Popular, empresa especializada en estudios y consultor\u00eda sobre el comportamiento de la clase C. Con ello, Sindm\u00f3veis pudo conocer m\u00e1s detalladamente el perfil de la vivienda y el mobiliario de las familias con renta per c\u00e1pita entre R$ 350 y R$ 1.300 mensuales, llegando a la oferta de productos aprobada por 83% de los expositores y 87% de los visitantes. \u00a0<br \/>\nYa el cambio en la forma de distribuci\u00f3n de los stands supli\u00f3 la necesidad de reinvenci\u00f3n de Movelsul, equipar\u00e1ndola al modelo seguido por las mayores ferias de muebles del mundo. La segmentaci\u00f3n por tipo de producto estrech\u00f3 a\u00fan m\u00e1s las relaciones comerciales entre expositores y clientes, acelerando la decisi\u00f3n de compra. Los datos de Romagna Marketing e Pesquisa, revelaron que la configuraci\u00f3n fue aprobada por 80% de los expositores y 95% de los visitantes o\u00eddos \u2013 o sea, propietarios o representantes de tiendas que realizaron negocios en la feria.<br \/>\nEn esta 18\u00aa edici\u00f3n, Movelsul tuvo su mayor p\u00fablico diario, con ocho mil visitantes en el tercer d\u00eda de feria. En su \u00faltima acci\u00f3n como presidente de la feria, Jo\u00e3o Paulo Pompermayer festej\u00f3 la aprobaci\u00f3n de los cambios implementados y anunci\u00f3 la intenci\u00f3n de continuidad. \u201cTrazamos metas audaces y ellas fueron plenamente alcanzadas. A pesar de las dificultades en el mercado externo, con la pol\u00edtica cambial y los altos costos de producci\u00f3n en el pa\u00eds, demostramos que es perfectamente posible diferenciar nuestros muebles a trav\u00e9s del dise\u00f1o, productividad y calificaci\u00f3n de la mano de obra,\u201d afirm\u00f3.<br \/>\nLa 19\u00aa edici\u00f3n da Movelsul Brasil ocurre de 24 a 28 de marzo de 2014. Para m\u00e1s informaciones, acceda a \u00a0www.movelsulbrasil.com.br.<br \/>\n\u00a0<\/p>\n","protected":false},"excerpt":{"rendered":"<p>\u00a0 \u00a0 Encuesta apunt\u00f3 alto \u00edndice de satisfacci\u00f3n con la focalizaci\u00f3n \u00a0del evento en la clase C y segmentaci\u00f3n de los \u00a0stands por tipo de producto Tres meses despu\u00e9s de&#8230;  <a class=\"excerpt-read-more\" href=\"https:\/\/www.sindmoveis.com.br\/es\/visitantes-e-expositores-aprovam-mudancas-na-movelsul-brasil-2012\/\" title=\"Read Visitantes e expositores aprueban cambios en Movelsul Brasil 2012\">Leia mais &raquo;<\/a><\/p>\n","protected":false},"author":5,"featured_media":0,"comment_status":"closed","ping_status":"open","sticky":false,"template":"","format":"standard","meta":{"footnotes":"","_links_to":"","_links_to_target":""},"categories":[23,2],"tags":[],"class_list":["post-913","post","type-post","status-publish","format-standard","hentry","category-movelsul","category-sindmoveis"],"yoast_head":"<!-- This site is optimized with the Yoast SEO plugin v27.0 - https:\/\/yoast.com\/product\/yoast-seo-wordpress\/ -->\n<title>Visitantes e expositores aprueban cambios en Movelsul Brasil 2012 - Sindm\u00f3veis-RS<\/title>\n<meta name=\"robots\" content=\"index, follow, max-snippet:-1, max-image-preview:large, max-video-preview:-1\" \/>\n<link rel=\"canonical\" href=\"https:\/\/www.sindmoveis.com.br\/es\/visitantes-e-expositores-aprovam-mudancas-na-movelsul-brasil-2012\/\" \/>\n<meta property=\"og:locale\" content=\"es_ES\" \/>\n<meta property=\"og:type\" content=\"article\" \/>\n<meta property=\"og:title\" content=\"Visitantes e expositores aprueban cambios en Movelsul Brasil 2012 - Sindm\u00f3veis-RS\" \/>\n<meta property=\"og:description\" content=\"\u00a0 \u00a0 Encuesta apunt\u00f3 alto \u00edndice de satisfacci\u00f3n con la focalizaci\u00f3n \u00a0del evento en la clase C y segmentaci\u00f3n de los \u00a0stands por tipo de producto Tres meses despu\u00e9s de... Leia mais &raquo;\" \/>\n<meta property=\"og:url\" content=\"https:\/\/www.sindmoveis.com.br\/es\/visitantes-e-expositores-aprovam-mudancas-na-movelsul-brasil-2012\/\" \/>\n<meta property=\"og:site_name\" content=\"Sindm\u00f3veis-RS\" \/>\n<meta property=\"article:published_time\" content=\"2012-06-29T03:00:00+00:00\" \/>\n<meta property=\"article:modified_time\" content=\"2021-05-26T13:31:44+00:00\" \/>\n<meta name=\"author\" content=\"Imprensa Sindm\u00f3veis\" \/>\n<meta name=\"twitter:card\" content=\"summary_large_image\" \/>\n<meta name=\"twitter:label1\" content=\"Escrito por\" \/>\n\t<meta name=\"twitter:data1\" content=\"Imprensa Sindm\u00f3veis\" \/>\n\t<meta name=\"twitter:label2\" content=\"Tiempo de lectura\" \/>\n\t<meta name=\"twitter:data2\" content=\"2 minutos\" \/>\n<script type=\"application\/ld+json\" class=\"yoast-schema-graph\">{\"@context\":\"https:\/\/schema.org\",\"@graph\":[{\"@type\":\"Article\",\"@id\":\"https:\/\/www.sindmoveis.com.br\/es\/visitantes-e-expositores-aprovam-mudancas-na-movelsul-brasil-2012\/#article\",\"isPartOf\":{\"@id\":\"https:\/\/www.sindmoveis.com.br\/es\/visitantes-e-expositores-aprovam-mudancas-na-movelsul-brasil-2012\/\"},\"author\":{\"name\":\"Imprensa Sindm\u00f3veis\",\"@id\":\"https:\/\/www.sindmoveis.com.br\/es\/#\/schema\/person\/16d379542db1950a17fe188179340d57\"},\"headline\":\"Visitantes e expositores aprueban cambios en Movelsul Brasil 2012\",\"datePublished\":\"2012-06-29T03:00:00+00:00\",\"dateModified\":\"2021-05-26T13:31:44+00:00\",\"mainEntityOfPage\":{\"@id\":\"https:\/\/www.sindmoveis.com.br\/es\/visitantes-e-expositores-aprovam-mudancas-na-movelsul-brasil-2012\/\"},\"wordCount\":446,\"articleSection\":[\"Movelsul\",\"Sindm\u00f3veis\"],\"inLanguage\":\"es\"},{\"@type\":\"WebPage\",\"@id\":\"https:\/\/www.sindmoveis.com.br\/es\/visitantes-e-expositores-aprovam-mudancas-na-movelsul-brasil-2012\/\",\"url\":\"https:\/\/www.sindmoveis.com.br\/es\/visitantes-e-expositores-aprovam-mudancas-na-movelsul-brasil-2012\/\",\"name\":\"Visitantes e expositores aprueban cambios en Movelsul Brasil 2012 - Sindm\u00f3veis-RS\",\"isPartOf\":{\"@id\":\"https:\/\/www.sindmoveis.com.br\/es\/#website\"},\"datePublished\":\"2012-06-29T03:00:00+00:00\",\"dateModified\":\"2021-05-26T13:31:44+00:00\",\"author\":{\"@id\":\"https:\/\/www.sindmoveis.com.br\/es\/#\/schema\/person\/16d379542db1950a17fe188179340d57\"},\"inLanguage\":\"es\",\"potentialAction\":[{\"@type\":\"ReadAction\",\"target\":[\"https:\/\/www.sindmoveis.com.br\/es\/visitantes-e-expositores-aprovam-mudancas-na-movelsul-brasil-2012\/\"]}]},{\"@type\":\"WebSite\",\"@id\":\"https:\/\/www.sindmoveis.com.br\/es\/#website\",\"url\":\"https:\/\/www.sindmoveis.com.br\/es\/\",\"name\":\"Sindm\u00f3veis-RS\",\"description\":\"\",\"potentialAction\":[{\"@type\":\"SearchAction\",\"target\":{\"@type\":\"EntryPoint\",\"urlTemplate\":\"https:\/\/www.sindmoveis.com.br\/es\/?s={search_term_string}\"},\"query-input\":{\"@type\":\"PropertyValueSpecification\",\"valueRequired\":true,\"valueName\":\"search_term_string\"}}],\"inLanguage\":\"es\"},{\"@type\":\"Person\",\"@id\":\"https:\/\/www.sindmoveis.com.br\/es\/#\/schema\/person\/16d379542db1950a17fe188179340d57\",\"name\":\"Imprensa Sindm\u00f3veis\",\"image\":{\"@type\":\"ImageObject\",\"inLanguage\":\"es\",\"@id\":\"https:\/\/www.sindmoveis.com.br\/es\/#\/schema\/person\/image\/\",\"url\":\"https:\/\/secure.gravatar.com\/avatar\/4973e2e2c2a0cb5db30b0c7b770041b8e33d048a16b695a1f99c042449d4bfaf?s=96&d=mm&r=g\",\"contentUrl\":\"https:\/\/secure.gravatar.com\/avatar\/4973e2e2c2a0cb5db30b0c7b770041b8e33d048a16b695a1f99c042449d4bfaf?s=96&d=mm&r=g\",\"caption\":\"Imprensa Sindm\u00f3veis\"},\"url\":\"https:\/\/www.sindmoveis.com.br\/es\/author\/ana\/\"}]}<\/script>\n<!-- \/ Yoast SEO plugin. -->","yoast_head_json":{"title":"Visitantes e expositores aprueban cambios en Movelsul Brasil 2012 - Sindm\u00f3veis-RS","robots":{"index":"index","follow":"follow","max-snippet":"max-snippet:-1","max-image-preview":"max-image-preview:large","max-video-preview":"max-video-preview:-1"},"canonical":"https:\/\/www.sindmoveis.com.br\/es\/visitantes-e-expositores-aprovam-mudancas-na-movelsul-brasil-2012\/","og_locale":"es_ES","og_type":"article","og_title":"Visitantes e expositores aprueban cambios en Movelsul Brasil 2012 - Sindm\u00f3veis-RS","og_description":"\u00a0 \u00a0 Encuesta apunt\u00f3 alto \u00edndice de satisfacci\u00f3n con la focalizaci\u00f3n \u00a0del evento en la clase C y segmentaci\u00f3n de los \u00a0stands por tipo de producto Tres meses despu\u00e9s de... Leia mais &raquo;","og_url":"https:\/\/www.sindmoveis.com.br\/es\/visitantes-e-expositores-aprovam-mudancas-na-movelsul-brasil-2012\/","og_site_name":"Sindm\u00f3veis-RS","article_published_time":"2012-06-29T03:00:00+00:00","article_modified_time":"2021-05-26T13:31:44+00:00","author":"Imprensa Sindm\u00f3veis","twitter_card":"summary_large_image","twitter_misc":{"Escrito por":"Imprensa Sindm\u00f3veis","Tiempo de lectura":"2 minutos"},"schema":{"@context":"https:\/\/schema.org","@graph":[{"@type":"Article","@id":"https:\/\/www.sindmoveis.com.br\/es\/visitantes-e-expositores-aprovam-mudancas-na-movelsul-brasil-2012\/#article","isPartOf":{"@id":"https:\/\/www.sindmoveis.com.br\/es\/visitantes-e-expositores-aprovam-mudancas-na-movelsul-brasil-2012\/"},"author":{"name":"Imprensa Sindm\u00f3veis","@id":"https:\/\/www.sindmoveis.com.br\/es\/#\/schema\/person\/16d379542db1950a17fe188179340d57"},"headline":"Visitantes e expositores aprueban cambios en Movelsul Brasil 2012","datePublished":"2012-06-29T03:00:00+00:00","dateModified":"2021-05-26T13:31:44+00:00","mainEntityOfPage":{"@id":"https:\/\/www.sindmoveis.com.br\/es\/visitantes-e-expositores-aprovam-mudancas-na-movelsul-brasil-2012\/"},"wordCount":446,"articleSection":["Movelsul","Sindm\u00f3veis"],"inLanguage":"es"},{"@type":"WebPage","@id":"https:\/\/www.sindmoveis.com.br\/es\/visitantes-e-expositores-aprovam-mudancas-na-movelsul-brasil-2012\/","url":"https:\/\/www.sindmoveis.com.br\/es\/visitantes-e-expositores-aprovam-mudancas-na-movelsul-brasil-2012\/","name":"Visitantes e expositores aprueban cambios en Movelsul Brasil 2012 - Sindm\u00f3veis-RS","isPartOf":{"@id":"https:\/\/www.sindmoveis.com.br\/es\/#website"},"datePublished":"2012-06-29T03:00:00+00:00","dateModified":"2021-05-26T13:31:44+00:00","author":{"@id":"https:\/\/www.sindmoveis.com.br\/es\/#\/schema\/person\/16d379542db1950a17fe188179340d57"},"inLanguage":"es","potentialAction":[{"@type":"ReadAction","target":["https:\/\/www.sindmoveis.com.br\/es\/visitantes-e-expositores-aprovam-mudancas-na-movelsul-brasil-2012\/"]}]},{"@type":"WebSite","@id":"https:\/\/www.sindmoveis.com.br\/es\/#website","url":"https:\/\/www.sindmoveis.com.br\/es\/","name":"Sindm\u00f3veis-RS","description":"","potentialAction":[{"@type":"SearchAction","target":{"@type":"EntryPoint","urlTemplate":"https:\/\/www.sindmoveis.com.br\/es\/?s={search_term_string}"},"query-input":{"@type":"PropertyValueSpecification","valueRequired":true,"valueName":"search_term_string"}}],"inLanguage":"es"},{"@type":"Person","@id":"https:\/\/www.sindmoveis.com.br\/es\/#\/schema\/person\/16d379542db1950a17fe188179340d57","name":"Imprensa Sindm\u00f3veis","image":{"@type":"ImageObject","inLanguage":"es","@id":"https:\/\/www.sindmoveis.com.br\/es\/#\/schema\/person\/image\/","url":"https:\/\/secure.gravatar.com\/avatar\/4973e2e2c2a0cb5db30b0c7b770041b8e33d048a16b695a1f99c042449d4bfaf?s=96&d=mm&r=g","contentUrl":"https:\/\/secure.gravatar.com\/avatar\/4973e2e2c2a0cb5db30b0c7b770041b8e33d048a16b695a1f99c042449d4bfaf?s=96&d=mm&r=g","caption":"Imprensa Sindm\u00f3veis"},"url":"https:\/\/www.sindmoveis.com.br\/es\/author\/ana\/"}]}},"_links":{"self":[{"href":"https:\/\/www.sindmoveis.com.br\/es\/wp-json\/wp\/v2\/posts\/913","targetHints":{"allow":["GET"]}}],"collection":[{"href":"https:\/\/www.sindmoveis.com.br\/es\/wp-json\/wp\/v2\/posts"}],"about":[{"href":"https:\/\/www.sindmoveis.com.br\/es\/wp-json\/wp\/v2\/types\/post"}],"author":[{"embeddable":true,"href":"https:\/\/www.sindmoveis.com.br\/es\/wp-json\/wp\/v2\/users\/5"}],"replies":[{"embeddable":true,"href":"https:\/\/www.sindmoveis.com.br\/es\/wp-json\/wp\/v2\/comments?post=913"}],"version-history":[{"count":2,"href":"https:\/\/www.sindmoveis.com.br\/es\/wp-json\/wp\/v2\/posts\/913\/revisions"}],"predecessor-version":[{"id":3216,"href":"https:\/\/www.sindmoveis.com.br\/es\/wp-json\/wp\/v2\/posts\/913\/revisions\/3216"}],"wp:attachment":[{"href":"https:\/\/www.sindmoveis.com.br\/es\/wp-json\/wp\/v2\/media?parent=913"}],"wp:term":[{"taxonomy":"category","embeddable":true,"href":"https:\/\/www.sindmoveis.com.br\/es\/wp-json\/wp\/v2\/categories?post=913"},{"taxonomy":"post_tag","embeddable":true,"href":"https:\/\/www.sindmoveis.com.br\/es\/wp-json\/wp\/v2\/tags?post=913"}],"curies":[{"name":"wp","href":"https:\/\/api.w.org\/{rel}","templated":true}]}}