{"id":911,"date":"2012-06-26T00:00:00","date_gmt":"2012-06-26T03:00:00","guid":{"rendered":"http:\/\/sindmoveis.com.br\/imprensa\/noticias\/sindmoveis-esclarece-duvidas-sobre-a-desoneracao-da-folha-de-pagamento\/"},"modified":"2021-05-26T10:24:54","modified_gmt":"2021-05-26T13:24:54","slug":"sindmoveis-esclarece-duvidas-sobre-a-desoneracao-da-folha-de-pagamento","status":"publish","type":"post","link":"https:\/\/www.sindmoveis.com.br\/es\/sindmoveis-esclarece-duvidas-sobre-a-desoneracao-da-folha-de-pagamento\/","title":{"rendered":"Sindm\u00f3veis aclara dudas sobre la exoneraci\u00f3n de la n\u00f3mina de pago"},"content":{"rendered":"<p>V\u00e1lida a partir de agosto, Medida Provisoria va a alterar modelo de recogimiento del Instituto Nacional de Seguro Social \u2013 INSS, para las empresas fabricantes de muebles\u00a0<br \/>\nEl Sindicato de las Industrias del Mobiliario de Bento Gon\u00e7alves (Sindm\u00f3veis) est\u00e1 promoviendo una serie de encuentros entre las industrias asociadas, oficinas de contabilidad y sectores jur\u00eddicos para aclarar dudas sobre la Medida Provisoria n\u00famero 563\/2012, que incluy\u00f3 las fabricantes de muebles entre los sectores que pasar\u00e1n a recoger la contribuci\u00f3n del Instituto Nacional de Seguro Social \u2013INSS sobre la recaudaci\u00f3n, en sustituci\u00f3n al porcentual de 20% sobre la remuneraci\u00f3n.<br \/>\nEl cambio entra en vigor el d\u00eda 1\u00b0 de agosto, cuando las industrias fabricantes de muebles pasar\u00e1n a recoger lo equivalente al 1% de su renta bruta, exceptuando el valor de venta de exportaci\u00f3n, pago del Impuesto sobre Productos Industrializados \u2013 IPI, devoluciones y descuentos. Inicialmente, la medida traer\u00e1 una ventaja mayor para empresas con producci\u00f3n menos mecanizada y con alto \u00edndice de mano de obra contratada \u2013 aproximadamente 85% del cuadro de asociadas de Sindm\u00f3veis.<br \/>\nYa las industrias con mayor valor agregado en su producci\u00f3n y que hacen uso de mano de obra de terceros, no contar\u00e1n en un primer momento con este beneficio. \u201cPero, tomando en cuenta las coyunturas del mercado, tambi\u00e9n las empresas que se sientan perjudicadas tendr\u00e1n ventajas en algunos meses de baja facturaci\u00f3n \u2013 m\u00e1s espec\u00edficamente cuando est\u00e9n por debajo del 70% de su facturaci\u00f3n\u201d, pondera el director jur\u00eddico laboral de Sindm\u00f3veis, Gilberto Bertarello.<br \/>\nEl pr\u00f3ximo debate de Sindm\u00f3veis sobre el tema ser\u00e1 realizado el d\u00eda 26 de Julio, y ser\u00e1 \u00a0dirigido a las empresas asociadas, oficinas de contabilidad y abogados. La mesa de debates ser\u00e1 formada por el director y vicedirector jur\u00eddico laboral de Sindm\u00f3veis, Gilberto Bertarello y Rafael Marchetto, adem\u00e1s del abogado Enio Ghelen, de Ghelen Contabilidad.<br \/>\n\u00a0<br \/>\n\u00a0<br \/>\n\u00a0<\/p>\n","protected":false},"excerpt":{"rendered":"<p>V\u00e1lida a partir de agosto, Medida Provisoria va a alterar modelo de recogimiento del Instituto Nacional de Seguro Social \u2013 INSS, para las empresas fabricantes de muebles\u00a0 El Sindicato de&#8230;  <a class=\"excerpt-read-more\" href=\"https:\/\/www.sindmoveis.com.br\/es\/sindmoveis-esclarece-duvidas-sobre-a-desoneracao-da-folha-de-pagamento\/\" title=\"Read Sindm\u00f3veis aclara dudas sobre la exoneraci\u00f3n de la n\u00f3mina de pago\">Leia mais &raquo;<\/a><\/p>\n","protected":false},"author":5,"featured_media":0,"comment_status":"closed","ping_status":"open","sticky":false,"template":"","format":"standard","meta":{"footnotes":"","_links_to":"","_links_to_target":""},"categories":[2],"tags":[],"class_list":["post-911","post","type-post","status-publish","format-standard","hentry","category-sindmoveis"],"yoast_head":"<!-- This site is optimized with the Yoast SEO plugin v27.0 - https:\/\/yoast.com\/product\/yoast-seo-wordpress\/ -->\n<title>Sindm\u00f3veis aclara dudas sobre la exoneraci\u00f3n de la n\u00f3mina de pago - Sindm\u00f3veis-RS<\/title>\n<meta name=\"robots\" content=\"index, follow, max-snippet:-1, max-image-preview:large, max-video-preview:-1\" \/>\n<link rel=\"canonical\" href=\"https:\/\/www.sindmoveis.com.br\/es\/sindmoveis-esclarece-duvidas-sobre-a-desoneracao-da-folha-de-pagamento\/\" \/>\n<meta property=\"og:locale\" content=\"es_ES\" \/>\n<meta property=\"og:type\" content=\"article\" \/>\n<meta property=\"og:title\" content=\"Sindm\u00f3veis aclara dudas sobre la exoneraci\u00f3n de la n\u00f3mina de pago - Sindm\u00f3veis-RS\" \/>\n<meta property=\"og:description\" content=\"V\u00e1lida a partir de agosto, Medida Provisoria va a alterar modelo de recogimiento del Instituto Nacional de Seguro Social \u2013 INSS, para las empresas fabricantes de muebles\u00a0 El Sindicato de... Leia mais &raquo;\" \/>\n<meta property=\"og:url\" content=\"https:\/\/www.sindmoveis.com.br\/es\/sindmoveis-esclarece-duvidas-sobre-a-desoneracao-da-folha-de-pagamento\/\" \/>\n<meta property=\"og:site_name\" content=\"Sindm\u00f3veis-RS\" \/>\n<meta property=\"article:published_time\" content=\"2012-06-26T03:00:00+00:00\" \/>\n<meta property=\"article:modified_time\" content=\"2021-05-26T13:24:54+00:00\" \/>\n<meta name=\"author\" content=\"Imprensa Sindm\u00f3veis\" \/>\n<meta name=\"twitter:card\" content=\"summary_large_image\" \/>\n<meta name=\"twitter:label1\" content=\"Escrito por\" \/>\n\t<meta name=\"twitter:data1\" content=\"Imprensa Sindm\u00f3veis\" \/>\n\t<meta name=\"twitter:label2\" content=\"Tiempo de lectura\" \/>\n\t<meta name=\"twitter:data2\" content=\"2 minutos\" \/>\n<script type=\"application\/ld+json\" class=\"yoast-schema-graph\">{\"@context\":\"https:\/\/schema.org\",\"@graph\":[{\"@type\":\"Article\",\"@id\":\"https:\/\/www.sindmoveis.com.br\/es\/sindmoveis-esclarece-duvidas-sobre-a-desoneracao-da-folha-de-pagamento\/#article\",\"isPartOf\":{\"@id\":\"https:\/\/www.sindmoveis.com.br\/es\/sindmoveis-esclarece-duvidas-sobre-a-desoneracao-da-folha-de-pagamento\/\"},\"author\":{\"name\":\"Imprensa Sindm\u00f3veis\",\"@id\":\"https:\/\/www.sindmoveis.com.br\/es\/#\/schema\/person\/16d379542db1950a17fe188179340d57\"},\"headline\":\"Sindm\u00f3veis aclara dudas sobre la exoneraci\u00f3n de la n\u00f3mina de pago\",\"datePublished\":\"2012-06-26T03:00:00+00:00\",\"dateModified\":\"2021-05-26T13:24:54+00:00\",\"mainEntityOfPage\":{\"@id\":\"https:\/\/www.sindmoveis.com.br\/es\/sindmoveis-esclarece-duvidas-sobre-a-desoneracao-da-folha-de-pagamento\/\"},\"wordCount\":336,\"articleSection\":[\"Sindm\u00f3veis\"],\"inLanguage\":\"es\"},{\"@type\":\"WebPage\",\"@id\":\"https:\/\/www.sindmoveis.com.br\/es\/sindmoveis-esclarece-duvidas-sobre-a-desoneracao-da-folha-de-pagamento\/\",\"url\":\"https:\/\/www.sindmoveis.com.br\/es\/sindmoveis-esclarece-duvidas-sobre-a-desoneracao-da-folha-de-pagamento\/\",\"name\":\"Sindm\u00f3veis aclara dudas sobre la exoneraci\u00f3n de la n\u00f3mina de pago - Sindm\u00f3veis-RS\",\"isPartOf\":{\"@id\":\"https:\/\/www.sindmoveis.com.br\/es\/#website\"},\"datePublished\":\"2012-06-26T03:00:00+00:00\",\"dateModified\":\"2021-05-26T13:24:54+00:00\",\"author\":{\"@id\":\"https:\/\/www.sindmoveis.com.br\/es\/#\/schema\/person\/16d379542db1950a17fe188179340d57\"},\"inLanguage\":\"es\",\"potentialAction\":[{\"@type\":\"ReadAction\",\"target\":[\"https:\/\/www.sindmoveis.com.br\/es\/sindmoveis-esclarece-duvidas-sobre-a-desoneracao-da-folha-de-pagamento\/\"]}]},{\"@type\":\"WebSite\",\"@id\":\"https:\/\/www.sindmoveis.com.br\/es\/#website\",\"url\":\"https:\/\/www.sindmoveis.com.br\/es\/\",\"name\":\"Sindm\u00f3veis-RS\",\"description\":\"\",\"potentialAction\":[{\"@type\":\"SearchAction\",\"target\":{\"@type\":\"EntryPoint\",\"urlTemplate\":\"https:\/\/www.sindmoveis.com.br\/es\/?s={search_term_string}\"},\"query-input\":{\"@type\":\"PropertyValueSpecification\",\"valueRequired\":true,\"valueName\":\"search_term_string\"}}],\"inLanguage\":\"es\"},{\"@type\":\"Person\",\"@id\":\"https:\/\/www.sindmoveis.com.br\/es\/#\/schema\/person\/16d379542db1950a17fe188179340d57\",\"name\":\"Imprensa Sindm\u00f3veis\",\"image\":{\"@type\":\"ImageObject\",\"inLanguage\":\"es\",\"@id\":\"https:\/\/www.sindmoveis.com.br\/es\/#\/schema\/person\/image\/\",\"url\":\"https:\/\/secure.gravatar.com\/avatar\/4973e2e2c2a0cb5db30b0c7b770041b8e33d048a16b695a1f99c042449d4bfaf?s=96&d=mm&r=g\",\"contentUrl\":\"https:\/\/secure.gravatar.com\/avatar\/4973e2e2c2a0cb5db30b0c7b770041b8e33d048a16b695a1f99c042449d4bfaf?s=96&d=mm&r=g\",\"caption\":\"Imprensa Sindm\u00f3veis\"},\"url\":\"https:\/\/www.sindmoveis.com.br\/es\/author\/ana\/\"}]}<\/script>\n<!-- \/ Yoast SEO plugin. -->","yoast_head_json":{"title":"Sindm\u00f3veis aclara dudas sobre la exoneraci\u00f3n de la n\u00f3mina de pago - Sindm\u00f3veis-RS","robots":{"index":"index","follow":"follow","max-snippet":"max-snippet:-1","max-image-preview":"max-image-preview:large","max-video-preview":"max-video-preview:-1"},"canonical":"https:\/\/www.sindmoveis.com.br\/es\/sindmoveis-esclarece-duvidas-sobre-a-desoneracao-da-folha-de-pagamento\/","og_locale":"es_ES","og_type":"article","og_title":"Sindm\u00f3veis aclara dudas sobre la exoneraci\u00f3n de la n\u00f3mina de pago - Sindm\u00f3veis-RS","og_description":"V\u00e1lida a partir de agosto, Medida Provisoria va a alterar modelo de recogimiento del Instituto Nacional de Seguro Social \u2013 INSS, para las empresas fabricantes de muebles\u00a0 El Sindicato de... Leia mais &raquo;","og_url":"https:\/\/www.sindmoveis.com.br\/es\/sindmoveis-esclarece-duvidas-sobre-a-desoneracao-da-folha-de-pagamento\/","og_site_name":"Sindm\u00f3veis-RS","article_published_time":"2012-06-26T03:00:00+00:00","article_modified_time":"2021-05-26T13:24:54+00:00","author":"Imprensa Sindm\u00f3veis","twitter_card":"summary_large_image","twitter_misc":{"Escrito por":"Imprensa Sindm\u00f3veis","Tiempo de lectura":"2 minutos"},"schema":{"@context":"https:\/\/schema.org","@graph":[{"@type":"Article","@id":"https:\/\/www.sindmoveis.com.br\/es\/sindmoveis-esclarece-duvidas-sobre-a-desoneracao-da-folha-de-pagamento\/#article","isPartOf":{"@id":"https:\/\/www.sindmoveis.com.br\/es\/sindmoveis-esclarece-duvidas-sobre-a-desoneracao-da-folha-de-pagamento\/"},"author":{"name":"Imprensa Sindm\u00f3veis","@id":"https:\/\/www.sindmoveis.com.br\/es\/#\/schema\/person\/16d379542db1950a17fe188179340d57"},"headline":"Sindm\u00f3veis aclara dudas sobre la exoneraci\u00f3n de la n\u00f3mina de pago","datePublished":"2012-06-26T03:00:00+00:00","dateModified":"2021-05-26T13:24:54+00:00","mainEntityOfPage":{"@id":"https:\/\/www.sindmoveis.com.br\/es\/sindmoveis-esclarece-duvidas-sobre-a-desoneracao-da-folha-de-pagamento\/"},"wordCount":336,"articleSection":["Sindm\u00f3veis"],"inLanguage":"es"},{"@type":"WebPage","@id":"https:\/\/www.sindmoveis.com.br\/es\/sindmoveis-esclarece-duvidas-sobre-a-desoneracao-da-folha-de-pagamento\/","url":"https:\/\/www.sindmoveis.com.br\/es\/sindmoveis-esclarece-duvidas-sobre-a-desoneracao-da-folha-de-pagamento\/","name":"Sindm\u00f3veis aclara dudas sobre la exoneraci\u00f3n de la n\u00f3mina de pago - Sindm\u00f3veis-RS","isPartOf":{"@id":"https:\/\/www.sindmoveis.com.br\/es\/#website"},"datePublished":"2012-06-26T03:00:00+00:00","dateModified":"2021-05-26T13:24:54+00:00","author":{"@id":"https:\/\/www.sindmoveis.com.br\/es\/#\/schema\/person\/16d379542db1950a17fe188179340d57"},"inLanguage":"es","potentialAction":[{"@type":"ReadAction","target":["https:\/\/www.sindmoveis.com.br\/es\/sindmoveis-esclarece-duvidas-sobre-a-desoneracao-da-folha-de-pagamento\/"]}]},{"@type":"WebSite","@id":"https:\/\/www.sindmoveis.com.br\/es\/#website","url":"https:\/\/www.sindmoveis.com.br\/es\/","name":"Sindm\u00f3veis-RS","description":"","potentialAction":[{"@type":"SearchAction","target":{"@type":"EntryPoint","urlTemplate":"https:\/\/www.sindmoveis.com.br\/es\/?s={search_term_string}"},"query-input":{"@type":"PropertyValueSpecification","valueRequired":true,"valueName":"search_term_string"}}],"inLanguage":"es"},{"@type":"Person","@id":"https:\/\/www.sindmoveis.com.br\/es\/#\/schema\/person\/16d379542db1950a17fe188179340d57","name":"Imprensa Sindm\u00f3veis","image":{"@type":"ImageObject","inLanguage":"es","@id":"https:\/\/www.sindmoveis.com.br\/es\/#\/schema\/person\/image\/","url":"https:\/\/secure.gravatar.com\/avatar\/4973e2e2c2a0cb5db30b0c7b770041b8e33d048a16b695a1f99c042449d4bfaf?s=96&d=mm&r=g","contentUrl":"https:\/\/secure.gravatar.com\/avatar\/4973e2e2c2a0cb5db30b0c7b770041b8e33d048a16b695a1f99c042449d4bfaf?s=96&d=mm&r=g","caption":"Imprensa Sindm\u00f3veis"},"url":"https:\/\/www.sindmoveis.com.br\/es\/author\/ana\/"}]}},"_links":{"self":[{"href":"https:\/\/www.sindmoveis.com.br\/es\/wp-json\/wp\/v2\/posts\/911","targetHints":{"allow":["GET"]}}],"collection":[{"href":"https:\/\/www.sindmoveis.com.br\/es\/wp-json\/wp\/v2\/posts"}],"about":[{"href":"https:\/\/www.sindmoveis.com.br\/es\/wp-json\/wp\/v2\/types\/post"}],"author":[{"embeddable":true,"href":"https:\/\/www.sindmoveis.com.br\/es\/wp-json\/wp\/v2\/users\/5"}],"replies":[{"embeddable":true,"href":"https:\/\/www.sindmoveis.com.br\/es\/wp-json\/wp\/v2\/comments?post=911"}],"version-history":[{"count":2,"href":"https:\/\/www.sindmoveis.com.br\/es\/wp-json\/wp\/v2\/posts\/911\/revisions"}],"predecessor-version":[{"id":3214,"href":"https:\/\/www.sindmoveis.com.br\/es\/wp-json\/wp\/v2\/posts\/911\/revisions\/3214"}],"wp:attachment":[{"href":"https:\/\/www.sindmoveis.com.br\/es\/wp-json\/wp\/v2\/media?parent=911"}],"wp:term":[{"taxonomy":"category","embeddable":true,"href":"https:\/\/www.sindmoveis.com.br\/es\/wp-json\/wp\/v2\/categories?post=911"},{"taxonomy":"post_tag","embeddable":true,"href":"https:\/\/www.sindmoveis.com.br\/es\/wp-json\/wp\/v2\/tags?post=911"}],"curies":[{"name":"wp","href":"https:\/\/api.w.org\/{rel}","templated":true}]}}