{"id":910,"date":"2012-06-22T00:00:00","date_gmt":"2012-06-22T03:00:00","guid":{"rendered":"http:\/\/sindmoveis.com.br\/imprensa\/noticias\/moveleiros-se-preparam-para-a-certificacao-de-bercos\/"},"modified":"2021-05-26T10:24:54","modified_gmt":"2021-05-26T13:24:54","slug":"moveleiros-se-preparam-para-a-certificacao-de-bercos","status":"publish","type":"post","link":"https:\/\/www.sindmoveis.com.br\/es\/moveleiros-se-preparam-para-a-certificacao-de-bercos\/","title":{"rendered":"Empresas fabricantes de muebles se preparan para la certificaci\u00f3n de cunas"},"content":{"rendered":"<p>Por lo menos 15 industrias del polo de Bento Gon\u00e7alves deber\u00e1n seguir nuevo modelo de gesti\u00f3n y estandarizar proceso productivo a partir de 2013<br \/>\n\u00a0<br \/>\nDentro de seis meses, ninguna industria fabricante de muebles del pa\u00eds podr\u00e1 fabricar o importar cunas sin la certificaci\u00f3n y registro en el Instituto Nacional de Metrolog\u00eda, Calidad y Tecnolog\u00eda-Inmetro. La resoluci\u00f3n 269\/2011 es una medida tomada por el gobierno federal en respuesta a \u00a0inconformidades constatadas, sobre todo, en los productos importados \u00a0que pueden perjudicar la estructura del mueble, causando accidentes. El plazo para la comercializaci\u00f3n de cunas fuera de los est\u00e1ndares exigidos en ley se extiende hasta junio de 2013 y, a partir de 2014, tambi\u00e9n las tiendas de venta al p\u00fablico solamente podr\u00e1n comercializar mobiliario certificado. En el polo de Bento Gon\u00e7alves, aproximadamente 15 fabricantes se est\u00e1n preparando para las exigencias y cuentan con la asesor\u00eda del Servicio Nacional de Aprendizaje Industrial \u2013 Senai y del Centro Tecnol\u00f3gico del Mobiliario \u2013 Cetemo, para realizar ese proceso.<br \/>\nLa t\u00e9cnica en desarrollo de Senai\/Cetemo, Luana Bombassaro, explica que para atender la resoluci\u00f3n, las empresas deber\u00e1n implementar un sistema de gesti\u00f3n adecuado y someter todos los componentes a pruebas experimentales, siendo que en la actualidad el Centro Tecnol\u00f3gico del Mobiliario- Cetemo es el \u00fanico que tiene un laboratorio acreditado por Inmetro para hacer esas pruebas experimentales a las cunas. La necesidad de certificaci\u00f3n deber\u00e1 causar impacto tanto en el dise\u00f1o de los productos como en los componentes utilizados, afectando el precio final del producto. \u201cQuien perciba la exigencia legal como una oportunidad de mercado, estar\u00e1 al frente. Y, como la resoluci\u00f3n abarca la gesti\u00f3n de todo el proceso fabril, es necesario un comprometimiento que va desde el dise\u00f1ador y hasta del trabajador manual\u201d, afirma.\u00a0<br \/>\nPara Sindm\u00f3veis, la resoluci\u00f3n exigir\u00e1 una adaptaci\u00f3n por parte de los fabricantes, pero es ben\u00e9fica tanto para el consumidor como para las propias industrias, que tendr\u00e1n orientaci\u00f3n legal para la fabricaci\u00f3n de cunas. La presidente de la entidad, C\u00e1tia Scarton, a\u00f1ade que la ocasi\u00f3n forzar\u00e1 cambios tambi\u00e9n por parte de los proveedores de la industria del mobiliario, ya que la ley restringe componentes y materias primas, en pro de la seguridad. \u201cLa certificaci\u00f3n compulsoria tiene como intuito reducir el riesgo de accidentes. Siendo as\u00ed, las entidades que representan el sector del mobiliario s\u00f3lo pueden apoyar la iniciativa\u201d, afirma C\u00e1tia Scarton.<br \/>\nEl empresario Ivo Cusin, de la empresa Multim\u00f3veis, fabricante de mobiliario infantil, considera que la resoluci\u00f3n ha llegado para ajustar algunas industrias que ven\u00edan colocando en el mercado productos de calidad inferior. \u00c9l apunta que la mayor dificultad en el momento es concientizar a los proveedores sobre las exigencias de la ley para que la adaptaci\u00f3n de los componentes ocurra con m\u00e1s agilidad. Sin embargo, como las modificaciones en las bases, herrajes y chapas exigen investigaci\u00f3n y adecuaci\u00f3n de costos, es posible que hasta el fin del a\u00f1o \u00a0no todas las fabricantes hayan concluido el proceso de certificaci\u00f3n. \u201cSi el trabajo de fiscalizaci\u00f3n realmente es riguroso a partir del pr\u00f3ximo a\u00f1o, las empresas que estuvieren dentro de las normas ciertamente ser\u00e1n beneficiadas\u201d, proyecta.\u00a0<br \/>\nSenai est\u00e1 ofreciendo asesor\u00eda a las empresas para la interpretaci\u00f3n de las normas y su aplicabilidad en los productos, pasando por la evaluaci\u00f3n dimensional de las l\u00edneas e indicaci\u00f3n para ensayos de resistencia. La certificadora de Senai en Caxias do Sul sigue todo el sistema de certificaci\u00f3n publicado en la resoluci\u00f3n, evaluando documentaciones, proyectos y el sistema de gesti\u00f3n basado en 14 requisitos de ISO 9001. Son hechas, igualmente, auditor\u00edas en la f\u00e1brica para la verificaci\u00f3n de la estandarizaci\u00f3n de la calidad y colecta de muestras aleatorias para ensayo. Para obtener el sello, es necesario encaminar registro para aprobaci\u00f3n en el Instituto de Metrolog\u00eda, Calidad y Tecnolog\u00eda- INMETRO.<\/p>\n","protected":false},"excerpt":{"rendered":"<p>Por lo menos 15 industrias del polo de Bento Gon\u00e7alves deber\u00e1n seguir nuevo modelo de gesti\u00f3n y estandarizar proceso productivo a partir de 2013 \u00a0 Dentro de seis meses, ninguna&#8230;  <a class=\"excerpt-read-more\" href=\"https:\/\/www.sindmoveis.com.br\/es\/moveleiros-se-preparam-para-a-certificacao-de-bercos\/\" title=\"Read Empresas fabricantes de muebles se preparan para la certificaci\u00f3n de cunas\">Leia mais &raquo;<\/a><\/p>\n","protected":false},"author":5,"featured_media":0,"comment_status":"closed","ping_status":"open","sticky":false,"template":"","format":"standard","meta":{"footnotes":"","_links_to":"","_links_to_target":""},"categories":[2],"tags":[],"class_list":["post-910","post","type-post","status-publish","format-standard","hentry","category-sindmoveis"],"yoast_head":"<!-- This site is optimized with the Yoast SEO plugin v27.0 - https:\/\/yoast.com\/product\/yoast-seo-wordpress\/ -->\n<title>Empresas fabricantes de muebles se preparan para la certificaci\u00f3n de cunas - Sindm\u00f3veis-RS<\/title>\n<meta name=\"robots\" content=\"index, follow, max-snippet:-1, max-image-preview:large, max-video-preview:-1\" \/>\n<link rel=\"canonical\" href=\"https:\/\/www.sindmoveis.com.br\/es\/moveleiros-se-preparam-para-a-certificacao-de-bercos\/\" \/>\n<meta property=\"og:locale\" content=\"es_ES\" \/>\n<meta property=\"og:type\" content=\"article\" \/>\n<meta property=\"og:title\" content=\"Empresas fabricantes de muebles se preparan para la certificaci\u00f3n de cunas - Sindm\u00f3veis-RS\" \/>\n<meta property=\"og:description\" content=\"Por lo menos 15 industrias del polo de Bento Gon\u00e7alves deber\u00e1n seguir nuevo modelo de gesti\u00f3n y estandarizar proceso productivo a partir de 2013 \u00a0 Dentro de seis meses, ninguna... Leia mais &raquo;\" \/>\n<meta property=\"og:url\" content=\"https:\/\/www.sindmoveis.com.br\/es\/moveleiros-se-preparam-para-a-certificacao-de-bercos\/\" \/>\n<meta property=\"og:site_name\" content=\"Sindm\u00f3veis-RS\" \/>\n<meta property=\"article:published_time\" content=\"2012-06-22T03:00:00+00:00\" \/>\n<meta property=\"article:modified_time\" content=\"2021-05-26T13:24:54+00:00\" \/>\n<meta name=\"author\" content=\"Imprensa Sindm\u00f3veis\" \/>\n<meta name=\"twitter:card\" content=\"summary_large_image\" \/>\n<meta name=\"twitter:label1\" content=\"Escrito por\" \/>\n\t<meta name=\"twitter:data1\" content=\"Imprensa Sindm\u00f3veis\" \/>\n\t<meta name=\"twitter:label2\" content=\"Tiempo de lectura\" \/>\n\t<meta name=\"twitter:data2\" content=\"3 minutos\" \/>\n<script type=\"application\/ld+json\" class=\"yoast-schema-graph\">{\"@context\":\"https:\/\/schema.org\",\"@graph\":[{\"@type\":\"Article\",\"@id\":\"https:\/\/www.sindmoveis.com.br\/es\/moveleiros-se-preparam-para-a-certificacao-de-bercos\/#article\",\"isPartOf\":{\"@id\":\"https:\/\/www.sindmoveis.com.br\/es\/moveleiros-se-preparam-para-a-certificacao-de-bercos\/\"},\"author\":{\"name\":\"Imprensa Sindm\u00f3veis\",\"@id\":\"https:\/\/www.sindmoveis.com.br\/es\/#\/schema\/person\/16d379542db1950a17fe188179340d57\"},\"headline\":\"Empresas fabricantes de muebles se preparan para la certificaci\u00f3n de cunas\",\"datePublished\":\"2012-06-22T03:00:00+00:00\",\"dateModified\":\"2021-05-26T13:24:54+00:00\",\"mainEntityOfPage\":{\"@id\":\"https:\/\/www.sindmoveis.com.br\/es\/moveleiros-se-preparam-para-a-certificacao-de-bercos\/\"},\"wordCount\":690,\"articleSection\":[\"Sindm\u00f3veis\"],\"inLanguage\":\"es\"},{\"@type\":\"WebPage\",\"@id\":\"https:\/\/www.sindmoveis.com.br\/es\/moveleiros-se-preparam-para-a-certificacao-de-bercos\/\",\"url\":\"https:\/\/www.sindmoveis.com.br\/es\/moveleiros-se-preparam-para-a-certificacao-de-bercos\/\",\"name\":\"Empresas fabricantes de muebles se preparan para la certificaci\u00f3n de cunas - Sindm\u00f3veis-RS\",\"isPartOf\":{\"@id\":\"https:\/\/www.sindmoveis.com.br\/es\/#website\"},\"datePublished\":\"2012-06-22T03:00:00+00:00\",\"dateModified\":\"2021-05-26T13:24:54+00:00\",\"author\":{\"@id\":\"https:\/\/www.sindmoveis.com.br\/es\/#\/schema\/person\/16d379542db1950a17fe188179340d57\"},\"inLanguage\":\"es\",\"potentialAction\":[{\"@type\":\"ReadAction\",\"target\":[\"https:\/\/www.sindmoveis.com.br\/es\/moveleiros-se-preparam-para-a-certificacao-de-bercos\/\"]}]},{\"@type\":\"WebSite\",\"@id\":\"https:\/\/www.sindmoveis.com.br\/es\/#website\",\"url\":\"https:\/\/www.sindmoveis.com.br\/es\/\",\"name\":\"Sindm\u00f3veis-RS\",\"description\":\"\",\"potentialAction\":[{\"@type\":\"SearchAction\",\"target\":{\"@type\":\"EntryPoint\",\"urlTemplate\":\"https:\/\/www.sindmoveis.com.br\/es\/?s={search_term_string}\"},\"query-input\":{\"@type\":\"PropertyValueSpecification\",\"valueRequired\":true,\"valueName\":\"search_term_string\"}}],\"inLanguage\":\"es\"},{\"@type\":\"Person\",\"@id\":\"https:\/\/www.sindmoveis.com.br\/es\/#\/schema\/person\/16d379542db1950a17fe188179340d57\",\"name\":\"Imprensa Sindm\u00f3veis\",\"image\":{\"@type\":\"ImageObject\",\"inLanguage\":\"es\",\"@id\":\"https:\/\/www.sindmoveis.com.br\/es\/#\/schema\/person\/image\/\",\"url\":\"https:\/\/secure.gravatar.com\/avatar\/4973e2e2c2a0cb5db30b0c7b770041b8e33d048a16b695a1f99c042449d4bfaf?s=96&d=mm&r=g\",\"contentUrl\":\"https:\/\/secure.gravatar.com\/avatar\/4973e2e2c2a0cb5db30b0c7b770041b8e33d048a16b695a1f99c042449d4bfaf?s=96&d=mm&r=g\",\"caption\":\"Imprensa Sindm\u00f3veis\"},\"url\":\"https:\/\/www.sindmoveis.com.br\/es\/author\/ana\/\"}]}<\/script>\n<!-- \/ Yoast SEO plugin. -->","yoast_head_json":{"title":"Empresas fabricantes de muebles se preparan para la certificaci\u00f3n de cunas - Sindm\u00f3veis-RS","robots":{"index":"index","follow":"follow","max-snippet":"max-snippet:-1","max-image-preview":"max-image-preview:large","max-video-preview":"max-video-preview:-1"},"canonical":"https:\/\/www.sindmoveis.com.br\/es\/moveleiros-se-preparam-para-a-certificacao-de-bercos\/","og_locale":"es_ES","og_type":"article","og_title":"Empresas fabricantes de muebles se preparan para la certificaci\u00f3n de cunas - Sindm\u00f3veis-RS","og_description":"Por lo menos 15 industrias del polo de Bento Gon\u00e7alves deber\u00e1n seguir nuevo modelo de gesti\u00f3n y estandarizar proceso productivo a partir de 2013 \u00a0 Dentro de seis meses, ninguna... Leia mais &raquo;","og_url":"https:\/\/www.sindmoveis.com.br\/es\/moveleiros-se-preparam-para-a-certificacao-de-bercos\/","og_site_name":"Sindm\u00f3veis-RS","article_published_time":"2012-06-22T03:00:00+00:00","article_modified_time":"2021-05-26T13:24:54+00:00","author":"Imprensa Sindm\u00f3veis","twitter_card":"summary_large_image","twitter_misc":{"Escrito por":"Imprensa Sindm\u00f3veis","Tiempo de lectura":"3 minutos"},"schema":{"@context":"https:\/\/schema.org","@graph":[{"@type":"Article","@id":"https:\/\/www.sindmoveis.com.br\/es\/moveleiros-se-preparam-para-a-certificacao-de-bercos\/#article","isPartOf":{"@id":"https:\/\/www.sindmoveis.com.br\/es\/moveleiros-se-preparam-para-a-certificacao-de-bercos\/"},"author":{"name":"Imprensa Sindm\u00f3veis","@id":"https:\/\/www.sindmoveis.com.br\/es\/#\/schema\/person\/16d379542db1950a17fe188179340d57"},"headline":"Empresas fabricantes de muebles se preparan para la certificaci\u00f3n de cunas","datePublished":"2012-06-22T03:00:00+00:00","dateModified":"2021-05-26T13:24:54+00:00","mainEntityOfPage":{"@id":"https:\/\/www.sindmoveis.com.br\/es\/moveleiros-se-preparam-para-a-certificacao-de-bercos\/"},"wordCount":690,"articleSection":["Sindm\u00f3veis"],"inLanguage":"es"},{"@type":"WebPage","@id":"https:\/\/www.sindmoveis.com.br\/es\/moveleiros-se-preparam-para-a-certificacao-de-bercos\/","url":"https:\/\/www.sindmoveis.com.br\/es\/moveleiros-se-preparam-para-a-certificacao-de-bercos\/","name":"Empresas fabricantes de muebles se preparan para la certificaci\u00f3n de cunas - Sindm\u00f3veis-RS","isPartOf":{"@id":"https:\/\/www.sindmoveis.com.br\/es\/#website"},"datePublished":"2012-06-22T03:00:00+00:00","dateModified":"2021-05-26T13:24:54+00:00","author":{"@id":"https:\/\/www.sindmoveis.com.br\/es\/#\/schema\/person\/16d379542db1950a17fe188179340d57"},"inLanguage":"es","potentialAction":[{"@type":"ReadAction","target":["https:\/\/www.sindmoveis.com.br\/es\/moveleiros-se-preparam-para-a-certificacao-de-bercos\/"]}]},{"@type":"WebSite","@id":"https:\/\/www.sindmoveis.com.br\/es\/#website","url":"https:\/\/www.sindmoveis.com.br\/es\/","name":"Sindm\u00f3veis-RS","description":"","potentialAction":[{"@type":"SearchAction","target":{"@type":"EntryPoint","urlTemplate":"https:\/\/www.sindmoveis.com.br\/es\/?s={search_term_string}"},"query-input":{"@type":"PropertyValueSpecification","valueRequired":true,"valueName":"search_term_string"}}],"inLanguage":"es"},{"@type":"Person","@id":"https:\/\/www.sindmoveis.com.br\/es\/#\/schema\/person\/16d379542db1950a17fe188179340d57","name":"Imprensa Sindm\u00f3veis","image":{"@type":"ImageObject","inLanguage":"es","@id":"https:\/\/www.sindmoveis.com.br\/es\/#\/schema\/person\/image\/","url":"https:\/\/secure.gravatar.com\/avatar\/4973e2e2c2a0cb5db30b0c7b770041b8e33d048a16b695a1f99c042449d4bfaf?s=96&d=mm&r=g","contentUrl":"https:\/\/secure.gravatar.com\/avatar\/4973e2e2c2a0cb5db30b0c7b770041b8e33d048a16b695a1f99c042449d4bfaf?s=96&d=mm&r=g","caption":"Imprensa Sindm\u00f3veis"},"url":"https:\/\/www.sindmoveis.com.br\/es\/author\/ana\/"}]}},"_links":{"self":[{"href":"https:\/\/www.sindmoveis.com.br\/es\/wp-json\/wp\/v2\/posts\/910","targetHints":{"allow":["GET"]}}],"collection":[{"href":"https:\/\/www.sindmoveis.com.br\/es\/wp-json\/wp\/v2\/posts"}],"about":[{"href":"https:\/\/www.sindmoveis.com.br\/es\/wp-json\/wp\/v2\/types\/post"}],"author":[{"embeddable":true,"href":"https:\/\/www.sindmoveis.com.br\/es\/wp-json\/wp\/v2\/users\/5"}],"replies":[{"embeddable":true,"href":"https:\/\/www.sindmoveis.com.br\/es\/wp-json\/wp\/v2\/comments?post=910"}],"version-history":[{"count":2,"href":"https:\/\/www.sindmoveis.com.br\/es\/wp-json\/wp\/v2\/posts\/910\/revisions"}],"predecessor-version":[{"id":3213,"href":"https:\/\/www.sindmoveis.com.br\/es\/wp-json\/wp\/v2\/posts\/910\/revisions\/3213"}],"wp:attachment":[{"href":"https:\/\/www.sindmoveis.com.br\/es\/wp-json\/wp\/v2\/media?parent=910"}],"wp:term":[{"taxonomy":"category","embeddable":true,"href":"https:\/\/www.sindmoveis.com.br\/es\/wp-json\/wp\/v2\/categories?post=910"},{"taxonomy":"post_tag","embeddable":true,"href":"https:\/\/www.sindmoveis.com.br\/es\/wp-json\/wp\/v2\/tags?post=910"}],"curies":[{"name":"wp","href":"https:\/\/api.w.org\/{rel}","templated":true}]}}