{"id":909,"date":"2012-06-20T00:00:00","date_gmt":"2012-06-20T03:00:00","guid":{"rendered":"http:\/\/sindmoveis.com.br\/imprensa\/noticias\/sindmoveis-e-sebrae-negociam-parceria-para-qualificar-empreendedor-moveleiro\/"},"modified":"2021-05-26T10:24:54","modified_gmt":"2021-05-26T13:24:54","slug":"sindmoveis-e-sebrae-negociam-parceria-para-qualificar-empreendedor-moveleiro","status":"publish","type":"post","link":"https:\/\/www.sindmoveis.com.br\/es\/sindmoveis-e-sebrae-negociam-parceria-para-qualificar-empreendedor-moveleiro\/","title":{"rendered":"Sindicato de las Empresas del Mobiliario de Bento Gon\u00e7alves -Sindm\u00f3veis y  Servicio Brasile\u00f1o de Apoyo a las Micro y Peque\u00f1as Empresas- Sebrae, negocian asociaci\u00f3n para calificar emprendedor del sector del mobiliario"},"content":{"rendered":"<p>\u00a0<br \/>\nCalificar el sector del mobiliario es una de las misiones del Sindicato de las Industrias del Mobiliario de Bento Gon\u00e7alves (Sindm\u00f3veis). Pensando en ello, la presidenta de la entidad, C\u00e1tia Scarton, se reuni\u00f3 con el gerente regional de Sebrae en la Sierra Gaucha, Rogerio Rodrigues, para estudiar formas de capacitaci\u00f3n para micros y peque\u00f1as empresas fabricantes de muebles.<br \/>\nSebrae ofrece diferentes tipos de asesor\u00eda, colectiva o individual. A trav\u00e9s de esos programas, promueve un diagn\u00f3stico de las demandas de las empresas participantes y, despu\u00e9s de verificar sus necesidades, designa consultores para prestar la debida atenci\u00f3n. Actualmente, micro y peque\u00f1as empresas corresponden a 92,59% de las empresas asociadas a Sindm\u00f3veis.\u00a0<br \/>\n\u00a0<\/p>\n","protected":false},"excerpt":{"rendered":"<p>\u00a0 Calificar el sector del mobiliario es una de las misiones del Sindicato de las Industrias del Mobiliario de Bento Gon\u00e7alves (Sindm\u00f3veis). Pensando en ello, la presidenta de la entidad,&#8230;  <a class=\"excerpt-read-more\" href=\"https:\/\/www.sindmoveis.com.br\/es\/sindmoveis-e-sebrae-negociam-parceria-para-qualificar-empreendedor-moveleiro\/\" title=\"Read Sindicato de las Empresas del Mobiliario de Bento Gon\u00e7alves -Sindm\u00f3veis y  Servicio Brasile\u00f1o de Apoyo a las Micro y Peque\u00f1as Empresas- Sebrae, negocian asociaci\u00f3n para calificar emprendedor del sector del mobiliario\">Leia mais &raquo;<\/a><\/p>\n","protected":false},"author":5,"featured_media":0,"comment_status":"closed","ping_status":"open","sticky":false,"template":"","format":"standard","meta":{"footnotes":"","_links_to":"","_links_to_target":""},"categories":[2],"tags":[],"class_list":["post-909","post","type-post","status-publish","format-standard","hentry","category-sindmoveis"],"yoast_head":"<!-- This site is optimized with the Yoast SEO plugin v27.0 - https:\/\/yoast.com\/product\/yoast-seo-wordpress\/ -->\n<title>Sindicato de las Empresas del Mobiliario de Bento Gon\u00e7alves -Sindm\u00f3veis y Servicio Brasile\u00f1o de Apoyo a las Micro y Peque\u00f1as Empresas- Sebrae, negocian asociaci\u00f3n para calificar emprendedor del sector del mobiliario - Sindm\u00f3veis-RS<\/title>\n<meta name=\"robots\" content=\"index, follow, max-snippet:-1, max-image-preview:large, max-video-preview:-1\" \/>\n<link rel=\"canonical\" href=\"https:\/\/www.sindmoveis.com.br\/es\/sindmoveis-e-sebrae-negociam-parceria-para-qualificar-empreendedor-moveleiro\/\" \/>\n<meta property=\"og:locale\" content=\"es_ES\" \/>\n<meta property=\"og:type\" content=\"article\" \/>\n<meta property=\"og:title\" content=\"Sindicato de las Empresas del Mobiliario de Bento Gon\u00e7alves -Sindm\u00f3veis y Servicio Brasile\u00f1o de Apoyo a las Micro y Peque\u00f1as Empresas- Sebrae, negocian asociaci\u00f3n para calificar emprendedor del sector del mobiliario - Sindm\u00f3veis-RS\" \/>\n<meta property=\"og:description\" content=\"\u00a0 Calificar el sector del mobiliario es una de las misiones del Sindicato de las Industrias del Mobiliario de Bento Gon\u00e7alves (Sindm\u00f3veis). Pensando en ello, la presidenta de la entidad,... Leia mais &raquo;\" \/>\n<meta property=\"og:url\" content=\"https:\/\/www.sindmoveis.com.br\/es\/sindmoveis-e-sebrae-negociam-parceria-para-qualificar-empreendedor-moveleiro\/\" \/>\n<meta property=\"og:site_name\" content=\"Sindm\u00f3veis-RS\" \/>\n<meta property=\"article:published_time\" content=\"2012-06-20T03:00:00+00:00\" \/>\n<meta property=\"article:modified_time\" content=\"2021-05-26T13:24:54+00:00\" \/>\n<meta name=\"author\" content=\"Imprensa Sindm\u00f3veis\" \/>\n<meta name=\"twitter:card\" content=\"summary_large_image\" \/>\n<meta name=\"twitter:label1\" content=\"Escrito por\" \/>\n\t<meta name=\"twitter:data1\" content=\"Imprensa Sindm\u00f3veis\" \/>\n\t<meta name=\"twitter:label2\" content=\"Tiempo de lectura\" \/>\n\t<meta name=\"twitter:data2\" content=\"1 minuto\" \/>\n<script type=\"application\/ld+json\" class=\"yoast-schema-graph\">{\"@context\":\"https:\/\/schema.org\",\"@graph\":[{\"@type\":\"Article\",\"@id\":\"https:\/\/www.sindmoveis.com.br\/es\/sindmoveis-e-sebrae-negociam-parceria-para-qualificar-empreendedor-moveleiro\/#article\",\"isPartOf\":{\"@id\":\"https:\/\/www.sindmoveis.com.br\/es\/sindmoveis-e-sebrae-negociam-parceria-para-qualificar-empreendedor-moveleiro\/\"},\"author\":{\"name\":\"Imprensa Sindm\u00f3veis\",\"@id\":\"https:\/\/www.sindmoveis.com.br\/es\/#\/schema\/person\/16d379542db1950a17fe188179340d57\"},\"headline\":\"Sindicato de las Empresas del Mobiliario de Bento Gon\u00e7alves -Sindm\u00f3veis y Servicio Brasile\u00f1o de Apoyo a las Micro y Peque\u00f1as Empresas- Sebrae, negocian asociaci\u00f3n para calificar emprendedor del sector del mobiliario\",\"datePublished\":\"2012-06-20T03:00:00+00:00\",\"dateModified\":\"2021-05-26T13:24:54+00:00\",\"mainEntityOfPage\":{\"@id\":\"https:\/\/www.sindmoveis.com.br\/es\/sindmoveis-e-sebrae-negociam-parceria-para-qualificar-empreendedor-moveleiro\/\"},\"wordCount\":156,\"articleSection\":[\"Sindm\u00f3veis\"],\"inLanguage\":\"es\"},{\"@type\":\"WebPage\",\"@id\":\"https:\/\/www.sindmoveis.com.br\/es\/sindmoveis-e-sebrae-negociam-parceria-para-qualificar-empreendedor-moveleiro\/\",\"url\":\"https:\/\/www.sindmoveis.com.br\/es\/sindmoveis-e-sebrae-negociam-parceria-para-qualificar-empreendedor-moveleiro\/\",\"name\":\"Sindicato de las Empresas del Mobiliario de Bento Gon\u00e7alves -Sindm\u00f3veis y Servicio Brasile\u00f1o de Apoyo a las Micro y Peque\u00f1as Empresas- Sebrae, negocian asociaci\u00f3n para calificar emprendedor del sector del mobiliario - Sindm\u00f3veis-RS\",\"isPartOf\":{\"@id\":\"https:\/\/www.sindmoveis.com.br\/es\/#website\"},\"datePublished\":\"2012-06-20T03:00:00+00:00\",\"dateModified\":\"2021-05-26T13:24:54+00:00\",\"author\":{\"@id\":\"https:\/\/www.sindmoveis.com.br\/es\/#\/schema\/person\/16d379542db1950a17fe188179340d57\"},\"inLanguage\":\"es\",\"potentialAction\":[{\"@type\":\"ReadAction\",\"target\":[\"https:\/\/www.sindmoveis.com.br\/es\/sindmoveis-e-sebrae-negociam-parceria-para-qualificar-empreendedor-moveleiro\/\"]}]},{\"@type\":\"WebSite\",\"@id\":\"https:\/\/www.sindmoveis.com.br\/es\/#website\",\"url\":\"https:\/\/www.sindmoveis.com.br\/es\/\",\"name\":\"Sindm\u00f3veis-RS\",\"description\":\"\",\"potentialAction\":[{\"@type\":\"SearchAction\",\"target\":{\"@type\":\"EntryPoint\",\"urlTemplate\":\"https:\/\/www.sindmoveis.com.br\/es\/?s={search_term_string}\"},\"query-input\":{\"@type\":\"PropertyValueSpecification\",\"valueRequired\":true,\"valueName\":\"search_term_string\"}}],\"inLanguage\":\"es\"},{\"@type\":\"Person\",\"@id\":\"https:\/\/www.sindmoveis.com.br\/es\/#\/schema\/person\/16d379542db1950a17fe188179340d57\",\"name\":\"Imprensa Sindm\u00f3veis\",\"image\":{\"@type\":\"ImageObject\",\"inLanguage\":\"es\",\"@id\":\"https:\/\/www.sindmoveis.com.br\/es\/#\/schema\/person\/image\/\",\"url\":\"https:\/\/secure.gravatar.com\/avatar\/4973e2e2c2a0cb5db30b0c7b770041b8e33d048a16b695a1f99c042449d4bfaf?s=96&d=mm&r=g\",\"contentUrl\":\"https:\/\/secure.gravatar.com\/avatar\/4973e2e2c2a0cb5db30b0c7b770041b8e33d048a16b695a1f99c042449d4bfaf?s=96&d=mm&r=g\",\"caption\":\"Imprensa Sindm\u00f3veis\"},\"url\":\"https:\/\/www.sindmoveis.com.br\/es\/author\/ana\/\"}]}<\/script>\n<!-- \/ Yoast SEO plugin. -->","yoast_head_json":{"title":"Sindicato de las Empresas del Mobiliario de Bento Gon\u00e7alves -Sindm\u00f3veis y Servicio Brasile\u00f1o de Apoyo a las Micro y Peque\u00f1as Empresas- Sebrae, negocian asociaci\u00f3n para calificar emprendedor del sector del mobiliario - Sindm\u00f3veis-RS","robots":{"index":"index","follow":"follow","max-snippet":"max-snippet:-1","max-image-preview":"max-image-preview:large","max-video-preview":"max-video-preview:-1"},"canonical":"https:\/\/www.sindmoveis.com.br\/es\/sindmoveis-e-sebrae-negociam-parceria-para-qualificar-empreendedor-moveleiro\/","og_locale":"es_ES","og_type":"article","og_title":"Sindicato de las Empresas del Mobiliario de Bento Gon\u00e7alves -Sindm\u00f3veis y Servicio Brasile\u00f1o de Apoyo a las Micro y Peque\u00f1as Empresas- Sebrae, negocian asociaci\u00f3n para calificar emprendedor del sector del mobiliario - Sindm\u00f3veis-RS","og_description":"\u00a0 Calificar el sector del mobiliario es una de las misiones del Sindicato de las Industrias del Mobiliario de Bento Gon\u00e7alves (Sindm\u00f3veis). Pensando en ello, la presidenta de la entidad,... Leia mais &raquo;","og_url":"https:\/\/www.sindmoveis.com.br\/es\/sindmoveis-e-sebrae-negociam-parceria-para-qualificar-empreendedor-moveleiro\/","og_site_name":"Sindm\u00f3veis-RS","article_published_time":"2012-06-20T03:00:00+00:00","article_modified_time":"2021-05-26T13:24:54+00:00","author":"Imprensa Sindm\u00f3veis","twitter_card":"summary_large_image","twitter_misc":{"Escrito por":"Imprensa Sindm\u00f3veis","Tiempo de lectura":"1 minuto"},"schema":{"@context":"https:\/\/schema.org","@graph":[{"@type":"Article","@id":"https:\/\/www.sindmoveis.com.br\/es\/sindmoveis-e-sebrae-negociam-parceria-para-qualificar-empreendedor-moveleiro\/#article","isPartOf":{"@id":"https:\/\/www.sindmoveis.com.br\/es\/sindmoveis-e-sebrae-negociam-parceria-para-qualificar-empreendedor-moveleiro\/"},"author":{"name":"Imprensa Sindm\u00f3veis","@id":"https:\/\/www.sindmoveis.com.br\/es\/#\/schema\/person\/16d379542db1950a17fe188179340d57"},"headline":"Sindicato de las Empresas del Mobiliario de Bento Gon\u00e7alves -Sindm\u00f3veis y Servicio Brasile\u00f1o de Apoyo a las Micro y Peque\u00f1as Empresas- Sebrae, negocian asociaci\u00f3n para calificar emprendedor del sector del mobiliario","datePublished":"2012-06-20T03:00:00+00:00","dateModified":"2021-05-26T13:24:54+00:00","mainEntityOfPage":{"@id":"https:\/\/www.sindmoveis.com.br\/es\/sindmoveis-e-sebrae-negociam-parceria-para-qualificar-empreendedor-moveleiro\/"},"wordCount":156,"articleSection":["Sindm\u00f3veis"],"inLanguage":"es"},{"@type":"WebPage","@id":"https:\/\/www.sindmoveis.com.br\/es\/sindmoveis-e-sebrae-negociam-parceria-para-qualificar-empreendedor-moveleiro\/","url":"https:\/\/www.sindmoveis.com.br\/es\/sindmoveis-e-sebrae-negociam-parceria-para-qualificar-empreendedor-moveleiro\/","name":"Sindicato de las Empresas del Mobiliario de Bento Gon\u00e7alves -Sindm\u00f3veis y Servicio Brasile\u00f1o de Apoyo a las Micro y Peque\u00f1as Empresas- Sebrae, negocian asociaci\u00f3n para calificar emprendedor del sector del mobiliario - Sindm\u00f3veis-RS","isPartOf":{"@id":"https:\/\/www.sindmoveis.com.br\/es\/#website"},"datePublished":"2012-06-20T03:00:00+00:00","dateModified":"2021-05-26T13:24:54+00:00","author":{"@id":"https:\/\/www.sindmoveis.com.br\/es\/#\/schema\/person\/16d379542db1950a17fe188179340d57"},"inLanguage":"es","potentialAction":[{"@type":"ReadAction","target":["https:\/\/www.sindmoveis.com.br\/es\/sindmoveis-e-sebrae-negociam-parceria-para-qualificar-empreendedor-moveleiro\/"]}]},{"@type":"WebSite","@id":"https:\/\/www.sindmoveis.com.br\/es\/#website","url":"https:\/\/www.sindmoveis.com.br\/es\/","name":"Sindm\u00f3veis-RS","description":"","potentialAction":[{"@type":"SearchAction","target":{"@type":"EntryPoint","urlTemplate":"https:\/\/www.sindmoveis.com.br\/es\/?s={search_term_string}"},"query-input":{"@type":"PropertyValueSpecification","valueRequired":true,"valueName":"search_term_string"}}],"inLanguage":"es"},{"@type":"Person","@id":"https:\/\/www.sindmoveis.com.br\/es\/#\/schema\/person\/16d379542db1950a17fe188179340d57","name":"Imprensa Sindm\u00f3veis","image":{"@type":"ImageObject","inLanguage":"es","@id":"https:\/\/www.sindmoveis.com.br\/es\/#\/schema\/person\/image\/","url":"https:\/\/secure.gravatar.com\/avatar\/4973e2e2c2a0cb5db30b0c7b770041b8e33d048a16b695a1f99c042449d4bfaf?s=96&d=mm&r=g","contentUrl":"https:\/\/secure.gravatar.com\/avatar\/4973e2e2c2a0cb5db30b0c7b770041b8e33d048a16b695a1f99c042449d4bfaf?s=96&d=mm&r=g","caption":"Imprensa Sindm\u00f3veis"},"url":"https:\/\/www.sindmoveis.com.br\/es\/author\/ana\/"}]}},"_links":{"self":[{"href":"https:\/\/www.sindmoveis.com.br\/es\/wp-json\/wp\/v2\/posts\/909","targetHints":{"allow":["GET"]}}],"collection":[{"href":"https:\/\/www.sindmoveis.com.br\/es\/wp-json\/wp\/v2\/posts"}],"about":[{"href":"https:\/\/www.sindmoveis.com.br\/es\/wp-json\/wp\/v2\/types\/post"}],"author":[{"embeddable":true,"href":"https:\/\/www.sindmoveis.com.br\/es\/wp-json\/wp\/v2\/users\/5"}],"replies":[{"embeddable":true,"href":"https:\/\/www.sindmoveis.com.br\/es\/wp-json\/wp\/v2\/comments?post=909"}],"version-history":[{"count":2,"href":"https:\/\/www.sindmoveis.com.br\/es\/wp-json\/wp\/v2\/posts\/909\/revisions"}],"predecessor-version":[{"id":3212,"href":"https:\/\/www.sindmoveis.com.br\/es\/wp-json\/wp\/v2\/posts\/909\/revisions\/3212"}],"wp:attachment":[{"href":"https:\/\/www.sindmoveis.com.br\/es\/wp-json\/wp\/v2\/media?parent=909"}],"wp:term":[{"taxonomy":"category","embeddable":true,"href":"https:\/\/www.sindmoveis.com.br\/es\/wp-json\/wp\/v2\/categories?post=909"},{"taxonomy":"post_tag","embeddable":true,"href":"https:\/\/www.sindmoveis.com.br\/es\/wp-json\/wp\/v2\/tags?post=909"}],"curies":[{"name":"wp","href":"https:\/\/api.w.org\/{rel}","templated":true}]}}