{"id":907,"date":"2012-06-20T00:00:00","date_gmt":"2012-06-20T03:00:00","guid":{"rendered":"http:\/\/sindmoveis.com.br\/imprensa\/noticias\/premio-excelencia-movergs-esta-com-inscricoes-abertas\/"},"modified":"2021-05-26T10:24:54","modified_gmt":"2021-05-26T13:24:54","slug":"premio-excelencia-movergs-esta-com-inscricoes-abertas","status":"publish","type":"post","link":"https:\/\/www.sindmoveis.com.br\/es\/premio-excelencia-movergs-esta-com-inscricoes-abertas\/","title":{"rendered":"Premio Excelencia MOVERGS est\u00e1 con inscripciones abiertas"},"content":{"rendered":"<p>Entidad destaca desempe\u00f1o de las industrias y \u00a0personalidades del sector del mobiliario que hacen la diferencia<\/p>\n<p>La Asociaci\u00f3n de las Industrias de Muebles del Estado de R\u00edo Grande do Sul (MOVERGS) promueve el d\u00eda 05 de julio, el Premio Excelencia MOVERGS 2012. La distinci\u00f3n tiene como objetivo reconocer y premiar las industrias del segmento que han tenido una presencia sobresaliente en los mercados interno y externo. Adem\u00e1s de ello, reserva espacio para homenajear una personalidad involucrada en la cadena productiva de madera y muebles que se \u00a0\u00a0haya destacado en el apoyo al desarrollo del sector. \u00a0<br \/>\n\u00a0<br \/>\nEn su d\u00e9cima edici\u00f3n, el Premio Excelencia Movergs \u2013 PEM, resalta las iniciativas que impulsaron el crecimiento de la cadena productiva de madera y muebles, mostrando como el esp\u00edritu emprendedor hace parte del cotidiano de la industria del mobiliario y contribuye para la pujanza del segmento. \u201cEl buen desempe\u00f1o en los negocios, adem\u00e1s de oportunidades de crecimiento y desarrollo, puede rendir a las empresas la conquista de ese importante reconocimiento frente al sector del mobiliario del estado de R\u00edo Grande do Sul. Es una forma de poner en evidencia a aquellos que hacen la diferencia y tambi\u00e9n renovar la motivaci\u00f3n de las empresas para que sigan recorriendo el camino del \u00e9xito\u201d, estima el presidente de Movergs, Ivo Cansan.<br \/>\n\u00a0<br \/>\nLas inscripciones ser\u00e1n recibidas hasta el d\u00eda 15 de junio y pueden ser hechas en el hotsite del premio www.movergs.com.br\/pem donde se puede tambi\u00e9n tener acceso al reglamento para la participaci\u00f3n. La divulgaci\u00f3n oficial del resultado, con todas sus premiaciones ocurrir\u00e1 junto al XXII Congreso MOVERGS, marcado para el d\u00eda 05 de julio, de las 8:00 a las 16:30 horas, en el Dall\u2019Onder Grande Hotel, en Bento Gon\u00e7alves, R\u00edo Grande do Sul. \u00a0<br \/>\n\u00a0<\/p>\n","protected":false},"excerpt":{"rendered":"<p>Entidad destaca desempe\u00f1o de las industrias y \u00a0personalidades del sector del mobiliario que hacen la diferencia La Asociaci\u00f3n de las Industrias de Muebles del Estado de R\u00edo Grande do Sul&#8230;  <a class=\"excerpt-read-more\" href=\"https:\/\/www.sindmoveis.com.br\/es\/premio-excelencia-movergs-esta-com-inscricoes-abertas\/\" title=\"Read Premio Excelencia MOVERGS est\u00e1 con inscripciones abiertas\">Leia mais &raquo;<\/a><\/p>\n","protected":false},"author":5,"featured_media":0,"comment_status":"closed","ping_status":"open","sticky":false,"template":"","format":"standard","meta":{"footnotes":"","_links_to":"","_links_to_target":""},"categories":[2],"tags":[],"class_list":["post-907","post","type-post","status-publish","format-standard","hentry","category-sindmoveis"],"yoast_head":"<!-- This site is optimized with the Yoast SEO plugin v27.0 - https:\/\/yoast.com\/product\/yoast-seo-wordpress\/ -->\n<title>Premio Excelencia MOVERGS est\u00e1 con inscripciones abiertas - Sindm\u00f3veis-RS<\/title>\n<meta name=\"robots\" content=\"index, follow, max-snippet:-1, max-image-preview:large, max-video-preview:-1\" \/>\n<link rel=\"canonical\" href=\"https:\/\/www.sindmoveis.com.br\/es\/premio-excelencia-movergs-esta-com-inscricoes-abertas\/\" \/>\n<meta property=\"og:locale\" content=\"es_ES\" \/>\n<meta property=\"og:type\" content=\"article\" \/>\n<meta property=\"og:title\" content=\"Premio Excelencia MOVERGS est\u00e1 con inscripciones abiertas - Sindm\u00f3veis-RS\" \/>\n<meta property=\"og:description\" content=\"Entidad destaca desempe\u00f1o de las industrias y \u00a0personalidades del sector del mobiliario que hacen la diferencia La Asociaci\u00f3n de las Industrias de Muebles del Estado de R\u00edo Grande do Sul... Leia mais &raquo;\" \/>\n<meta property=\"og:url\" content=\"https:\/\/www.sindmoveis.com.br\/es\/premio-excelencia-movergs-esta-com-inscricoes-abertas\/\" \/>\n<meta property=\"og:site_name\" content=\"Sindm\u00f3veis-RS\" \/>\n<meta property=\"article:published_time\" content=\"2012-06-20T03:00:00+00:00\" \/>\n<meta property=\"article:modified_time\" content=\"2021-05-26T13:24:54+00:00\" \/>\n<meta name=\"author\" content=\"Imprensa Sindm\u00f3veis\" \/>\n<meta name=\"twitter:card\" content=\"summary_large_image\" \/>\n<meta name=\"twitter:label1\" content=\"Escrito por\" \/>\n\t<meta name=\"twitter:data1\" content=\"Imprensa Sindm\u00f3veis\" \/>\n\t<meta name=\"twitter:label2\" content=\"Tiempo de lectura\" \/>\n\t<meta name=\"twitter:data2\" content=\"2 minutos\" \/>\n<script type=\"application\/ld+json\" class=\"yoast-schema-graph\">{\"@context\":\"https:\/\/schema.org\",\"@graph\":[{\"@type\":\"Article\",\"@id\":\"https:\/\/www.sindmoveis.com.br\/es\/premio-excelencia-movergs-esta-com-inscricoes-abertas\/#article\",\"isPartOf\":{\"@id\":\"https:\/\/www.sindmoveis.com.br\/es\/premio-excelencia-movergs-esta-com-inscricoes-abertas\/\"},\"author\":{\"name\":\"Imprensa Sindm\u00f3veis\",\"@id\":\"https:\/\/www.sindmoveis.com.br\/es\/#\/schema\/person\/16d379542db1950a17fe188179340d57\"},\"headline\":\"Premio Excelencia MOVERGS est\u00e1 con inscripciones abiertas\",\"datePublished\":\"2012-06-20T03:00:00+00:00\",\"dateModified\":\"2021-05-26T13:24:54+00:00\",\"mainEntityOfPage\":{\"@id\":\"https:\/\/www.sindmoveis.com.br\/es\/premio-excelencia-movergs-esta-com-inscricoes-abertas\/\"},\"wordCount\":312,\"articleSection\":[\"Sindm\u00f3veis\"],\"inLanguage\":\"es\"},{\"@type\":\"WebPage\",\"@id\":\"https:\/\/www.sindmoveis.com.br\/es\/premio-excelencia-movergs-esta-com-inscricoes-abertas\/\",\"url\":\"https:\/\/www.sindmoveis.com.br\/es\/premio-excelencia-movergs-esta-com-inscricoes-abertas\/\",\"name\":\"Premio Excelencia MOVERGS est\u00e1 con inscripciones abiertas - Sindm\u00f3veis-RS\",\"isPartOf\":{\"@id\":\"https:\/\/www.sindmoveis.com.br\/es\/#website\"},\"datePublished\":\"2012-06-20T03:00:00+00:00\",\"dateModified\":\"2021-05-26T13:24:54+00:00\",\"author\":{\"@id\":\"https:\/\/www.sindmoveis.com.br\/es\/#\/schema\/person\/16d379542db1950a17fe188179340d57\"},\"inLanguage\":\"es\",\"potentialAction\":[{\"@type\":\"ReadAction\",\"target\":[\"https:\/\/www.sindmoveis.com.br\/es\/premio-excelencia-movergs-esta-com-inscricoes-abertas\/\"]}]},{\"@type\":\"WebSite\",\"@id\":\"https:\/\/www.sindmoveis.com.br\/es\/#website\",\"url\":\"https:\/\/www.sindmoveis.com.br\/es\/\",\"name\":\"Sindm\u00f3veis-RS\",\"description\":\"\",\"potentialAction\":[{\"@type\":\"SearchAction\",\"target\":{\"@type\":\"EntryPoint\",\"urlTemplate\":\"https:\/\/www.sindmoveis.com.br\/es\/?s={search_term_string}\"},\"query-input\":{\"@type\":\"PropertyValueSpecification\",\"valueRequired\":true,\"valueName\":\"search_term_string\"}}],\"inLanguage\":\"es\"},{\"@type\":\"Person\",\"@id\":\"https:\/\/www.sindmoveis.com.br\/es\/#\/schema\/person\/16d379542db1950a17fe188179340d57\",\"name\":\"Imprensa Sindm\u00f3veis\",\"image\":{\"@type\":\"ImageObject\",\"inLanguage\":\"es\",\"@id\":\"https:\/\/www.sindmoveis.com.br\/es\/#\/schema\/person\/image\/\",\"url\":\"https:\/\/secure.gravatar.com\/avatar\/4973e2e2c2a0cb5db30b0c7b770041b8e33d048a16b695a1f99c042449d4bfaf?s=96&d=mm&r=g\",\"contentUrl\":\"https:\/\/secure.gravatar.com\/avatar\/4973e2e2c2a0cb5db30b0c7b770041b8e33d048a16b695a1f99c042449d4bfaf?s=96&d=mm&r=g\",\"caption\":\"Imprensa Sindm\u00f3veis\"},\"url\":\"https:\/\/www.sindmoveis.com.br\/es\/author\/ana\/\"}]}<\/script>\n<!-- \/ Yoast SEO plugin. -->","yoast_head_json":{"title":"Premio Excelencia MOVERGS est\u00e1 con inscripciones abiertas - Sindm\u00f3veis-RS","robots":{"index":"index","follow":"follow","max-snippet":"max-snippet:-1","max-image-preview":"max-image-preview:large","max-video-preview":"max-video-preview:-1"},"canonical":"https:\/\/www.sindmoveis.com.br\/es\/premio-excelencia-movergs-esta-com-inscricoes-abertas\/","og_locale":"es_ES","og_type":"article","og_title":"Premio Excelencia MOVERGS est\u00e1 con inscripciones abiertas - Sindm\u00f3veis-RS","og_description":"Entidad destaca desempe\u00f1o de las industrias y \u00a0personalidades del sector del mobiliario que hacen la diferencia La Asociaci\u00f3n de las Industrias de Muebles del Estado de R\u00edo Grande do Sul... Leia mais &raquo;","og_url":"https:\/\/www.sindmoveis.com.br\/es\/premio-excelencia-movergs-esta-com-inscricoes-abertas\/","og_site_name":"Sindm\u00f3veis-RS","article_published_time":"2012-06-20T03:00:00+00:00","article_modified_time":"2021-05-26T13:24:54+00:00","author":"Imprensa Sindm\u00f3veis","twitter_card":"summary_large_image","twitter_misc":{"Escrito por":"Imprensa Sindm\u00f3veis","Tiempo de lectura":"2 minutos"},"schema":{"@context":"https:\/\/schema.org","@graph":[{"@type":"Article","@id":"https:\/\/www.sindmoveis.com.br\/es\/premio-excelencia-movergs-esta-com-inscricoes-abertas\/#article","isPartOf":{"@id":"https:\/\/www.sindmoveis.com.br\/es\/premio-excelencia-movergs-esta-com-inscricoes-abertas\/"},"author":{"name":"Imprensa Sindm\u00f3veis","@id":"https:\/\/www.sindmoveis.com.br\/es\/#\/schema\/person\/16d379542db1950a17fe188179340d57"},"headline":"Premio Excelencia MOVERGS est\u00e1 con inscripciones abiertas","datePublished":"2012-06-20T03:00:00+00:00","dateModified":"2021-05-26T13:24:54+00:00","mainEntityOfPage":{"@id":"https:\/\/www.sindmoveis.com.br\/es\/premio-excelencia-movergs-esta-com-inscricoes-abertas\/"},"wordCount":312,"articleSection":["Sindm\u00f3veis"],"inLanguage":"es"},{"@type":"WebPage","@id":"https:\/\/www.sindmoveis.com.br\/es\/premio-excelencia-movergs-esta-com-inscricoes-abertas\/","url":"https:\/\/www.sindmoveis.com.br\/es\/premio-excelencia-movergs-esta-com-inscricoes-abertas\/","name":"Premio Excelencia MOVERGS est\u00e1 con inscripciones abiertas - Sindm\u00f3veis-RS","isPartOf":{"@id":"https:\/\/www.sindmoveis.com.br\/es\/#website"},"datePublished":"2012-06-20T03:00:00+00:00","dateModified":"2021-05-26T13:24:54+00:00","author":{"@id":"https:\/\/www.sindmoveis.com.br\/es\/#\/schema\/person\/16d379542db1950a17fe188179340d57"},"inLanguage":"es","potentialAction":[{"@type":"ReadAction","target":["https:\/\/www.sindmoveis.com.br\/es\/premio-excelencia-movergs-esta-com-inscricoes-abertas\/"]}]},{"@type":"WebSite","@id":"https:\/\/www.sindmoveis.com.br\/es\/#website","url":"https:\/\/www.sindmoveis.com.br\/es\/","name":"Sindm\u00f3veis-RS","description":"","potentialAction":[{"@type":"SearchAction","target":{"@type":"EntryPoint","urlTemplate":"https:\/\/www.sindmoveis.com.br\/es\/?s={search_term_string}"},"query-input":{"@type":"PropertyValueSpecification","valueRequired":true,"valueName":"search_term_string"}}],"inLanguage":"es"},{"@type":"Person","@id":"https:\/\/www.sindmoveis.com.br\/es\/#\/schema\/person\/16d379542db1950a17fe188179340d57","name":"Imprensa Sindm\u00f3veis","image":{"@type":"ImageObject","inLanguage":"es","@id":"https:\/\/www.sindmoveis.com.br\/es\/#\/schema\/person\/image\/","url":"https:\/\/secure.gravatar.com\/avatar\/4973e2e2c2a0cb5db30b0c7b770041b8e33d048a16b695a1f99c042449d4bfaf?s=96&d=mm&r=g","contentUrl":"https:\/\/secure.gravatar.com\/avatar\/4973e2e2c2a0cb5db30b0c7b770041b8e33d048a16b695a1f99c042449d4bfaf?s=96&d=mm&r=g","caption":"Imprensa Sindm\u00f3veis"},"url":"https:\/\/www.sindmoveis.com.br\/es\/author\/ana\/"}]}},"_links":{"self":[{"href":"https:\/\/www.sindmoveis.com.br\/es\/wp-json\/wp\/v2\/posts\/907","targetHints":{"allow":["GET"]}}],"collection":[{"href":"https:\/\/www.sindmoveis.com.br\/es\/wp-json\/wp\/v2\/posts"}],"about":[{"href":"https:\/\/www.sindmoveis.com.br\/es\/wp-json\/wp\/v2\/types\/post"}],"author":[{"embeddable":true,"href":"https:\/\/www.sindmoveis.com.br\/es\/wp-json\/wp\/v2\/users\/5"}],"replies":[{"embeddable":true,"href":"https:\/\/www.sindmoveis.com.br\/es\/wp-json\/wp\/v2\/comments?post=907"}],"version-history":[{"count":2,"href":"https:\/\/www.sindmoveis.com.br\/es\/wp-json\/wp\/v2\/posts\/907\/revisions"}],"predecessor-version":[{"id":3210,"href":"https:\/\/www.sindmoveis.com.br\/es\/wp-json\/wp\/v2\/posts\/907\/revisions\/3210"}],"wp:attachment":[{"href":"https:\/\/www.sindmoveis.com.br\/es\/wp-json\/wp\/v2\/media?parent=907"}],"wp:term":[{"taxonomy":"category","embeddable":true,"href":"https:\/\/www.sindmoveis.com.br\/es\/wp-json\/wp\/v2\/categories?post=907"},{"taxonomy":"post_tag","embeddable":true,"href":"https:\/\/www.sindmoveis.com.br\/es\/wp-json\/wp\/v2\/tags?post=907"}],"curies":[{"name":"wp","href":"https:\/\/api.w.org\/{rel}","templated":true}]}}