{"id":900,"date":"2012-05-17T00:00:00","date_gmt":"2012-05-17T03:00:00","guid":{"rendered":"http:\/\/sindmoveis.com.br\/imprensa\/noticias\/orchestra-brasil-presente-na-xylexpo-milao\/"},"modified":"2021-05-26T10:28:40","modified_gmt":"2021-05-26T13:28:40","slug":"orchestra-brasil-presente-na-xylexpo-milao","status":"publish","type":"post","link":"https:\/\/www.sindmoveis.com.br\/es\/orchestra-brasil-presente-na-xylexpo-milao\/","title":{"rendered":"Orchestra Brasil presente en la feria Xylexpo Mil\u00e1n"},"content":{"rendered":"<p>Proyecto del Sindicato de las Industrias del Mobiliario de Bento Gon\u00e7alves &#8211; Sindm\u00f3veis, para promoci\u00f3n de empresas proveedoras del sector del mobiliario en el exterior prev\u00e9 la participaci\u00f3n en decenas de ferias internacionales en 2012<\/p>\n<p>De 8 a 12 de mayo, las empresas brasile\u00f1as Brasmacol, CPI Pap\u00e9is (con la marca Tegus), Kolafit y Promob participaron de Xylespo Mil\u00e1n &#8211; Feria Mundial Bienal para Tecnolog\u00eda en Madera y Fornecimiento para Muebles. Los fabricantes expusieron sus lanzamientos en el stand del Proyecto Orchestra Brasil de promoci\u00f3n y exportaci\u00f3n, promovido por Sindm\u00f3veis en asociaci\u00f3n con la Agencia Brasile\u00f1a de Promoci\u00f3n de Exportaciones e Inversiones (Apex-Brasil).<\/p>\n<p>Este a\u00f1o, la expectativa en torno de la feria era alta. Los expositores esperaban encontrar un escenario diferente al de la \u00faltima edici\u00f3n, en 2010, cuando los negocios fueron fuertemente perjudicados en funci\u00f3n de la crisis europea. Aunque la situaci\u00f3n econ\u00f3mica es todav\u00eda delicada, Italia mantiene su posici\u00f3n de tercer mayor productor de muebles del mundo, con una industria del mobiliario casi tres veces mayor que la de Brasil, adem\u00e1s de ser el tercer mayor exportador de muebles, detr\u00e1s apenas de China y Alemania. <\/p>\n<p>Esta fue la tercera participaci\u00f3n de la empresa Kolafit en la feria Xylespo y el inter\u00e9s del director de la empresa, Fulvio Carvalho, era la b\u00fasqueda de nuevas asociaciones comerciales. En su opini\u00f3n, el evento mantiene su pujanza por la infraestructura que la ciudad de Mil\u00e1n ofrece, adem\u00e1s de la ubicaci\u00f3n privilegiada, que facilita el acceso de visitantes de toda Europa. El empresario pretende verificar hasta qu\u00e9 punto los pa\u00edses europeos est\u00e1n siendo a\u00fan perjudicados por la crisis, pero pretende tambi\u00e9n buscar otros mercados, ya que Xylespo es una feria visitada por la industria mundial del mobiliario &#8211; incluyendo los pa\u00edses de Am\u00e9rica Latina, principal mercado consumidor de los insumos brasile\u00f1os. \u00abCuando participamos por primera vez de la feria, en 2008, tuvimos la oportunidad de atender un gran n\u00famero de pa\u00edses diferenciados, de 24 nacionalidades diferentes, lo que fue un r\u00e9cord absoluto. Pero, en 2010, la visita dej\u00f3 mucho a desear. Sin embargo sabemos que los negocios no pueden parar y la m\u00e1quina tiene que volver a girar\u00bb, considera.<\/p>\n<p>La participaci\u00f3n en Xylespo es estrat\u00e9gica para el Proyecto Orchestra Brasil, por tratarse de una de las m\u00e1s importantes ferias del mundo para los proveedores del sector del mobiliario. Conforme el asesor de Inteligencia Comercial del Sindicato de las Industrias del Mobiliario &#8211; Sindm\u00f3veis, de Bento Gon\u00e7alves, Eduardo Santarossa, Italia, en s\u00ed, no est\u00e1 entre los mercados prioritarios ni secundarios del proyecto. Sin embargo, la participaci\u00f3n es fundamental para la prospecci\u00f3n de nuevos negocios para las empresas participantes. Ello porque, adem\u00e1s de la importancia de Italia en el mercado mundial de muebles, la feria recibe algunos de los principales compradores de  insumos para la industria del mobiliario mundial y latinoamericana. Casi mitad de los visitantes de Xylespo no es italiana y por lo menos 30% de los expositores de la \u00faltima edici\u00f3n fueron provenientes de otros pa\u00edses.<\/p>\n<p>El proyecto Orchestra Brasil fue creado en 2006 para estimular la internacionalizaci\u00f3n de fabricantes de insumos, componentes y tecnolog\u00eda para la industria del mobiliario. A partir de ese a\u00f1o, pasa a englobar, tambi\u00e9n, servicios de dise\u00f1o, llegando al n\u00famero de 70 participantes.<br \/>\nFoto: divulga\u00e7\u00e3o\/Sindm\u00f3veis<\/p>\n","protected":false},"excerpt":{"rendered":"<p>Proyecto del Sindicato de las Industrias del Mobiliario de Bento Gon\u00e7alves &#8211; Sindm\u00f3veis, para promoci\u00f3n de empresas proveedoras del sector del mobiliario en el exterior prev\u00e9 la participaci\u00f3n en decenas&#8230;  <a class=\"excerpt-read-more\" href=\"https:\/\/www.sindmoveis.com.br\/es\/orchestra-brasil-presente-na-xylexpo-milao\/\" title=\"Read Orchestra Brasil presente en la feria Xylexpo Mil\u00e1n\">Leia mais &raquo;<\/a><\/p>\n","protected":false},"author":5,"featured_media":0,"comment_status":"closed","ping_status":"open","sticky":false,"template":"","format":"standard","meta":{"footnotes":"","_links_to":"","_links_to_target":""},"categories":[22,2],"tags":[],"class_list":["post-900","post","type-post","status-publish","format-standard","hentry","category-proyecto-orchestra-brasil","category-sindmoveis"],"yoast_head":"<!-- This site is optimized with the Yoast SEO plugin v27.0 - https:\/\/yoast.com\/product\/yoast-seo-wordpress\/ -->\n<title>Orchestra Brasil presente en la feria Xylexpo Mil\u00e1n - Sindm\u00f3veis-RS<\/title>\n<meta name=\"robots\" content=\"index, follow, max-snippet:-1, max-image-preview:large, max-video-preview:-1\" \/>\n<link rel=\"canonical\" href=\"https:\/\/www.sindmoveis.com.br\/es\/orchestra-brasil-presente-na-xylexpo-milao\/\" \/>\n<meta property=\"og:locale\" content=\"es_ES\" \/>\n<meta property=\"og:type\" content=\"article\" \/>\n<meta property=\"og:title\" content=\"Orchestra Brasil presente en la feria Xylexpo Mil\u00e1n - Sindm\u00f3veis-RS\" \/>\n<meta property=\"og:description\" content=\"Proyecto del Sindicato de las Industrias del Mobiliario de Bento Gon\u00e7alves &#8211; Sindm\u00f3veis, para promoci\u00f3n de empresas proveedoras del sector del mobiliario en el exterior prev\u00e9 la participaci\u00f3n en decenas... Leia mais &raquo;\" \/>\n<meta property=\"og:url\" content=\"https:\/\/www.sindmoveis.com.br\/es\/orchestra-brasil-presente-na-xylexpo-milao\/\" \/>\n<meta property=\"og:site_name\" content=\"Sindm\u00f3veis-RS\" \/>\n<meta property=\"article:published_time\" content=\"2012-05-17T03:00:00+00:00\" \/>\n<meta property=\"article:modified_time\" content=\"2021-05-26T13:28:40+00:00\" \/>\n<meta name=\"author\" content=\"Imprensa Sindm\u00f3veis\" \/>\n<meta name=\"twitter:card\" content=\"summary_large_image\" \/>\n<meta name=\"twitter:label1\" content=\"Escrito por\" \/>\n\t<meta name=\"twitter:data1\" content=\"Imprensa Sindm\u00f3veis\" \/>\n\t<meta name=\"twitter:label2\" content=\"Tiempo de lectura\" \/>\n\t<meta name=\"twitter:data2\" content=\"3 minutos\" \/>\n<script type=\"application\/ld+json\" class=\"yoast-schema-graph\">{\"@context\":\"https:\/\/schema.org\",\"@graph\":[{\"@type\":\"Article\",\"@id\":\"https:\/\/www.sindmoveis.com.br\/es\/orchestra-brasil-presente-na-xylexpo-milao\/#article\",\"isPartOf\":{\"@id\":\"https:\/\/www.sindmoveis.com.br\/es\/orchestra-brasil-presente-na-xylexpo-milao\/\"},\"author\":{\"name\":\"Imprensa Sindm\u00f3veis\",\"@id\":\"https:\/\/www.sindmoveis.com.br\/es\/#\/schema\/person\/16d379542db1950a17fe188179340d57\"},\"headline\":\"Orchestra Brasil presente en la feria Xylexpo Mil\u00e1n\",\"datePublished\":\"2012-05-17T03:00:00+00:00\",\"dateModified\":\"2021-05-26T13:28:40+00:00\",\"mainEntityOfPage\":{\"@id\":\"https:\/\/www.sindmoveis.com.br\/es\/orchestra-brasil-presente-na-xylexpo-milao\/\"},\"wordCount\":595,\"articleSection\":[\"Proyecto Orchestra Brasil\",\"Sindm\u00f3veis\"],\"inLanguage\":\"es\"},{\"@type\":\"WebPage\",\"@id\":\"https:\/\/www.sindmoveis.com.br\/es\/orchestra-brasil-presente-na-xylexpo-milao\/\",\"url\":\"https:\/\/www.sindmoveis.com.br\/es\/orchestra-brasil-presente-na-xylexpo-milao\/\",\"name\":\"Orchestra Brasil presente en la feria Xylexpo Mil\u00e1n - Sindm\u00f3veis-RS\",\"isPartOf\":{\"@id\":\"https:\/\/www.sindmoveis.com.br\/es\/#website\"},\"datePublished\":\"2012-05-17T03:00:00+00:00\",\"dateModified\":\"2021-05-26T13:28:40+00:00\",\"author\":{\"@id\":\"https:\/\/www.sindmoveis.com.br\/es\/#\/schema\/person\/16d379542db1950a17fe188179340d57\"},\"inLanguage\":\"es\",\"potentialAction\":[{\"@type\":\"ReadAction\",\"target\":[\"https:\/\/www.sindmoveis.com.br\/es\/orchestra-brasil-presente-na-xylexpo-milao\/\"]}]},{\"@type\":\"WebSite\",\"@id\":\"https:\/\/www.sindmoveis.com.br\/es\/#website\",\"url\":\"https:\/\/www.sindmoveis.com.br\/es\/\",\"name\":\"Sindm\u00f3veis-RS\",\"description\":\"\",\"potentialAction\":[{\"@type\":\"SearchAction\",\"target\":{\"@type\":\"EntryPoint\",\"urlTemplate\":\"https:\/\/www.sindmoveis.com.br\/es\/?s={search_term_string}\"},\"query-input\":{\"@type\":\"PropertyValueSpecification\",\"valueRequired\":true,\"valueName\":\"search_term_string\"}}],\"inLanguage\":\"es\"},{\"@type\":\"Person\",\"@id\":\"https:\/\/www.sindmoveis.com.br\/es\/#\/schema\/person\/16d379542db1950a17fe188179340d57\",\"name\":\"Imprensa Sindm\u00f3veis\",\"image\":{\"@type\":\"ImageObject\",\"inLanguage\":\"es\",\"@id\":\"https:\/\/www.sindmoveis.com.br\/es\/#\/schema\/person\/image\/\",\"url\":\"https:\/\/secure.gravatar.com\/avatar\/4973e2e2c2a0cb5db30b0c7b770041b8e33d048a16b695a1f99c042449d4bfaf?s=96&d=mm&r=g\",\"contentUrl\":\"https:\/\/secure.gravatar.com\/avatar\/4973e2e2c2a0cb5db30b0c7b770041b8e33d048a16b695a1f99c042449d4bfaf?s=96&d=mm&r=g\",\"caption\":\"Imprensa Sindm\u00f3veis\"},\"url\":\"https:\/\/www.sindmoveis.com.br\/es\/author\/ana\/\"}]}<\/script>\n<!-- \/ Yoast SEO plugin. -->","yoast_head_json":{"title":"Orchestra Brasil presente en la feria Xylexpo Mil\u00e1n - Sindm\u00f3veis-RS","robots":{"index":"index","follow":"follow","max-snippet":"max-snippet:-1","max-image-preview":"max-image-preview:large","max-video-preview":"max-video-preview:-1"},"canonical":"https:\/\/www.sindmoveis.com.br\/es\/orchestra-brasil-presente-na-xylexpo-milao\/","og_locale":"es_ES","og_type":"article","og_title":"Orchestra Brasil presente en la feria Xylexpo Mil\u00e1n - Sindm\u00f3veis-RS","og_description":"Proyecto del Sindicato de las Industrias del Mobiliario de Bento Gon\u00e7alves &#8211; Sindm\u00f3veis, para promoci\u00f3n de empresas proveedoras del sector del mobiliario en el exterior prev\u00e9 la participaci\u00f3n en decenas... Leia mais &raquo;","og_url":"https:\/\/www.sindmoveis.com.br\/es\/orchestra-brasil-presente-na-xylexpo-milao\/","og_site_name":"Sindm\u00f3veis-RS","article_published_time":"2012-05-17T03:00:00+00:00","article_modified_time":"2021-05-26T13:28:40+00:00","author":"Imprensa Sindm\u00f3veis","twitter_card":"summary_large_image","twitter_misc":{"Escrito por":"Imprensa Sindm\u00f3veis","Tiempo de lectura":"3 minutos"},"schema":{"@context":"https:\/\/schema.org","@graph":[{"@type":"Article","@id":"https:\/\/www.sindmoveis.com.br\/es\/orchestra-brasil-presente-na-xylexpo-milao\/#article","isPartOf":{"@id":"https:\/\/www.sindmoveis.com.br\/es\/orchestra-brasil-presente-na-xylexpo-milao\/"},"author":{"name":"Imprensa Sindm\u00f3veis","@id":"https:\/\/www.sindmoveis.com.br\/es\/#\/schema\/person\/16d379542db1950a17fe188179340d57"},"headline":"Orchestra Brasil presente en la feria Xylexpo Mil\u00e1n","datePublished":"2012-05-17T03:00:00+00:00","dateModified":"2021-05-26T13:28:40+00:00","mainEntityOfPage":{"@id":"https:\/\/www.sindmoveis.com.br\/es\/orchestra-brasil-presente-na-xylexpo-milao\/"},"wordCount":595,"articleSection":["Proyecto Orchestra Brasil","Sindm\u00f3veis"],"inLanguage":"es"},{"@type":"WebPage","@id":"https:\/\/www.sindmoveis.com.br\/es\/orchestra-brasil-presente-na-xylexpo-milao\/","url":"https:\/\/www.sindmoveis.com.br\/es\/orchestra-brasil-presente-na-xylexpo-milao\/","name":"Orchestra Brasil presente en la feria Xylexpo Mil\u00e1n - Sindm\u00f3veis-RS","isPartOf":{"@id":"https:\/\/www.sindmoveis.com.br\/es\/#website"},"datePublished":"2012-05-17T03:00:00+00:00","dateModified":"2021-05-26T13:28:40+00:00","author":{"@id":"https:\/\/www.sindmoveis.com.br\/es\/#\/schema\/person\/16d379542db1950a17fe188179340d57"},"inLanguage":"es","potentialAction":[{"@type":"ReadAction","target":["https:\/\/www.sindmoveis.com.br\/es\/orchestra-brasil-presente-na-xylexpo-milao\/"]}]},{"@type":"WebSite","@id":"https:\/\/www.sindmoveis.com.br\/es\/#website","url":"https:\/\/www.sindmoveis.com.br\/es\/","name":"Sindm\u00f3veis-RS","description":"","potentialAction":[{"@type":"SearchAction","target":{"@type":"EntryPoint","urlTemplate":"https:\/\/www.sindmoveis.com.br\/es\/?s={search_term_string}"},"query-input":{"@type":"PropertyValueSpecification","valueRequired":true,"valueName":"search_term_string"}}],"inLanguage":"es"},{"@type":"Person","@id":"https:\/\/www.sindmoveis.com.br\/es\/#\/schema\/person\/16d379542db1950a17fe188179340d57","name":"Imprensa Sindm\u00f3veis","image":{"@type":"ImageObject","inLanguage":"es","@id":"https:\/\/www.sindmoveis.com.br\/es\/#\/schema\/person\/image\/","url":"https:\/\/secure.gravatar.com\/avatar\/4973e2e2c2a0cb5db30b0c7b770041b8e33d048a16b695a1f99c042449d4bfaf?s=96&d=mm&r=g","contentUrl":"https:\/\/secure.gravatar.com\/avatar\/4973e2e2c2a0cb5db30b0c7b770041b8e33d048a16b695a1f99c042449d4bfaf?s=96&d=mm&r=g","caption":"Imprensa Sindm\u00f3veis"},"url":"https:\/\/www.sindmoveis.com.br\/es\/author\/ana\/"}]}},"_links":{"self":[{"href":"https:\/\/www.sindmoveis.com.br\/es\/wp-json\/wp\/v2\/posts\/900","targetHints":{"allow":["GET"]}}],"collection":[{"href":"https:\/\/www.sindmoveis.com.br\/es\/wp-json\/wp\/v2\/posts"}],"about":[{"href":"https:\/\/www.sindmoveis.com.br\/es\/wp-json\/wp\/v2\/types\/post"}],"author":[{"embeddable":true,"href":"https:\/\/www.sindmoveis.com.br\/es\/wp-json\/wp\/v2\/users\/5"}],"replies":[{"embeddable":true,"href":"https:\/\/www.sindmoveis.com.br\/es\/wp-json\/wp\/v2\/comments?post=900"}],"version-history":[{"count":2,"href":"https:\/\/www.sindmoveis.com.br\/es\/wp-json\/wp\/v2\/posts\/900\/revisions"}],"predecessor-version":[{"id":3208,"href":"https:\/\/www.sindmoveis.com.br\/es\/wp-json\/wp\/v2\/posts\/900\/revisions\/3208"}],"wp:attachment":[{"href":"https:\/\/www.sindmoveis.com.br\/es\/wp-json\/wp\/v2\/media?parent=900"}],"wp:term":[{"taxonomy":"category","embeddable":true,"href":"https:\/\/www.sindmoveis.com.br\/es\/wp-json\/wp\/v2\/categories?post=900"},{"taxonomy":"post_tag","embeddable":true,"href":"https:\/\/www.sindmoveis.com.br\/es\/wp-json\/wp\/v2\/tags?post=900"}],"curies":[{"name":"wp","href":"https:\/\/api.w.org\/{rel}","templated":true}]}}