{"id":899,"date":"2012-05-16T00:00:00","date_gmt":"2012-05-16T03:00:00","guid":{"rendered":"http:\/\/sindmoveis.com.br\/imprensa\/noticias\/exportacoes-de-moveis-crescem-4-1-em-bento-goncalves\/"},"modified":"2021-05-26T11:01:19","modified_gmt":"2021-05-26T14:01:19","slug":"exportacoes-de-moveis-crescem-4-1-em-bento-goncalves","status":"publish","type":"post","link":"https:\/\/www.sindmoveis.com.br\/es\/exportacoes-de-moveis-crescem-4-1-em-bento-goncalves\/","title":{"rendered":"Exportaci\u00f3n de muebles crece 4,1% en Bento Gon\u00e7alves"},"content":{"rendered":"<p>\u00a0<br \/>\nEn el estado, volumen exportado en el cuadrimestre cay\u00f3 2,5%; desempe\u00f1o nacional fue a\u00fan inferior<br \/>\n\u00a0<br \/>\nCon la diversificaci\u00f3n de mercados para exportaci\u00f3n, el polo del mobiliario de Bento Gon\u00e7alves tuvo un desempe\u00f1o acumulado muy superior al del estado y el pa\u00eds entre enero y abril de este a\u00f1o. El crecimiento es de 4,1% en comparaci\u00f3n con el mismo per\u00edodo del a\u00f1o pasado, con U$ 4,58 millones exportados apenas en abril. El resultado corresponde a la expectativa del Sindicato de las Industrias del Mobiliario \u2013 Sindm\u00f3veis, de una recuperaci\u00f3n consistente en las exportaciones a lo largo de 2012. Lo que sorprende es la disparidad con los resultados del estado y el pa\u00eds en los cuatro primeros meses del a\u00f1o.<br \/>\nLas exportaciones de muebles de R\u00edo Grande do Sul cayeron 2,5% en los cuatro primeros meses del a\u00f1o, sui comparadas al mismo per\u00edodo de 2011, con U$ 14,4 millones exportados en abril. Resultado a\u00fan inferior fue presentado por las exportaciones de muebles del pa\u00eds, que cayeron 7,6%. En parte, ese resultado puede ser explicado por las restricciones argentinas a los productos brasile\u00f1os, ya que Argentina todav\u00eda representa el principal destino de otros polos del mobiliario de Brasil \u2013 adem\u00e1s de pa\u00edses europeos y los Estados Unidos, que pasan por dificultades econ\u00f3micas.<br \/>\nPor otro lado, el polo del mobiliario de Bento Gon\u00e7alves desde hace algunos a\u00f1os ha venido fortaleciendo nuevos mercados compradores, ubicados, sobre todo en Am\u00e9rica Latina. Destinos como Colombia, Per\u00fa, Chile, Uruguay y Paraguay han absorbido una parcela cada vez mayor de las exportaciones, minimizando los efectos de la reducci\u00f3n de demanda de muebles en Europa y de las barreras gubernamentales de Argentina. \u201cLos n\u00fameros indican que Bento Gon\u00e7alves est\u00e1 m\u00e1s atento a las actuales circunstancias de le econom\u00eda internacional, con mayor diversificaci\u00f3n de mercados en Am\u00e9rica Latina\u201d, eval\u00faa la presidente de Sindm\u00f3veis, C\u00e1tia Scarton.<br \/>\nLa presidente considera tambi\u00e9n, que si la tasa de cambio se mantiene en los par\u00e1metros actuales, los beneficios a la industria del mobiliario de Bento Gon\u00e7alves podr\u00e1n ser a\u00fan mayores, pues el alza del d\u00f3lar mejora el precio de los muebles brasile\u00f1os en el mercado internacional. La estimativa de exportaciones para el a\u00f1o 2012 gira en torno de U$ 70 millones en el polo de Bento Gon\u00e7alves.<br \/>\nLas importaciones brasile\u00f1as de muebles tambi\u00e9n han crecido en el cuadrimestre, en un total de 3,8% en comparaci\u00f3n con el mismo per\u00edodo de 2011. El valor importado en abril fue de U$ 52,3 millones. Los datos indican que las nuevas medidas del gobierno, adem\u00e1s de la devaluaci\u00f3n cambial, est\u00e1n ayudando a enfriar el ritmo de crecimiento de los importados, ya que en 2011 crecieron casi 23% con relaci\u00f3n a 2010.<br \/>\n\u00a0<\/p>\n","protected":false},"excerpt":{"rendered":"<p>\u00a0 En el estado, volumen exportado en el cuadrimestre cay\u00f3 2,5%; desempe\u00f1o nacional fue a\u00fan inferior \u00a0 Con la diversificaci\u00f3n de mercados para exportaci\u00f3n, el polo del mobiliario de Bento&#8230;  <a class=\"excerpt-read-more\" href=\"https:\/\/www.sindmoveis.com.br\/es\/exportacoes-de-moveis-crescem-4-1-em-bento-goncalves\/\" title=\"Read Exportaci\u00f3n de muebles crece 4,1% en Bento Gon\u00e7alves\">Leia mais &raquo;<\/a><\/p>\n","protected":false},"author":5,"featured_media":0,"comment_status":"closed","ping_status":"open","sticky":false,"template":"","format":"standard","meta":{"footnotes":"","_links_to":"","_links_to_target":""},"categories":[12,11,2],"tags":[],"class_list":["post-899","post","type-post","status-publish","format-standard","hentry","category-datos","category-exportaciones","category-sindmoveis"],"yoast_head":"<!-- This site is optimized with the Yoast SEO plugin v27.0 - https:\/\/yoast.com\/product\/yoast-seo-wordpress\/ -->\n<title>Exportaci\u00f3n de muebles crece 4,1% en Bento Gon\u00e7alves - Sindm\u00f3veis-RS<\/title>\n<meta name=\"robots\" content=\"index, follow, max-snippet:-1, max-image-preview:large, max-video-preview:-1\" \/>\n<link rel=\"canonical\" href=\"https:\/\/www.sindmoveis.com.br\/es\/exportacoes-de-moveis-crescem-4-1-em-bento-goncalves\/\" \/>\n<meta property=\"og:locale\" content=\"es_ES\" \/>\n<meta property=\"og:type\" content=\"article\" \/>\n<meta property=\"og:title\" content=\"Exportaci\u00f3n de muebles crece 4,1% en Bento Gon\u00e7alves - Sindm\u00f3veis-RS\" \/>\n<meta property=\"og:description\" content=\"\u00a0 En el estado, volumen exportado en el cuadrimestre cay\u00f3 2,5%; desempe\u00f1o nacional fue a\u00fan inferior \u00a0 Con la diversificaci\u00f3n de mercados para exportaci\u00f3n, el polo del mobiliario de Bento... Leia mais &raquo;\" \/>\n<meta property=\"og:url\" content=\"https:\/\/www.sindmoveis.com.br\/es\/exportacoes-de-moveis-crescem-4-1-em-bento-goncalves\/\" \/>\n<meta property=\"og:site_name\" content=\"Sindm\u00f3veis-RS\" \/>\n<meta property=\"article:published_time\" content=\"2012-05-16T03:00:00+00:00\" \/>\n<meta property=\"article:modified_time\" content=\"2021-05-26T14:01:19+00:00\" \/>\n<meta name=\"author\" content=\"Imprensa Sindm\u00f3veis\" \/>\n<meta name=\"twitter:card\" content=\"summary_large_image\" \/>\n<meta name=\"twitter:label1\" content=\"Escrito por\" \/>\n\t<meta name=\"twitter:data1\" content=\"Imprensa Sindm\u00f3veis\" \/>\n\t<meta name=\"twitter:label2\" content=\"Tiempo de lectura\" \/>\n\t<meta name=\"twitter:data2\" content=\"2 minutos\" \/>\n<script type=\"application\/ld+json\" class=\"yoast-schema-graph\">{\"@context\":\"https:\/\/schema.org\",\"@graph\":[{\"@type\":\"Article\",\"@id\":\"https:\/\/www.sindmoveis.com.br\/es\/exportacoes-de-moveis-crescem-4-1-em-bento-goncalves\/#article\",\"isPartOf\":{\"@id\":\"https:\/\/www.sindmoveis.com.br\/es\/exportacoes-de-moveis-crescem-4-1-em-bento-goncalves\/\"},\"author\":{\"name\":\"Imprensa Sindm\u00f3veis\",\"@id\":\"https:\/\/www.sindmoveis.com.br\/es\/#\/schema\/person\/16d379542db1950a17fe188179340d57\"},\"headline\":\"Exportaci\u00f3n de muebles crece 4,1% en Bento Gon\u00e7alves\",\"datePublished\":\"2012-05-16T03:00:00+00:00\",\"dateModified\":\"2021-05-26T14:01:19+00:00\",\"mainEntityOfPage\":{\"@id\":\"https:\/\/www.sindmoveis.com.br\/es\/exportacoes-de-moveis-crescem-4-1-em-bento-goncalves\/\"},\"wordCount\":487,\"articleSection\":[\"Datos\",\"Exportaciones\",\"Sindm\u00f3veis\"],\"inLanguage\":\"es\"},{\"@type\":\"WebPage\",\"@id\":\"https:\/\/www.sindmoveis.com.br\/es\/exportacoes-de-moveis-crescem-4-1-em-bento-goncalves\/\",\"url\":\"https:\/\/www.sindmoveis.com.br\/es\/exportacoes-de-moveis-crescem-4-1-em-bento-goncalves\/\",\"name\":\"Exportaci\u00f3n de muebles crece 4,1% en Bento Gon\u00e7alves - Sindm\u00f3veis-RS\",\"isPartOf\":{\"@id\":\"https:\/\/www.sindmoveis.com.br\/es\/#website\"},\"datePublished\":\"2012-05-16T03:00:00+00:00\",\"dateModified\":\"2021-05-26T14:01:19+00:00\",\"author\":{\"@id\":\"https:\/\/www.sindmoveis.com.br\/es\/#\/schema\/person\/16d379542db1950a17fe188179340d57\"},\"inLanguage\":\"es\",\"potentialAction\":[{\"@type\":\"ReadAction\",\"target\":[\"https:\/\/www.sindmoveis.com.br\/es\/exportacoes-de-moveis-crescem-4-1-em-bento-goncalves\/\"]}]},{\"@type\":\"WebSite\",\"@id\":\"https:\/\/www.sindmoveis.com.br\/es\/#website\",\"url\":\"https:\/\/www.sindmoveis.com.br\/es\/\",\"name\":\"Sindm\u00f3veis-RS\",\"description\":\"\",\"potentialAction\":[{\"@type\":\"SearchAction\",\"target\":{\"@type\":\"EntryPoint\",\"urlTemplate\":\"https:\/\/www.sindmoveis.com.br\/es\/?s={search_term_string}\"},\"query-input\":{\"@type\":\"PropertyValueSpecification\",\"valueRequired\":true,\"valueName\":\"search_term_string\"}}],\"inLanguage\":\"es\"},{\"@type\":\"Person\",\"@id\":\"https:\/\/www.sindmoveis.com.br\/es\/#\/schema\/person\/16d379542db1950a17fe188179340d57\",\"name\":\"Imprensa Sindm\u00f3veis\",\"image\":{\"@type\":\"ImageObject\",\"inLanguage\":\"es\",\"@id\":\"https:\/\/www.sindmoveis.com.br\/es\/#\/schema\/person\/image\/\",\"url\":\"https:\/\/secure.gravatar.com\/avatar\/4973e2e2c2a0cb5db30b0c7b770041b8e33d048a16b695a1f99c042449d4bfaf?s=96&d=mm&r=g\",\"contentUrl\":\"https:\/\/secure.gravatar.com\/avatar\/4973e2e2c2a0cb5db30b0c7b770041b8e33d048a16b695a1f99c042449d4bfaf?s=96&d=mm&r=g\",\"caption\":\"Imprensa Sindm\u00f3veis\"},\"url\":\"https:\/\/www.sindmoveis.com.br\/es\/author\/ana\/\"}]}<\/script>\n<!-- \/ Yoast SEO plugin. -->","yoast_head_json":{"title":"Exportaci\u00f3n de muebles crece 4,1% en Bento Gon\u00e7alves - Sindm\u00f3veis-RS","robots":{"index":"index","follow":"follow","max-snippet":"max-snippet:-1","max-image-preview":"max-image-preview:large","max-video-preview":"max-video-preview:-1"},"canonical":"https:\/\/www.sindmoveis.com.br\/es\/exportacoes-de-moveis-crescem-4-1-em-bento-goncalves\/","og_locale":"es_ES","og_type":"article","og_title":"Exportaci\u00f3n de muebles crece 4,1% en Bento Gon\u00e7alves - Sindm\u00f3veis-RS","og_description":"\u00a0 En el estado, volumen exportado en el cuadrimestre cay\u00f3 2,5%; desempe\u00f1o nacional fue a\u00fan inferior \u00a0 Con la diversificaci\u00f3n de mercados para exportaci\u00f3n, el polo del mobiliario de Bento... Leia mais &raquo;","og_url":"https:\/\/www.sindmoveis.com.br\/es\/exportacoes-de-moveis-crescem-4-1-em-bento-goncalves\/","og_site_name":"Sindm\u00f3veis-RS","article_published_time":"2012-05-16T03:00:00+00:00","article_modified_time":"2021-05-26T14:01:19+00:00","author":"Imprensa Sindm\u00f3veis","twitter_card":"summary_large_image","twitter_misc":{"Escrito por":"Imprensa Sindm\u00f3veis","Tiempo de lectura":"2 minutos"},"schema":{"@context":"https:\/\/schema.org","@graph":[{"@type":"Article","@id":"https:\/\/www.sindmoveis.com.br\/es\/exportacoes-de-moveis-crescem-4-1-em-bento-goncalves\/#article","isPartOf":{"@id":"https:\/\/www.sindmoveis.com.br\/es\/exportacoes-de-moveis-crescem-4-1-em-bento-goncalves\/"},"author":{"name":"Imprensa Sindm\u00f3veis","@id":"https:\/\/www.sindmoveis.com.br\/es\/#\/schema\/person\/16d379542db1950a17fe188179340d57"},"headline":"Exportaci\u00f3n de muebles crece 4,1% en Bento Gon\u00e7alves","datePublished":"2012-05-16T03:00:00+00:00","dateModified":"2021-05-26T14:01:19+00:00","mainEntityOfPage":{"@id":"https:\/\/www.sindmoveis.com.br\/es\/exportacoes-de-moveis-crescem-4-1-em-bento-goncalves\/"},"wordCount":487,"articleSection":["Datos","Exportaciones","Sindm\u00f3veis"],"inLanguage":"es"},{"@type":"WebPage","@id":"https:\/\/www.sindmoveis.com.br\/es\/exportacoes-de-moveis-crescem-4-1-em-bento-goncalves\/","url":"https:\/\/www.sindmoveis.com.br\/es\/exportacoes-de-moveis-crescem-4-1-em-bento-goncalves\/","name":"Exportaci\u00f3n de muebles crece 4,1% en Bento Gon\u00e7alves - Sindm\u00f3veis-RS","isPartOf":{"@id":"https:\/\/www.sindmoveis.com.br\/es\/#website"},"datePublished":"2012-05-16T03:00:00+00:00","dateModified":"2021-05-26T14:01:19+00:00","author":{"@id":"https:\/\/www.sindmoveis.com.br\/es\/#\/schema\/person\/16d379542db1950a17fe188179340d57"},"inLanguage":"es","potentialAction":[{"@type":"ReadAction","target":["https:\/\/www.sindmoveis.com.br\/es\/exportacoes-de-moveis-crescem-4-1-em-bento-goncalves\/"]}]},{"@type":"WebSite","@id":"https:\/\/www.sindmoveis.com.br\/es\/#website","url":"https:\/\/www.sindmoveis.com.br\/es\/","name":"Sindm\u00f3veis-RS","description":"","potentialAction":[{"@type":"SearchAction","target":{"@type":"EntryPoint","urlTemplate":"https:\/\/www.sindmoveis.com.br\/es\/?s={search_term_string}"},"query-input":{"@type":"PropertyValueSpecification","valueRequired":true,"valueName":"search_term_string"}}],"inLanguage":"es"},{"@type":"Person","@id":"https:\/\/www.sindmoveis.com.br\/es\/#\/schema\/person\/16d379542db1950a17fe188179340d57","name":"Imprensa Sindm\u00f3veis","image":{"@type":"ImageObject","inLanguage":"es","@id":"https:\/\/www.sindmoveis.com.br\/es\/#\/schema\/person\/image\/","url":"https:\/\/secure.gravatar.com\/avatar\/4973e2e2c2a0cb5db30b0c7b770041b8e33d048a16b695a1f99c042449d4bfaf?s=96&d=mm&r=g","contentUrl":"https:\/\/secure.gravatar.com\/avatar\/4973e2e2c2a0cb5db30b0c7b770041b8e33d048a16b695a1f99c042449d4bfaf?s=96&d=mm&r=g","caption":"Imprensa Sindm\u00f3veis"},"url":"https:\/\/www.sindmoveis.com.br\/es\/author\/ana\/"}]}},"_links":{"self":[{"href":"https:\/\/www.sindmoveis.com.br\/es\/wp-json\/wp\/v2\/posts\/899","targetHints":{"allow":["GET"]}}],"collection":[{"href":"https:\/\/www.sindmoveis.com.br\/es\/wp-json\/wp\/v2\/posts"}],"about":[{"href":"https:\/\/www.sindmoveis.com.br\/es\/wp-json\/wp\/v2\/types\/post"}],"author":[{"embeddable":true,"href":"https:\/\/www.sindmoveis.com.br\/es\/wp-json\/wp\/v2\/users\/5"}],"replies":[{"embeddable":true,"href":"https:\/\/www.sindmoveis.com.br\/es\/wp-json\/wp\/v2\/comments?post=899"}],"version-history":[{"count":2,"href":"https:\/\/www.sindmoveis.com.br\/es\/wp-json\/wp\/v2\/posts\/899\/revisions"}],"predecessor-version":[{"id":3207,"href":"https:\/\/www.sindmoveis.com.br\/es\/wp-json\/wp\/v2\/posts\/899\/revisions\/3207"}],"wp:attachment":[{"href":"https:\/\/www.sindmoveis.com.br\/es\/wp-json\/wp\/v2\/media?parent=899"}],"wp:term":[{"taxonomy":"category","embeddable":true,"href":"https:\/\/www.sindmoveis.com.br\/es\/wp-json\/wp\/v2\/categories?post=899"},{"taxonomy":"post_tag","embeddable":true,"href":"https:\/\/www.sindmoveis.com.br\/es\/wp-json\/wp\/v2\/tags?post=899"}],"curies":[{"name":"wp","href":"https:\/\/api.w.org\/{rel}","templated":true}]}}