{"id":898,"date":"2012-05-03T00:00:00","date_gmt":"2012-05-03T03:00:00","guid":{"rendered":"http:\/\/sindmoveis.com.br\/imprensa\/noticias\/faturamento-cresce-13-6-no-trimestre\/"},"modified":"2021-05-26T11:01:19","modified_gmt":"2021-05-26T14:01:19","slug":"faturamento-cresce-13-6-no-trimestre","status":"publish","type":"post","link":"https:\/\/www.sindmoveis.com.br\/es\/faturamento-cresce-13-6-no-trimestre\/","title":{"rendered":"Facturaci\u00f3n crece 13,6% en el trimestre"},"content":{"rendered":"<p>\u00a0<br \/>\nLa facturaci\u00f3n de la industria del mobiliario de Bento Gon\u00e7alves fue de R$ 222,4 millones en marzo de 2012, lo que representa un aumento nominal de 32% con relaci\u00f3n al mismo per\u00edodo del a\u00f1o pasado. Con ese dato, Bento Gon\u00e7alves cierra el primer trimestre de 2012 con un avance de 13,6% ante el primer trimestre de 2011 (en t\u00e9rminos nominales). En lo que respecta al estado de R\u00edo Grande do Sul, la industria del mobiliario tuvo una facturaci\u00f3n de 22,32% mayor nominalmente entre marzo de este a\u00f1o y del a\u00f1o pasado (R$ 528,9 millones). De esa forma, se recuper\u00f3 de la ca\u00edda presentada en los dos primeros meses del a\u00f1o, y ya cuenta con un crecimiento nominal de 2,5% en el primer trimestre de 2012 al ser comparado con el mismo per\u00edodo de 2011.<br \/>\nLas exportaciones de muebles del polo de Bento Gon\u00e7alves totalizaron U$ 5,08 millones en marzo. El valor exportado no acumulado del primer trimestre fue 5% superior al mismo per\u00edodo de 2011. Rio Grande do Sul y Brasil registraron exportaciones de U$ 15,9 millones y U$ 60,9 millones en el mes de marzo, respectivamente. En el acumulado, el valor exportado cay\u00f3 1,2% con relaci\u00f3n al a\u00f1o de 2011 en R\u00edo Grande do Sul y tuvo una ca\u00edda de 6,4 en Brasil, en la misma comparaci\u00f3n.<br \/>\nYa las importaciones brasile\u00f1as de muebles fueron de U$ 51,4 millones en marzo de 2012. El valor acumulado de enero a marzo mostr\u00f3 que la importaci\u00f3n brasile\u00f1a de muebles fue 1,8% \u00a0superior al mismo per\u00edodo de 2011. Por su vez, las importaciones con entrada por R\u00edo Grande do Sul crecieron 28,5% en el primer trimestre de 2012, en comparaci\u00f3n con el a\u00f1o anterior.<br \/>\n\u00a0<\/p>\n","protected":false},"excerpt":{"rendered":"<p>\u00a0 La facturaci\u00f3n de la industria del mobiliario de Bento Gon\u00e7alves fue de R$ 222,4 millones en marzo de 2012, lo que representa un aumento nominal de 32% con relaci\u00f3n&#8230;  <a class=\"excerpt-read-more\" href=\"https:\/\/www.sindmoveis.com.br\/es\/faturamento-cresce-13-6-no-trimestre\/\" title=\"Read Facturaci\u00f3n crece 13,6% en el trimestre\">Leia mais &raquo;<\/a><\/p>\n","protected":false},"author":5,"featured_media":0,"comment_status":"closed","ping_status":"open","sticky":false,"template":"","format":"standard","meta":{"footnotes":"","_links_to":"","_links_to_target":""},"categories":[12,2],"tags":[],"class_list":["post-898","post","type-post","status-publish","format-standard","hentry","category-datos","category-sindmoveis"],"yoast_head":"<!-- This site is optimized with the Yoast SEO plugin v27.0 - https:\/\/yoast.com\/product\/yoast-seo-wordpress\/ -->\n<title>Facturaci\u00f3n crece 13,6% en el trimestre - Sindm\u00f3veis-RS<\/title>\n<meta name=\"robots\" content=\"index, follow, max-snippet:-1, max-image-preview:large, max-video-preview:-1\" \/>\n<link rel=\"canonical\" href=\"https:\/\/www.sindmoveis.com.br\/es\/faturamento-cresce-13-6-no-trimestre\/\" \/>\n<meta property=\"og:locale\" content=\"es_ES\" \/>\n<meta property=\"og:type\" content=\"article\" \/>\n<meta property=\"og:title\" content=\"Facturaci\u00f3n crece 13,6% en el trimestre - Sindm\u00f3veis-RS\" \/>\n<meta property=\"og:description\" content=\"\u00a0 La facturaci\u00f3n de la industria del mobiliario de Bento Gon\u00e7alves fue de R$ 222,4 millones en marzo de 2012, lo que representa un aumento nominal de 32% con relaci\u00f3n... Leia mais &raquo;\" \/>\n<meta property=\"og:url\" content=\"https:\/\/www.sindmoveis.com.br\/es\/faturamento-cresce-13-6-no-trimestre\/\" \/>\n<meta property=\"og:site_name\" content=\"Sindm\u00f3veis-RS\" \/>\n<meta property=\"article:published_time\" content=\"2012-05-03T03:00:00+00:00\" \/>\n<meta property=\"article:modified_time\" content=\"2021-05-26T14:01:19+00:00\" \/>\n<meta name=\"author\" content=\"Imprensa Sindm\u00f3veis\" \/>\n<meta name=\"twitter:card\" content=\"summary_large_image\" \/>\n<meta name=\"twitter:label1\" content=\"Escrito por\" \/>\n\t<meta name=\"twitter:data1\" content=\"Imprensa Sindm\u00f3veis\" \/>\n\t<meta name=\"twitter:label2\" content=\"Tiempo de lectura\" \/>\n\t<meta name=\"twitter:data2\" content=\"1 minuto\" \/>\n<script type=\"application\/ld+json\" class=\"yoast-schema-graph\">{\"@context\":\"https:\/\/schema.org\",\"@graph\":[{\"@type\":\"Article\",\"@id\":\"https:\/\/www.sindmoveis.com.br\/es\/faturamento-cresce-13-6-no-trimestre\/#article\",\"isPartOf\":{\"@id\":\"https:\/\/www.sindmoveis.com.br\/es\/faturamento-cresce-13-6-no-trimestre\/\"},\"author\":{\"name\":\"Imprensa Sindm\u00f3veis\",\"@id\":\"https:\/\/www.sindmoveis.com.br\/es\/#\/schema\/person\/16d379542db1950a17fe188179340d57\"},\"headline\":\"Facturaci\u00f3n crece 13,6% en el trimestre\",\"datePublished\":\"2012-05-03T03:00:00+00:00\",\"dateModified\":\"2021-05-26T14:01:19+00:00\",\"mainEntityOfPage\":{\"@id\":\"https:\/\/www.sindmoveis.com.br\/es\/faturamento-cresce-13-6-no-trimestre\/\"},\"wordCount\":290,\"articleSection\":[\"Datos\",\"Sindm\u00f3veis\"],\"inLanguage\":\"es\"},{\"@type\":\"WebPage\",\"@id\":\"https:\/\/www.sindmoveis.com.br\/es\/faturamento-cresce-13-6-no-trimestre\/\",\"url\":\"https:\/\/www.sindmoveis.com.br\/es\/faturamento-cresce-13-6-no-trimestre\/\",\"name\":\"Facturaci\u00f3n crece 13,6% en el trimestre - Sindm\u00f3veis-RS\",\"isPartOf\":{\"@id\":\"https:\/\/www.sindmoveis.com.br\/es\/#website\"},\"datePublished\":\"2012-05-03T03:00:00+00:00\",\"dateModified\":\"2021-05-26T14:01:19+00:00\",\"author\":{\"@id\":\"https:\/\/www.sindmoveis.com.br\/es\/#\/schema\/person\/16d379542db1950a17fe188179340d57\"},\"inLanguage\":\"es\",\"potentialAction\":[{\"@type\":\"ReadAction\",\"target\":[\"https:\/\/www.sindmoveis.com.br\/es\/faturamento-cresce-13-6-no-trimestre\/\"]}]},{\"@type\":\"WebSite\",\"@id\":\"https:\/\/www.sindmoveis.com.br\/es\/#website\",\"url\":\"https:\/\/www.sindmoveis.com.br\/es\/\",\"name\":\"Sindm\u00f3veis-RS\",\"description\":\"\",\"potentialAction\":[{\"@type\":\"SearchAction\",\"target\":{\"@type\":\"EntryPoint\",\"urlTemplate\":\"https:\/\/www.sindmoveis.com.br\/es\/?s={search_term_string}\"},\"query-input\":{\"@type\":\"PropertyValueSpecification\",\"valueRequired\":true,\"valueName\":\"search_term_string\"}}],\"inLanguage\":\"es\"},{\"@type\":\"Person\",\"@id\":\"https:\/\/www.sindmoveis.com.br\/es\/#\/schema\/person\/16d379542db1950a17fe188179340d57\",\"name\":\"Imprensa Sindm\u00f3veis\",\"image\":{\"@type\":\"ImageObject\",\"inLanguage\":\"es\",\"@id\":\"https:\/\/www.sindmoveis.com.br\/es\/#\/schema\/person\/image\/\",\"url\":\"https:\/\/secure.gravatar.com\/avatar\/4973e2e2c2a0cb5db30b0c7b770041b8e33d048a16b695a1f99c042449d4bfaf?s=96&d=mm&r=g\",\"contentUrl\":\"https:\/\/secure.gravatar.com\/avatar\/4973e2e2c2a0cb5db30b0c7b770041b8e33d048a16b695a1f99c042449d4bfaf?s=96&d=mm&r=g\",\"caption\":\"Imprensa Sindm\u00f3veis\"},\"url\":\"https:\/\/www.sindmoveis.com.br\/es\/author\/ana\/\"}]}<\/script>\n<!-- \/ Yoast SEO plugin. -->","yoast_head_json":{"title":"Facturaci\u00f3n crece 13,6% en el trimestre - Sindm\u00f3veis-RS","robots":{"index":"index","follow":"follow","max-snippet":"max-snippet:-1","max-image-preview":"max-image-preview:large","max-video-preview":"max-video-preview:-1"},"canonical":"https:\/\/www.sindmoveis.com.br\/es\/faturamento-cresce-13-6-no-trimestre\/","og_locale":"es_ES","og_type":"article","og_title":"Facturaci\u00f3n crece 13,6% en el trimestre - Sindm\u00f3veis-RS","og_description":"\u00a0 La facturaci\u00f3n de la industria del mobiliario de Bento Gon\u00e7alves fue de R$ 222,4 millones en marzo de 2012, lo que representa un aumento nominal de 32% con relaci\u00f3n... Leia mais &raquo;","og_url":"https:\/\/www.sindmoveis.com.br\/es\/faturamento-cresce-13-6-no-trimestre\/","og_site_name":"Sindm\u00f3veis-RS","article_published_time":"2012-05-03T03:00:00+00:00","article_modified_time":"2021-05-26T14:01:19+00:00","author":"Imprensa Sindm\u00f3veis","twitter_card":"summary_large_image","twitter_misc":{"Escrito por":"Imprensa Sindm\u00f3veis","Tiempo de lectura":"1 minuto"},"schema":{"@context":"https:\/\/schema.org","@graph":[{"@type":"Article","@id":"https:\/\/www.sindmoveis.com.br\/es\/faturamento-cresce-13-6-no-trimestre\/#article","isPartOf":{"@id":"https:\/\/www.sindmoveis.com.br\/es\/faturamento-cresce-13-6-no-trimestre\/"},"author":{"name":"Imprensa Sindm\u00f3veis","@id":"https:\/\/www.sindmoveis.com.br\/es\/#\/schema\/person\/16d379542db1950a17fe188179340d57"},"headline":"Facturaci\u00f3n crece 13,6% en el trimestre","datePublished":"2012-05-03T03:00:00+00:00","dateModified":"2021-05-26T14:01:19+00:00","mainEntityOfPage":{"@id":"https:\/\/www.sindmoveis.com.br\/es\/faturamento-cresce-13-6-no-trimestre\/"},"wordCount":290,"articleSection":["Datos","Sindm\u00f3veis"],"inLanguage":"es"},{"@type":"WebPage","@id":"https:\/\/www.sindmoveis.com.br\/es\/faturamento-cresce-13-6-no-trimestre\/","url":"https:\/\/www.sindmoveis.com.br\/es\/faturamento-cresce-13-6-no-trimestre\/","name":"Facturaci\u00f3n crece 13,6% en el trimestre - Sindm\u00f3veis-RS","isPartOf":{"@id":"https:\/\/www.sindmoveis.com.br\/es\/#website"},"datePublished":"2012-05-03T03:00:00+00:00","dateModified":"2021-05-26T14:01:19+00:00","author":{"@id":"https:\/\/www.sindmoveis.com.br\/es\/#\/schema\/person\/16d379542db1950a17fe188179340d57"},"inLanguage":"es","potentialAction":[{"@type":"ReadAction","target":["https:\/\/www.sindmoveis.com.br\/es\/faturamento-cresce-13-6-no-trimestre\/"]}]},{"@type":"WebSite","@id":"https:\/\/www.sindmoveis.com.br\/es\/#website","url":"https:\/\/www.sindmoveis.com.br\/es\/","name":"Sindm\u00f3veis-RS","description":"","potentialAction":[{"@type":"SearchAction","target":{"@type":"EntryPoint","urlTemplate":"https:\/\/www.sindmoveis.com.br\/es\/?s={search_term_string}"},"query-input":{"@type":"PropertyValueSpecification","valueRequired":true,"valueName":"search_term_string"}}],"inLanguage":"es"},{"@type":"Person","@id":"https:\/\/www.sindmoveis.com.br\/es\/#\/schema\/person\/16d379542db1950a17fe188179340d57","name":"Imprensa Sindm\u00f3veis","image":{"@type":"ImageObject","inLanguage":"es","@id":"https:\/\/www.sindmoveis.com.br\/es\/#\/schema\/person\/image\/","url":"https:\/\/secure.gravatar.com\/avatar\/4973e2e2c2a0cb5db30b0c7b770041b8e33d048a16b695a1f99c042449d4bfaf?s=96&d=mm&r=g","contentUrl":"https:\/\/secure.gravatar.com\/avatar\/4973e2e2c2a0cb5db30b0c7b770041b8e33d048a16b695a1f99c042449d4bfaf?s=96&d=mm&r=g","caption":"Imprensa Sindm\u00f3veis"},"url":"https:\/\/www.sindmoveis.com.br\/es\/author\/ana\/"}]}},"_links":{"self":[{"href":"https:\/\/www.sindmoveis.com.br\/es\/wp-json\/wp\/v2\/posts\/898","targetHints":{"allow":["GET"]}}],"collection":[{"href":"https:\/\/www.sindmoveis.com.br\/es\/wp-json\/wp\/v2\/posts"}],"about":[{"href":"https:\/\/www.sindmoveis.com.br\/es\/wp-json\/wp\/v2\/types\/post"}],"author":[{"embeddable":true,"href":"https:\/\/www.sindmoveis.com.br\/es\/wp-json\/wp\/v2\/users\/5"}],"replies":[{"embeddable":true,"href":"https:\/\/www.sindmoveis.com.br\/es\/wp-json\/wp\/v2\/comments?post=898"}],"version-history":[{"count":2,"href":"https:\/\/www.sindmoveis.com.br\/es\/wp-json\/wp\/v2\/posts\/898\/revisions"}],"predecessor-version":[{"id":3206,"href":"https:\/\/www.sindmoveis.com.br\/es\/wp-json\/wp\/v2\/posts\/898\/revisions\/3206"}],"wp:attachment":[{"href":"https:\/\/www.sindmoveis.com.br\/es\/wp-json\/wp\/v2\/media?parent=898"}],"wp:term":[{"taxonomy":"category","embeddable":true,"href":"https:\/\/www.sindmoveis.com.br\/es\/wp-json\/wp\/v2\/categories?post=898"},{"taxonomy":"post_tag","embeddable":true,"href":"https:\/\/www.sindmoveis.com.br\/es\/wp-json\/wp\/v2\/tags?post=898"}],"curies":[{"name":"wp","href":"https:\/\/api.w.org\/{rel}","templated":true}]}}