{"id":897,"date":"2012-04-23T00:00:00","date_gmt":"2012-04-23T03:00:00","guid":{"rendered":"http:\/\/sindmoveis.com.br\/imprensa\/noticias\/sindmoveis-comemora-financiamento-de-mobiliario-pela-caixa\/"},"modified":"2021-05-26T10:24:54","modified_gmt":"2021-05-26T13:24:54","slug":"sindmoveis-comemora-financiamento-de-mobiliario-pela-caixa","status":"publish","type":"post","link":"https:\/\/www.sindmoveis.com.br\/es\/sindmoveis-comemora-financiamento-de-mobiliario-pela-caixa\/","title":{"rendered":"Sindm\u00f3veis conmemora financiamiento de mobiliario por la entidad bancaria Caixa Econ\u00f3mica Federal"},"content":{"rendered":"<p>\u00a0<br \/>\nL\u00ednea de cr\u00e9dito posibilitar\u00e1 compra de muebles por participantes del proyecto Minha Casa, Minha Vida<br \/>\n\u00a0<br \/>\nLa entidad bancaria Caixa Econ\u00f3mica Federal lanz\u00f3 el lunes pasado, 23, la l\u00ednea de financiamiento Cred M\u00f3veis Caixa, destinada a la compra de muebles y electrodom\u00e9sticos de la l\u00ednea blanca para participantes del Programa Minha Casa, Minha Vida. Esa es una antigua reivindicaci\u00f3n del sector del mobiliario, que parti\u00f3 del Sindicato de las Industrias del Mobiliario de Bento Gon\u00e7alves (Sindm\u00f3veis) durante la realizaci\u00f3n de Movelsul 2010. En esa ocasi\u00f3n fue entregado a representantes de la instituci\u00f3n bancaria, un esbozo de proyecto para incluir los muebles en los financiamientos de los programas habitacionales. \u00a0\u00a0<br \/>\nEn 2012, la reivindicaci\u00f3n gan\u00f3 fuerza con la segunda edici\u00f3n del proyecto Casa do \u00a0Consumidor do Novo Brasil, un apartamento modelo en tama\u00f1o real dentro de Movelsul 2012, en el cual se retrat\u00f3 el estilo de vida de una familia de la nueva clase media brasile\u00f1a. Con muebles producidos por expositores de la feria, la intenci\u00f3n fue mostrar que la industria del mobiliario ha venido prepar\u00e1ndose para atender esta nueva demanda. Esa semana, Sindm\u00f3veis remiti\u00f3 a la presidente Dilma Rousseff, un video sobre el proyecto y una correspondencia reforzando el deseo del sector del mobiliario de su inclusi\u00f3n en l\u00edneas de financiamiento.\u00a0<br \/>\nPara la presidente de sindm\u00f3veis, C\u00e1tia Scarton, este es m\u00e1s un resultado favorable para el sector, que, aunado a la reducci\u00f3n del Impuesto sobre Productos Industrializados \u2013IPI, hasta el final de junio, va a impulsar la producci\u00f3n industrial brasile\u00f1a \u2013 principalmente de mobiliario, uno de los sectores escogidos por el Gobierno Federal para integrar el Programa Brasil Mayor. Ser\u00e1n colocados a disposici\u00f3n R$ 2 mil millones y las operaciones podr\u00e1n ser contratadas a partir del 4 de mayo pr\u00f3ximo. El programa prev\u00e9 plazos e intereses especiales, variando de 1% a 2% al mes con plazo de hasta 48 meses para el pago. Las tasas de inter\u00e9s ser\u00e1n definidas de acuerdo con la renta familiar de los participantes, siguiendo par\u00e1metros de renta establecidos por el programa Minha Casa, Minha Vida. \u201cLa reducci\u00f3n es bastante significativa, visto que, en general los intereses para el financiamiento de muebles giran en torno de 6%\u201d, concluye C\u00e1tia.\u00a0<br \/>\nVea el v\u00eddeo de Casa do Consumidor do Novo Brasil enviado a la presidente Dilma Rousseff en:<br \/>\nhttp:\/\/www.movelsul.com.br\/arquivos\/consumidor_do_novo_brasil\/casa_do_consumidor_2012.wmv<br \/>\n\u00a0<br \/>\n\u00a0<\/p>\n","protected":false},"excerpt":{"rendered":"<p>\u00a0 L\u00ednea de cr\u00e9dito posibilitar\u00e1 compra de muebles por participantes del proyecto Minha Casa, Minha Vida \u00a0 La entidad bancaria Caixa Econ\u00f3mica Federal lanz\u00f3 el lunes pasado, 23, la l\u00ednea&#8230;  <a class=\"excerpt-read-more\" href=\"https:\/\/www.sindmoveis.com.br\/es\/sindmoveis-comemora-financiamento-de-mobiliario-pela-caixa\/\" title=\"Read Sindm\u00f3veis conmemora financiamiento de mobiliario por la entidad bancaria Caixa Econ\u00f3mica Federal\">Leia mais &raquo;<\/a><\/p>\n","protected":false},"author":5,"featured_media":0,"comment_status":"closed","ping_status":"open","sticky":false,"template":"","format":"standard","meta":{"footnotes":"","_links_to":"","_links_to_target":""},"categories":[2],"tags":[],"class_list":["post-897","post","type-post","status-publish","format-standard","hentry","category-sindmoveis"],"yoast_head":"<!-- This site is optimized with the Yoast SEO plugin v27.0 - https:\/\/yoast.com\/product\/yoast-seo-wordpress\/ -->\n<title>Sindm\u00f3veis conmemora financiamiento de mobiliario por la entidad bancaria Caixa Econ\u00f3mica Federal - Sindm\u00f3veis-RS<\/title>\n<meta name=\"robots\" content=\"index, follow, max-snippet:-1, max-image-preview:large, max-video-preview:-1\" \/>\n<link rel=\"canonical\" href=\"https:\/\/www.sindmoveis.com.br\/es\/sindmoveis-comemora-financiamento-de-mobiliario-pela-caixa\/\" \/>\n<meta property=\"og:locale\" content=\"es_ES\" \/>\n<meta property=\"og:type\" content=\"article\" \/>\n<meta property=\"og:title\" content=\"Sindm\u00f3veis conmemora financiamiento de mobiliario por la entidad bancaria Caixa Econ\u00f3mica Federal - Sindm\u00f3veis-RS\" \/>\n<meta property=\"og:description\" content=\"\u00a0 L\u00ednea de cr\u00e9dito posibilitar\u00e1 compra de muebles por participantes del proyecto Minha Casa, Minha Vida \u00a0 La entidad bancaria Caixa Econ\u00f3mica Federal lanz\u00f3 el lunes pasado, 23, la l\u00ednea... Leia mais &raquo;\" \/>\n<meta property=\"og:url\" content=\"https:\/\/www.sindmoveis.com.br\/es\/sindmoveis-comemora-financiamento-de-mobiliario-pela-caixa\/\" \/>\n<meta property=\"og:site_name\" content=\"Sindm\u00f3veis-RS\" \/>\n<meta property=\"article:published_time\" content=\"2012-04-23T03:00:00+00:00\" \/>\n<meta property=\"article:modified_time\" content=\"2021-05-26T13:24:54+00:00\" \/>\n<meta name=\"author\" content=\"Imprensa Sindm\u00f3veis\" \/>\n<meta name=\"twitter:card\" content=\"summary_large_image\" \/>\n<meta name=\"twitter:label1\" content=\"Escrito por\" \/>\n\t<meta name=\"twitter:data1\" content=\"Imprensa Sindm\u00f3veis\" \/>\n\t<meta name=\"twitter:label2\" content=\"Tiempo de lectura\" \/>\n\t<meta name=\"twitter:data2\" content=\"2 minutos\" \/>\n<script type=\"application\/ld+json\" class=\"yoast-schema-graph\">{\"@context\":\"https:\/\/schema.org\",\"@graph\":[{\"@type\":\"Article\",\"@id\":\"https:\/\/www.sindmoveis.com.br\/es\/sindmoveis-comemora-financiamento-de-mobiliario-pela-caixa\/#article\",\"isPartOf\":{\"@id\":\"https:\/\/www.sindmoveis.com.br\/es\/sindmoveis-comemora-financiamento-de-mobiliario-pela-caixa\/\"},\"author\":{\"name\":\"Imprensa Sindm\u00f3veis\",\"@id\":\"https:\/\/www.sindmoveis.com.br\/es\/#\/schema\/person\/16d379542db1950a17fe188179340d57\"},\"headline\":\"Sindm\u00f3veis conmemora financiamiento de mobiliario por la entidad bancaria Caixa Econ\u00f3mica Federal\",\"datePublished\":\"2012-04-23T03:00:00+00:00\",\"dateModified\":\"2021-05-26T13:24:54+00:00\",\"mainEntityOfPage\":{\"@id\":\"https:\/\/www.sindmoveis.com.br\/es\/sindmoveis-comemora-financiamento-de-mobiliario-pela-caixa\/\"},\"wordCount\":433,\"articleSection\":[\"Sindm\u00f3veis\"],\"inLanguage\":\"es\"},{\"@type\":\"WebPage\",\"@id\":\"https:\/\/www.sindmoveis.com.br\/es\/sindmoveis-comemora-financiamento-de-mobiliario-pela-caixa\/\",\"url\":\"https:\/\/www.sindmoveis.com.br\/es\/sindmoveis-comemora-financiamento-de-mobiliario-pela-caixa\/\",\"name\":\"Sindm\u00f3veis conmemora financiamiento de mobiliario por la entidad bancaria Caixa Econ\u00f3mica Federal - Sindm\u00f3veis-RS\",\"isPartOf\":{\"@id\":\"https:\/\/www.sindmoveis.com.br\/es\/#website\"},\"datePublished\":\"2012-04-23T03:00:00+00:00\",\"dateModified\":\"2021-05-26T13:24:54+00:00\",\"author\":{\"@id\":\"https:\/\/www.sindmoveis.com.br\/es\/#\/schema\/person\/16d379542db1950a17fe188179340d57\"},\"inLanguage\":\"es\",\"potentialAction\":[{\"@type\":\"ReadAction\",\"target\":[\"https:\/\/www.sindmoveis.com.br\/es\/sindmoveis-comemora-financiamento-de-mobiliario-pela-caixa\/\"]}]},{\"@type\":\"WebSite\",\"@id\":\"https:\/\/www.sindmoveis.com.br\/es\/#website\",\"url\":\"https:\/\/www.sindmoveis.com.br\/es\/\",\"name\":\"Sindm\u00f3veis-RS\",\"description\":\"\",\"potentialAction\":[{\"@type\":\"SearchAction\",\"target\":{\"@type\":\"EntryPoint\",\"urlTemplate\":\"https:\/\/www.sindmoveis.com.br\/es\/?s={search_term_string}\"},\"query-input\":{\"@type\":\"PropertyValueSpecification\",\"valueRequired\":true,\"valueName\":\"search_term_string\"}}],\"inLanguage\":\"es\"},{\"@type\":\"Person\",\"@id\":\"https:\/\/www.sindmoveis.com.br\/es\/#\/schema\/person\/16d379542db1950a17fe188179340d57\",\"name\":\"Imprensa Sindm\u00f3veis\",\"image\":{\"@type\":\"ImageObject\",\"inLanguage\":\"es\",\"@id\":\"https:\/\/www.sindmoveis.com.br\/es\/#\/schema\/person\/image\/\",\"url\":\"https:\/\/secure.gravatar.com\/avatar\/4973e2e2c2a0cb5db30b0c7b770041b8e33d048a16b695a1f99c042449d4bfaf?s=96&d=mm&r=g\",\"contentUrl\":\"https:\/\/secure.gravatar.com\/avatar\/4973e2e2c2a0cb5db30b0c7b770041b8e33d048a16b695a1f99c042449d4bfaf?s=96&d=mm&r=g\",\"caption\":\"Imprensa Sindm\u00f3veis\"},\"url\":\"https:\/\/www.sindmoveis.com.br\/es\/author\/ana\/\"}]}<\/script>\n<!-- \/ Yoast SEO plugin. -->","yoast_head_json":{"title":"Sindm\u00f3veis conmemora financiamiento de mobiliario por la entidad bancaria Caixa Econ\u00f3mica Federal - Sindm\u00f3veis-RS","robots":{"index":"index","follow":"follow","max-snippet":"max-snippet:-1","max-image-preview":"max-image-preview:large","max-video-preview":"max-video-preview:-1"},"canonical":"https:\/\/www.sindmoveis.com.br\/es\/sindmoveis-comemora-financiamento-de-mobiliario-pela-caixa\/","og_locale":"es_ES","og_type":"article","og_title":"Sindm\u00f3veis conmemora financiamiento de mobiliario por la entidad bancaria Caixa Econ\u00f3mica Federal - Sindm\u00f3veis-RS","og_description":"\u00a0 L\u00ednea de cr\u00e9dito posibilitar\u00e1 compra de muebles por participantes del proyecto Minha Casa, Minha Vida \u00a0 La entidad bancaria Caixa Econ\u00f3mica Federal lanz\u00f3 el lunes pasado, 23, la l\u00ednea... Leia mais &raquo;","og_url":"https:\/\/www.sindmoveis.com.br\/es\/sindmoveis-comemora-financiamento-de-mobiliario-pela-caixa\/","og_site_name":"Sindm\u00f3veis-RS","article_published_time":"2012-04-23T03:00:00+00:00","article_modified_time":"2021-05-26T13:24:54+00:00","author":"Imprensa Sindm\u00f3veis","twitter_card":"summary_large_image","twitter_misc":{"Escrito por":"Imprensa Sindm\u00f3veis","Tiempo de lectura":"2 minutos"},"schema":{"@context":"https:\/\/schema.org","@graph":[{"@type":"Article","@id":"https:\/\/www.sindmoveis.com.br\/es\/sindmoveis-comemora-financiamento-de-mobiliario-pela-caixa\/#article","isPartOf":{"@id":"https:\/\/www.sindmoveis.com.br\/es\/sindmoveis-comemora-financiamento-de-mobiliario-pela-caixa\/"},"author":{"name":"Imprensa Sindm\u00f3veis","@id":"https:\/\/www.sindmoveis.com.br\/es\/#\/schema\/person\/16d379542db1950a17fe188179340d57"},"headline":"Sindm\u00f3veis conmemora financiamiento de mobiliario por la entidad bancaria Caixa Econ\u00f3mica Federal","datePublished":"2012-04-23T03:00:00+00:00","dateModified":"2021-05-26T13:24:54+00:00","mainEntityOfPage":{"@id":"https:\/\/www.sindmoveis.com.br\/es\/sindmoveis-comemora-financiamento-de-mobiliario-pela-caixa\/"},"wordCount":433,"articleSection":["Sindm\u00f3veis"],"inLanguage":"es"},{"@type":"WebPage","@id":"https:\/\/www.sindmoveis.com.br\/es\/sindmoveis-comemora-financiamento-de-mobiliario-pela-caixa\/","url":"https:\/\/www.sindmoveis.com.br\/es\/sindmoveis-comemora-financiamento-de-mobiliario-pela-caixa\/","name":"Sindm\u00f3veis conmemora financiamiento de mobiliario por la entidad bancaria Caixa Econ\u00f3mica Federal - Sindm\u00f3veis-RS","isPartOf":{"@id":"https:\/\/www.sindmoveis.com.br\/es\/#website"},"datePublished":"2012-04-23T03:00:00+00:00","dateModified":"2021-05-26T13:24:54+00:00","author":{"@id":"https:\/\/www.sindmoveis.com.br\/es\/#\/schema\/person\/16d379542db1950a17fe188179340d57"},"inLanguage":"es","potentialAction":[{"@type":"ReadAction","target":["https:\/\/www.sindmoveis.com.br\/es\/sindmoveis-comemora-financiamento-de-mobiliario-pela-caixa\/"]}]},{"@type":"WebSite","@id":"https:\/\/www.sindmoveis.com.br\/es\/#website","url":"https:\/\/www.sindmoveis.com.br\/es\/","name":"Sindm\u00f3veis-RS","description":"","potentialAction":[{"@type":"SearchAction","target":{"@type":"EntryPoint","urlTemplate":"https:\/\/www.sindmoveis.com.br\/es\/?s={search_term_string}"},"query-input":{"@type":"PropertyValueSpecification","valueRequired":true,"valueName":"search_term_string"}}],"inLanguage":"es"},{"@type":"Person","@id":"https:\/\/www.sindmoveis.com.br\/es\/#\/schema\/person\/16d379542db1950a17fe188179340d57","name":"Imprensa Sindm\u00f3veis","image":{"@type":"ImageObject","inLanguage":"es","@id":"https:\/\/www.sindmoveis.com.br\/es\/#\/schema\/person\/image\/","url":"https:\/\/secure.gravatar.com\/avatar\/4973e2e2c2a0cb5db30b0c7b770041b8e33d048a16b695a1f99c042449d4bfaf?s=96&d=mm&r=g","contentUrl":"https:\/\/secure.gravatar.com\/avatar\/4973e2e2c2a0cb5db30b0c7b770041b8e33d048a16b695a1f99c042449d4bfaf?s=96&d=mm&r=g","caption":"Imprensa Sindm\u00f3veis"},"url":"https:\/\/www.sindmoveis.com.br\/es\/author\/ana\/"}]}},"_links":{"self":[{"href":"https:\/\/www.sindmoveis.com.br\/es\/wp-json\/wp\/v2\/posts\/897","targetHints":{"allow":["GET"]}}],"collection":[{"href":"https:\/\/www.sindmoveis.com.br\/es\/wp-json\/wp\/v2\/posts"}],"about":[{"href":"https:\/\/www.sindmoveis.com.br\/es\/wp-json\/wp\/v2\/types\/post"}],"author":[{"embeddable":true,"href":"https:\/\/www.sindmoveis.com.br\/es\/wp-json\/wp\/v2\/users\/5"}],"replies":[{"embeddable":true,"href":"https:\/\/www.sindmoveis.com.br\/es\/wp-json\/wp\/v2\/comments?post=897"}],"version-history":[{"count":2,"href":"https:\/\/www.sindmoveis.com.br\/es\/wp-json\/wp\/v2\/posts\/897\/revisions"}],"predecessor-version":[{"id":3205,"href":"https:\/\/www.sindmoveis.com.br\/es\/wp-json\/wp\/v2\/posts\/897\/revisions\/3205"}],"wp:attachment":[{"href":"https:\/\/www.sindmoveis.com.br\/es\/wp-json\/wp\/v2\/media?parent=897"}],"wp:term":[{"taxonomy":"category","embeddable":true,"href":"https:\/\/www.sindmoveis.com.br\/es\/wp-json\/wp\/v2\/categories?post=897"},{"taxonomy":"post_tag","embeddable":true,"href":"https:\/\/www.sindmoveis.com.br\/es\/wp-json\/wp\/v2\/tags?post=897"}],"curies":[{"name":"wp","href":"https:\/\/api.w.org\/{rel}","templated":true}]}}