{"id":895,"date":"2012-04-23T00:00:00","date_gmt":"2012-04-23T03:00:00","guid":{"rendered":"http:\/\/sindmoveis.com.br\/imprensa\/noticias\/sindmoveis-e-tecon-buscam-reduzir-avarias-no-canal-vermelho\/"},"modified":"2021-05-26T10:24:55","modified_gmt":"2021-05-26T13:24:55","slug":"sindmoveis-e-tecon-buscam-reduzir-avarias-no-canal-vermelho","status":"publish","type":"post","link":"https:\/\/www.sindmoveis.com.br\/es\/sindmoveis-e-tecon-buscam-reduzir-avarias-no-canal-vermelho\/","title":{"rendered":"Sindicato de las Industrias del Mobiliario y  Terminal de Contenedores del Puerto de R\u00edo Grande buscan reducir aver\u00edas en el Canal Rojo"},"content":{"rendered":"<p>\u00a0<br \/>\nComitiva del Terminal de Contenedores del puerto de R\u00edo Grande visita empresas fabricantes de muebles de Bento Gon\u00e7alves para conocer proceso de estufaje de cargas<br \/>\n\u00a0<br \/>\nLa fiscalizaci\u00f3n f\u00edsica de contenedores por el \u00f3rgano federal responsable por la recaudaci\u00f3n de impuestos en el puerto de R\u00edo Grande, genera un problema con m\u00faltiples consecuencias para el sector del mobiliario local. Por tratarse de una carga individual y delicada, los cargamentos de muebles que caen en el llamado Canal Rojo generalmente sufren da\u00f1os con el manoseo, que a su vez, resultar\u00e1 en costos con asistencia t\u00e9cnica, reposici\u00f3n y desgaste de la imagen del fabricante. En general, las cargas son escogidas aleatoriamente, sin embargo un problema que ya hab\u00eda sido sanado a\u00f1os atr\u00e1s ha vuelto a ocurrir, aumentando el cotejo de lotes de muebles: la diferencia entre el peso descrito en la nota fiscal y el verificado en el pesaje de la aduana.<br \/>\nCuando la divergencia sobrepasa la tolerancia de 5%, el equipo \u00a0responsable por el almacenamiento del Terminal de Contenedores del puerto de R\u00edo Grande (Tecon) es obligado a informar al \u00f3rgano federal responsable y, en consecuencia, la carga pasa a ser cotejada. \u201cPuede ser necesaria una actualizaci\u00f3n de las planillas usadas para c\u00e1lculo de pesaje del producto o embalaje\u201d, apunta el encargado de las cargas especiales del mencionado terminal, Jo\u00e3o Manczak.\u00a0<br \/>\nPara minimizar el problema, una comitiva de Tecon liderada por el representante del terminal en la Sierra Gaucha, visito empresas de Bento Gon\u00e7alves el jueves, 19 del corriente mes, acompa\u00f1ando el proceso de estufaje de contenedores para exportaci\u00f3n y cabotaje (transporte en la costa brasile\u00f1a). El intercambio integra las acciones del Comit\u00e9 de Log\u00edstica de Sindm\u00f3veis, que cuenta con el apoyo de la Asociaci\u00f3n de las Industrias de Muebles de Rio Grande do Sul \u2013 Movergs. Durante todo el d\u00eda, un supervisor de almacenamientos, un analista comercial y dos verificadores de cargas acompa\u00f1aron la l\u00ednea de embalaje y el cargamento de contenedores en las empresas Politorno y Bertolini.<br \/>\nEn 2011, 65 de los 3.064 contenedores de muebles exportados v\u00eda Tecon cayeron en la fiscalizaci\u00f3n. A pesar de no haber normas que determinen la recolocaci\u00f3n de la carga en el contenedor como estaba almacenada originalmente, este intercambio entre Sindm\u00f3veis y Tecon debe mejorar el proceso de fiscalizaci\u00f3n, evitando la p\u00e9rdida de mercados por el sector del mobiliario en funci\u00f3n de aver\u00edas ocurridas en el transporte. \u201cNuestros desaf\u00edos en el mercado externo ya son innumerables. La p\u00e9rdida de productos en la exportaci\u00f3n, no puede ser uno m\u00e1s\u201d considera la presidente de Sindm\u00f3veis, C\u00e1tia Scarton.<br \/>\n\u00a0<\/p>\n","protected":false},"excerpt":{"rendered":"<p>\u00a0 Comitiva del Terminal de Contenedores del puerto de R\u00edo Grande visita empresas fabricantes de muebles de Bento Gon\u00e7alves para conocer proceso de estufaje de cargas \u00a0 La fiscalizaci\u00f3n f\u00edsica&#8230;  <a class=\"excerpt-read-more\" href=\"https:\/\/www.sindmoveis.com.br\/es\/sindmoveis-e-tecon-buscam-reduzir-avarias-no-canal-vermelho\/\" title=\"Read Sindicato de las Industrias del Mobiliario y  Terminal de Contenedores del Puerto de R\u00edo Grande buscan reducir aver\u00edas en el Canal Rojo\">Leia mais &raquo;<\/a><\/p>\n","protected":false},"author":5,"featured_media":0,"comment_status":"closed","ping_status":"open","sticky":false,"template":"","format":"standard","meta":{"footnotes":"","_links_to":"","_links_to_target":""},"categories":[2],"tags":[],"class_list":["post-895","post","type-post","status-publish","format-standard","hentry","category-sindmoveis"],"yoast_head":"<!-- This site is optimized with the Yoast SEO plugin v27.0 - https:\/\/yoast.com\/product\/yoast-seo-wordpress\/ -->\n<title>Sindicato de las Industrias del Mobiliario y Terminal de Contenedores del Puerto de R\u00edo Grande buscan reducir aver\u00edas en el Canal Rojo - Sindm\u00f3veis-RS<\/title>\n<meta name=\"robots\" content=\"index, follow, max-snippet:-1, max-image-preview:large, max-video-preview:-1\" \/>\n<link rel=\"canonical\" href=\"https:\/\/www.sindmoveis.com.br\/es\/sindmoveis-e-tecon-buscam-reduzir-avarias-no-canal-vermelho\/\" \/>\n<meta property=\"og:locale\" content=\"es_ES\" \/>\n<meta property=\"og:type\" content=\"article\" \/>\n<meta property=\"og:title\" content=\"Sindicato de las Industrias del Mobiliario y Terminal de Contenedores del Puerto de R\u00edo Grande buscan reducir aver\u00edas en el Canal Rojo - Sindm\u00f3veis-RS\" \/>\n<meta property=\"og:description\" content=\"\u00a0 Comitiva del Terminal de Contenedores del puerto de R\u00edo Grande visita empresas fabricantes de muebles de Bento Gon\u00e7alves para conocer proceso de estufaje de cargas \u00a0 La fiscalizaci\u00f3n f\u00edsica... Leia mais &raquo;\" \/>\n<meta property=\"og:url\" content=\"https:\/\/www.sindmoveis.com.br\/es\/sindmoveis-e-tecon-buscam-reduzir-avarias-no-canal-vermelho\/\" \/>\n<meta property=\"og:site_name\" content=\"Sindm\u00f3veis-RS\" \/>\n<meta property=\"article:published_time\" content=\"2012-04-23T03:00:00+00:00\" \/>\n<meta property=\"article:modified_time\" content=\"2021-05-26T13:24:55+00:00\" \/>\n<meta name=\"author\" content=\"Imprensa Sindm\u00f3veis\" \/>\n<meta name=\"twitter:card\" content=\"summary_large_image\" \/>\n<meta name=\"twitter:label1\" content=\"Escrito por\" \/>\n\t<meta name=\"twitter:data1\" content=\"Imprensa Sindm\u00f3veis\" \/>\n\t<meta name=\"twitter:label2\" content=\"Tiempo de lectura\" \/>\n\t<meta name=\"twitter:data2\" content=\"2 minutos\" \/>\n<script type=\"application\/ld+json\" class=\"yoast-schema-graph\">{\"@context\":\"https:\/\/schema.org\",\"@graph\":[{\"@type\":\"Article\",\"@id\":\"https:\/\/www.sindmoveis.com.br\/es\/sindmoveis-e-tecon-buscam-reduzir-avarias-no-canal-vermelho\/#article\",\"isPartOf\":{\"@id\":\"https:\/\/www.sindmoveis.com.br\/es\/sindmoveis-e-tecon-buscam-reduzir-avarias-no-canal-vermelho\/\"},\"author\":{\"name\":\"Imprensa Sindm\u00f3veis\",\"@id\":\"https:\/\/www.sindmoveis.com.br\/es\/#\/schema\/person\/16d379542db1950a17fe188179340d57\"},\"headline\":\"Sindicato de las Industrias del Mobiliario y Terminal de Contenedores del Puerto de R\u00edo Grande buscan reducir aver\u00edas en el Canal Rojo\",\"datePublished\":\"2012-04-23T03:00:00+00:00\",\"dateModified\":\"2021-05-26T13:24:55+00:00\",\"mainEntityOfPage\":{\"@id\":\"https:\/\/www.sindmoveis.com.br\/es\/sindmoveis-e-tecon-buscam-reduzir-avarias-no-canal-vermelho\/\"},\"wordCount\":480,\"articleSection\":[\"Sindm\u00f3veis\"],\"inLanguage\":\"es\"},{\"@type\":\"WebPage\",\"@id\":\"https:\/\/www.sindmoveis.com.br\/es\/sindmoveis-e-tecon-buscam-reduzir-avarias-no-canal-vermelho\/\",\"url\":\"https:\/\/www.sindmoveis.com.br\/es\/sindmoveis-e-tecon-buscam-reduzir-avarias-no-canal-vermelho\/\",\"name\":\"Sindicato de las Industrias del Mobiliario y Terminal de Contenedores del Puerto de R\u00edo Grande buscan reducir aver\u00edas en el Canal Rojo - Sindm\u00f3veis-RS\",\"isPartOf\":{\"@id\":\"https:\/\/www.sindmoveis.com.br\/es\/#website\"},\"datePublished\":\"2012-04-23T03:00:00+00:00\",\"dateModified\":\"2021-05-26T13:24:55+00:00\",\"author\":{\"@id\":\"https:\/\/www.sindmoveis.com.br\/es\/#\/schema\/person\/16d379542db1950a17fe188179340d57\"},\"inLanguage\":\"es\",\"potentialAction\":[{\"@type\":\"ReadAction\",\"target\":[\"https:\/\/www.sindmoveis.com.br\/es\/sindmoveis-e-tecon-buscam-reduzir-avarias-no-canal-vermelho\/\"]}]},{\"@type\":\"WebSite\",\"@id\":\"https:\/\/www.sindmoveis.com.br\/es\/#website\",\"url\":\"https:\/\/www.sindmoveis.com.br\/es\/\",\"name\":\"Sindm\u00f3veis-RS\",\"description\":\"\",\"potentialAction\":[{\"@type\":\"SearchAction\",\"target\":{\"@type\":\"EntryPoint\",\"urlTemplate\":\"https:\/\/www.sindmoveis.com.br\/es\/?s={search_term_string}\"},\"query-input\":{\"@type\":\"PropertyValueSpecification\",\"valueRequired\":true,\"valueName\":\"search_term_string\"}}],\"inLanguage\":\"es\"},{\"@type\":\"Person\",\"@id\":\"https:\/\/www.sindmoveis.com.br\/es\/#\/schema\/person\/16d379542db1950a17fe188179340d57\",\"name\":\"Imprensa Sindm\u00f3veis\",\"image\":{\"@type\":\"ImageObject\",\"inLanguage\":\"es\",\"@id\":\"https:\/\/www.sindmoveis.com.br\/es\/#\/schema\/person\/image\/\",\"url\":\"https:\/\/secure.gravatar.com\/avatar\/4973e2e2c2a0cb5db30b0c7b770041b8e33d048a16b695a1f99c042449d4bfaf?s=96&d=mm&r=g\",\"contentUrl\":\"https:\/\/secure.gravatar.com\/avatar\/4973e2e2c2a0cb5db30b0c7b770041b8e33d048a16b695a1f99c042449d4bfaf?s=96&d=mm&r=g\",\"caption\":\"Imprensa Sindm\u00f3veis\"},\"url\":\"https:\/\/www.sindmoveis.com.br\/es\/author\/ana\/\"}]}<\/script>\n<!-- \/ Yoast SEO plugin. -->","yoast_head_json":{"title":"Sindicato de las Industrias del Mobiliario y Terminal de Contenedores del Puerto de R\u00edo Grande buscan reducir aver\u00edas en el Canal Rojo - Sindm\u00f3veis-RS","robots":{"index":"index","follow":"follow","max-snippet":"max-snippet:-1","max-image-preview":"max-image-preview:large","max-video-preview":"max-video-preview:-1"},"canonical":"https:\/\/www.sindmoveis.com.br\/es\/sindmoveis-e-tecon-buscam-reduzir-avarias-no-canal-vermelho\/","og_locale":"es_ES","og_type":"article","og_title":"Sindicato de las Industrias del Mobiliario y Terminal de Contenedores del Puerto de R\u00edo Grande buscan reducir aver\u00edas en el Canal Rojo - Sindm\u00f3veis-RS","og_description":"\u00a0 Comitiva del Terminal de Contenedores del puerto de R\u00edo Grande visita empresas fabricantes de muebles de Bento Gon\u00e7alves para conocer proceso de estufaje de cargas \u00a0 La fiscalizaci\u00f3n f\u00edsica... Leia mais &raquo;","og_url":"https:\/\/www.sindmoveis.com.br\/es\/sindmoveis-e-tecon-buscam-reduzir-avarias-no-canal-vermelho\/","og_site_name":"Sindm\u00f3veis-RS","article_published_time":"2012-04-23T03:00:00+00:00","article_modified_time":"2021-05-26T13:24:55+00:00","author":"Imprensa Sindm\u00f3veis","twitter_card":"summary_large_image","twitter_misc":{"Escrito por":"Imprensa Sindm\u00f3veis","Tiempo de lectura":"2 minutos"},"schema":{"@context":"https:\/\/schema.org","@graph":[{"@type":"Article","@id":"https:\/\/www.sindmoveis.com.br\/es\/sindmoveis-e-tecon-buscam-reduzir-avarias-no-canal-vermelho\/#article","isPartOf":{"@id":"https:\/\/www.sindmoveis.com.br\/es\/sindmoveis-e-tecon-buscam-reduzir-avarias-no-canal-vermelho\/"},"author":{"name":"Imprensa Sindm\u00f3veis","@id":"https:\/\/www.sindmoveis.com.br\/es\/#\/schema\/person\/16d379542db1950a17fe188179340d57"},"headline":"Sindicato de las Industrias del Mobiliario y Terminal de Contenedores del Puerto de R\u00edo Grande buscan reducir aver\u00edas en el Canal Rojo","datePublished":"2012-04-23T03:00:00+00:00","dateModified":"2021-05-26T13:24:55+00:00","mainEntityOfPage":{"@id":"https:\/\/www.sindmoveis.com.br\/es\/sindmoveis-e-tecon-buscam-reduzir-avarias-no-canal-vermelho\/"},"wordCount":480,"articleSection":["Sindm\u00f3veis"],"inLanguage":"es"},{"@type":"WebPage","@id":"https:\/\/www.sindmoveis.com.br\/es\/sindmoveis-e-tecon-buscam-reduzir-avarias-no-canal-vermelho\/","url":"https:\/\/www.sindmoveis.com.br\/es\/sindmoveis-e-tecon-buscam-reduzir-avarias-no-canal-vermelho\/","name":"Sindicato de las Industrias del Mobiliario y Terminal de Contenedores del Puerto de R\u00edo Grande buscan reducir aver\u00edas en el Canal Rojo - Sindm\u00f3veis-RS","isPartOf":{"@id":"https:\/\/www.sindmoveis.com.br\/es\/#website"},"datePublished":"2012-04-23T03:00:00+00:00","dateModified":"2021-05-26T13:24:55+00:00","author":{"@id":"https:\/\/www.sindmoveis.com.br\/es\/#\/schema\/person\/16d379542db1950a17fe188179340d57"},"inLanguage":"es","potentialAction":[{"@type":"ReadAction","target":["https:\/\/www.sindmoveis.com.br\/es\/sindmoveis-e-tecon-buscam-reduzir-avarias-no-canal-vermelho\/"]}]},{"@type":"WebSite","@id":"https:\/\/www.sindmoveis.com.br\/es\/#website","url":"https:\/\/www.sindmoveis.com.br\/es\/","name":"Sindm\u00f3veis-RS","description":"","potentialAction":[{"@type":"SearchAction","target":{"@type":"EntryPoint","urlTemplate":"https:\/\/www.sindmoveis.com.br\/es\/?s={search_term_string}"},"query-input":{"@type":"PropertyValueSpecification","valueRequired":true,"valueName":"search_term_string"}}],"inLanguage":"es"},{"@type":"Person","@id":"https:\/\/www.sindmoveis.com.br\/es\/#\/schema\/person\/16d379542db1950a17fe188179340d57","name":"Imprensa Sindm\u00f3veis","image":{"@type":"ImageObject","inLanguage":"es","@id":"https:\/\/www.sindmoveis.com.br\/es\/#\/schema\/person\/image\/","url":"https:\/\/secure.gravatar.com\/avatar\/4973e2e2c2a0cb5db30b0c7b770041b8e33d048a16b695a1f99c042449d4bfaf?s=96&d=mm&r=g","contentUrl":"https:\/\/secure.gravatar.com\/avatar\/4973e2e2c2a0cb5db30b0c7b770041b8e33d048a16b695a1f99c042449d4bfaf?s=96&d=mm&r=g","caption":"Imprensa Sindm\u00f3veis"},"url":"https:\/\/www.sindmoveis.com.br\/es\/author\/ana\/"}]}},"_links":{"self":[{"href":"https:\/\/www.sindmoveis.com.br\/es\/wp-json\/wp\/v2\/posts\/895","targetHints":{"allow":["GET"]}}],"collection":[{"href":"https:\/\/www.sindmoveis.com.br\/es\/wp-json\/wp\/v2\/posts"}],"about":[{"href":"https:\/\/www.sindmoveis.com.br\/es\/wp-json\/wp\/v2\/types\/post"}],"author":[{"embeddable":true,"href":"https:\/\/www.sindmoveis.com.br\/es\/wp-json\/wp\/v2\/users\/5"}],"replies":[{"embeddable":true,"href":"https:\/\/www.sindmoveis.com.br\/es\/wp-json\/wp\/v2\/comments?post=895"}],"version-history":[{"count":2,"href":"https:\/\/www.sindmoveis.com.br\/es\/wp-json\/wp\/v2\/posts\/895\/revisions"}],"predecessor-version":[{"id":3203,"href":"https:\/\/www.sindmoveis.com.br\/es\/wp-json\/wp\/v2\/posts\/895\/revisions\/3203"}],"wp:attachment":[{"href":"https:\/\/www.sindmoveis.com.br\/es\/wp-json\/wp\/v2\/media?parent=895"}],"wp:term":[{"taxonomy":"category","embeddable":true,"href":"https:\/\/www.sindmoveis.com.br\/es\/wp-json\/wp\/v2\/categories?post=895"},{"taxonomy":"post_tag","embeddable":true,"href":"https:\/\/www.sindmoveis.com.br\/es\/wp-json\/wp\/v2\/tags?post=895"}],"curies":[{"name":"wp","href":"https:\/\/api.w.org\/{rel}","templated":true}]}}