{"id":893,"date":"2012-04-17T00:00:00","date_gmt":"2012-04-17T03:00:00","guid":{"rendered":"http:\/\/sindmoveis.com.br\/imprensa\/noticias\/alle-e-obispa-representam-o-sindmoveis-em-milao\/"},"modified":"2021-05-26T10:24:55","modified_gmt":"2021-05-26T13:24:55","slug":"alle-e-obispa-representam-o-sindmoveis-em-milao","status":"publish","type":"post","link":"https:\/\/www.sindmoveis.com.br\/es\/alle-e-obispa-representam-o-sindmoveis-em-milao\/","title":{"rendered":"All\u00ea y Obispa representan el Sindicato de las Industrias del Mobiliario de Bento Gon\u00e7alves &#8211; Sindm\u00f3veis en Mil\u00e1n"},"content":{"rendered":"<p>\u00a0<br \/>\nCon productos \u00a0autor\u00eda de dise\u00f1adores, industrias de Bento Gon\u00e7alves estar\u00e1n en el espacio de Apex-Brasil en el Sal\u00f3n Internacional del Mueble de Mil\u00e1n\u00a0<br \/>\n\u00a0<br \/>\nLas empresas All\u00ea Design y Obispa, de Bento Gon\u00e7alves, ser\u00e1n las representantes de Sindm\u00f3veis en la exposici\u00f3n de la Agencia Brasile\u00f1a de Promoci\u00f3n de Exportaciones e Inversiones (Apex-Brasil), en Mil\u00e1n. En ese espacio, 18 sectores apoyados por la agencia \u2013 entre ellos el del mobiliario \u2013 presentar\u00e1n productos con la firma de dise\u00f1adores en una muestra paralela al Sal\u00f3n Internacional del Mueble, de 17 a 22 de abril<br \/>\nAutor\u00eda de la dise\u00f1adora Baba Vacaro, la mesa Gelatina, de All\u00ea Design, es producida a partir del reciclaje de sobras de chapas de Metacrilato de diferentes colores. Jugando con color y transparencia, el producto va m\u00e1s all\u00e1 de la forma y funci\u00f3n, ejercitando el desarrollo de materiales. El objetivo del proceso es reducir en 100% las sobras de esa materia prima en la producci\u00f3n.<br \/>\nYa Obispa lleva al espacio de Apex-Brasil manillas firmadas por Guto Indio da Costa. El proyecto es minimalista, y adem\u00e1s del trazo caracter\u00edstico del dise\u00f1ador, los tiradores se diferencian por facilitar que la puerta sea trancada mediante la integraci\u00f3n opcional de una cerradura empotrada en el cuerpo del producto. Fabricadas en Zamac, permiten diferentes opciones de acabado.<br \/>\nAll\u00ea y Obispa son empresas integrantes del Proyecto Orchestra Brasil, una asociaci\u00f3n entre Sindm\u00f3veis y Apex-Brasil para la promoci\u00f3n de las exportaciones de insumos, componentes, tecnolog\u00eda y servicios de dise\u00f1o para la industria del mobiliario. La presidente de Sindm\u00f3veis, C\u00e1tia Scarton, destaca la importancia de esa oportunidad para que las industrias de Bento Gon\u00e7alves lleven el potencial creativo brasile\u00f1o al centro mundial del dise\u00f1o. \u201cNuestra participaci\u00f3n en Mil\u00e1n, a trav\u00e9s de varios proyectos apoyados por Apex-Brasil ser\u00e1 en gran estilo\u201d, afirma.<br \/>\nEl espacio de Apex-Brasil en Mil\u00e1n tiene su sede en el Palazzo Giuresconsulti, regi\u00f3n central de Mil\u00e1n. Adem\u00e1s de esa exposici\u00f3n, el dise\u00f1o brasile\u00f1o tambi\u00e9n estar\u00e1 presente en el Sal\u00f3n Internacional del Mueble en otras dos acciones del proyecto Brazil S\/A: Metro C\u00fabico, con exposici\u00f3n de productos creados por dise\u00f1adores brasile\u00f1os, y el lounge de la agencia, ambientado por empresas asociadas a Sindm\u00f3veis.<br \/>\n\u00a0<\/p>\n","protected":false},"excerpt":{"rendered":"<p>\u00a0 Con productos \u00a0autor\u00eda de dise\u00f1adores, industrias de Bento Gon\u00e7alves estar\u00e1n en el espacio de Apex-Brasil en el Sal\u00f3n Internacional del Mueble de Mil\u00e1n\u00a0 \u00a0 Las empresas All\u00ea Design y&#8230;  <a class=\"excerpt-read-more\" href=\"https:\/\/www.sindmoveis.com.br\/es\/alle-e-obispa-representam-o-sindmoveis-em-milao\/\" title=\"Read All\u00ea y Obispa representan el Sindicato de las Industrias del Mobiliario de Bento Gon\u00e7alves &#8211; Sindm\u00f3veis en Mil\u00e1n\">Leia mais &raquo;<\/a><\/p>\n","protected":false},"author":5,"featured_media":0,"comment_status":"closed","ping_status":"open","sticky":false,"template":"","format":"standard","meta":{"footnotes":"","_links_to":"","_links_to_target":""},"categories":[2],"tags":[],"class_list":["post-893","post","type-post","status-publish","format-standard","hentry","category-sindmoveis"],"yoast_head":"<!-- This site is optimized with the Yoast SEO plugin v27.0 - https:\/\/yoast.com\/product\/yoast-seo-wordpress\/ -->\n<title>All\u00ea y Obispa representan el Sindicato de las Industrias del Mobiliario de Bento Gon\u00e7alves - Sindm\u00f3veis en Mil\u00e1n - Sindm\u00f3veis-RS<\/title>\n<meta name=\"robots\" content=\"index, follow, max-snippet:-1, max-image-preview:large, max-video-preview:-1\" \/>\n<link rel=\"canonical\" href=\"https:\/\/www.sindmoveis.com.br\/es\/alle-e-obispa-representam-o-sindmoveis-em-milao\/\" \/>\n<meta property=\"og:locale\" content=\"es_ES\" \/>\n<meta property=\"og:type\" content=\"article\" \/>\n<meta property=\"og:title\" content=\"All\u00ea y Obispa representan el Sindicato de las Industrias del Mobiliario de Bento Gon\u00e7alves - Sindm\u00f3veis en Mil\u00e1n - Sindm\u00f3veis-RS\" \/>\n<meta property=\"og:description\" content=\"\u00a0 Con productos \u00a0autor\u00eda de dise\u00f1adores, industrias de Bento Gon\u00e7alves estar\u00e1n en el espacio de Apex-Brasil en el Sal\u00f3n Internacional del Mueble de Mil\u00e1n\u00a0 \u00a0 Las empresas All\u00ea Design y... Leia mais &raquo;\" \/>\n<meta property=\"og:url\" content=\"https:\/\/www.sindmoveis.com.br\/es\/alle-e-obispa-representam-o-sindmoveis-em-milao\/\" \/>\n<meta property=\"og:site_name\" content=\"Sindm\u00f3veis-RS\" \/>\n<meta property=\"article:published_time\" content=\"2012-04-17T03:00:00+00:00\" \/>\n<meta property=\"article:modified_time\" content=\"2021-05-26T13:24:55+00:00\" \/>\n<meta name=\"author\" content=\"Imprensa Sindm\u00f3veis\" \/>\n<meta name=\"twitter:card\" content=\"summary_large_image\" \/>\n<meta name=\"twitter:label1\" content=\"Escrito por\" \/>\n\t<meta name=\"twitter:data1\" content=\"Imprensa Sindm\u00f3veis\" \/>\n\t<meta name=\"twitter:label2\" content=\"Tiempo de lectura\" \/>\n\t<meta name=\"twitter:data2\" content=\"2 minutos\" \/>\n<script type=\"application\/ld+json\" class=\"yoast-schema-graph\">{\"@context\":\"https:\/\/schema.org\",\"@graph\":[{\"@type\":\"Article\",\"@id\":\"https:\/\/www.sindmoveis.com.br\/es\/alle-e-obispa-representam-o-sindmoveis-em-milao\/#article\",\"isPartOf\":{\"@id\":\"https:\/\/www.sindmoveis.com.br\/es\/alle-e-obispa-representam-o-sindmoveis-em-milao\/\"},\"author\":{\"name\":\"Imprensa Sindm\u00f3veis\",\"@id\":\"https:\/\/www.sindmoveis.com.br\/es\/#\/schema\/person\/16d379542db1950a17fe188179340d57\"},\"headline\":\"All\u00ea y Obispa representan el Sindicato de las Industrias del Mobiliario de Bento Gon\u00e7alves &#8211; Sindm\u00f3veis en Mil\u00e1n\",\"datePublished\":\"2012-04-17T03:00:00+00:00\",\"dateModified\":\"2021-05-26T13:24:55+00:00\",\"mainEntityOfPage\":{\"@id\":\"https:\/\/www.sindmoveis.com.br\/es\/alle-e-obispa-representam-o-sindmoveis-em-milao\/\"},\"wordCount\":424,\"articleSection\":[\"Sindm\u00f3veis\"],\"inLanguage\":\"es\"},{\"@type\":\"WebPage\",\"@id\":\"https:\/\/www.sindmoveis.com.br\/es\/alle-e-obispa-representam-o-sindmoveis-em-milao\/\",\"url\":\"https:\/\/www.sindmoveis.com.br\/es\/alle-e-obispa-representam-o-sindmoveis-em-milao\/\",\"name\":\"All\u00ea y Obispa representan el Sindicato de las Industrias del Mobiliario de Bento Gon\u00e7alves - Sindm\u00f3veis en Mil\u00e1n - Sindm\u00f3veis-RS\",\"isPartOf\":{\"@id\":\"https:\/\/www.sindmoveis.com.br\/es\/#website\"},\"datePublished\":\"2012-04-17T03:00:00+00:00\",\"dateModified\":\"2021-05-26T13:24:55+00:00\",\"author\":{\"@id\":\"https:\/\/www.sindmoveis.com.br\/es\/#\/schema\/person\/16d379542db1950a17fe188179340d57\"},\"inLanguage\":\"es\",\"potentialAction\":[{\"@type\":\"ReadAction\",\"target\":[\"https:\/\/www.sindmoveis.com.br\/es\/alle-e-obispa-representam-o-sindmoveis-em-milao\/\"]}]},{\"@type\":\"WebSite\",\"@id\":\"https:\/\/www.sindmoveis.com.br\/es\/#website\",\"url\":\"https:\/\/www.sindmoveis.com.br\/es\/\",\"name\":\"Sindm\u00f3veis-RS\",\"description\":\"\",\"potentialAction\":[{\"@type\":\"SearchAction\",\"target\":{\"@type\":\"EntryPoint\",\"urlTemplate\":\"https:\/\/www.sindmoveis.com.br\/es\/?s={search_term_string}\"},\"query-input\":{\"@type\":\"PropertyValueSpecification\",\"valueRequired\":true,\"valueName\":\"search_term_string\"}}],\"inLanguage\":\"es\"},{\"@type\":\"Person\",\"@id\":\"https:\/\/www.sindmoveis.com.br\/es\/#\/schema\/person\/16d379542db1950a17fe188179340d57\",\"name\":\"Imprensa Sindm\u00f3veis\",\"image\":{\"@type\":\"ImageObject\",\"inLanguage\":\"es\",\"@id\":\"https:\/\/www.sindmoveis.com.br\/es\/#\/schema\/person\/image\/\",\"url\":\"https:\/\/secure.gravatar.com\/avatar\/4973e2e2c2a0cb5db30b0c7b770041b8e33d048a16b695a1f99c042449d4bfaf?s=96&d=mm&r=g\",\"contentUrl\":\"https:\/\/secure.gravatar.com\/avatar\/4973e2e2c2a0cb5db30b0c7b770041b8e33d048a16b695a1f99c042449d4bfaf?s=96&d=mm&r=g\",\"caption\":\"Imprensa Sindm\u00f3veis\"},\"url\":\"https:\/\/www.sindmoveis.com.br\/es\/author\/ana\/\"}]}<\/script>\n<!-- \/ Yoast SEO plugin. -->","yoast_head_json":{"title":"All\u00ea y Obispa representan el Sindicato de las Industrias del Mobiliario de Bento Gon\u00e7alves - Sindm\u00f3veis en Mil\u00e1n - Sindm\u00f3veis-RS","robots":{"index":"index","follow":"follow","max-snippet":"max-snippet:-1","max-image-preview":"max-image-preview:large","max-video-preview":"max-video-preview:-1"},"canonical":"https:\/\/www.sindmoveis.com.br\/es\/alle-e-obispa-representam-o-sindmoveis-em-milao\/","og_locale":"es_ES","og_type":"article","og_title":"All\u00ea y Obispa representan el Sindicato de las Industrias del Mobiliario de Bento Gon\u00e7alves - Sindm\u00f3veis en Mil\u00e1n - Sindm\u00f3veis-RS","og_description":"\u00a0 Con productos \u00a0autor\u00eda de dise\u00f1adores, industrias de Bento Gon\u00e7alves estar\u00e1n en el espacio de Apex-Brasil en el Sal\u00f3n Internacional del Mueble de Mil\u00e1n\u00a0 \u00a0 Las empresas All\u00ea Design y... Leia mais &raquo;","og_url":"https:\/\/www.sindmoveis.com.br\/es\/alle-e-obispa-representam-o-sindmoveis-em-milao\/","og_site_name":"Sindm\u00f3veis-RS","article_published_time":"2012-04-17T03:00:00+00:00","article_modified_time":"2021-05-26T13:24:55+00:00","author":"Imprensa Sindm\u00f3veis","twitter_card":"summary_large_image","twitter_misc":{"Escrito por":"Imprensa Sindm\u00f3veis","Tiempo de lectura":"2 minutos"},"schema":{"@context":"https:\/\/schema.org","@graph":[{"@type":"Article","@id":"https:\/\/www.sindmoveis.com.br\/es\/alle-e-obispa-representam-o-sindmoveis-em-milao\/#article","isPartOf":{"@id":"https:\/\/www.sindmoveis.com.br\/es\/alle-e-obispa-representam-o-sindmoveis-em-milao\/"},"author":{"name":"Imprensa Sindm\u00f3veis","@id":"https:\/\/www.sindmoveis.com.br\/es\/#\/schema\/person\/16d379542db1950a17fe188179340d57"},"headline":"All\u00ea y Obispa representan el Sindicato de las Industrias del Mobiliario de Bento Gon\u00e7alves &#8211; Sindm\u00f3veis en Mil\u00e1n","datePublished":"2012-04-17T03:00:00+00:00","dateModified":"2021-05-26T13:24:55+00:00","mainEntityOfPage":{"@id":"https:\/\/www.sindmoveis.com.br\/es\/alle-e-obispa-representam-o-sindmoveis-em-milao\/"},"wordCount":424,"articleSection":["Sindm\u00f3veis"],"inLanguage":"es"},{"@type":"WebPage","@id":"https:\/\/www.sindmoveis.com.br\/es\/alle-e-obispa-representam-o-sindmoveis-em-milao\/","url":"https:\/\/www.sindmoveis.com.br\/es\/alle-e-obispa-representam-o-sindmoveis-em-milao\/","name":"All\u00ea y Obispa representan el Sindicato de las Industrias del Mobiliario de Bento Gon\u00e7alves - Sindm\u00f3veis en Mil\u00e1n - Sindm\u00f3veis-RS","isPartOf":{"@id":"https:\/\/www.sindmoveis.com.br\/es\/#website"},"datePublished":"2012-04-17T03:00:00+00:00","dateModified":"2021-05-26T13:24:55+00:00","author":{"@id":"https:\/\/www.sindmoveis.com.br\/es\/#\/schema\/person\/16d379542db1950a17fe188179340d57"},"inLanguage":"es","potentialAction":[{"@type":"ReadAction","target":["https:\/\/www.sindmoveis.com.br\/es\/alle-e-obispa-representam-o-sindmoveis-em-milao\/"]}]},{"@type":"WebSite","@id":"https:\/\/www.sindmoveis.com.br\/es\/#website","url":"https:\/\/www.sindmoveis.com.br\/es\/","name":"Sindm\u00f3veis-RS","description":"","potentialAction":[{"@type":"SearchAction","target":{"@type":"EntryPoint","urlTemplate":"https:\/\/www.sindmoveis.com.br\/es\/?s={search_term_string}"},"query-input":{"@type":"PropertyValueSpecification","valueRequired":true,"valueName":"search_term_string"}}],"inLanguage":"es"},{"@type":"Person","@id":"https:\/\/www.sindmoveis.com.br\/es\/#\/schema\/person\/16d379542db1950a17fe188179340d57","name":"Imprensa Sindm\u00f3veis","image":{"@type":"ImageObject","inLanguage":"es","@id":"https:\/\/www.sindmoveis.com.br\/es\/#\/schema\/person\/image\/","url":"https:\/\/secure.gravatar.com\/avatar\/4973e2e2c2a0cb5db30b0c7b770041b8e33d048a16b695a1f99c042449d4bfaf?s=96&d=mm&r=g","contentUrl":"https:\/\/secure.gravatar.com\/avatar\/4973e2e2c2a0cb5db30b0c7b770041b8e33d048a16b695a1f99c042449d4bfaf?s=96&d=mm&r=g","caption":"Imprensa Sindm\u00f3veis"},"url":"https:\/\/www.sindmoveis.com.br\/es\/author\/ana\/"}]}},"_links":{"self":[{"href":"https:\/\/www.sindmoveis.com.br\/es\/wp-json\/wp\/v2\/posts\/893","targetHints":{"allow":["GET"]}}],"collection":[{"href":"https:\/\/www.sindmoveis.com.br\/es\/wp-json\/wp\/v2\/posts"}],"about":[{"href":"https:\/\/www.sindmoveis.com.br\/es\/wp-json\/wp\/v2\/types\/post"}],"author":[{"embeddable":true,"href":"https:\/\/www.sindmoveis.com.br\/es\/wp-json\/wp\/v2\/users\/5"}],"replies":[{"embeddable":true,"href":"https:\/\/www.sindmoveis.com.br\/es\/wp-json\/wp\/v2\/comments?post=893"}],"version-history":[{"count":2,"href":"https:\/\/www.sindmoveis.com.br\/es\/wp-json\/wp\/v2\/posts\/893\/revisions"}],"predecessor-version":[{"id":3201,"href":"https:\/\/www.sindmoveis.com.br\/es\/wp-json\/wp\/v2\/posts\/893\/revisions\/3201"}],"wp:attachment":[{"href":"https:\/\/www.sindmoveis.com.br\/es\/wp-json\/wp\/v2\/media?parent=893"}],"wp:term":[{"taxonomy":"category","embeddable":true,"href":"https:\/\/www.sindmoveis.com.br\/es\/wp-json\/wp\/v2\/categories?post=893"},{"taxonomy":"post_tag","embeddable":true,"href":"https:\/\/www.sindmoveis.com.br\/es\/wp-json\/wp\/v2\/tags?post=893"}],"curies":[{"name":"wp","href":"https:\/\/api.w.org\/{rel}","templated":true}]}}