{"id":892,"date":"2012-04-12T00:00:00","date_gmt":"2012-04-12T03:00:00","guid":{"rendered":"http:\/\/sindmoveis.com.br\/imprensa\/noticias\/designers-de-bento-goncalves-levam-criacoes-ao-salao-do-movel-de-milao\/"},"modified":"2021-05-26T10:24:55","modified_gmt":"2021-05-26T13:24:55","slug":"designers-de-bento-goncalves-levam-criacoes-ao-salao-do-movel-de-milao","status":"publish","type":"post","link":"https:\/\/www.sindmoveis.com.br\/es\/designers-de-bento-goncalves-levam-criacoes-ao-salao-do-movel-de-milao\/","title":{"rendered":"Dise\u00f1adores de Bento Gon\u00e7alves llevan creaciones al Sal\u00f3n del Mueble de Mil\u00e1n"},"content":{"rendered":"<p>Participaci\u00f3n integra las acciones del Proyecto Orchestra Brasil, que ahora incuye la divulgaci\u00f3n del dise\u00f1o brasile\u00f1o en el exterior\u00a0<\/p>\n<p>Dos estudios de dise\u00f1o de Bento Gon\u00e7alves participar\u00e1n de la Muestra Metro C\u00fabico, que ocurre paralelamente al Sal\u00f3n Internacional del Mueble de Mil\u00e1n, de 17 a 22 de abril. Projeto 3 y Gallina&#038;Visentini est\u00e1n entre os seleccionados para la primera acci\u00f3n del Proyecto Orchestra Brasil volcada a la promoci\u00f3n del dise\u00f1o brasile\u00f1o en el exterior. La asociaci\u00f3n entre el Sindicato de las Industrias del Mobiliario de Bento Gon\u00e7alves &#8211; Sindm\u00f3veis y la Agencia de Promoci\u00f3n de Exportaciones e Inversiones &#8211; Apex-Brasil result\u00f3 en la creaci\u00f3n del proyecto antes mencionado, que existe desde 2066, y hasta el a\u00f1o pasado era destinado solamente para promover a los fabricantes de insumos, componentes y tecnolog\u00eda para el sector del mobiliario.<br \/>\n\u00a0<br \/>\n           Con curadur\u00eda de la editora de la revista Arc Design, Mar\u00eda Helena Estrada, la Muestra Metro C\u00fabico dar\u00e1 visibilidad a muebles creados por 11 dise\u00f1adores brasile\u00f1os. El estudio Projeto 3 participar\u00e1 con la mesa Luana, concebida para el Sal\u00e3o Design de Movelsul Brasil 2012. Siguiendo el posicionamiento de la feria, que fue focalizada en la nueva clase media brasile\u00f1a, el producto usa poca materia prima, es desarmable y tiene como mayor diferencial la forma de trabajo aplicada para su producci\u00f3n. El director de la empresa, Daniel Camera, explica que la mesa lleva apenas 1,2m\u00b3 de MDF en su composici\u00f3n. Para el ensamblaje, las piezas con encajadas entre s\u00ed y fijadas con tornillos\u00bb. \u00abEs un proyecto sencillo, con embalaje compacto y cuyo diferencial est\u00e1 en el proceso productivo\u00bb, explica.<br \/>\n\u00a0<br \/>\nYa el estudio Gallina&#038;Visentini lleva a Mil\u00e1n el banco \u00abAguia\u00bb, creado para Sademi Industria de Muebles y lanzado en Casa Brasil 2011. Fabricado en madera maciza con acabado en laca, la pieza recuerda la forma del ave que le da su nombre, pero cuya inspiraci\u00f3n viene de los arcos de un puente existente en las cercan\u00edas de Bento Gon\u00e7alves, llamado Puente del Rio das Antas, Ernesto Dornelles. El peque\u00f1o banco hace parte de la colecci\u00f3n Itaiand\u00ea, creada con base en caracter\u00edsticas, materiales y elementos de la Sierra Gaucha. El dise\u00f1ador Cristiano Gallina cuenta que toda la colecci\u00f3n, compuesta por 18 piezas, fue hecha en tiempo r\u00e9cord. \u00abEl proceso fue muy r\u00e1pido. Inspiraci\u00f3n, investigaci\u00f3n, proyecto y ejecuci\u00f3n de los prototipos llevaron apenas cuatro meses\u00bb, destaca.<br \/>\nMetro C\u00fabico es una de las acciones del evento Brazil S\/A, un lounge para exposici\u00f3n del trabajo de dise\u00f1adores brasile\u00f1os en el Palazzo Giuresconsulti, regi\u00f3n central de Mil\u00e1n. La lista de dise\u00f1adores de la muestra incluye, tambi\u00e9n a Alfio Lisi, Carlos Alcantarino, Em2 Design, Eulalia Anselmo, Flavia Pagotti Silva, Ilse Lang, Marcenaria Llus\u00e1, Luis Pedrazzi y Tina &#038; Lui. A lo largo del a\u00f1o, el Proyecto Orchestra Brasil prev\u00e9 la participaci\u00f3n de dise\u00f1adores en otros eventos por el mundo.<\/p>\n","protected":false},"excerpt":{"rendered":"<p>Participaci\u00f3n integra las acciones del Proyecto Orchestra Brasil, que ahora incuye la divulgaci\u00f3n del dise\u00f1o brasile\u00f1o en el exterior\u00a0 Dos estudios de dise\u00f1o de Bento Gon\u00e7alves participar\u00e1n de la Muestra&#8230;  <a class=\"excerpt-read-more\" href=\"https:\/\/www.sindmoveis.com.br\/es\/designers-de-bento-goncalves-levam-criacoes-ao-salao-do-movel-de-milao\/\" title=\"Read Dise\u00f1adores de Bento Gon\u00e7alves llevan creaciones al Sal\u00f3n del Mueble de Mil\u00e1n\">Leia mais &raquo;<\/a><\/p>\n","protected":false},"author":5,"featured_media":0,"comment_status":"closed","ping_status":"open","sticky":false,"template":"","format":"standard","meta":{"footnotes":"","_links_to":"","_links_to_target":""},"categories":[2],"tags":[],"class_list":["post-892","post","type-post","status-publish","format-standard","hentry","category-sindmoveis"],"yoast_head":"<!-- This site is optimized with the Yoast SEO plugin v27.0 - https:\/\/yoast.com\/product\/yoast-seo-wordpress\/ -->\n<title>Dise\u00f1adores de Bento Gon\u00e7alves llevan creaciones al Sal\u00f3n del Mueble de Mil\u00e1n - Sindm\u00f3veis-RS<\/title>\n<meta name=\"robots\" content=\"index, follow, max-snippet:-1, max-image-preview:large, max-video-preview:-1\" \/>\n<link rel=\"canonical\" href=\"https:\/\/www.sindmoveis.com.br\/es\/designers-de-bento-goncalves-levam-criacoes-ao-salao-do-movel-de-milao\/\" \/>\n<meta property=\"og:locale\" content=\"es_ES\" \/>\n<meta property=\"og:type\" content=\"article\" \/>\n<meta property=\"og:title\" content=\"Dise\u00f1adores de Bento Gon\u00e7alves llevan creaciones al Sal\u00f3n del Mueble de Mil\u00e1n - Sindm\u00f3veis-RS\" \/>\n<meta property=\"og:description\" content=\"Participaci\u00f3n integra las acciones del Proyecto Orchestra Brasil, que ahora incuye la divulgaci\u00f3n del dise\u00f1o brasile\u00f1o en el exterior\u00a0 Dos estudios de dise\u00f1o de Bento Gon\u00e7alves participar\u00e1n de la Muestra... Leia mais &raquo;\" \/>\n<meta property=\"og:url\" content=\"https:\/\/www.sindmoveis.com.br\/es\/designers-de-bento-goncalves-levam-criacoes-ao-salao-do-movel-de-milao\/\" \/>\n<meta property=\"og:site_name\" content=\"Sindm\u00f3veis-RS\" \/>\n<meta property=\"article:published_time\" content=\"2012-04-12T03:00:00+00:00\" \/>\n<meta property=\"article:modified_time\" content=\"2021-05-26T13:24:55+00:00\" \/>\n<meta name=\"author\" content=\"Imprensa Sindm\u00f3veis\" \/>\n<meta name=\"twitter:card\" content=\"summary_large_image\" \/>\n<meta name=\"twitter:label1\" content=\"Escrito por\" \/>\n\t<meta name=\"twitter:data1\" content=\"Imprensa Sindm\u00f3veis\" \/>\n\t<meta name=\"twitter:label2\" content=\"Tiempo de lectura\" \/>\n\t<meta name=\"twitter:data2\" content=\"3 minutos\" \/>\n<script type=\"application\/ld+json\" class=\"yoast-schema-graph\">{\"@context\":\"https:\/\/schema.org\",\"@graph\":[{\"@type\":\"Article\",\"@id\":\"https:\/\/www.sindmoveis.com.br\/es\/designers-de-bento-goncalves-levam-criacoes-ao-salao-do-movel-de-milao\/#article\",\"isPartOf\":{\"@id\":\"https:\/\/www.sindmoveis.com.br\/es\/designers-de-bento-goncalves-levam-criacoes-ao-salao-do-movel-de-milao\/\"},\"author\":{\"name\":\"Imprensa Sindm\u00f3veis\",\"@id\":\"https:\/\/www.sindmoveis.com.br\/es\/#\/schema\/person\/16d379542db1950a17fe188179340d57\"},\"headline\":\"Dise\u00f1adores de Bento Gon\u00e7alves llevan creaciones al Sal\u00f3n del Mueble de Mil\u00e1n\",\"datePublished\":\"2012-04-12T03:00:00+00:00\",\"dateModified\":\"2021-05-26T13:24:55+00:00\",\"mainEntityOfPage\":{\"@id\":\"https:\/\/www.sindmoveis.com.br\/es\/designers-de-bento-goncalves-levam-criacoes-ao-salao-do-movel-de-milao\/\"},\"wordCount\":531,\"articleSection\":[\"Sindm\u00f3veis\"],\"inLanguage\":\"es\"},{\"@type\":\"WebPage\",\"@id\":\"https:\/\/www.sindmoveis.com.br\/es\/designers-de-bento-goncalves-levam-criacoes-ao-salao-do-movel-de-milao\/\",\"url\":\"https:\/\/www.sindmoveis.com.br\/es\/designers-de-bento-goncalves-levam-criacoes-ao-salao-do-movel-de-milao\/\",\"name\":\"Dise\u00f1adores de Bento Gon\u00e7alves llevan creaciones al Sal\u00f3n del Mueble de Mil\u00e1n - Sindm\u00f3veis-RS\",\"isPartOf\":{\"@id\":\"https:\/\/www.sindmoveis.com.br\/es\/#website\"},\"datePublished\":\"2012-04-12T03:00:00+00:00\",\"dateModified\":\"2021-05-26T13:24:55+00:00\",\"author\":{\"@id\":\"https:\/\/www.sindmoveis.com.br\/es\/#\/schema\/person\/16d379542db1950a17fe188179340d57\"},\"inLanguage\":\"es\",\"potentialAction\":[{\"@type\":\"ReadAction\",\"target\":[\"https:\/\/www.sindmoveis.com.br\/es\/designers-de-bento-goncalves-levam-criacoes-ao-salao-do-movel-de-milao\/\"]}]},{\"@type\":\"WebSite\",\"@id\":\"https:\/\/www.sindmoveis.com.br\/es\/#website\",\"url\":\"https:\/\/www.sindmoveis.com.br\/es\/\",\"name\":\"Sindm\u00f3veis-RS\",\"description\":\"\",\"potentialAction\":[{\"@type\":\"SearchAction\",\"target\":{\"@type\":\"EntryPoint\",\"urlTemplate\":\"https:\/\/www.sindmoveis.com.br\/es\/?s={search_term_string}\"},\"query-input\":{\"@type\":\"PropertyValueSpecification\",\"valueRequired\":true,\"valueName\":\"search_term_string\"}}],\"inLanguage\":\"es\"},{\"@type\":\"Person\",\"@id\":\"https:\/\/www.sindmoveis.com.br\/es\/#\/schema\/person\/16d379542db1950a17fe188179340d57\",\"name\":\"Imprensa Sindm\u00f3veis\",\"image\":{\"@type\":\"ImageObject\",\"inLanguage\":\"es\",\"@id\":\"https:\/\/www.sindmoveis.com.br\/es\/#\/schema\/person\/image\/\",\"url\":\"https:\/\/secure.gravatar.com\/avatar\/4973e2e2c2a0cb5db30b0c7b770041b8e33d048a16b695a1f99c042449d4bfaf?s=96&d=mm&r=g\",\"contentUrl\":\"https:\/\/secure.gravatar.com\/avatar\/4973e2e2c2a0cb5db30b0c7b770041b8e33d048a16b695a1f99c042449d4bfaf?s=96&d=mm&r=g\",\"caption\":\"Imprensa Sindm\u00f3veis\"},\"url\":\"https:\/\/www.sindmoveis.com.br\/es\/author\/ana\/\"}]}<\/script>\n<!-- \/ Yoast SEO plugin. -->","yoast_head_json":{"title":"Dise\u00f1adores de Bento Gon\u00e7alves llevan creaciones al Sal\u00f3n del Mueble de Mil\u00e1n - Sindm\u00f3veis-RS","robots":{"index":"index","follow":"follow","max-snippet":"max-snippet:-1","max-image-preview":"max-image-preview:large","max-video-preview":"max-video-preview:-1"},"canonical":"https:\/\/www.sindmoveis.com.br\/es\/designers-de-bento-goncalves-levam-criacoes-ao-salao-do-movel-de-milao\/","og_locale":"es_ES","og_type":"article","og_title":"Dise\u00f1adores de Bento Gon\u00e7alves llevan creaciones al Sal\u00f3n del Mueble de Mil\u00e1n - Sindm\u00f3veis-RS","og_description":"Participaci\u00f3n integra las acciones del Proyecto Orchestra Brasil, que ahora incuye la divulgaci\u00f3n del dise\u00f1o brasile\u00f1o en el exterior\u00a0 Dos estudios de dise\u00f1o de Bento Gon\u00e7alves participar\u00e1n de la Muestra... Leia mais &raquo;","og_url":"https:\/\/www.sindmoveis.com.br\/es\/designers-de-bento-goncalves-levam-criacoes-ao-salao-do-movel-de-milao\/","og_site_name":"Sindm\u00f3veis-RS","article_published_time":"2012-04-12T03:00:00+00:00","article_modified_time":"2021-05-26T13:24:55+00:00","author":"Imprensa Sindm\u00f3veis","twitter_card":"summary_large_image","twitter_misc":{"Escrito por":"Imprensa Sindm\u00f3veis","Tiempo de lectura":"3 minutos"},"schema":{"@context":"https:\/\/schema.org","@graph":[{"@type":"Article","@id":"https:\/\/www.sindmoveis.com.br\/es\/designers-de-bento-goncalves-levam-criacoes-ao-salao-do-movel-de-milao\/#article","isPartOf":{"@id":"https:\/\/www.sindmoveis.com.br\/es\/designers-de-bento-goncalves-levam-criacoes-ao-salao-do-movel-de-milao\/"},"author":{"name":"Imprensa Sindm\u00f3veis","@id":"https:\/\/www.sindmoveis.com.br\/es\/#\/schema\/person\/16d379542db1950a17fe188179340d57"},"headline":"Dise\u00f1adores de Bento Gon\u00e7alves llevan creaciones al Sal\u00f3n del Mueble de Mil\u00e1n","datePublished":"2012-04-12T03:00:00+00:00","dateModified":"2021-05-26T13:24:55+00:00","mainEntityOfPage":{"@id":"https:\/\/www.sindmoveis.com.br\/es\/designers-de-bento-goncalves-levam-criacoes-ao-salao-do-movel-de-milao\/"},"wordCount":531,"articleSection":["Sindm\u00f3veis"],"inLanguage":"es"},{"@type":"WebPage","@id":"https:\/\/www.sindmoveis.com.br\/es\/designers-de-bento-goncalves-levam-criacoes-ao-salao-do-movel-de-milao\/","url":"https:\/\/www.sindmoveis.com.br\/es\/designers-de-bento-goncalves-levam-criacoes-ao-salao-do-movel-de-milao\/","name":"Dise\u00f1adores de Bento Gon\u00e7alves llevan creaciones al Sal\u00f3n del Mueble de Mil\u00e1n - Sindm\u00f3veis-RS","isPartOf":{"@id":"https:\/\/www.sindmoveis.com.br\/es\/#website"},"datePublished":"2012-04-12T03:00:00+00:00","dateModified":"2021-05-26T13:24:55+00:00","author":{"@id":"https:\/\/www.sindmoveis.com.br\/es\/#\/schema\/person\/16d379542db1950a17fe188179340d57"},"inLanguage":"es","potentialAction":[{"@type":"ReadAction","target":["https:\/\/www.sindmoveis.com.br\/es\/designers-de-bento-goncalves-levam-criacoes-ao-salao-do-movel-de-milao\/"]}]},{"@type":"WebSite","@id":"https:\/\/www.sindmoveis.com.br\/es\/#website","url":"https:\/\/www.sindmoveis.com.br\/es\/","name":"Sindm\u00f3veis-RS","description":"","potentialAction":[{"@type":"SearchAction","target":{"@type":"EntryPoint","urlTemplate":"https:\/\/www.sindmoveis.com.br\/es\/?s={search_term_string}"},"query-input":{"@type":"PropertyValueSpecification","valueRequired":true,"valueName":"search_term_string"}}],"inLanguage":"es"},{"@type":"Person","@id":"https:\/\/www.sindmoveis.com.br\/es\/#\/schema\/person\/16d379542db1950a17fe188179340d57","name":"Imprensa Sindm\u00f3veis","image":{"@type":"ImageObject","inLanguage":"es","@id":"https:\/\/www.sindmoveis.com.br\/es\/#\/schema\/person\/image\/","url":"https:\/\/secure.gravatar.com\/avatar\/4973e2e2c2a0cb5db30b0c7b770041b8e33d048a16b695a1f99c042449d4bfaf?s=96&d=mm&r=g","contentUrl":"https:\/\/secure.gravatar.com\/avatar\/4973e2e2c2a0cb5db30b0c7b770041b8e33d048a16b695a1f99c042449d4bfaf?s=96&d=mm&r=g","caption":"Imprensa Sindm\u00f3veis"},"url":"https:\/\/www.sindmoveis.com.br\/es\/author\/ana\/"}]}},"_links":{"self":[{"href":"https:\/\/www.sindmoveis.com.br\/es\/wp-json\/wp\/v2\/posts\/892","targetHints":{"allow":["GET"]}}],"collection":[{"href":"https:\/\/www.sindmoveis.com.br\/es\/wp-json\/wp\/v2\/posts"}],"about":[{"href":"https:\/\/www.sindmoveis.com.br\/es\/wp-json\/wp\/v2\/types\/post"}],"author":[{"embeddable":true,"href":"https:\/\/www.sindmoveis.com.br\/es\/wp-json\/wp\/v2\/users\/5"}],"replies":[{"embeddable":true,"href":"https:\/\/www.sindmoveis.com.br\/es\/wp-json\/wp\/v2\/comments?post=892"}],"version-history":[{"count":2,"href":"https:\/\/www.sindmoveis.com.br\/es\/wp-json\/wp\/v2\/posts\/892\/revisions"}],"predecessor-version":[{"id":3200,"href":"https:\/\/www.sindmoveis.com.br\/es\/wp-json\/wp\/v2\/posts\/892\/revisions\/3200"}],"wp:attachment":[{"href":"https:\/\/www.sindmoveis.com.br\/es\/wp-json\/wp\/v2\/media?parent=892"}],"wp:term":[{"taxonomy":"category","embeddable":true,"href":"https:\/\/www.sindmoveis.com.br\/es\/wp-json\/wp\/v2\/categories?post=892"},{"taxonomy":"post_tag","embeddable":true,"href":"https:\/\/www.sindmoveis.com.br\/es\/wp-json\/wp\/v2\/tags?post=892"}],"curies":[{"name":"wp","href":"https:\/\/api.w.org\/{rel}","templated":true}]}}